{"id":5837,"date":"2022-12-20T21:16:11","date_gmt":"2022-12-20T21:16:11","guid":{"rendered":"https:\/\/reports.eyewatch.me\/dc\/?p=5837"},"modified":"2022-12-20T21:16:16","modified_gmt":"2022-12-20T21:16:16","slug":"resumen-20-de-diciembre-2","status":"publish","type":"post","link":"https:\/\/reports.eyewatch.me\/dc\/resumen-20-de-diciembre-2\/","title":{"rendered":"Resumen 20 de Diciembre"},"content":{"rendered":"<div id=\"fb-root\"><\/div>\n\n<h2 class=\"wp-block-heading\" id=\"temas-destacados\">Temas destacados<\/h2>\n\n\n\n<p><strong><strong>DESARROLLO SOCIAL<\/strong><\/strong><\/p>\n\n\n\n<ul class=\"wp-block-list\">\n<li><strong>L&#8217;Or\u00e9al <\/strong>en M\u00e9xico tuvo su d\u00eda el voluntariado, donde participaron m\u00e1s de 700 colaboradores limpiando espacios verdes, decorando murales y armando kits de higiene.<\/li>\n\n\n\n<li><strong>Fundaci\u00f3n Telef\u00f3nica <\/strong>beneficia a m\u00e1s de 1,4 millones de personas en el mundo con sus programas de Acci\u00f3n Social y Voluntariado.<\/li>\n\n\n\n<li><strong>Coca Cola y otras compa\u00f1\u00edas del tercer sector <\/strong>organizaron un mercado solidario, donde los recursos que se adquieran ser\u00e1n donados a un grupo de teatro de un centro de rehabilitaci\u00f3n.<\/li>\n\n\n\n<li><strong>El Corte Ingl\u00e9s y EMT Madrid <\/strong>realizan donaciones de juguetes para ni\u00f1os de bajos recursos para navidad.<\/li>\n\n\n\n<li><strong>Coca Cola <\/strong>potencia fuertemente su acci\u00f3n social en M\u00e9xico con su programa &#8220;El Amor Multiplica&#8221;.<\/li>\n\n\n\n<li><strong>Nacional Seguros <\/strong>recibe un reconocimiento por sus acciones de RSE.<\/li>\n\n\n\n<li><strong>NASA <\/strong>realiza una actividad con 16 ni\u00f1as costarricenses, donde les muestran el Space Center.<\/li>\n\n\n\n<li><strong>Fallabella Retail<\/strong> se encuentra realizando la quinta edici\u00f3n de su programa de tutor\u00edas, buscando impulsar y empoderar a las mujeres de la compa\u00f1\u00eda.<\/li>\n<\/ul>\n\n\n\n<p><strong>AMBIENTAL<\/strong><\/p>\n\n\n\n<ul class=\"wp-block-list\">\n<li><strong>HYM <\/strong>se encuentra realizando una campa\u00f1a donde las personas pueden llevar ropa sin importar su marca y la reciclan, a cambio de un descuento para la persona.<\/li>\n\n\n\n<li><strong>Tesla <\/strong>present\u00f3 su nuevo modelo Tesla Sem, siendo el mismo un cami\u00f3n el\u00e9ctrico de carga pesada.<\/li>\n\n\n\n<li><strong>Vodafone <\/strong>se encuentra promocionando el Green Friday, para reciclar el tel\u00e9fono usado de las personas y a cambio le entregan otro nuevo modelo con un gran descuento.<\/li>\n\n\n\n<li><strong>Gruma<\/strong> aumenta su consumo de energ\u00edas renovables.<\/li>\n\n\n\n<li><strong>Versa <\/strong>presenta una forma f\u00e1cil de calcular la huella de carbono de las empresas, para que de esta forma puedan reducirla.<\/li>\n\n\n\n<li><strong>Equinor <\/strong>construy\u00f3 el mayor parque e\u00f3lico flotante del mundo.<\/li>\n\n\n\n<li><strong>Bavaria <\/strong>inaugur\u00f3 una nueva planta de distribuci\u00f3n en Colombia la cual es referencia de sostenibilidad y reciclaje en el pa\u00eds.<\/li>\n\n\n\n<li><strong>Mabe <\/strong>produce m\u00e1s de 3.800 neveras por d\u00eda en Colombia de una manera sustentable.<\/li>\n\n\n\n<li><strong>Fisker Ocean <\/strong>se convierte en el auto m\u00e1s sostenible del mundo.<\/li>\n\n\n\n<li><strong>Ikea <\/strong>abre un nuevo local en Colombia con los primeros est\u00e1ndares de sostenibilidad.<\/li>\n<\/ul>\n\n\n\n<p><strong>SECTOR AUTOMOTRIZ<\/strong><\/p>\n\n\n\n<ul class=\"wp-block-list\">\n<li><strong>Ford <\/strong>plantea al gobierno de M\u00e9xico la necesidad de invertir en infraestructura para autos el\u00e9ctricos, y planea cambiar su producci\u00f3n de autos a combusti\u00f3n a el\u00e9ctricos.<\/li>\n\n\n\n<li><strong>Tesla <\/strong>anunciar\u00e1 planta de veh\u00edculos el\u00e9ctricos en M\u00e9xico.<\/li>\n\n\n\n<li><strong>Uber <\/strong>anunci\u00f3 su opci\u00f3n de viajes verdes en M\u00e9xico, donde los usuarios pueden pedir autos el\u00e9ctricos.<\/li>\n\n\n\n<li>El <strong>Rimac Nevera <\/strong>rompi\u00f3 el r\u00e9cord del auto el\u00e9ctrico m\u00e1s r\u00e1pido con 412 km\/h<\/li>\n\n\n\n<li><strong>Enel X <\/strong>construy\u00f3 una electroterminal en Chile, donde pueden cargarse hasta 18 autobuses el\u00e9ctricos.<\/li>\n\n\n\n<li><strong>Bosch <\/strong>comenzar\u00e1 a producir componentes para autos el\u00e9ctricos.<\/li>\n\n\n\n<li><strong>BMW <\/strong>comienza a invertir seriamente en hidr\u00f3geno y comienza la elaboraci\u00f3n de su nuevo modelo BMW iX5 Hydrogen.<\/li>\n\n\n\n<li>El <strong>Volkswagen GOL <\/strong>deber\u00e1 convertirse a el\u00e9ctrico o desaparecer seg\u00fan la compa\u00f1\u00eda.<\/li>\n\n\n\n<li><strong>Chevrolet <\/strong>ya tiene en la mira a Tesla y planea un proyecto para superarlo en venta de autos el\u00e9ctricos.<\/li>\n\n\n\n<li><strong>BYD <\/strong>comenzar\u00e1 a vender autos el\u00e9ctricos en tiendas y concesionario de Liverpool.<\/li>\n\n\n\n<li><strong>KIA<\/strong> lanza en Chile su nuevo Niro en versiones h\u00edbridas y el\u00e9ctricas.<\/li>\n<\/ul>\n","protected":false},"excerpt":{"rendered":"<p>DERCO CENTER |<\/p>\n","protected":false},"author":88,"featured_media":0,"comment_status":"closed","ping_status":"closed","sticky":false,"template":"","format":"standard","meta":{"_et_pb_use_builder":"off","_et_pb_old_content":"<!-- wp:heading -->\n<h2>Temas destacados<\/h2>\n<!-- \/wp:heading -->\n\n<!-- wp:paragraph -->\n<p><strong><strong>DESARROLLO SOCIAL<\/strong><\/strong><\/p>\n<!-- \/wp:paragraph -->\n\n<!-- wp:list -->\n<ul><li><strong>Scotiabank Colombia<\/strong> apunta a aumentar la participaci\u00f3n de mujeres en juntas directivas.<\/li><li><strong>Tigo <\/strong>contin\u00faa consolidando su trabajo voluntario.<\/li><li><strong>Nestl\u00e9 Guatemala<\/strong> dona productos l\u00e1cteos para ni\u00f1os en situaci\u00f3n de vulnerabilidad.<\/li><li><strong>Gripo Cenoa Argentina <\/strong>entrega donaciones para el banco de alimentos de Jujuy.<\/li><li><strong>Coca-Cola<\/strong> impulsa el empoderamiento de mujeres de Latinoam\u00e9rica mediante el apoyo a sus peque\u00f1os negocios.<\/li><li><strong>Banco de Bogot\u00e1<\/strong> anuncia que se une a Telet\u00f3n Renace.<\/li><li><strong>Banbif Per\u00fa <\/strong>realiza colecta interna para abastecer de alimentos para las familias m\u00e1s vulnerables.<\/li><li><strong>P&amp;G Espa\u00f1a <\/strong>se compromete a desarrollar 21 proyectos para abordar los desaf\u00edos relacionados con Impacto en la comunidad, Igualdad e Inclusi\u00f3n y Sostenibilidad medioambiental.<\/li><li><strong>Moderna Alimentos Ecuador<\/strong> entrega m\u00e1s de 45 mil Kg de alimentos durante el 2021.<\/li><li><strong>Coca Cola junto a Cruz Roja Argentina <\/strong>donan insumos al Hospital de ni\u00f1os Ricardo Guti\u00e9rrez.<\/li><\/ul>\n<!-- \/wp:list -->\n\n<!-- wp:paragraph -->\n<p><\/p>\n<!-- \/wp:paragraph -->\n\n<!-- wp:paragraph -->\n<p><strong>AMBIENTAL<\/strong><\/p>\n<!-- \/wp:paragraph -->\n\n<!-- wp:list -->\n<ul><li><strong>La Fundaci\u00f3n BBVA<\/strong> anuncia la convocatoria 2021 de Ayudas a Proyectos de Investigaci\u00f3n Cient\u00edfica en las \u00e1reas de Cambio Clim\u00e1tico y Ecolog\u00eda y Biolog\u00eda de la Conservaci\u00f3n.<\/li><li><strong>McDonald\u2019s<\/strong>\u00a0inaugura su primer restaurante con cero emisiones en Reino Unido.<\/li><li><strong>Repsol<\/strong> ampl\u00eda su gama de materiales de baja huella de carbono.<\/li><li><strong>Repsol <\/strong>colaborara con nuevo ecocombustible 100% renovable en Dakar 2022.<\/li><li><strong>Terpel Panam\u00e1<\/strong> y su equipo han reciclado m\u00e1s de una tonelada de materiales durante el 2021 y sembrado m\u00e1s de una docena de \u00e1rboles.<\/li><li><strong>Bancolombia <\/strong>ampli\u00f3 su l\u00ednea de financiaci\u00f3n sostenible.<\/li><li><strong>Equipetrol<\/strong> cambia su matriz en\u00e9rgica a energ\u00eda renovable como contribuci\u00f3n al medio ambiente.<\/li><li><strong>Data for life<\/strong> Espa\u00f1a crea app que permite calcular la huella de carbono.<\/li><li><strong>Grupo BBVA <\/strong>entrega 11,5 millones de tarjetas recicladas.<\/li><li><strong>Coca-Cola Argentina <\/strong>presenta sus acciones de verano para el cuidado del ambiente en diferentes centros tur\u00edsticos.<\/li><\/ul>\n<!-- \/wp:list -->\n\n<!-- wp:paragraph -->\n<p><\/p>\n<!-- \/wp:paragraph -->\n\n<!-- wp:paragraph -->\n<p><\/p>\n<!-- \/wp:paragraph -->\n\n<!-- wp:paragraph -->\n<p><\/p>\n<!-- \/wp:paragraph -->\n\n<!-- wp:paragraph -->\n<p><strong>SECTOR AUTOMOTRIZ<\/strong><\/p>\n<!-- \/wp:paragraph -->\n\n<!-- wp:list -->\n<ul><li><strong>Toyota<\/strong> c+pod se posiciona como el coche el\u00e9ctrico m\u00e1s brato del mundo.<\/li><li><strong>Hyundai <\/strong>est\u00e1 dejando de desarrollar nuevos motores de combusti\u00f3n para realizar una transici\u00f3n a los veh\u00edculos el\u00e9ctricos.<\/li><li><strong>Ford<\/strong> h\u00edbridas F150 permiten recargar otros veh\u00edculos el\u00e9ctricos.<\/li><li>En Suecia, instalan una v\u00eda que recarga veh\u00edculos el\u00e9ctricos mientras transitan por ella.<\/li><li><strong>Jac<\/strong> fue la marca m\u00e1s vendida de coches el\u00e9ctricos en M\u00e9xico.<\/li><li><strong>Jaguar <\/strong>llega a Chile con su primer auto 100% el\u00e9ctrico.<\/li><li><strong>Waymo<\/strong> anuncia colaboraci\u00f3n con Geely para Driver en nueva versi\u00f3n de Zeekr.<\/li><li><strong>Citro\u00ebn<\/strong>\u00a0presenta el nuevo coche C3 en Argentina.<\/li><li><strong>Ford<\/strong> Mustang proveer\u00e1 de autos el\u00e9ctricos a la empresa de taxis Gravity en Estados Unidos.<\/li><li><strong>Saic Motor y MG<\/strong> invierten m\u00e1s de US$45 millones en nueva movilidad.<\/li><li><strong>Tesla<\/strong> retira del mercado m\u00e1s de 475 mil autos el\u00e9ctricos por problemas de seguridad.<\/li><li>La planta de <strong>Nissan<\/strong> en Barcelona tiene nuevo due\u00f1o: se la queda el grupo liderado por QEV Technologies para fabricar coches el\u00e9ctricos.<\/li><\/ul>\n<!-- \/wp:list -->\n\n<!-- wp:paragraph -->\n<p><\/p>\n<!-- \/wp:paragraph -->","_et_gb_content_width":"","footnotes":"","_links_to":"","_links_to_target":""},"categories":[18],"tags":[],"class_list":["post-5837","post","type-post","status-publish","format-standard","hentry","category-buzz-tracker"],"jetpack_featured_media_url":"","_links":{"self":[{"href":"https:\/\/reports.eyewatch.me\/dc\/wp-json\/wp\/v2\/posts\/5837","targetHints":{"allow":["GET"]}}],"collection":[{"href":"https:\/\/reports.eyewatch.me\/dc\/wp-json\/wp\/v2\/posts"}],"about":[{"href":"https:\/\/reports.eyewatch.me\/dc\/wp-json\/wp\/v2\/types\/post"}],"author":[{"embeddable":true,"href":"https:\/\/reports.eyewatch.me\/dc\/wp-json\/wp\/v2\/users\/88"}],"replies":[{"embeddable":true,"href":"https:\/\/reports.eyewatch.me\/dc\/wp-json\/wp\/v2\/comments?post=5837"}],"version-history":[{"count":1,"href":"https:\/\/reports.eyewatch.me\/dc\/wp-json\/wp\/v2\/posts\/5837\/revisions"}],"predecessor-version":[{"id":5839,"href":"https:\/\/reports.eyewatch.me\/dc\/wp-json\/wp\/v2\/posts\/5837\/revisions\/5839"}],"wp:attachment":[{"href":"https:\/\/reports.eyewatch.me\/dc\/wp-json\/wp\/v2\/media?parent=5837"}],"wp:term":[{"taxonomy":"category","embeddable":true,"href":"https:\/\/reports.eyewatch.me\/dc\/wp-json\/wp\/v2\/categories?post=5837"},{"taxonomy":"post_tag","embeddable":true,"href":"https:\/\/reports.eyewatch.me\/dc\/wp-json\/wp\/v2\/tags?post=5837"}],"curies":[{"name":"wp","href":"https:\/\/api.w.org\/{rel}","templated":true}]}}