{"id":5814,"date":"2022-11-22T20:53:41","date_gmt":"2022-11-22T20:53:41","guid":{"rendered":"https:\/\/reports.eyewatch.me\/dc\/?p=5814"},"modified":"2022-11-22T20:53:44","modified_gmt":"2022-11-22T20:53:44","slug":"buzz-tracker-20-de-noviembre-2022","status":"publish","type":"post","link":"https:\/\/reports.eyewatch.me\/dc\/buzz-tracker-20-de-noviembre-2022\/","title":{"rendered":"Buzz Tracker | 20 de Noviembre 2022"},"content":{"rendered":"<div id=\"fb-root\"><\/div>\n\n<p><\/p>\n\n\n\n<div class=\"wp-block-divi-layout\">[et_pb_section fb_built=&#8221;1&#8243; admin_label=&#8221;Features&#8221; _builder_version=&#8221;4.4.2&#8243; background_size=&#8221;initial&#8221; background_position=&#8221;top_left&#8221; width=&#8221;100%&#8221; max_width=&#8221;500px&#8221; module_alignment=&#8221;left&#8221; custom_margin=&#8221;|0px||-1px|false|false&#8221; custom_padding=&#8221;0px|0px|0px|0px|false|false&#8221; saved_tabs=&#8221;all&#8221; collapsed=&#8221;off&#8221;][et_pb_row column_padding_mobile=&#8221;on&#8221; custom_padding_last_edited=&#8221;on|phone&#8221; _builder_version=&#8221;4.4.2&#8243; background_size=&#8221;initial&#8221; background_position=&#8221;top_left&#8221; background_repeat=&#8221;repeat&#8221; width=&#8221;auto&#8221; max_width=&#8221;1280px&#8221; custom_margin=&#8221;0px|0px|0px|0px|false|false&#8221; custom_padding=&#8221;10px|2px|10px|0px|false|false&#8221; custom_padding_tablet=&#8221;49px|||&#8221; custom_padding_phone=&#8221;19px|||&#8221; use_custom_width=&#8221;on&#8221; custom_width_px=&#8221;1280px&#8221;][et_pb_column type=&#8221;4_4&#8243; _builder_version=&#8221;3.25&#8243; custom_padding=&#8221;|||&#8221; custom_padding__hover=&#8221;|||&#8221;][et_pb_blurb title=&#8221;DESARROLLO SOCIAL&#8221; image=&#8221;https:\/\/reports.eyewatch.me\/pc\/wp-content\/uploads\/sites\/3\/2020\/04\/icon_Artboard-3-100.jpg&#8221; icon_placement=&#8221;left&#8221; image_max_width=&#8221;69px&#8221; _builder_version=&#8221;4.4.2&#8243; header_level=&#8221;h1&#8243; custom_margin=&#8221;|||0px|false|false&#8221; custom_padding=&#8221;|||1px|false|false&#8221;][\/et_pb_blurb][\/et_pb_column][\/et_pb_row][\/et_pb_section]<\/div>\n\n\n\n<p><em><em>Menciones en redes sociales, medios y blogs en espa\u00f1ol sobre marcas y empresas vinculadas a<\/em> voluntariados, desarrollo social, campa\u00f1as solidarias, inclusi\u00f3n, y t\u00e9rminos afines.<\/em><\/p>\n\n\n\n<hr class=\"wp-block-separator has-css-opacity\" \/>\n\n\n\n<h2 class=\"wp-block-heading\" id=\"evolucion-de-la-conversacion-ultimos-7-dias\">Evoluci\u00f3n de la conversaci\u00f3n &#8211; \u00daltimos 7 d\u00edas<\/h2>\n\n\n\n<div class=\"wp-block-columns is-layout-flex wp-container-core-columns-is-layout-9d6595d7 wp-block-columns-is-layout-flex\">\n<div class=\"wp-block-column is-layout-flow wp-block-column-is-layout-flow\">\n<h4 class=\"wp-block-heading\" id=\"1-0k-menciones\"><img loading=\"lazy\" decoding=\"async\" width=\"121\" height=\"121\" class=\"wp-image-592\" style=\"width: 40px\" src=\"https:\/\/reports.eyewatch.me\/pc\/wp-content\/uploads\/sites\/3\/2020\/04\/icon_Artboard-3@3x-1.png\" alt=\"\">1.03k MENCIONES<\/h4>\n<\/div>\n\n\n\n<div class=\"wp-block-column is-layout-flow wp-block-column-is-layout-flow\">\n<h4 class=\"has-text-align-left wp-block-heading\" id=\"291-usuarios\"> <img loading=\"lazy\" decoding=\"async\" width=\"121\" height=\"121\" class=\"wp-image-589\" style=\"width: 40px\" src=\"https:\/\/reports.eyewatch.me\/pc\/wp-content\/uploads\/sites\/3\/2020\/04\/icon_Artboard-3-copy-3@3x.png\" alt=\"\">169 uSUARIOS<br><\/h4>\n<\/div>\n<\/div>\n\n\n\n<figure class=\"wp-block-image size-full\"><img loading=\"lazy\" decoding=\"async\" width=\"743\" height=\"266\" src=\"https:\/\/reports.eyewatch.me\/dc\/wp-content\/uploads\/sites\/10\/2022\/11\/grafico-derco-sociedad.jpg\" alt=\"\" class=\"wp-image-5794\" srcset=\"https:\/\/reports.eyewatch.me\/dc\/wp-content\/uploads\/sites\/10\/2022\/11\/grafico-derco-sociedad.jpg 743w, https:\/\/reports.eyewatch.me\/dc\/wp-content\/uploads\/sites\/10\/2022\/11\/grafico-derco-sociedad-480x172.jpg 480w\" sizes=\"(min-width: 0px) and (max-width: 480px) 480px, (min-width: 481px) 743px, 100vw\" \/><\/figure>\n\n\n\n<div style=\"height:20px\" aria-hidden=\"true\" class=\"wp-block-spacer\"><\/div>\n\n\n\n<hr class=\"wp-block-separator has-css-opacity is-style-wide\" \/>\n\n\n\n<h2 class=\"wp-block-heading\" id=\"evolucion-por-categorias\">Evoluci\u00f3n por categor\u00edas<\/h2>\n\n\n\n<figure class=\"wp-block-image size-large is-resized\"><img loading=\"lazy\" decoding=\"async\" src=\"https:\/\/reports.eyewatch.me\/dc\/wp-content\/uploads\/sites\/10\/2022\/11\/grafico-derco-sociedad-comparado-1024x207.jpg\" alt=\"\" class=\"wp-image-5795\" width=\"980\" height=\"197\" srcset=\"https:\/\/reports.eyewatch.me\/dc\/wp-content\/uploads\/sites\/10\/2022\/11\/grafico-derco-sociedad-comparado-980x198.jpg 980w, https:\/\/reports.eyewatch.me\/dc\/wp-content\/uploads\/sites\/10\/2022\/11\/grafico-derco-sociedad-comparado-480x97.jpg 480w\" sizes=\"(min-width: 0px) and (max-width: 480px) 480px, (min-width: 481px) and (max-width: 980px) 980px, 100vw\" \/><\/figure>\n\n\n\n<div style=\"height:20px\" aria-hidden=\"true\" class=\"wp-block-spacer\"><\/div>\n\n\n\n<hr class=\"wp-block-separator has-css-opacity\" \/>\n\n\n\n<h2 class=\"wp-block-heading\" id=\"temas-destacados\">Temas destacados<\/h2>\n\n\n\n<p><em> <em>\u00daltimo <\/em><\/em>mes<\/p>\n\n\n\n<ul class=\"wp-block-list\">\n<li><strong>Bimbo y Espol <\/strong>inici\u00f3 el programa &#8220;Ni\u00f1as en la Tecnolog\u00eda&#8221; para fortalecer a 50 ni\u00f1as en su autoestima y promover\u00e1n la igualdad de g\u00e9nero mientras aprenden a programar.<\/li>\n\n\n\n<li><strong>Repsol <\/strong>realiz\u00f3 una semana de voluntariado apoyando la reforestaci\u00f3n y conservaci\u00f3n del medio ambiente de Xochimilco, M\u00e9xico.<\/li>\n\n\n\n<li><strong>Flying Tiger acompa\u00f1\u00f3 a Hogar S\u00ed <\/strong>a realizar una campa\u00f1a de abrigo para personas sin hogar en Espa\u00f1a.<\/li>\n\n\n\n<li><strong>Santaluc\u00eda Seguros <\/strong>realiz\u00f3 una contribuci\u00f3n monetario a Unicef Espa\u00f1a para garantizar el suministro de vacunas para los pa\u00edses m\u00e1s desfavorecidos.<\/li>\n\n\n\n<li><strong>BBVA <\/strong>ofrece una beca para adolescentes que se encuentren realizando estudios secundarios, para apoyarlos en su desempe\u00f1o educativo.<\/li>\n\n\n\n<li><strong>Banco de Bogot\u00e1 <\/strong>habilit\u00f3 sala para que los empleados puedan dejar a sus hijos cuidados, y tambi\u00e9n compartir tiempo con ellos.<\/li>\n\n\n\n<li><strong>Vogue <\/strong>le dedic\u00f3 un extenso reportaje a ImillaSkate, un grupo de mujeres bolivianas que se visten con ropas tradicionales del pa\u00eds y se apoderan de los espacios con el skate.<\/li>\n\n\n\n<li><strong>Coca-Cola <\/strong>&nbsp;trabaja para que sus empleadas mujeres tengan espacios laborales propicios y busca empoderarlas para que alcancen posiciones gerenciales y directivas.<\/li>\n<\/ul>\n\n\n\n<div class=\"wp-block-group is-layout-flow wp-block-group-is-layout-flow\">\n<div class=\"wp-block-group is-layout-flow wp-block-group-is-layout-flow\">\n<hr class=\"wp-block-separator has-css-opacity\" \/>\n\n\n\n<h2 class=\"wp-block-heading\" id=\"contenidos-destacados-en-redes-sociales\">Contenidos destacados en redes sociales<\/h2>\n\n\n\n<p><em>\u00daltimo mes<\/em><\/p>\n<\/div>\n\n\n\n<div class=\"wp-block-columns is-layout-flex wp-container-core-columns-is-layout-9d6595d7 wp-block-columns-is-layout-flex\">\n<div class=\"wp-block-column is-layout-flow wp-block-column-is-layout-flow\">\n<figure class=\"wp-block-embed is-type-rich is-provider-twitter wp-block-embed-twitter\"><div class=\"wp-block-embed__wrapper\">\nhttps:\/\/twitter.com\/Plan_Ecuador\/status\/1592951227649650691\n<\/div><\/figure>\n<\/div>\n\n\n\n<div class=\"wp-block-column is-layout-flow wp-block-column-is-layout-flow\">\n<figure class=\"wp-block-embed is-type-rich is-provider-twitter wp-block-embed-twitter\"><div class=\"wp-block-embed__wrapper\">\n<blockquote class=\"twitter-tweet\" data-width=\"550\" data-dnt=\"true\"><p lang=\"es\" dir=\"ltr\">Este fin de semana, en el marco de la semana de voluntariado por parte de <a href=\"https:\/\/twitter.com\/FundacionRepsol?ref_src=twsrc%5Etfw\">@FundacionRepsol<\/a>, voluntariados de Repsol M\u00e9xico, de la mano de Hands on M\u00e9xico, apoyan a la reforestaci\u00f3n y conservaci\u00f3n del medio ambiente en Xochimilco. <a href=\"https:\/\/t.co\/CR5RklOC86\">pic.twitter.com\/CR5RklOC86<\/a><\/p>&mdash; Repsol M\u00e9xico (@repsolmexico) <a href=\"https:\/\/twitter.com\/repsolmexico\/status\/1584646877307613184?ref_src=twsrc%5Etfw\">October 24, 2022<\/a><\/blockquote><script async src=\"https:\/\/platform.twitter.com\/widgets.js\" charset=\"utf-8\"><\/script>\n<\/div><\/figure>\n<\/div>\n<\/div>\n\n\n\n<div class=\"wp-block-columns is-layout-flex wp-container-core-columns-is-layout-9d6595d7 wp-block-columns-is-layout-flex\">\n<div class=\"wp-block-column is-layout-flow wp-block-column-is-layout-flow\">\n<figure class=\"wp-block-image size-full\"><img loading=\"lazy\" decoding=\"async\" width=\"483\" height=\"620\" src=\"https:\/\/reports.eyewatch.me\/dc\/wp-content\/uploads\/sites\/10\/2022\/11\/linkedin-sociedad-1.jpg\" alt=\"\" class=\"wp-image-5796\" srcset=\"https:\/\/reports.eyewatch.me\/dc\/wp-content\/uploads\/sites\/10\/2022\/11\/linkedin-sociedad-1.jpg 483w, https:\/\/reports.eyewatch.me\/dc\/wp-content\/uploads\/sites\/10\/2022\/11\/linkedin-sociedad-1-480x616.jpg 480w\" sizes=\"(min-width: 0px) and (max-width: 480px) 480px, (min-width: 481px) 483px, 100vw\" \/><\/figure>\n\n\n\n<div class=\"wp-block-buttons is-layout-flex wp-block-buttons-is-layout-flex\">\n<div class=\"wp-block-button\"><a class=\"wp-block-button__link wp-element-button\" href=\"https:\/\/www.linkedin.com\/posts\/sonia-herrero-velez-0b2a3186_vx2022-sinhogarismo-sinhogarismo-activity-7000811794441072640-v54g\/?utm_source=share&amp;utm_medium=member_desktop\">IR A LA PUBLICACI\u00d3N<\/a><\/div>\n<\/div>\n<\/div>\n\n\n\n<div class=\"wp-block-column is-layout-flow wp-block-column-is-layout-flow\">\n<figure class=\"wp-block-image size-full\"><img loading=\"lazy\" decoding=\"async\" width=\"482\" height=\"600\" src=\"https:\/\/reports.eyewatch.me\/dc\/wp-content\/uploads\/sites\/10\/2022\/11\/linkedin-sociedad-2.jpg\" alt=\"\" class=\"wp-image-5797\" srcset=\"https:\/\/reports.eyewatch.me\/dc\/wp-content\/uploads\/sites\/10\/2022\/11\/linkedin-sociedad-2.jpg 482w, https:\/\/reports.eyewatch.me\/dc\/wp-content\/uploads\/sites\/10\/2022\/11\/linkedin-sociedad-2-480x598.jpg 480w\" sizes=\"(min-width: 0px) and (max-width: 480px) 480px, (min-width: 481px) 482px, 100vw\" \/><\/figure>\n\n\n\n<div class=\"wp-block-buttons is-layout-flex wp-block-buttons-is-layout-flex\">\n<div class=\"wp-block-button\"><a class=\"wp-block-button__link wp-element-button\" href=\"https:\/\/www.linkedin.com\/posts\/santaluciaseguros_thank-you-from-unicef-to-our-covax-partners-activity-7000746050701438976-ddID\/?utm_source=share&amp;utm_medium=member_desktop\">IR A LA PUBLICACI\u00d3N<\/a><\/div>\n<\/div>\n<\/div>\n<\/div>\n\n\n\n<hr class=\"wp-block-separator has-css-opacity\" \/>\n\n\n\n<h2 class=\"wp-block-heading\" id=\"contenidos-destacados-en-medios-y-blogs\">Contenidos destacados en medios y blogs<\/h2>\n\n\n\n<div class=\"wp-block-columns is-layout-flex wp-container-core-columns-is-layout-9d6595d7 wp-block-columns-is-layout-flex\">\n<div class=\"wp-block-column is-layout-flow wp-block-column-is-layout-flow\">\n<blockquote class=\"wp-block-quote is-layout-flow wp-block-quote-is-layout-flow\">\n<p>La beca de BBVA que ofrece 4 mil pesos al mes y sus requisitos<\/p>\n<cite><strong>MILENIO<\/strong><\/cite><\/blockquote>\n\n\n\n<div class=\"wp-block-buttons is-layout-flex wp-block-buttons-is-layout-flex\">\n<div class=\"wp-block-button\"><a class=\"wp-block-button__link wp-element-button\" href=\"https:\/\/www.milenio.com\/politica\/comunidad\/bbva-tiene-esta-beca-para-los-estudiantes-de-escuelas-publicas\">IR A LA NOTA<\/a><\/div>\n<\/div>\n<\/div>\n\n\n\n<div class=\"wp-block-column is-layout-flow wp-block-column-is-layout-flow\">\n<blockquote class=\"wp-block-quote is-layout-flow wp-block-quote-is-layout-flow\">\n<p>Banco de Bogot\u00e1 habilita sala para que empleados est\u00e9n con sus hijos<\/p>\n<cite><strong>PORTAFOLIO<\/strong><\/cite><\/blockquote>\n\n\n\n<div class=\"wp-block-buttons is-layout-flex wp-block-buttons-is-layout-flex\">\n<div class=\"wp-block-button\"><a class=\"wp-block-button__link wp-element-button\" href=\"https:\/\/www.portafolio.co\/negocios\/empresas\/banco-de-bogota-habilita-sala-para-que-empleados-esten-con-sus-hijos-574206\">IR A LA NOTA<\/a><\/div>\n<\/div>\n<\/div>\n<\/div>\n\n\n\n<div class=\"wp-block-columns is-layout-flex wp-container-core-columns-is-layout-9d6595d7 wp-block-columns-is-layout-flex\">\n<div class=\"wp-block-column is-layout-flow wp-block-column-is-layout-flow\">\n<blockquote class=\"wp-block-quote has-text-align-left is-layout-flow wp-block-quote-is-layout-flow\">\n<p>ImillaSkate, el colectivo de mujeres que desaf\u00eda estereotipos, brilla en Vogue<\/p>\n<cite><strong>REDUNO<\/strong><\/cite><\/blockquote>\n\n\n\n<div class=\"wp-block-buttons is-layout-flex wp-block-buttons-is-layout-flex\">\n<div class=\"wp-block-button\"><a class=\"wp-block-button__link wp-element-button\" href=\"https:\/\/www.reduno.com.bo\/noticias\/imillaskate-el-colectivo-de-mujeres-que-desafia-estereotipos-brilla-en-vogue-2022119135255\">IR A LA NOTA<\/a><\/div>\n<\/div>\n<\/div>\n\n\n\n<div class=\"wp-block-column is-layout-flow wp-block-column-is-layout-flow\">\n<blockquote class=\"wp-block-quote is-layout-flow wp-block-quote-is-layout-flow\">\n<p>Empoderar a las mujeres para que alcancen posiciones gerenciales y directivas, as\u00ed se construye una nueva mentalidad empresarial<\/p>\n<cite><strong>SEMANA<\/strong><\/cite><\/blockquote>\n\n\n\n<div class=\"wp-block-buttons is-layout-flex wp-block-buttons-is-layout-flex\">\n<div class=\"wp-block-button\"><a class=\"wp-block-button__link wp-element-button\" href=\"https:\/\/www.semana.com\/mejor-colombia\/articulo\/empoderar-a-las-mujeres-para-que-alcancen-posiciones-gerenciales-y-directivas-asi-se-construye-una-nueva-mentalidad-empresarial\/202200\/\">IR A LA NOTA<\/a><\/div>\n<\/div>\n<\/div>\n<\/div>\n\n\n\n<hr class=\"wp-block-separator has-css-opacity is-style-wide\" \/>\n<\/div>\n\n\n\n<div class=\"wp-block-divi-layout\">[et_pb_section fb_built=&#8221;1&#8243; admin_label=&#8221;Features&#8221; _builder_version=&#8221;4.4.2&#8243; background_size=&#8221;initial&#8221; background_position=&#8221;top_left&#8221; width=&#8221;100%&#8221; max_width=&#8221;500px&#8221; module_alignment=&#8221;left&#8221; custom_margin=&#8221;|0px||-1px|false|false&#8221; custom_padding=&#8221;0px|0px|0px|0px|false|false&#8221; saved_tabs=&#8221;all&#8221; collapsed=&#8221;off&#8221;][et_pb_row column_padding_mobile=&#8221;on&#8221; custom_padding_last_edited=&#8221;on|phone&#8221; _builder_version=&#8221;4.4.2&#8243; background_size=&#8221;initial&#8221; background_position=&#8221;top_left&#8221; background_repeat=&#8221;repeat&#8221; width=&#8221;auto&#8221; max_width=&#8221;1280px&#8221; custom_margin=&#8221;0px|0px|0px|0px|false|false&#8221; custom_padding=&#8221;10px|2px|10px|0px|false|false&#8221; custom_padding_tablet=&#8221;49px|||&#8221; custom_padding_phone=&#8221;19px|||&#8221; use_custom_width=&#8221;on&#8221; custom_width_px=&#8221;1280px&#8221;][et_pb_column type=&#8221;4_4&#8243; _builder_version=&#8221;3.25&#8243; custom_padding=&#8221;|||&#8221; custom_padding__hover=&#8221;|||&#8221;][et_pb_blurb title=&#8221;SOSTENIBILIDAD AMBIENTAL&#8221; image=&#8221;https:\/\/reports.eyewatch.me\/dc\/wp-content\/uploads\/sites\/10\/2020\/04\/icon_conversation-1.png&#8221; icon_placement=&#8221;left&#8221; image_max_width=&#8221;69px&#8221; _builder_version=&#8221;4.4.7&#8243; header_level=&#8221;h1&#8243; custom_margin=&#8221;|||0px|false|false&#8221; custom_padding=&#8221;|||1px|false|false&#8221;][\/et_pb_blurb][\/et_pb_column][\/et_pb_row][\/et_pb_section]<\/div>\n\n\n\n<p><em>Menciones en redes sociales, medios y blogs en espa\u00f1ol sobre marcas y empresas vinculadas a la protecci\u00f3n, respeto y cuidado del medio ambiente, econom\u00eda circular o azul, movilidad el\u00e9ctrica, <em>huella de carbono<\/em>, y t\u00e9rminos afines.<\/em><\/p>\n\n\n\n<hr class=\"wp-block-separator has-css-opacity\" \/>\n\n\n\n<h2 class=\"wp-block-heading\" id=\"evolucion-de-la-conversacion-ultimos-7-dias\">Evoluci\u00f3n de la conversaci\u00f3n &#8211; \u00daltimos 7 d\u00edas<\/h2>\n\n\n\n<div class=\"wp-block-group is-layout-flow wp-block-group-is-layout-flow\">\n<div class=\"wp-block-columns is-layout-flex wp-container-core-columns-is-layout-9d6595d7 wp-block-columns-is-layout-flex\">\n<div class=\"wp-block-column is-layout-flow wp-block-column-is-layout-flow\">\n<h4 class=\"wp-block-heading\" id=\"9-3k-menciones\"><img loading=\"lazy\" decoding=\"async\" width=\"121\" height=\"121\" class=\"wp-image-592\" style=\"width: 40px\" src=\"https:\/\/reports.eyewatch.me\/pc\/wp-content\/uploads\/sites\/3\/2020\/04\/icon_Artboard-3@3x-1.png\" alt=\"\"> 14.5K MENCIONES<\/h4>\n<\/div>\n\n\n\n<div class=\"wp-block-column is-layout-flow wp-block-column-is-layout-flow\">\n<h4 class=\"has-text-align-left wp-block-heading\" id=\"1-4k-usuarios\"> <img loading=\"lazy\" decoding=\"async\" width=\"121\" height=\"121\" class=\"wp-image-589\" style=\"width: 40px\" src=\"https:\/\/reports.eyewatch.me\/pc\/wp-content\/uploads\/sites\/3\/2020\/04\/icon_Artboard-3-copy-3@3x.png\" alt=\"\"><strong>2.6k <\/strong>USUARIOS<br><\/h4>\n<\/div>\n<\/div>\n<\/div>\n\n\n\n<figure class=\"wp-block-image size-full\"><img loading=\"lazy\" decoding=\"async\" width=\"745\" height=\"267\" src=\"https:\/\/reports.eyewatch.me\/dc\/wp-content\/uploads\/sites\/10\/2022\/11\/grafico-derco-medio-ambiente.jpg\" alt=\"\" class=\"wp-image-5801\" srcset=\"https:\/\/reports.eyewatch.me\/dc\/wp-content\/uploads\/sites\/10\/2022\/11\/grafico-derco-medio-ambiente.jpg 745w, https:\/\/reports.eyewatch.me\/dc\/wp-content\/uploads\/sites\/10\/2022\/11\/grafico-derco-medio-ambiente-480x172.jpg 480w\" sizes=\"(min-width: 0px) and (max-width: 480px) 480px, (min-width: 481px) 745px, 100vw\" \/><\/figure>\n\n\n\n<hr class=\"wp-block-separator has-css-opacity\" \/>\n\n\n\n<h2 class=\"wp-block-heading\" id=\"evolucion-por-categoria\">Evoluci\u00f3n por categor\u00eda<\/h2>\n\n\n\n<figure class=\"wp-block-image size-large is-resized\"><img loading=\"lazy\" decoding=\"async\" src=\"https:\/\/reports.eyewatch.me\/dc\/wp-content\/uploads\/sites\/10\/2022\/11\/derco-medio-ambiente-comparado-1024x207.jpg\" alt=\"\" class=\"wp-image-5800\" width=\"957\" height=\"192\" \/><\/figure>\n\n\n\n<hr class=\"wp-block-separator has-css-opacity\" \/>\n\n\n\n<h2 class=\"wp-block-heading\" id=\"temas-destacados\">Temas destacados<\/h2>\n\n\n\n<p><em>\u00daltim<\/em>o mes<\/p>\n\n\n\n<ul class=\"wp-block-list\">\n<li><strong>Repsol <\/strong>est\u00e1 contribuyendo con las carreras de motocicletas brindando un biocombustible, que se encuentra fabricado con residuos como materia prima.<\/li>\n\n\n\n<li><strong>L&#8217;Or\u00e9al<\/strong> lanz\u00f3 su nuevo producto Natural Gloss, libre de amonio, con 90% de ingredientes naturales y que hasta su envase es reciclable.<\/li>\n\n\n\n<li><strong>Banco Popular <\/strong>realiz\u00f3 una jornada de reforestaci\u00f3n en Rep\u00fablica Dominicana.<\/li>\n\n\n\n<li><strong>Nestl\u00e9 <\/strong>se encuentra produciendo en su f\u00e1brica de Santa F\u00e9 cada vez de manera m\u00e1s sustentable.<\/li>\n\n\n\n<li><strong>Dinners Club Per\u00fa <\/strong>adquiri\u00f3 bonos de carbono para proteger los bosques de la reserva nacional.<\/li>\n\n\n\n<li><strong>McDonalds <\/strong>abri\u00f3 un nuevo local en Chile, el cu\u00e1l sigue los pasos de sus locales sustentables, utilizando energ\u00eda solar, reciclando aceite y otros productos, buscando reducir su huella de carbono en un 36% para 2030.<\/li>\n\n\n\n<li><strong>Adidas <\/strong>lanz\u00f3 una nueva edici\u00f3n de zapatos en colaboraci\u00f3n con Los Simpson hecho a trav\u00e9s de materiales reciclables.<\/li>\n\n\n\n<li><strong>Coca Cola<\/strong> cre\u00f3 una alianza con ProNatura, Toroto y Kilimo en M\u00e9xico para invertir en proyectos para preservar el agua.<\/li>\n\n\n\n<li><strong>Hopium Machina <\/strong>es un nuevo modelo de auto a base de hidr\u00f3geno como combustible, que cuenta con 1.000 km de autonom\u00eda.<\/li>\n\n\n\n<li><strong>&nbsp;Ferrero <\/strong>invierte en una nueva oficina, para acoplarse al trabajo h\u00edbrido y a las nuevas perspectivas sustentables de la empresa.<\/li>\n<\/ul>\n\n\n\n<hr class=\"wp-block-separator has-css-opacity\" \/>\n\n\n\n<h2 class=\"wp-block-heading\" id=\"contenidos-destacados-en-redes-sociales\">Contenidos destacados en redes sociales<\/h2>\n\n\n\n<p><em>\u00daltim<\/em>o mes<\/p>\n\n\n\n<div class=\"wp-block-columns is-layout-flex wp-container-core-columns-is-layout-9d6595d7 wp-block-columns-is-layout-flex\">\n<div class=\"wp-block-column is-layout-flow wp-block-column-is-layout-flow\" style=\"flex-basis:100%\">\n<div class=\"wp-block-columns is-layout-flex wp-container-core-columns-is-layout-9d6595d7 wp-block-columns-is-layout-flex\">\n<div class=\"wp-block-column is-layout-flow wp-block-column-is-layout-flow\">\n<figure class=\"wp-block-embed is-type-rich is-provider-twitter wp-block-embed-twitter\"><div class=\"wp-block-embed__wrapper\">\n<blockquote class=\"twitter-tweet\" data-width=\"550\" data-dnt=\"true\"><p lang=\"es\" dir=\"ltr\">Marc M\u00e1rquez rodar\u00e1 en el Circuito del Jarama con la Honda RC213V-S el jueves 10 de noviembre para probar el nuevo combustible renovable de Repsol: un biocombustible avanzado, fabricado con residuos como materia prima.<br><br>Ser\u00e1 el que use el Repsol Honda en MotoGP 2024. <a href=\"https:\/\/t.co\/sgVnpeNF2A\">pic.twitter.com\/sgVnpeNF2A<\/a><\/p>&mdash; Swinxy (@Swinxy) <a href=\"https:\/\/twitter.com\/Swinxy\/status\/1587735954617401347?ref_src=twsrc%5Etfw\">November 2, 2022<\/a><\/blockquote><script async src=\"https:\/\/platform.twitter.com\/widgets.js\" charset=\"utf-8\"><\/script>\n<\/div><\/figure>\n\n\n\n<figure class=\"wp-block-embed is-type-rich is-provider-twitter wp-block-embed-twitter\"><div class=\"wp-block-embed__wrapper\">\n<blockquote class=\"twitter-tweet\" data-width=\"550\" data-dnt=\"true\"><p lang=\"es\" dir=\"ltr\">Jean Suriel y Osiris de Le\u00f3n al encontrarse previo al inicio de la jornada de reforestaci\u00f3n desarrollada hoy por el banco Popular en el Plan Sierra, de Sajoma.<br>Reforestar el pa\u00eds es un compromiso de todos los verdaderos ambientalistas y de todos los buenos dominicanos.<br>Adelante. <a href=\"https:\/\/t.co\/oulBJz3KuS\">pic.twitter.com\/oulBJz3KuS<\/a><\/p>&mdash; Osiris de Le\u00f3n (@Osirisdleon) <a href=\"https:\/\/twitter.com\/Osirisdleon\/status\/1591541356065062912?ref_src=twsrc%5Etfw\">November 12, 2022<\/a><\/blockquote><script async src=\"https:\/\/platform.twitter.com\/widgets.js\" charset=\"utf-8\"><\/script>\n<\/div><\/figure>\n\n\n\n<figure class=\"wp-block-image size-full\"><img loading=\"lazy\" decoding=\"async\" width=\"487\" height=\"713\" src=\"https:\/\/reports.eyewatch.me\/dc\/wp-content\/uploads\/sites\/10\/2022\/11\/linkedin-medio-ambiente-1.jpg\" alt=\"\" class=\"wp-image-5803\" srcset=\"https:\/\/reports.eyewatch.me\/dc\/wp-content\/uploads\/sites\/10\/2022\/11\/linkedin-medio-ambiente-1.jpg 487w, https:\/\/reports.eyewatch.me\/dc\/wp-content\/uploads\/sites\/10\/2022\/11\/linkedin-medio-ambiente-1-480x703.jpg 480w\" sizes=\"(min-width: 0px) and (max-width: 480px) 480px, (min-width: 481px) 487px, 100vw\" \/><\/figure>\n\n\n\n<div class=\"wp-block-buttons is-layout-flex wp-block-buttons-is-layout-flex\">\n<div class=\"wp-block-button\"><a class=\"wp-block-button__link wp-element-button\" href=\"https:\/\/www.linkedin.com\/posts\/carlos-gonzalez-arcos-dorados-chile_recetadelfuturo-arcosdoradoschile-restaurantsustentable-activity-7000891768632180736-Sk0o?utm_source=share&amp;utm_medium=member_desktop\">IR A LA PUBLICACI\u00d3N<\/a><\/div>\n<\/div>\n<\/div>\n\n\n\n<div class=\"wp-block-column is-layout-flow wp-block-column-is-layout-flow\">\n<figure class=\"wp-block-embed is-type-rich is-provider-twitter wp-block-embed-twitter\"><div class=\"wp-block-embed__wrapper\">\nhttps:\/\/twitter.com\/MediaMoonshine\/status\/1588189535602614274\n<\/div><\/figure>\n\n\n\n<figure class=\"wp-block-embed is-type-rich is-provider-twitter wp-block-embed-twitter\"><div class=\"wp-block-embed__wrapper\">\n<blockquote class=\"twitter-tweet\" data-width=\"550\" data-dnt=\"true\"><p lang=\"es\" dir=\"ltr\">Visitamos la planta de <a href=\"https:\/\/twitter.com\/Nestle?ref_src=twsrc%5Etfw\">@Nestle<\/a> en <a href=\"https:\/\/twitter.com\/hashtag\/Firmat?src=hash&amp;ref_src=twsrc%5Etfw\">#Firmat<\/a>, gran ejemplo de la potencia de <a href=\"https:\/\/twitter.com\/hashtag\/SantaFe?src=hash&amp;ref_src=twsrc%5Etfw\">#SantaFe<\/a> con una producci\u00f3n c\/vez m\u00e1s sustentable que alcanza las 24mil toneladas anuales, genera 200 puestos de trabajo y acaban de ganar una licitaci\u00f3n para exportar a 22 pa\u00edses de \u00c1frica. 1\/2 <a href=\"https:\/\/t.co\/jxfu6SszGk\">pic.twitter.com\/jxfu6SszGk<\/a><\/p>&mdash; Maximiliano Pullaro (@maxipullaro) <a href=\"https:\/\/twitter.com\/maxipullaro\/status\/1583893692732973056?ref_src=twsrc%5Etfw\">October 22, 2022<\/a><\/blockquote><script async src=\"https:\/\/platform.twitter.com\/widgets.js\" charset=\"utf-8\"><\/script>\n<\/div><\/figure>\n\n\n\n<figure class=\"wp-block-image size-full\"><img loading=\"lazy\" decoding=\"async\" width=\"322\" height=\"685\" src=\"https:\/\/reports.eyewatch.me\/dc\/wp-content\/uploads\/sites\/10\/2022\/11\/linkedin-medio-ambiente-2.jpg\" alt=\"\" class=\"wp-image-5804\" srcset=\"https:\/\/reports.eyewatch.me\/dc\/wp-content\/uploads\/sites\/10\/2022\/11\/linkedin-medio-ambiente-2.jpg 322w, https:\/\/reports.eyewatch.me\/dc\/wp-content\/uploads\/sites\/10\/2022\/11\/linkedin-medio-ambiente-2-141x300.jpg 141w\" sizes=\"(max-width: 322px) 100vw, 322px\" \/><\/figure>\n\n\n\n<div class=\"wp-block-buttons is-layout-flex wp-block-buttons-is-layout-flex\">\n<div class=\"wp-block-button\"><a class=\"wp-block-button__link wp-element-button\" href=\"https:\/\/www.linkedin.com\/posts\/carlos-gonzalez-arcos-dorados-chile_recetadelfuturo-arcosdoradoschile-restaurantsustentable-activity-7000891768632180736-Sk0o\/?utm_source=share&amp;utm_medium=member_desktop\">IR A LA PUBLICACI\u00d3N<\/a><\/div>\n<\/div>\n<\/div>\n<\/div>\n<\/div>\n<\/div>\n\n\n\n<h2 class=\"wp-block-heading\" id=\"contenidos-destacados-en-medios-y-blogs\">Contenidos destacados en medios y blogs<\/h2>\n\n\n\n<div class=\"wp-block-columns is-layout-flex wp-container-core-columns-is-layout-9d6595d7 wp-block-columns-is-layout-flex\">\n<div class=\"wp-block-column is-layout-flow wp-block-column-is-layout-flow\">\n<blockquote class=\"wp-block-quote has-text-align-left is-layout-flow wp-block-quote-is-layout-flow\">\n<p><em>Adidas lanza edici\u00f3n de zapatos en colaboraci\u00f3n con \u2018Los Simpson\u2019<\/em><\/p>\n<cite><strong>Q HUBO<\/strong><\/cite><\/blockquote>\n\n\n\n<div class=\"wp-block-buttons is-layout-flex wp-block-buttons-is-layout-flex\">\n<div class=\"wp-block-button\"><a class=\"wp-block-button__link wp-element-button\" href=\"https:\/\/www.qhubomedellin.com\/entretenimiento\/colaboracion-de-adidas-con-los-simpsons\/\">IR A LA NOTA<\/a><\/div>\n<\/div>\n<\/div>\n\n\n\n<div class=\"wp-block-column is-layout-flow wp-block-column-is-layout-flow\">\n<blockquote class=\"wp-block-quote has-text-align-left is-layout-flow wp-block-quote-is-layout-flow\">\n<p><em>La Industria Mexicana de Coca-Cola anuncia una alianza con ProNatura, Toroto y Kilimo para desarrollar proyectos de preservaci\u00f3n del agua en M\u00e9xico<\/em><\/p>\n<cite><strong>SDP NOTICIAS<\/strong><\/cite><\/blockquote>\n\n\n\n<div class=\"wp-block-buttons is-layout-flex wp-block-buttons-is-layout-flex\">\n<div class=\"wp-block-button\"><a class=\"wp-block-button__link wp-element-button\" href=\"https:\/\/www.sdpnoticias.com\/mexico\/la-industria-mexicana-de-coca-cola-anuncia-una-alianza-con-pronatura-toroto-y-kilimo-para-desarrollar-proyectos-de-preservacion-del-agua-en-mexico\/\">IR A LA NOTA<\/a><\/div>\n<\/div>\n<\/div>\n<\/div>\n\n\n\n<div class=\"wp-block-columns is-layout-flex wp-container-core-columns-is-layout-9d6595d7 wp-block-columns-is-layout-flex\">\n<div class=\"wp-block-column is-layout-flow wp-block-column-is-layout-flow\">\n<blockquote class=\"wp-block-quote has-text-align-left is-layout-flow wp-block-quote-is-layout-flow\">\n<p><em>Hopium Machina, un coche de hidr\u00f3geno con 1.000 km de autonom\u00eda<\/em><\/p>\n<cite><strong>SOMOS EL\u00c9CTRICOS<\/strong><\/cite><\/blockquote>\n\n\n\n<div class=\"wp-block-buttons is-layout-flex wp-block-buttons-is-layout-flex\">\n<div class=\"wp-block-button\"><a class=\"wp-block-button__link wp-element-button\" href=\"https:\/\/somoselectricos.com\/hopium-machina-coche-hidrogeno-1000-km-autonomia\/\">IR A LA NOTA<\/a><\/div>\n<\/div>\n<\/div>\n\n\n\n<div class=\"wp-block-column is-layout-flow wp-block-column-is-layout-flow\">\n<blockquote class=\"wp-block-quote is-layout-flow wp-block-quote-is-layout-flow\">\n<p><em>Ferrero invierte 94.5 mdp en una oficina pensada para el trabajo h\u00edbrido<\/em><\/p>\n<cite><strong>EXPANSI\u00d3N<\/strong><\/cite><\/blockquote>\n\n\n\n<div class=\"wp-block-buttons is-layout-flex wp-block-buttons-is-layout-flex\">\n<div class=\"wp-block-button\"><a class=\"wp-block-button__link wp-element-button\" href=\"https:\/\/expansion.mx\/carrera\/2022\/11\/10\/ferrero-invierte-94-4-mdp-en-una-oficina-pensada-para-el-trabajo-hibrido\">IR A LA NOTA<\/a><\/div>\n<\/div>\n<\/div>\n<\/div>\n\n\n\n<hr class=\"wp-block-separator has-css-opacity\" \/>\n\n\n\n<div class=\"wp-block-divi-layout\">[et_pb_section fb_built=&#8221;1&#8243; admin_label=&#8221;Features&#8221; _builder_version=&#8221;4.4.2&#8243; background_size=&#8221;initial&#8221; background_position=&#8221;top_left&#8221; width=&#8221;100%&#8221; max_width=&#8221;500px&#8221; module_alignment=&#8221;left&#8221; custom_margin=&#8221;|0px||-1px|false|false&#8221; custom_padding=&#8221;0px|0px|0px|0px|false|false&#8221; saved_tabs=&#8221;all&#8221; collapsed=&#8221;off&#8221;][et_pb_row column_padding_mobile=&#8221;on&#8221; custom_padding_last_edited=&#8221;on|phone&#8221; _builder_version=&#8221;4.4.2&#8243; background_size=&#8221;initial&#8221; background_position=&#8221;top_left&#8221; background_repeat=&#8221;repeat&#8221; width=&#8221;auto&#8221; max_width=&#8221;1280px&#8221; custom_margin=&#8221;0px|0px|0px|0px|false|false&#8221; custom_padding=&#8221;10px|2px|10px|0px|false|false&#8221; custom_padding_tablet=&#8221;49px|||&#8221; custom_padding_phone=&#8221;19px|||&#8221; use_custom_width=&#8221;on&#8221; custom_width_px=&#8221;1280px&#8221;][et_pb_column type=&#8221;4_4&#8243; _builder_version=&#8221;3.25&#8243; custom_padding=&#8221;|||&#8221; custom_padding__hover=&#8221;|||&#8221;][et_pb_blurb title=&#8221;SECTOR AUTOMOTRIZ&#8221; image=&#8221;https:\/\/reports.eyewatch.me\/dc\/wp-content\/uploads\/sites\/10\/2020\/04\/icon_conversation-1.png&#8221; icon_placement=&#8221;left&#8221; image_max_width=&#8221;69px&#8221; _builder_version=&#8221;4.4.7&#8243; header_level=&#8221;h1&#8243; custom_margin=&#8221;|||0px|false|false&#8221; custom_padding=&#8221;|||1px|false|false&#8221;][\/et_pb_blurb][\/et_pb_column][\/et_pb_row][\/et_pb_section]<\/div>\n\n\n\n<p><em><em>Menciones en redes sociales, medios y blogs en espa\u00f1ol sobre marcas de veh\u00edculos y automotrices relacionadas con<\/em> campa\u00f1as por el medio ambiente y acci\u00f3n social.<\/em><\/p>\n\n\n\n<h2 class=\"wp-block-heading\" id=\"evolucion-de-la-conversacion-ultimos-7-dias\">Evoluci\u00f3n de la conversaci\u00f3n &#8211; \u00daltimos 7 d\u00edas<\/h2>\n\n\n\n<div class=\"wp-block-group is-layout-flow wp-block-group-is-layout-flow\">\n<div class=\"wp-block-columns is-layout-flex wp-container-core-columns-is-layout-9d6595d7 wp-block-columns-is-layout-flex\">\n<div class=\"wp-block-column is-layout-flow wp-block-column-is-layout-flow\">\n<h4 class=\"wp-block-heading\" id=\"5-1k-menciones\"><img loading=\"lazy\" decoding=\"async\" width=\"121\" height=\"121\" class=\"wp-image-592\" style=\"width: 40px\" src=\"https:\/\/reports.eyewatch.me\/pc\/wp-content\/uploads\/sites\/3\/2020\/04\/icon_Artboard-3@3x-1.png\" alt=\"\">5.78K MENCIONES<\/h4>\n\n\n\n<p><\/p>\n<\/div>\n\n\n\n<div class=\"wp-block-column is-layout-flow wp-block-column-is-layout-flow\">\n<h4 class=\"has-text-align-left wp-block-heading\" id=\"2-1k-usuarios\"><img loading=\"lazy\" decoding=\"async\" width=\"121\" height=\"121\" class=\"wp-image-589\" style=\"width: 40px\" src=\"https:\/\/reports.eyewatch.me\/pc\/wp-content\/uploads\/sites\/3\/2020\/04\/icon_Artboard-3-copy-3@3x.png\" alt=\"\">2.05K USUARIOS<br><\/h4>\n<\/div>\n<\/div>\n<\/div>\n\n\n\n<figure class=\"wp-block-image size-full\"><img loading=\"lazy\" decoding=\"async\" width=\"730\" height=\"301\" src=\"https:\/\/reports.eyewatch.me\/dc\/wp-content\/uploads\/sites\/10\/2022\/11\/grafico-derco-automotrices.jpg\" alt=\"\" class=\"wp-image-5805\" srcset=\"https:\/\/reports.eyewatch.me\/dc\/wp-content\/uploads\/sites\/10\/2022\/11\/grafico-derco-automotrices.jpg 730w, https:\/\/reports.eyewatch.me\/dc\/wp-content\/uploads\/sites\/10\/2022\/11\/grafico-derco-automotrices-480x198.jpg 480w\" sizes=\"(min-width: 0px) and (max-width: 480px) 480px, (min-width: 481px) 730px, 100vw\" \/><\/figure>\n\n\n\n<hr class=\"wp-block-separator has-css-opacity\" \/>\n\n\n\n<h2 class=\"wp-block-heading\" id=\"evolucion-por-categoria\">Evoluci\u00f3n por categor\u00eda<\/h2>\n\n\n\n<figure class=\"wp-block-image size-large is-resized\"><img loading=\"lazy\" decoding=\"async\" src=\"https:\/\/reports.eyewatch.me\/dc\/wp-content\/uploads\/sites\/10\/2022\/11\/grafico-derco-automotrices-comparado-1024x235.jpg\" alt=\"\" class=\"wp-image-5806\" width=\"964\" height=\"221\" \/><\/figure>\n\n\n\n<hr class=\"wp-block-separator has-css-opacity\" \/>\n\n\n\n<h2 class=\"wp-block-heading\" id=\"temas-destacados\">Temas destacados<\/h2>\n\n\n\n<ul class=\"wp-block-list\">\n<li><strong>BMW <\/strong>se encuentra invirtiendo en M\u00e9xico para producir veh\u00edculos h\u00edbridos y el\u00e9ctricos.<\/li>\n\n\n\n<li><strong>Por la Ley de Electromovilidad <\/strong>los autos el\u00e9ctricos no pagar\u00e1n permiso de circulaci\u00f3n por 2 a\u00f1os en Chile.<\/li>\n\n\n\n<li><strong>Stellantis <\/strong>se junt\u00f3 junto a autoridades mexicanas y manifest\u00f3 su intenci\u00f3n de invertir en el pa\u00eds para convertir autos a combusti\u00f3n en autos el\u00e9ctricos.<\/li>\n\n\n\n<li><strong>Nissan <\/strong>present\u00f3 en M\u00e9xico su nuevo Kicks e-Power, un auto el\u00e9ctrico que tiene una autonom\u00eda de 900 km.<\/li>\n\n\n\n<li><strong>Enel X <\/strong>construy\u00f3 una electroterminal en Chile, donde pueden cargarse hasta 18 autobuses el\u00e9ctricos.<\/li>\n\n\n\n<li><strong>Bosch <\/strong>comenzar\u00e1 a producir componentes para autos el\u00e9ctricos.<\/li>\n\n\n\n<li><strong>Baw <\/strong>comienza a fabricar un pick up que costar\u00e1 8.300 d\u00f3lares.<\/li>\n\n\n\n<li><strong>Ford <\/strong>realiz\u00f3 una gran inversi\u00f3n en M\u00e9xico para crear una nuevo Centro Global de Tecnolog\u00eda y Negocios, donde producir\u00e1 autos el\u00e9ctricos para toda Latinoam\u00e9rica.<\/li>\n\n\n\n<li>El Ministerio de Obras P\u00fablicas de Per\u00fa present\u00f3 un megaproyecto ferroviario llamado <strong>Tren Grau<\/strong>, el cual consistir\u00e1 en un tren el\u00e9ctrico que recorrer\u00e1 toda la costa del pa\u00eds.<\/li>\n\n\n\n<li><strong>Sonell <\/strong>ya tiene funcionando los primeros 25 buses escolares el\u00e9ctricos.<\/li>\n\n\n\n<li><strong>Tito<\/strong>, el auto el\u00e9ctrico argentino, tendr\u00e1 su versi\u00f3n deportiva con mayor velocidad.<\/li>\n<\/ul>\n\n\n\n<hr class=\"wp-block-separator has-css-opacity\" \/>\n\n\n\n<h2 class=\"wp-block-heading\" id=\"contenidos-destacados-en-redes-sociales\">Contenidos destacados en redes sociales<\/h2>\n\n\n\n<p><em> <em>\u00daltim<\/em><\/em>o mes<\/p>\n\n\n\n<div class=\"wp-block-columns is-layout-flex wp-container-core-columns-is-layout-9d6595d7 wp-block-columns-is-layout-flex\">\n<div class=\"wp-block-column is-layout-flow wp-block-column-is-layout-flow\">\n<figure class=\"wp-block-embed is-type-rich is-provider-twitter wp-block-embed-twitter\"><div class=\"wp-block-embed__wrapper\">\n<blockquote class=\"twitter-tweet\" data-width=\"550\" data-dnt=\"true\"><p lang=\"es\" dir=\"ltr\">BMW invirtiendo en M\u00e9xico para producir veh\u00edculos h\u00edbridos y pr\u00f3ximamente,el\u00e9ctricos . 62 pa\u00edses reciben BMW hechos en San Luis Potosi . Pronto habr\u00e1 m\u00e1s empleos en la regi\u00f3n . <a href=\"https:\/\/t.co\/sg1FTJfyhy\">pic.twitter.com\/sg1FTJfyhy<\/a><\/p>&mdash; Marcelo Ebrard C. (@m_ebrard) <a href=\"https:\/\/twitter.com\/m_ebrard\/status\/1590810488392204288?ref_src=twsrc%5Etfw\">November 10, 2022<\/a><\/blockquote><script async src=\"https:\/\/platform.twitter.com\/widgets.js\" charset=\"utf-8\"><\/script>\n<\/div><\/figure>\n<\/div>\n\n\n\n<div class=\"wp-block-column is-layout-flow wp-block-column-is-layout-flow\">\n<figure class=\"wp-block-embed is-type-rich is-provider-twitter wp-block-embed-twitter\"><div class=\"wp-block-embed__wrapper\">\n<blockquote class=\"twitter-tweet\" data-width=\"550\" data-dnt=\"true\"><p lang=\"es\" dir=\"ltr\">Electromovilidad: autos el\u00e9ctricos no pagar\u00e1n permiso de circulaci\u00f3n por 2 a\u00f1os <a href=\"https:\/\/t.co\/QfhWSbYr7S\">https:\/\/t.co\/QfhWSbYr7S<\/a><\/p>&mdash; El Desconcierto (@eldesconcierto) <a href=\"https:\/\/twitter.com\/eldesconcierto\/status\/1583788782272188416?ref_src=twsrc%5Etfw\">October 22, 2022<\/a><\/blockquote><script async src=\"https:\/\/platform.twitter.com\/widgets.js\" charset=\"utf-8\"><\/script>\n<\/div><\/figure>\n<\/div>\n<\/div>\n\n\n\n<div class=\"wp-block-columns is-layout-flex wp-container-core-columns-is-layout-9d6595d7 wp-block-columns-is-layout-flex\">\n<div class=\"wp-block-column is-layout-flow wp-block-column-is-layout-flow\">\n<figure class=\"wp-block-embed is-type-rich is-provider-twitter wp-block-embed-twitter\"><div class=\"wp-block-embed__wrapper\">\n<blockquote class=\"twitter-tweet\" data-width=\"550\" data-dnt=\"true\"><p lang=\"es\" dir=\"ltr\">La Secretaria Raquel Buenrostro se reuni\u00f3 con la empresa Stellantis. Hablaron sobre las excelentes condiciones para invertir en M\u00e9xico y relocalizar plantas para reconvertir veh\u00edculos de combusti\u00f3n interna a electromovilidad, generando gran demanda de trabajos especializados. <a href=\"https:\/\/t.co\/8ZnslDkz3H\">pic.twitter.com\/8ZnslDkz3H<\/a><\/p>&mdash; Econom\u00eda M\u00e9xico (@SE_mx) <a href=\"https:\/\/twitter.com\/SE_mx\/status\/1593791273286225921?ref_src=twsrc%5Etfw\">November 19, 2022<\/a><\/blockquote><script async src=\"https:\/\/platform.twitter.com\/widgets.js\" charset=\"utf-8\"><\/script>\n<\/div><\/figure>\n<\/div>\n\n\n\n<div class=\"wp-block-column is-layout-flow wp-block-column-is-layout-flow\">\n<figure class=\"wp-block-embed is-type-rich is-provider-twitter wp-block-embed-twitter\"><div class=\"wp-block-embed__wrapper\">\n<blockquote class=\"twitter-tweet\" data-width=\"550\" data-dnt=\"true\"><p lang=\"es\" dir=\"ltr\">Llega a M\u00e9xico el <a href=\"https:\/\/twitter.com\/Nissan_mx?ref_src=twsrc%5Etfw\">@Nissan_mx<\/a> Kicks e-POWER, un auto el\u00e9ctrico diferente que tiene una autonom\u00eda cercana a 900 km y no necesita detenerse para recargar sus bater\u00edas.<br>Suena interesante, no?<br>Ya est\u00e1 disponible en <a href=\"https:\/\/twitter.com\/NissanDiagonal?ref_src=twsrc%5Etfw\">@NissanDiagonal<\/a> <a href=\"https:\/\/t.co\/k3lXSxrRex\">pic.twitter.com\/k3lXSxrRex<\/a><\/p>&mdash; Salvador S\u00e1nchez D\u00edaz (@Chava_SD) <a href=\"https:\/\/twitter.com\/Chava_SD\/status\/1583204442081742850?ref_src=twsrc%5Etfw\">October 20, 2022<\/a><\/blockquote><script async src=\"https:\/\/platform.twitter.com\/widgets.js\" charset=\"utf-8\"><\/script>\n<\/div><\/figure>\n<\/div>\n<\/div>\n\n\n\n<div class=\"wp-block-columns is-layout-flex wp-container-core-columns-is-layout-9d6595d7 wp-block-columns-is-layout-flex\">\n<div class=\"wp-block-column is-layout-flow wp-block-column-is-layout-flow\">\n<figure class=\"wp-block-image size-full\"><img loading=\"lazy\" decoding=\"async\" width=\"481\" height=\"626\" src=\"https:\/\/reports.eyewatch.me\/dc\/wp-content\/uploads\/sites\/10\/2022\/11\/linkedin-automotrices-1.jpg\" alt=\"\" class=\"wp-image-5808\" srcset=\"https:\/\/reports.eyewatch.me\/dc\/wp-content\/uploads\/sites\/10\/2022\/11\/linkedin-automotrices-1.jpg 481w, https:\/\/reports.eyewatch.me\/dc\/wp-content\/uploads\/sites\/10\/2022\/11\/linkedin-automotrices-1-231x300.jpg 231w\" sizes=\"(max-width: 481px) 100vw, 481px\" \/><\/figure>\n\n\n\n<div class=\"wp-block-buttons is-layout-flex wp-block-buttons-is-layout-flex\">\n<div class=\"wp-block-button\"><a class=\"wp-block-button__link wp-element-button\" href=\"https:\/\/www.linkedin.com\/posts\/electromov_inauguran-electroterminal-de-corredor-santa-activity-7000914414027603968-FRc3\/?utm_source=share&amp;utm_medium=member_desktop\">IR A LA PUBLICACI\u00d3N<\/a><\/div>\n<\/div>\n<\/div>\n\n\n\n<div class=\"wp-block-column is-layout-flow wp-block-column-is-layout-flow\">\n<figure class=\"wp-block-image size-full\"><img loading=\"lazy\" decoding=\"async\" width=\"485\" height=\"507\" src=\"https:\/\/reports.eyewatch.me\/dc\/wp-content\/uploads\/sites\/10\/2022\/11\/linkedin-automotrices-2.jpg\" alt=\"\" class=\"wp-image-5809\" srcset=\"https:\/\/reports.eyewatch.me\/dc\/wp-content\/uploads\/sites\/10\/2022\/11\/linkedin-automotrices-2.jpg 485w, https:\/\/reports.eyewatch.me\/dc\/wp-content\/uploads\/sites\/10\/2022\/11\/linkedin-automotrices-2-480x502.jpg 480w\" sizes=\"(min-width: 0px) and (max-width: 480px) 480px, (min-width: 481px) 485px, 100vw\" \/><\/figure>\n\n\n\n<div class=\"wp-block-buttons is-layout-flex wp-block-buttons-is-layout-flex\">\n<div class=\"wp-block-button\"><a class=\"wp-block-button__link wp-element-button\" href=\"https:\/\/www.linkedin.com\/posts\/indicadorautomotriz_bosch-producir%C3%A1-en-celaya-componentes-para-activity-7000905271321513984-Gsax\/?utm_source=share&amp;utm_medium=member_desktop\">IR A LA PUBLICACI\u00d3N<\/a><\/div>\n<\/div>\n<\/div>\n<\/div>\n\n\n\n<hr class=\"wp-block-separator has-css-opacity\" \/>\n\n\n\n<h2 class=\"wp-block-heading\" id=\"contenidos-destacados-en-medios-y-blogs\">Contenidos destacados en medios y blogs<\/h2>\n\n\n\n<p><em> \u00daltimo mes<\/em><\/p>\n\n\n\n<div class=\"wp-block-columns is-layout-flex wp-container-core-columns-is-layout-9d6595d7 wp-block-columns-is-layout-flex\">\n<div class=\"wp-block-column is-layout-flow wp-block-column-is-layout-flow\">\n<p><em>Empiezan a fabricar una pickup que cuesta 8.300 d\u00f3lares<\/em><\/p>\n\n\n\n<p><strong>CLAR\u00cdN<\/strong><\/p>\n\n\n\n<div class=\"wp-block-buttons is-layout-flex wp-block-buttons-is-layout-flex\">\n<div class=\"wp-block-button\"><a class=\"wp-block-button__link wp-element-button\" href=\"https:\/\/www.clarin.com\/autos\/empiezan-fabricar-pickup-cuesta-8-300-dolares_0_hy4FThTjSs.html\">IR A LA NOTA<\/a><\/div>\n<\/div>\n<\/div>\n\n\n\n<div class=\"wp-block-column is-layout-flow wp-block-column-is-layout-flow\">\n<blockquote class=\"wp-block-quote has-text-align-left is-layout-flow wp-block-quote-is-layout-flow\">\n<p><em>Con una inversi\u00f3n de US$260 millones, Ford de M\u00e9xico inicia operaciones del Centro Global de Tecnolog\u00eda y Negocios<\/em><\/p>\n<cite><strong>ALTO NIVEL<\/strong><\/cite><\/blockquote>\n\n\n\n<div class=\"wp-block-buttons is-layout-flex wp-block-buttons-is-layout-flex\">\n<div class=\"wp-block-button\"><a class=\"wp-block-button__link wp-element-button\" href=\"https:\/\/www.altonivel.com.mx\/actualidad\/con-una-inversion-de-us260-millones-ford-de-mexico-inicia-operaciones-del-centro-global-de-tecnologia-y-negocios\/\">IR A LA NOTA<\/a><\/div>\n<\/div>\n<\/div>\n<\/div>\n\n\n\n<div class=\"wp-block-columns is-layout-flex wp-container-core-columns-is-layout-9d6595d7 wp-block-columns-is-layout-flex\">\n<div class=\"wp-block-column is-layout-flow wp-block-column-is-layout-flow\">\n<blockquote class=\"wp-block-quote has-text-align-left is-layout-flow wp-block-quote-is-layout-flow\">\n<p>Tren Grau: Conoce el megaproyecto ferroviario que unir\u00e1 la costa peruana de Tumbes a Tacna<\/p>\n<cite><strong>RUMBO MINERO<\/strong><\/cite><\/blockquote>\n\n\n\n<div class=\"wp-block-buttons is-layout-flex wp-block-buttons-is-layout-flex\">\n<div class=\"wp-block-button\"><a class=\"wp-block-button__link wp-element-button\" href=\"https:\/\/www.rumbominero.com\/peru\/tren-grau-megaproyecto-ferroviario\/\">IR A LA NOTA<\/a><\/div>\n<\/div>\n<\/div>\n\n\n\n<div class=\"wp-block-column is-layout-flow wp-block-column-is-layout-flow\">\n<blockquote class=\"wp-block-quote has-text-align-left is-layout-flow wp-block-quote-is-layout-flow\">\n<p>Transporte Sonnell operar\u00e1 las primeras 25 guaguas escolares el\u00e9ctricas en la Isla<\/p>\n<cite><strong>PRIMERA HORA<\/strong><\/cite><\/blockquote>\n\n\n\n<div class=\"wp-block-buttons is-layout-flex wp-block-buttons-is-layout-flex\">\n<div class=\"wp-block-button\"><a class=\"wp-block-button__link wp-element-button\" href=\"https:\/\/www.primerahora.com\/noticias\/puerto-rico\/notas\/transporte-sonnell-operara-las-primeras-25-guaguas-escolares-electricas-en-la-isla\/\">IR A LA NOTA<\/a><\/div>\n<\/div>\n<\/div>\n<\/div>\n\n\n\n<div class=\"wp-block-columns is-layout-flex wp-container-core-columns-is-layout-9d6595d7 wp-block-columns-is-layout-flex\">\n<div class=\"wp-block-column is-layout-flow wp-block-column-is-layout-flow\">\n<blockquote class=\"wp-block-quote is-layout-flow wp-block-quote-is-layout-flow\">\n<p>Tito, el auto el\u00e9ctrico puntano, llega en su versi\u00f3n &#8220;deportiva&#8221; y promete mayor velocidad<\/p>\n<cite><strong>BAE NEGOCIOS<\/strong><\/cite><\/blockquote>\n\n\n\n<div class=\"wp-block-buttons is-layout-flex wp-block-buttons-is-layout-flex\">\n<div class=\"wp-block-button\"><a class=\"wp-block-button__link wp-element-button\" href=\"https:\/\/www.baenegocios.com\/negocios\/Tito-el-auto-electrico-puntano-llega-en-su-version-deportiva-y-promete-mayor-velocidad-20221021-0018.html\">IR A LA NOTA<\/a><\/div>\n<\/div>\n<\/div>\n\n\n\n<div class=\"wp-block-column is-layout-flow wp-block-column-is-layout-flow\"><\/div>\n<\/div>\n\n\n\n<p><\/p>\n","protected":false},"excerpt":{"rendered":"<p>DERCO CENTER |<\/p>\n","protected":false},"author":88,"featured_media":0,"comment_status":"closed","ping_status":"closed","sticky":false,"template":"","format":"standard","meta":{"_et_pb_use_builder":"","_et_pb_old_content":"","_et_gb_content_width":"","footnotes":"","_links_to":"","_links_to_target":""},"categories":[18],"tags":[],"class_list":["post-5814","post","type-post","status-publish","format-standard","hentry","category-buzz-tracker"],"jetpack_featured_media_url":"","_links":{"self":[{"href":"https:\/\/reports.eyewatch.me\/dc\/wp-json\/wp\/v2\/posts\/5814","targetHints":{"allow":["GET"]}}],"collection":[{"href":"https:\/\/reports.eyewatch.me\/dc\/wp-json\/wp\/v2\/posts"}],"about":[{"href":"https:\/\/reports.eyewatch.me\/dc\/wp-json\/wp\/v2\/types\/post"}],"author":[{"embeddable":true,"href":"https:\/\/reports.eyewatch.me\/dc\/wp-json\/wp\/v2\/users\/88"}],"replies":[{"embeddable":true,"href":"https:\/\/reports.eyewatch.me\/dc\/wp-json\/wp\/v2\/comments?post=5814"}],"version-history":[{"count":1,"href":"https:\/\/reports.eyewatch.me\/dc\/wp-json\/wp\/v2\/posts\/5814\/revisions"}],"predecessor-version":[{"id":5816,"href":"https:\/\/reports.eyewatch.me\/dc\/wp-json\/wp\/v2\/posts\/5814\/revisions\/5816"}],"wp:attachment":[{"href":"https:\/\/reports.eyewatch.me\/dc\/wp-json\/wp\/v2\/media?parent=5814"}],"wp:term":[{"taxonomy":"category","embeddable":true,"href":"https:\/\/reports.eyewatch.me\/dc\/wp-json\/wp\/v2\/categories?post=5814"},{"taxonomy":"post_tag","embeddable":true,"href":"https:\/\/reports.eyewatch.me\/dc\/wp-json\/wp\/v2\/tags?post=5814"}],"curies":[{"name":"wp","href":"https:\/\/api.w.org\/{rel}","templated":true}]}}