{"id":5813,"date":"2022-11-22T20:53:31","date_gmt":"2022-11-22T20:53:31","guid":{"rendered":"https:\/\/reports.eyewatch.me\/dc\/?p=5813"},"modified":"2022-11-22T20:53:36","modified_gmt":"2022-11-22T20:53:36","slug":"resumen-20-de-noviembre","status":"publish","type":"post","link":"https:\/\/reports.eyewatch.me\/dc\/resumen-20-de-noviembre\/","title":{"rendered":"Resumen 20 de Noviembre"},"content":{"rendered":"<div id=\"fb-root\"><\/div>\n\n<h2 class=\"wp-block-heading\" id=\"temas-destacados\">Temas destacados<\/h2>\n\n\n\n<p><strong><strong>DESARROLLO SOCIAL<\/strong><\/strong><\/p>\n\n\n\n<ul class=\"wp-block-list\">\n<li><strong>Bimbo y Espol <\/strong>inici\u00f3 el programa &#8220;Ni\u00f1as en la Tecnolog\u00eda&#8221; para fortalecer a 50 ni\u00f1as en su autoestima y promover\u00e1n la igualdad de g\u00e9nero mientras aprenden a programar.<\/li>\n\n\n\n<li><strong>Repsol <\/strong>realiz\u00f3 una semana de voluntariado apoyando la reforestaci\u00f3n y conservaci\u00f3n del medio ambiente de Xochimilco, M\u00e9xico.<\/li>\n\n\n\n<li><strong>Flying Tiger acompa\u00f1\u00f3 a Hogar S\u00ed <\/strong>a realizar una campa\u00f1a de abrigo para personas sin hogar en Espa\u00f1a.<\/li>\n\n\n\n<li><strong>Santaluc\u00eda Seguros <\/strong>realiz\u00f3 una contribuci\u00f3n monetario a Unicef Espa\u00f1a para garantizar el suministro de vacunas para los pa\u00edses m\u00e1s desfavorecidos.<\/li>\n\n\n\n<li><strong>BBVA <\/strong>ofrece una beca para adolescentes que se encuentren realizando estudios secundarios, para apoyarlos en su desempe\u00f1o educativo.<\/li>\n\n\n\n<li><strong>Banco de Bogot\u00e1 <\/strong>habilit\u00f3 sala para que los empleados puedan dejar a sus hijos cuidados, y tambi\u00e9n compartir tiempo con ellos.<\/li>\n\n\n\n<li><strong>Vogue <\/strong>le dedic\u00f3 un extenso reportaje a ImillaSkate, un grupo de mujeres bolivianas que se visten con ropas tradicionales del pa\u00eds y se apoderan de los espacios con el skate.<\/li>\n\n\n\n<li><strong>Coca-Cola <\/strong>&nbsp;trabaja para que sus empleadas mujeres tengan espacios laborales propicios y busca empoderarlas para que alcancen posiciones gerenciales y directivas.<\/li>\n<\/ul>\n\n\n\n<p><strong>AMBIENTAL<\/strong><\/p>\n\n\n\n<ul class=\"wp-block-list\">\n<li><strong>Repsol <\/strong>est\u00e1 contribuyendo con las carreras de motocicletas brindando un biocombustible, que se encuentra fabricado con residuos como materia prima.<\/li>\n\n\n\n<li><strong>L&#8217;Or\u00e9al<\/strong> lanz\u00f3 su nuevo producto Natural Gloss, libre de amonio, con 90% de ingredientes naturales y que hasta su envase es reciclable.<\/li>\n\n\n\n<li><strong>Banco Popular <\/strong>realiz\u00f3 una jornada de reforestaci\u00f3n en Rep\u00fablica Dominicana.<\/li>\n\n\n\n<li><strong>Nestl\u00e9 <\/strong>se encuentra produciendo en su f\u00e1brica de Santa F\u00e9 cada vez de manera m\u00e1s sustentable.<\/li>\n\n\n\n<li><strong>Dinners Club Per\u00fa <\/strong>adquiri\u00f3 bonos de carbono para proteger los bosques de la reserva nacional.<\/li>\n\n\n\n<li><strong>McDonalds <\/strong>abri\u00f3 un nuevo local en Chile, el cu\u00e1l sigue los pasos de sus locales sustentables, utilizando energ\u00eda solar, reciclando aceite y otros productos, buscando reducir su huella de carbono en un 36% para 2030.<\/li>\n\n\n\n<li><strong>Adidas <\/strong>lanz\u00f3 una nueva edici\u00f3n de zapatos en colaboraci\u00f3n con Los Simpson hecho a trav\u00e9s de materiales reciclables.<\/li>\n\n\n\n<li><strong>Coca Cola<\/strong> cre\u00f3 una alianza con ProNatura, Toroto y Kilimo en M\u00e9xico para invertir en proyectos para preservar el agua.<\/li>\n\n\n\n<li><strong>Hopium Machina <\/strong>es un nuevo modelo de auto a base de hidr\u00f3geno como combustible, que cuenta con 1.000 km de autonom\u00eda.<\/li>\n\n\n\n<li><strong>&nbsp;Ferrero <\/strong>invierte en una nueva oficina, para acoplarse al trabajo h\u00edbrido y a las nuevas perspectivas sustentables de la empresa.<\/li>\n<\/ul>\n\n\n\n<p><strong>SECTOR AUTOMOTRIZ<\/strong><\/p>\n\n\n\n<ul class=\"wp-block-list\">\n<li><strong>BMW <\/strong>se encuentra invirtiendo en M\u00e9xico para producir veh\u00edculos h\u00edbridos y el\u00e9ctricos.<\/li>\n\n\n\n<li><strong>Por la Ley de Electromovilidad <\/strong>los autos el\u00e9ctricos no pagar\u00e1n permiso de circulaci\u00f3n por 2 a\u00f1os en Chile.<\/li>\n\n\n\n<li><strong>Stellantis <\/strong>se junt\u00f3 junto a autoridades mexicanas y manifest\u00f3 su intenci\u00f3n de invertir en el pa\u00eds para convertir autos a combusti\u00f3n en autos el\u00e9ctricos.<\/li>\n\n\n\n<li><strong>Nissan <\/strong>present\u00f3 en M\u00e9xico su nuevo Kicks e-Power, un auto el\u00e9ctrico que tiene una autonom\u00eda de 900 km.<\/li>\n\n\n\n<li><strong>Enel X <\/strong>construy\u00f3 una electroterminal en Chile, donde pueden cargarse hasta 18 autobuses el\u00e9ctricos.<\/li>\n\n\n\n<li><strong>Bosch <\/strong>comenzar\u00e1 a producir componentes para autos el\u00e9ctricos.<\/li>\n\n\n\n<li><strong>Baw <\/strong>comienza a fabricar un pick up que costar\u00e1 8.300 d\u00f3lares.<\/li>\n\n\n\n<li><strong>Ford <\/strong>realiz\u00f3 una gran inversi\u00f3n en M\u00e9xico para crear una nuevo Centro Global de Tecnolog\u00eda y Negocios, donde producir\u00e1 autos el\u00e9ctricos para toda Latinoam\u00e9rica.<\/li>\n\n\n\n<li>El Ministerio de Obras P\u00fablicas de Per\u00fa present\u00f3 un megaproyecto ferroviario llamado <strong>Tren Grau<\/strong>, el cual consistir\u00e1 en un tren el\u00e9ctrico que recorrer\u00e1 toda la costa del pa\u00eds.<\/li>\n\n\n\n<li><strong>Sonell <\/strong>ya tiene funcionando los primeros 25 buses escolares el\u00e9ctricos.<\/li>\n\n\n\n<li><strong>Tito<\/strong>, el auto el\u00e9ctrico argentino, tendr\u00e1 su versi\u00f3n deportiva con mayor velocidad.<\/li>\n<\/ul>\n","protected":false},"excerpt":{"rendered":"<p>DERCO CENTER |<\/p>\n","protected":false},"author":88,"featured_media":0,"comment_status":"closed","ping_status":"closed","sticky":false,"template":"","format":"standard","meta":{"_et_pb_use_builder":"off","_et_pb_old_content":"<!-- wp:heading -->\n<h2>Temas destacados<\/h2>\n<!-- \/wp:heading -->\n\n<!-- wp:paragraph -->\n<p><strong><strong>DESARROLLO SOCIAL<\/strong><\/strong><\/p>\n<!-- \/wp:paragraph -->\n\n<!-- wp:list -->\n<ul><li><strong>Scotiabank Colombia<\/strong> apunta a aumentar la participaci\u00f3n de mujeres en juntas directivas.<\/li><li><strong>Tigo <\/strong>contin\u00faa consolidando su trabajo voluntario.<\/li><li><strong>Nestl\u00e9 Guatemala<\/strong> dona productos l\u00e1cteos para ni\u00f1os en situaci\u00f3n de vulnerabilidad.<\/li><li><strong>Gripo Cenoa Argentina <\/strong>entrega donaciones para el banco de alimentos de Jujuy.<\/li><li><strong>Coca-Cola<\/strong> impulsa el empoderamiento de mujeres de Latinoam\u00e9rica mediante el apoyo a sus peque\u00f1os negocios.<\/li><li><strong>Banco de Bogot\u00e1<\/strong> anuncia que se une a Telet\u00f3n Renace.<\/li><li><strong>Banbif Per\u00fa <\/strong>realiza colecta interna para abastecer de alimentos para las familias m\u00e1s vulnerables.<\/li><li><strong>P&amp;G Espa\u00f1a <\/strong>se compromete a desarrollar 21 proyectos para abordar los desaf\u00edos relacionados con Impacto en la comunidad, Igualdad e Inclusi\u00f3n y Sostenibilidad medioambiental.<\/li><li><strong>Moderna Alimentos Ecuador<\/strong> entrega m\u00e1s de 45 mil Kg de alimentos durante el 2021.<\/li><li><strong>Coca Cola junto a Cruz Roja Argentina <\/strong>donan insumos al Hospital de ni\u00f1os Ricardo Guti\u00e9rrez.<\/li><\/ul>\n<!-- \/wp:list -->\n\n<!-- wp:paragraph -->\n<p><\/p>\n<!-- \/wp:paragraph -->\n\n<!-- wp:paragraph -->\n<p><strong>AMBIENTAL<\/strong><\/p>\n<!-- \/wp:paragraph -->\n\n<!-- wp:list -->\n<ul><li><strong>La Fundaci\u00f3n BBVA<\/strong> anuncia la convocatoria 2021 de Ayudas a Proyectos de Investigaci\u00f3n Cient\u00edfica en las \u00e1reas de Cambio Clim\u00e1tico y Ecolog\u00eda y Biolog\u00eda de la Conservaci\u00f3n.<\/li><li><strong>McDonald\u2019s<\/strong>\u00a0inaugura su primer restaurante con cero emisiones en Reino Unido.<\/li><li><strong>Repsol<\/strong> ampl\u00eda su gama de materiales de baja huella de carbono.<\/li><li><strong>Repsol <\/strong>colaborara con nuevo ecocombustible 100% renovable en Dakar 2022.<\/li><li><strong>Terpel Panam\u00e1<\/strong> y su equipo han reciclado m\u00e1s de una tonelada de materiales durante el 2021 y sembrado m\u00e1s de una docena de \u00e1rboles.<\/li><li><strong>Bancolombia <\/strong>ampli\u00f3 su l\u00ednea de financiaci\u00f3n sostenible.<\/li><li><strong>Equipetrol<\/strong> cambia su matriz en\u00e9rgica a energ\u00eda renovable como contribuci\u00f3n al medio ambiente.<\/li><li><strong>Data for life<\/strong> Espa\u00f1a crea app que permite calcular la huella de carbono.<\/li><li><strong>Grupo BBVA <\/strong>entrega 11,5 millones de tarjetas recicladas.<\/li><li><strong>Coca-Cola Argentina <\/strong>presenta sus acciones de verano para el cuidado del ambiente en diferentes centros tur\u00edsticos.<\/li><\/ul>\n<!-- \/wp:list -->\n\n<!-- wp:paragraph -->\n<p><\/p>\n<!-- \/wp:paragraph -->\n\n<!-- wp:paragraph -->\n<p><\/p>\n<!-- \/wp:paragraph -->\n\n<!-- wp:paragraph -->\n<p><\/p>\n<!-- \/wp:paragraph -->\n\n<!-- wp:paragraph -->\n<p><strong>SECTOR AUTOMOTRIZ<\/strong><\/p>\n<!-- \/wp:paragraph -->\n\n<!-- wp:list -->\n<ul><li><strong>Toyota<\/strong> c+pod se posiciona como el coche el\u00e9ctrico m\u00e1s brato del mundo.<\/li><li><strong>Hyundai <\/strong>est\u00e1 dejando de desarrollar nuevos motores de combusti\u00f3n para realizar una transici\u00f3n a los veh\u00edculos el\u00e9ctricos.<\/li><li><strong>Ford<\/strong> h\u00edbridas F150 permiten recargar otros veh\u00edculos el\u00e9ctricos.<\/li><li>En Suecia, instalan una v\u00eda que recarga veh\u00edculos el\u00e9ctricos mientras transitan por ella.<\/li><li><strong>Jac<\/strong> fue la marca m\u00e1s vendida de coches el\u00e9ctricos en M\u00e9xico.<\/li><li><strong>Jaguar <\/strong>llega a Chile con su primer auto 100% el\u00e9ctrico.<\/li><li><strong>Waymo<\/strong> anuncia colaboraci\u00f3n con Geely para Driver en nueva versi\u00f3n de Zeekr.<\/li><li><strong>Citro\u00ebn<\/strong>\u00a0presenta el nuevo coche C3 en Argentina.<\/li><li><strong>Ford<\/strong> Mustang proveer\u00e1 de autos el\u00e9ctricos a la empresa de taxis Gravity en Estados Unidos.<\/li><li><strong>Saic Motor y MG<\/strong> invierten m\u00e1s de US$45 millones en nueva movilidad.<\/li><li><strong>Tesla<\/strong> retira del mercado m\u00e1s de 475 mil autos el\u00e9ctricos por problemas de seguridad.<\/li><li>La planta de <strong>Nissan<\/strong> en Barcelona tiene nuevo due\u00f1o: se la queda el grupo liderado por QEV Technologies para fabricar coches el\u00e9ctricos.<\/li><\/ul>\n<!-- \/wp:list -->\n\n<!-- wp:paragraph -->\n<p><\/p>\n<!-- \/wp:paragraph -->","_et_gb_content_width":"","footnotes":"","_links_to":"","_links_to_target":""},"categories":[18],"tags":[],"class_list":["post-5813","post","type-post","status-publish","format-standard","hentry","category-buzz-tracker"],"jetpack_featured_media_url":"","_links":{"self":[{"href":"https:\/\/reports.eyewatch.me\/dc\/wp-json\/wp\/v2\/posts\/5813","targetHints":{"allow":["GET"]}}],"collection":[{"href":"https:\/\/reports.eyewatch.me\/dc\/wp-json\/wp\/v2\/posts"}],"about":[{"href":"https:\/\/reports.eyewatch.me\/dc\/wp-json\/wp\/v2\/types\/post"}],"author":[{"embeddable":true,"href":"https:\/\/reports.eyewatch.me\/dc\/wp-json\/wp\/v2\/users\/88"}],"replies":[{"embeddable":true,"href":"https:\/\/reports.eyewatch.me\/dc\/wp-json\/wp\/v2\/comments?post=5813"}],"version-history":[{"count":1,"href":"https:\/\/reports.eyewatch.me\/dc\/wp-json\/wp\/v2\/posts\/5813\/revisions"}],"predecessor-version":[{"id":5815,"href":"https:\/\/reports.eyewatch.me\/dc\/wp-json\/wp\/v2\/posts\/5813\/revisions\/5815"}],"wp:attachment":[{"href":"https:\/\/reports.eyewatch.me\/dc\/wp-json\/wp\/v2\/media?parent=5813"}],"wp:term":[{"taxonomy":"category","embeddable":true,"href":"https:\/\/reports.eyewatch.me\/dc\/wp-json\/wp\/v2\/categories?post=5813"},{"taxonomy":"post_tag","embeddable":true,"href":"https:\/\/reports.eyewatch.me\/dc\/wp-json\/wp\/v2\/tags?post=5813"}],"curies":[{"name":"wp","href":"https:\/\/api.w.org\/{rel}","templated":true}]}}