{"id":5787,"date":"2022-10-20T20:56:26","date_gmt":"2022-10-20T20:56:26","guid":{"rendered":"https:\/\/reports.eyewatch.me\/dc\/?p=5787"},"modified":"2022-10-20T20:56:35","modified_gmt":"2022-10-20T20:56:35","slug":"resumen-20-de-octubre","status":"publish","type":"post","link":"https:\/\/reports.eyewatch.me\/dc\/resumen-20-de-octubre\/","title":{"rendered":"Resumen 20 de Octubre"},"content":{"rendered":"<div id=\"fb-root\"><\/div>\n\n<h2 class=\"wp-block-heading\" id=\"temas-destacados\">Temas destacados<\/h2>\n\n\n\n<p><strong><strong>DESARROLLO SOCIAL<\/strong><\/strong><\/p>\n\n\n\n<ul class=\"wp-block-list\"><li><strong>Scotiabank <\/strong>brinda oportunidades a ni\u00f1as y ni\u00f1os para promover su desarrollo a trav\u00e9s del f\u00fatbol.<\/li><li><strong>Bimbo <\/strong>recibi\u00f3 por tercera ocasi\u00f3n un distintivo por su compromiso con la inclusi\u00f3n laboral de personas con discapacidad.<\/li><li><strong>Lifante <\/strong>realiz\u00f3 la donaci\u00f3n de una pasarela inclusiva a la Escuela Cau-Cau de Kayak en la playa.<\/li><li><strong>Reutiliza K junto a Asociaci\u00f3n Cultural La Kalle <\/strong>busca donaciones de computadores que no se usen o que est\u00e9n da\u00f1adas para repararlas y distribuirlas para quienes las necesitan.<\/li><li><strong>Google <\/strong>ofrece apoyo emocional a trav\u00e9s de su campa\u00f1a &#8220;Estoy aqu\u00ed para ti&#8221;.<\/li><li><strong>L\u00b4Or\u00e9a<\/strong>l incorpora a diez mujeres pioneras de organizaciones sin fines de lucro a su iniciativa filantr\u00f3pica.<\/li><li><strong>P&amp;G <\/strong>en Costa Rica se encarga de capacitar a mujeres para ayudarlas en sus emprendimientos.<\/li><li><strong>Va por mi Cuenta <\/strong>cumple 10 a\u00f1os en M\u00e9xico en la lucha contra el hambre en el pa\u00eds.<\/li><\/ul>\n\n\n\n<p><\/p>\n\n\n\n<p><strong>AMBIENTAL<\/strong><\/p>\n\n\n\n<ul class=\"wp-block-list\"><li><strong>Repsol <\/strong>se encuentra contribuyendo en las carreras de autos de F4 con combustibles 100% renovables.<\/li><li><strong>Bimbo <\/strong>fue destacado por el embajado de Francia en M\u00e9xico por sus programas de sustentabilidad.<\/li><li><strong>Sprite <\/strong>cambi\u00f3 su botella de pl\u00e1stico caracter\u00edstica para hacerla m\u00e1s f\u00e1cil de reciclar.<\/li><li><strong>La Universidad de Externado <\/strong>se encuentra incentivando el uso de bicicletas el\u00e9ctricas en su predio universitario para contribuir con la reducci\u00f3n de la huella de cabrono.<\/li><li><strong>Kruger <\/strong>elabor\u00f3 una herramienta con su tecnolog\u00eda que le permite a las empresas administrar su impacto en la huella de carbono para poder medirlo e intentar que se controle su reducci\u00f3n.<\/li><li><strong>Repsol <\/strong>se encuentra investigando sobre la elaboraci\u00f3n de combustible biodegradable para los cohetes espaciales.<\/li><li><strong>Siemens Gamesa <\/strong>rompi\u00f3 r\u00e9cord con su prototipo de turbina, alcanzando un r\u00e9cord mundial en producci\u00f3n de energ\u00eda renovable en 24 horas.<\/li><li><strong>Rave Review <\/strong>lanza colecci\u00f3n de ropa con telas del &#8220;cementerio de ropa&#8221; de Atacama.<\/li><li><strong>Eastman <\/strong>se encuentra cambiando sus empaques de medicamentos para convertirlo en reciclables y amigables con el medio ambiente.<\/li><li><strong>&nbsp;Instituto Nacional de Ciencias de los Materiales&nbsp;<\/strong>gener\u00f3 una nueva c\u00e9lula solar que genera electricidad durante 1.000 horas seguidas.<\/li><\/ul>\n\n\n\n<p><\/p>\n\n\n\n<p><strong>SECTOR AUTOMOTRIZ<\/strong><\/p>\n\n\n\n<ul class=\"wp-block-list\"><li><strong><strong>Sev <\/strong><\/strong>lanza su nuevo modelo E-WAN, el cu\u00e1l ser\u00e1 el veh\u00edculo el\u00e9ctrico m\u00e1s accesible de M\u00e9xico.<\/li><li><strong>PandaGo<\/strong>, plataforma espa\u00f1ola para rentar veh\u00edculos el\u00e9ctricos, capta 4,7 millones, logrando un enorme \u00e9xito.<\/li><li><strong>Aptiv, <\/strong>l\u00edder mundial de sistemas para veh\u00edculos el\u00e9ctricos, invierte en una nueva planta en M\u00e9xico.<\/li><li><strong>Honda <\/strong>anunci\u00f3 un nuevo auto el\u00e9ctrico y aut\u00f3nomo para 2026.<\/li><li><strong>COPEC S.A. <\/strong>se encuentra invirtiendo en renovar su flota de \u00f3mnibus para convertirlos en el\u00e9ctricos.<\/li><li><strong>Cargui Last Time <\/strong>se encuentra realizando cambios muy importantes para tener veh\u00edculos de carga 100% el\u00e9ctrico para sus entregas.<\/li><li><strong>General Motors <\/strong>crea <strong>GM ENERGY <\/strong>para ofrecer servicios de almacenamiento de energ\u00eda.<\/li><li><strong>Xpeng INC <\/strong>desarroll\u00f3 un veh\u00edculo el\u00e9ctrico volador, y se prepara para lanzar el primer avi\u00f3n el\u00e9ctrico del mundo.<\/li><li><strong>GreenGo <\/strong>se lanz\u00f3 a la competencia con Tito en Argentina para fabricar autos el\u00e9ctricos.<\/li><li><strong>Audi <\/strong>planea ampliar su planta en M\u00e9xico al doble y comenzar a fabricar autos el\u00e9ctricos.<\/li><li><strong>Citro\u00ebn<\/strong> present\u00f3 su nuevo modelo <strong>OIL<\/strong>, el cu\u00e1l consiste en un peque\u00f1o auto el\u00e9ctrico de forma no convencional, que se centra en la funcionalidad, la durabilidad y la eficiencia.<\/li><\/ul>\n","protected":false},"excerpt":{"rendered":"<p>DERCO CENTER |<\/p>\n","protected":false},"author":88,"featured_media":0,"comment_status":"closed","ping_status":"closed","sticky":false,"template":"","format":"standard","meta":{"_et_pb_use_builder":"off","_et_pb_old_content":"<!-- wp:heading -->\n<h2>Temas destacados<\/h2>\n<!-- \/wp:heading -->\n\n<!-- wp:paragraph -->\n<p><strong><strong>DESARROLLO SOCIAL<\/strong><\/strong><\/p>\n<!-- \/wp:paragraph -->\n\n<!-- wp:list -->\n<ul><li><strong>Scotiabank Colombia<\/strong> apunta a aumentar la participaci\u00f3n de mujeres en juntas directivas.<\/li><li><strong>Tigo <\/strong>contin\u00faa consolidando su trabajo voluntario.<\/li><li><strong>Nestl\u00e9 Guatemala<\/strong> dona productos l\u00e1cteos para ni\u00f1os en situaci\u00f3n de vulnerabilidad.<\/li><li><strong>Gripo Cenoa Argentina <\/strong>entrega donaciones para el banco de alimentos de Jujuy.<\/li><li><strong>Coca-Cola<\/strong> impulsa el empoderamiento de mujeres de Latinoam\u00e9rica mediante el apoyo a sus peque\u00f1os negocios.<\/li><li><strong>Banco de Bogot\u00e1<\/strong> anuncia que se une a Telet\u00f3n Renace.<\/li><li><strong>Banbif Per\u00fa <\/strong>realiza colecta interna para abastecer de alimentos para las familias m\u00e1s vulnerables.<\/li><li><strong>P&amp;G Espa\u00f1a <\/strong>se compromete a desarrollar 21 proyectos para abordar los desaf\u00edos relacionados con Impacto en la comunidad, Igualdad e Inclusi\u00f3n y Sostenibilidad medioambiental.<\/li><li><strong>Moderna Alimentos Ecuador<\/strong> entrega m\u00e1s de 45 mil Kg de alimentos durante el 2021.<\/li><li><strong>Coca Cola junto a Cruz Roja Argentina <\/strong>donan insumos al Hospital de ni\u00f1os Ricardo Guti\u00e9rrez.<\/li><\/ul>\n<!-- \/wp:list -->\n\n<!-- wp:paragraph -->\n<p><\/p>\n<!-- \/wp:paragraph -->\n\n<!-- wp:paragraph -->\n<p><strong>AMBIENTAL<\/strong><\/p>\n<!-- \/wp:paragraph -->\n\n<!-- wp:list -->\n<ul><li><strong>La Fundaci\u00f3n BBVA<\/strong> anuncia la convocatoria 2021 de Ayudas a Proyectos de Investigaci\u00f3n Cient\u00edfica en las \u00e1reas de Cambio Clim\u00e1tico y Ecolog\u00eda y Biolog\u00eda de la Conservaci\u00f3n.<\/li><li><strong>McDonald\u2019s<\/strong>\u00a0inaugura su primer restaurante con cero emisiones en Reino Unido.<\/li><li><strong>Repsol<\/strong> ampl\u00eda su gama de materiales de baja huella de carbono.<\/li><li><strong>Repsol <\/strong>colaborara con nuevo ecocombustible 100% renovable en Dakar 2022.<\/li><li><strong>Terpel Panam\u00e1<\/strong> y su equipo han reciclado m\u00e1s de una tonelada de materiales durante el 2021 y sembrado m\u00e1s de una docena de \u00e1rboles.<\/li><li><strong>Bancolombia <\/strong>ampli\u00f3 su l\u00ednea de financiaci\u00f3n sostenible.<\/li><li><strong>Equipetrol<\/strong> cambia su matriz en\u00e9rgica a energ\u00eda renovable como contribuci\u00f3n al medio ambiente.<\/li><li><strong>Data for life<\/strong> Espa\u00f1a crea app que permite calcular la huella de carbono.<\/li><li><strong>Grupo BBVA <\/strong>entrega 11,5 millones de tarjetas recicladas.<\/li><li><strong>Coca-Cola Argentina <\/strong>presenta sus acciones de verano para el cuidado del ambiente en diferentes centros tur\u00edsticos.<\/li><\/ul>\n<!-- \/wp:list -->\n\n<!-- wp:paragraph -->\n<p><\/p>\n<!-- \/wp:paragraph -->\n\n<!-- wp:paragraph -->\n<p><\/p>\n<!-- \/wp:paragraph -->\n\n<!-- wp:paragraph -->\n<p><\/p>\n<!-- \/wp:paragraph -->\n\n<!-- wp:paragraph -->\n<p><strong>SECTOR AUTOMOTRIZ<\/strong><\/p>\n<!-- \/wp:paragraph -->\n\n<!-- wp:list -->\n<ul><li><strong>Toyota<\/strong> c+pod se posiciona como el coche el\u00e9ctrico m\u00e1s brato del mundo.<\/li><li><strong>Hyundai <\/strong>est\u00e1 dejando de desarrollar nuevos motores de combusti\u00f3n para realizar una transici\u00f3n a los veh\u00edculos el\u00e9ctricos.<\/li><li><strong>Ford<\/strong> h\u00edbridas F150 permiten recargar otros veh\u00edculos el\u00e9ctricos.<\/li><li>En Suecia, instalan una v\u00eda que recarga veh\u00edculos el\u00e9ctricos mientras transitan por ella.<\/li><li><strong>Jac<\/strong> fue la marca m\u00e1s vendida de coches el\u00e9ctricos en M\u00e9xico.<\/li><li><strong>Jaguar <\/strong>llega a Chile con su primer auto 100% el\u00e9ctrico.<\/li><li><strong>Waymo<\/strong> anuncia colaboraci\u00f3n con Geely para Driver en nueva versi\u00f3n de Zeekr.<\/li><li><strong>Citro\u00ebn<\/strong>\u00a0presenta el nuevo coche C3 en Argentina.<\/li><li><strong>Ford<\/strong> Mustang proveer\u00e1 de autos el\u00e9ctricos a la empresa de taxis Gravity en Estados Unidos.<\/li><li><strong>Saic Motor y MG<\/strong> invierten m\u00e1s de US$45 millones en nueva movilidad.<\/li><li><strong>Tesla<\/strong> retira del mercado m\u00e1s de 475 mil autos el\u00e9ctricos por problemas de seguridad.<\/li><li>La planta de <strong>Nissan<\/strong> en Barcelona tiene nuevo due\u00f1o: se la queda el grupo liderado por QEV Technologies para fabricar coches el\u00e9ctricos.<\/li><\/ul>\n<!-- \/wp:list -->\n\n<!-- wp:paragraph -->\n<p><\/p>\n<!-- \/wp:paragraph -->","_et_gb_content_width":"","footnotes":"","_links_to":"","_links_to_target":""},"categories":[18],"tags":[],"class_list":["post-5787","post","type-post","status-publish","format-standard","hentry","category-buzz-tracker"],"jetpack_featured_media_url":"","_links":{"self":[{"href":"https:\/\/reports.eyewatch.me\/dc\/wp-json\/wp\/v2\/posts\/5787","targetHints":{"allow":["GET"]}}],"collection":[{"href":"https:\/\/reports.eyewatch.me\/dc\/wp-json\/wp\/v2\/posts"}],"about":[{"href":"https:\/\/reports.eyewatch.me\/dc\/wp-json\/wp\/v2\/types\/post"}],"author":[{"embeddable":true,"href":"https:\/\/reports.eyewatch.me\/dc\/wp-json\/wp\/v2\/users\/88"}],"replies":[{"embeddable":true,"href":"https:\/\/reports.eyewatch.me\/dc\/wp-json\/wp\/v2\/comments?post=5787"}],"version-history":[{"count":1,"href":"https:\/\/reports.eyewatch.me\/dc\/wp-json\/wp\/v2\/posts\/5787\/revisions"}],"predecessor-version":[{"id":5789,"href":"https:\/\/reports.eyewatch.me\/dc\/wp-json\/wp\/v2\/posts\/5787\/revisions\/5789"}],"wp:attachment":[{"href":"https:\/\/reports.eyewatch.me\/dc\/wp-json\/wp\/v2\/media?parent=5787"}],"wp:term":[{"taxonomy":"category","embeddable":true,"href":"https:\/\/reports.eyewatch.me\/dc\/wp-json\/wp\/v2\/categories?post=5787"},{"taxonomy":"post_tag","embeddable":true,"href":"https:\/\/reports.eyewatch.me\/dc\/wp-json\/wp\/v2\/tags?post=5787"}],"curies":[{"name":"wp","href":"https:\/\/api.w.org\/{rel}","templated":true}]}}