{"id":5762,"date":"2022-09-20T20:58:50","date_gmt":"2022-09-20T20:58:50","guid":{"rendered":"https:\/\/reports.eyewatch.me\/dc\/?p=5762"},"modified":"2022-09-20T20:58:55","modified_gmt":"2022-09-20T20:58:55","slug":"resumen-20-de-setiembre","status":"publish","type":"post","link":"https:\/\/reports.eyewatch.me\/dc\/resumen-20-de-setiembre\/","title":{"rendered":"Resumen 20 de Setiembre"},"content":{"rendered":"<div id=\"fb-root\"><\/div>\n\n<h2 class=\"wp-block-heading\" id=\"temas-destacados\">Temas destacados<\/h2>\n\n\n\n<p><strong><strong>DESARROLLO SOCIAL<\/strong><\/strong><\/p>\n\n\n\n<ul class=\"wp-block-list\"><li><strong>Google <\/strong>anunci\u00f3 una nueva edici\u00f3n de Startup Academy para Mujeres Fundadoras, la cual ofrece apoyo a proyectos de innovaci\u00f3n en etapa temprana de desarrollo para mujeres.<\/li><li><strong>Samsung <\/strong>present\u00f3 un documental que film\u00f3 en la ciudad de Cochabamba, donde muestra como un grupo de mujeres buscan promover la inclusi\u00f3n y la cultura boliviana a trav\u00e9s de la tecnolog\u00eda.<\/li><li><strong>Papelesa CIA <\/strong>realiz\u00f3 la donaci\u00f3n de 566 cajas de cuadernos para<strong> Unidos por la educaci\u00f3n<\/strong>, quien lo donar\u00e1 a distintas escuelas donde ayudan.<\/li><li><strong>The GoodYear Tire &amp; Rubber Company <\/strong>han contribuido a realizar un centro de capacitaci\u00f3n laboral para personas con discapacidad.<\/li><li><strong>Facebook <\/strong>cuenta con una plataforma donde se apoyan entre mujeres en sus emprendimientos y labores, denominado Wikimujeres.<\/li><li>Se realiz\u00f3 una <strong>Expo Inclusi\u00f3n <\/strong>en Chile, donde se ofrecieron m\u00e1s de 1.200 trabajos para personas en situaci\u00f3n de discapacidad.<\/li><li><strong>L\u00b4Or\u00e9al <\/strong>realiz\u00f3 una exposici\u00f3n sobre las &#8220;mujeres que mueven M\u00e9xico&#8221;, reconociendo a las mujeres m\u00e1s influyentes de este pa\u00eds, e incentivado al resto de mujeres a su empoderamiento.<\/li><li><strong>Nestl\u00e9 y Soriana <\/strong>invitan a las personas a participar en un taller de nutrici\u00f3n para ni\u00f1os y ni\u00f1as.<\/li><\/ul>\n\n\n\n<p><\/p>\n\n\n\n<p><strong>AMBIENTAL<\/strong><\/p>\n\n\n\n<ul class=\"wp-block-list\"><li><strong>Nestl\u00e9 <\/strong>se convierte en la primera compa\u00f1\u00eda de l\u00e1cteos refrigerados en emplear pl\u00e1sticos reciclados en sus envases en Espa\u00f1a.<\/li><li><strong>BBVA <\/strong>lanz\u00f3 un programa de cr\u00e9dito sostenible, para fomentar las inversiones ecol\u00f3gicas en negocios, familias, entre otros.<\/li><li><strong>Samsung <\/strong>lanza nuevos dispositivos plegables con material reciclado.<\/li><li><strong>Jafra <\/strong>sac\u00f3 una nueva marca de perfumes que cuenta con un envase de vidrio reciclado y una tapa biodegradable.<\/li><li><strong>Mahou San Miguel <\/strong>siguiendo con su compromiso en reducir su huella de carbono, ya cuenta con el 75% de su flota con transporte de energ\u00eda renovable.<\/li><li><strong>Fujitsu <\/strong>recibi\u00f3 una condecoraci\u00f3n por su registro medioambiental de alcance 3 en huella de carbono.<\/li><li><strong>Tito<\/strong>, el primer auto argentino el\u00e9ctrico, agot\u00f3 su primera tanda en su preventa.<\/li><li><strong>Edomex <\/strong>fabric\u00f3 su primer auto el\u00e9ctrico por un grupo constituido \u00edntegramente por mujeres.<\/li><li><strong>BYD <\/strong>aumenta su flota de buses el\u00e9ctricos.<\/li><li><strong>Adidas <\/strong>present\u00f3 la nueva camiseta alternativa que utilizar\u00e1 M\u00e9xico en el Mundial de Qatar, donde la misma fue hecha con material reciclado.<\/li><\/ul>\n\n\n\n<p><\/p>\n\n\n\n<p><strong>SECTOR AUTOMOTRIZ<\/strong><\/p>\n\n\n\n<ul class=\"wp-block-list\"><li><strong><strong>Honda y LG Energy Solution <\/strong><\/strong>se asocian para fabricar bater\u00edas para coches el\u00e9ctricos.<\/li><li><strong>Tito <\/strong>lanza un auto el\u00e9ctrico que cuesta solamente 15 mi d\u00f3lares.<\/li><li><strong>Fast Track <\/strong>cuenta con un novedoso veh\u00edculo 100% el\u00e9ctrico que realiza las entregas dentro de la ciudad.<\/li><li><strong>Foton <\/strong>vende 95 nuevos buses el\u00e9ctricos para la regi\u00f3n metropolitana de Chile, la que se encuentran en una renovaci\u00f3n de su flota para reducir la huella de carbono.<\/li><li><strong>Element <\/strong>impulsa la electromovilidad ya que es el futuro de la empresa y tiene muchos m\u00e1s beneficios adem\u00e1s de su productividad.<\/li><li><strong>Iveco y Hyundai <\/strong>present\u00f3 su primera furgoneta a hidr\u00f3geno.<\/li><li><strong>Beat, <\/strong>una aplicaci\u00f3n que busca fomentar la interconexi\u00f3n de usuarios que buscan movilizarse dentro de ciudades, busca expandir y hacer accesible la electromovilidad en Latinoam\u00e9rica.<\/li><li><strong>Mercedes Benz<\/strong> recibe premiaci\u00f3n por su modelo de tractor el\u00e9ctrico eActros LongHaul.<\/li><li><strong>Elektros <\/strong>presenta una novedosa plataforma para la creaci\u00f3n de centros de cargas el\u00e9ctricas para autom\u00f3viles,  buscando una revolusi\u00f3n en la electromovilidad.<\/li><li><strong>Hyundai<\/strong>  arranca con su operaci\u00f3n comercial de camiones el\u00e9ctricos denominados XCIENT.<\/li><li><strong>Hertz se asocia con General Motors para fabricar veh\u00edculos el\u00e9ctricos.<\/strong><\/li><\/ul>\n","protected":false},"excerpt":{"rendered":"<p>DERCO CENTER |<\/p>\n","protected":false},"author":88,"featured_media":0,"comment_status":"closed","ping_status":"closed","sticky":false,"template":"","format":"standard","meta":{"_et_pb_use_builder":"off","_et_pb_old_content":"<!-- wp:heading -->\n<h2>Temas destacados<\/h2>\n<!-- \/wp:heading -->\n\n<!-- wp:paragraph -->\n<p><strong><strong>DESARROLLO SOCIAL<\/strong><\/strong><\/p>\n<!-- \/wp:paragraph -->\n\n<!-- wp:list -->\n<ul><li><strong>Scotiabank Colombia<\/strong> apunta a aumentar la participaci\u00f3n de mujeres en juntas directivas.<\/li><li><strong>Tigo <\/strong>contin\u00faa consolidando su trabajo voluntario.<\/li><li><strong>Nestl\u00e9 Guatemala<\/strong> dona productos l\u00e1cteos para ni\u00f1os en situaci\u00f3n de vulnerabilidad.<\/li><li><strong>Gripo Cenoa Argentina <\/strong>entrega donaciones para el banco de alimentos de Jujuy.<\/li><li><strong>Coca-Cola<\/strong> impulsa el empoderamiento de mujeres de Latinoam\u00e9rica mediante el apoyo a sus peque\u00f1os negocios.<\/li><li><strong>Banco de Bogot\u00e1<\/strong> anuncia que se une a Telet\u00f3n Renace.<\/li><li><strong>Banbif Per\u00fa <\/strong>realiza colecta interna para abastecer de alimentos para las familias m\u00e1s vulnerables.<\/li><li><strong>P&amp;G Espa\u00f1a <\/strong>se compromete a desarrollar 21 proyectos para abordar los desaf\u00edos relacionados con Impacto en la comunidad, Igualdad e Inclusi\u00f3n y Sostenibilidad medioambiental.<\/li><li><strong>Moderna Alimentos Ecuador<\/strong> entrega m\u00e1s de 45 mil Kg de alimentos durante el 2021.<\/li><li><strong>Coca Cola junto a Cruz Roja Argentina <\/strong>donan insumos al Hospital de ni\u00f1os Ricardo Guti\u00e9rrez.<\/li><\/ul>\n<!-- \/wp:list -->\n\n<!-- wp:paragraph -->\n<p><\/p>\n<!-- \/wp:paragraph -->\n\n<!-- wp:paragraph -->\n<p><strong>AMBIENTAL<\/strong><\/p>\n<!-- \/wp:paragraph -->\n\n<!-- wp:list -->\n<ul><li><strong>La Fundaci\u00f3n BBVA<\/strong> anuncia la convocatoria 2021 de Ayudas a Proyectos de Investigaci\u00f3n Cient\u00edfica en las \u00e1reas de Cambio Clim\u00e1tico y Ecolog\u00eda y Biolog\u00eda de la Conservaci\u00f3n.<\/li><li><strong>McDonald\u2019s<\/strong>\u00a0inaugura su primer restaurante con cero emisiones en Reino Unido.<\/li><li><strong>Repsol<\/strong> ampl\u00eda su gama de materiales de baja huella de carbono.<\/li><li><strong>Repsol <\/strong>colaborara con nuevo ecocombustible 100% renovable en Dakar 2022.<\/li><li><strong>Terpel Panam\u00e1<\/strong> y su equipo han reciclado m\u00e1s de una tonelada de materiales durante el 2021 y sembrado m\u00e1s de una docena de \u00e1rboles.<\/li><li><strong>Bancolombia <\/strong>ampli\u00f3 su l\u00ednea de financiaci\u00f3n sostenible.<\/li><li><strong>Equipetrol<\/strong> cambia su matriz en\u00e9rgica a energ\u00eda renovable como contribuci\u00f3n al medio ambiente.<\/li><li><strong>Data for life<\/strong> Espa\u00f1a crea app que permite calcular la huella de carbono.<\/li><li><strong>Grupo BBVA <\/strong>entrega 11,5 millones de tarjetas recicladas.<\/li><li><strong>Coca-Cola Argentina <\/strong>presenta sus acciones de verano para el cuidado del ambiente en diferentes centros tur\u00edsticos.<\/li><\/ul>\n<!-- \/wp:list -->\n\n<!-- wp:paragraph -->\n<p><\/p>\n<!-- \/wp:paragraph -->\n\n<!-- wp:paragraph -->\n<p><\/p>\n<!-- \/wp:paragraph -->\n\n<!-- wp:paragraph -->\n<p><\/p>\n<!-- \/wp:paragraph -->\n\n<!-- wp:paragraph -->\n<p><strong>SECTOR AUTOMOTRIZ<\/strong><\/p>\n<!-- \/wp:paragraph -->\n\n<!-- wp:list -->\n<ul><li><strong>Toyota<\/strong> c+pod se posiciona como el coche el\u00e9ctrico m\u00e1s brato del mundo.<\/li><li><strong>Hyundai <\/strong>est\u00e1 dejando de desarrollar nuevos motores de combusti\u00f3n para realizar una transici\u00f3n a los veh\u00edculos el\u00e9ctricos.<\/li><li><strong>Ford<\/strong> h\u00edbridas F150 permiten recargar otros veh\u00edculos el\u00e9ctricos.<\/li><li>En Suecia, instalan una v\u00eda que recarga veh\u00edculos el\u00e9ctricos mientras transitan por ella.<\/li><li><strong>Jac<\/strong> fue la marca m\u00e1s vendida de coches el\u00e9ctricos en M\u00e9xico.<\/li><li><strong>Jaguar <\/strong>llega a Chile con su primer auto 100% el\u00e9ctrico.<\/li><li><strong>Waymo<\/strong> anuncia colaboraci\u00f3n con Geely para Driver en nueva versi\u00f3n de Zeekr.<\/li><li><strong>Citro\u00ebn<\/strong>\u00a0presenta el nuevo coche C3 en Argentina.<\/li><li><strong>Ford<\/strong> Mustang proveer\u00e1 de autos el\u00e9ctricos a la empresa de taxis Gravity en Estados Unidos.<\/li><li><strong>Saic Motor y MG<\/strong> invierten m\u00e1s de US$45 millones en nueva movilidad.<\/li><li><strong>Tesla<\/strong> retira del mercado m\u00e1s de 475 mil autos el\u00e9ctricos por problemas de seguridad.<\/li><li>La planta de <strong>Nissan<\/strong> en Barcelona tiene nuevo due\u00f1o: se la queda el grupo liderado por QEV Technologies para fabricar coches el\u00e9ctricos.<\/li><\/ul>\n<!-- \/wp:list -->\n\n<!-- wp:paragraph -->\n<p><\/p>\n<!-- \/wp:paragraph -->","_et_gb_content_width":"","footnotes":"","_links_to":"","_links_to_target":""},"categories":[18],"tags":[],"class_list":["post-5762","post","type-post","status-publish","format-standard","hentry","category-buzz-tracker"],"jetpack_featured_media_url":"","_links":{"self":[{"href":"https:\/\/reports.eyewatch.me\/dc\/wp-json\/wp\/v2\/posts\/5762","targetHints":{"allow":["GET"]}}],"collection":[{"href":"https:\/\/reports.eyewatch.me\/dc\/wp-json\/wp\/v2\/posts"}],"about":[{"href":"https:\/\/reports.eyewatch.me\/dc\/wp-json\/wp\/v2\/types\/post"}],"author":[{"embeddable":true,"href":"https:\/\/reports.eyewatch.me\/dc\/wp-json\/wp\/v2\/users\/88"}],"replies":[{"embeddable":true,"href":"https:\/\/reports.eyewatch.me\/dc\/wp-json\/wp\/v2\/comments?post=5762"}],"version-history":[{"count":1,"href":"https:\/\/reports.eyewatch.me\/dc\/wp-json\/wp\/v2\/posts\/5762\/revisions"}],"predecessor-version":[{"id":5764,"href":"https:\/\/reports.eyewatch.me\/dc\/wp-json\/wp\/v2\/posts\/5762\/revisions\/5764"}],"wp:attachment":[{"href":"https:\/\/reports.eyewatch.me\/dc\/wp-json\/wp\/v2\/media?parent=5762"}],"wp:term":[{"taxonomy":"category","embeddable":true,"href":"https:\/\/reports.eyewatch.me\/dc\/wp-json\/wp\/v2\/categories?post=5762"},{"taxonomy":"post_tag","embeddable":true,"href":"https:\/\/reports.eyewatch.me\/dc\/wp-json\/wp\/v2\/tags?post=5762"}],"curies":[{"name":"wp","href":"https:\/\/api.w.org\/{rel}","templated":true}]}}