{"id":5712,"date":"2022-08-26T19:54:15","date_gmt":"2022-08-26T19:54:15","guid":{"rendered":"https:\/\/reports.eyewatch.me\/dc\/?p=5712"},"modified":"2022-08-26T19:54:20","modified_gmt":"2022-08-26T19:54:20","slug":"resumen-25-de-agosto","status":"publish","type":"post","link":"https:\/\/reports.eyewatch.me\/dc\/resumen-25-de-agosto\/","title":{"rendered":"Resumen 25 de Agosto"},"content":{"rendered":"<div id=\"fb-root\"><\/div>\n\n<h2 class=\"wp-block-heading\" id=\"temas-destacados\">Temas destacados<\/h2>\n\n\n\n<p><strong><strong>DESARROLLO SOCIAL<\/strong><\/strong><\/p>\n\n\n\n<ul class=\"wp-block-list\"><li><strong>Google <\/strong>se encuentro apoyando el crecimiento de las comunidades en Chile, donde abri\u00f3 una nueva convocatoria para el Programa de Desarrollo de la Comunidad de Quilicura, buscando beneficiar proyectos de ONGs.<\/li><li><strong>BBVA <\/strong>se encuentra incentivando diversas charlas sobre la igualdad de g\u00e9nero, en este caso en el \u00e1mbito de la ciencia.<\/li><li><strong>PedidosYa <\/strong>en Paraguay invita a donar platos de comida a sectores vulnerables.<\/li><li><strong>Green Souls y Uniples S.A. <\/strong>realizaron la donaci\u00f3n de 34 computadoras a un colegio de contexto vulnerable.<\/li><li><strong>McDonald\u00b4s <\/strong>abri\u00f3 un nuevo local en Desamparados, donde a su vez tambi\u00e9n gener\u00f3 una donaci\u00f3n hacia una organizaci\u00f3n que se encarga de brindarle actividad f\u00edsica y deportiva a ni\u00f1os y ni\u00f1as carenciados.<\/li><li><strong>NASA <\/strong>nombr\u00f3 a las primeras mujeres que realizaran un viaje a la Luna.<\/li><li><strong><strong>CGE en alianza con Aiep y SernamEG <\/strong><\/strong>impulsan el programa &#8220;Mujer Emprende&#8221; para apoyar los negocios de mujeres emprendedoras.<\/li><li><strong>NASA <\/strong>le otorg\u00f3 la posibilidad de estudiar en sus centros a ni\u00f1as colombianas.<\/li><\/ul>\n\n\n\n<p><\/p>\n\n\n\n<p><strong>AMBIENTAL<\/strong><\/p>\n\n\n\n<ul class=\"wp-block-list\"><li><strong>Wilderway <\/strong>es una marca gallega de ropa, que se centra en la sostenibilidad de su ropa, a trav\u00e9s del uso del reciclaje y tambi\u00e9n se destaca por ser vegana, al no utilizar ning\u00fan producto derivado de animales en sus ropas.<\/li><li><strong>Samsung <\/strong>apuesta por un futuro m\u00e1s inteligente y sostenible con el medio ambiente a trav\u00e9s de sus nuevas Smart TVs.<\/li><li><strong>VeggieDeli <\/strong>es la nueva marca de prote\u00edna vegetal, buscando una alternativa m\u00e1s saludable y sostenible para el medio ambiente.<\/li><li><strong>Grupo Aje <\/strong>se renueva con su marca de agua Cielo con su nuevo envase 100% reciclable.<\/li><li><strong>CEMEX <\/strong>busca reducir su impacto de huella de carbono a trav\u00e9s del recambio de su flota de veh\u00edculos por unos a gas natural.<\/li><li><strong>Emasa <\/strong>es una empresa pionera en la electromovilidad de la costa pac\u00edfico sur de Sudam\u00e9rica, por lo que se encuentra realizando una campa\u00f1a para que las distintas empresas a que sean parte del desarrollo de la electromovilidad de la empresa.<\/li><li><strong>Dow <\/strong>es una marca de agua que busca que sus botellas sean de pl\u00e1stico reciclable, buscando de esta forma reducir la huella de carbono que generan los pl\u00e1sticos de un solo uso.<\/li><li><strong>McDonald\u00b4s <\/strong>abri\u00f3 un nuevo local sustentable en Costa Rica, buscando de esta forma que todo lo relacionado en cuanto a materiales y energ\u00edas del local sea por fuentes renovables.<\/li><li><strong>Bentley Mulliner Batu<\/strong>r es una nueva marca que busca cambiar su flota de autos por otros con energ\u00eda renovable.<\/li><li><strong>Grupo Bimbo <\/strong>busca cambiar su flota de veh\u00edculos de reparto, para que sean CO2 neutro.<\/li><li><strong>Burguer King <\/strong>abri\u00f3 su primer local en Latinoam\u00e9rica con men\u00fa 100% vegetariano, comprometi\u00e9ndose con una alternativa con menos contaminaci\u00f3n que la industria c\u00e1rnica. <\/li><\/ul>\n\n\n\n<p><\/p>\n\n\n\n<p><strong>SECTOR AUTOMOTRIZ<\/strong><\/p>\n\n\n\n<ul class=\"wp-block-list\"><li><strong><strong>Lincoln<\/strong><\/strong> celebra su centenario con un auto el\u00e9ctrico y aut\u00f3nomo, el nuevo Model L100.<\/li><li><strong>Ford <\/strong>emite 1.750 millones de d\u00f3lares en bonos para financiar el desarrollo de sus veh\u00edculos el\u00e9ctricos.<\/li><li><strong>Skoda <\/strong>reafirma su compromiso con La Vuelta y toda la organizaci\u00f3n de la competencia utilizar\u00e1 veh\u00edculos el\u00e9ctricos o h\u00edbridos para moverse.<\/li><li><strong>Cadillac <\/strong>lanz\u00f3 su modelo Celestiq, nuevo auto el\u00e9ctrico de la marca.<\/li><li><strong>Uber se ali\u00f3 con SQM <\/strong>para fomentar la electromovilidad en Chile.<\/li><li><strong>Copec Voltex <\/strong>lidera el proyecto de electromovilidad m\u00e1s grande de la historia de la miner\u00eda en Chile.<\/li><li><strong>Ford <\/strong>despedir\u00e1 a 3.000 trabajadores para invertir en su transici\u00f3n a modelos el\u00e9ctricos.<\/li><li><strong>Audi <\/strong>generar\u00e1 la mitad de sus ventas en Costa Rica con autos el\u00e9ctricos.<\/li><li><strong>Dodge  <\/strong>presenta su modelo Charger Daytona SRT Concept, su Muscle Car el\u00e9ctrico para 2024.<\/li><li><strong><em>Volkswagen <\/em><\/strong>comenz\u00f3 a vender su modelo el\u00e9ctrico e-up! en Uruguay. <\/li><\/ul>\n","protected":false},"excerpt":{"rendered":"<p>DERCO CENTER |<\/p>\n","protected":false},"author":88,"featured_media":0,"comment_status":"closed","ping_status":"closed","sticky":false,"template":"","format":"standard","meta":{"_et_pb_use_builder":"off","_et_pb_old_content":"<!-- wp:heading -->\n<h2>Temas destacados<\/h2>\n<!-- \/wp:heading -->\n\n<!-- wp:paragraph -->\n<p><strong><strong>DESARROLLO SOCIAL<\/strong><\/strong><\/p>\n<!-- \/wp:paragraph -->\n\n<!-- wp:list -->\n<ul><li><strong>Scotiabank Colombia<\/strong> apunta a aumentar la participaci\u00f3n de mujeres en juntas directivas.<\/li><li><strong>Tigo <\/strong>contin\u00faa consolidando su trabajo voluntario.<\/li><li><strong>Nestl\u00e9 Guatemala<\/strong> dona productos l\u00e1cteos para ni\u00f1os en situaci\u00f3n de vulnerabilidad.<\/li><li><strong>Gripo Cenoa Argentina <\/strong>entrega donaciones para el banco de alimentos de Jujuy.<\/li><li><strong>Coca-Cola<\/strong> impulsa el empoderamiento de mujeres de Latinoam\u00e9rica mediante el apoyo a sus peque\u00f1os negocios.<\/li><li><strong>Banco de Bogot\u00e1<\/strong> anuncia que se une a Telet\u00f3n Renace.<\/li><li><strong>Banbif Per\u00fa <\/strong>realiza colecta interna para abastecer de alimentos para las familias m\u00e1s vulnerables.<\/li><li><strong>P&amp;G Espa\u00f1a <\/strong>se compromete a desarrollar 21 proyectos para abordar los desaf\u00edos relacionados con Impacto en la comunidad, Igualdad e Inclusi\u00f3n y Sostenibilidad medioambiental.<\/li><li><strong>Moderna Alimentos Ecuador<\/strong> entrega m\u00e1s de 45 mil Kg de alimentos durante el 2021.<\/li><li><strong>Coca Cola junto a Cruz Roja Argentina <\/strong>donan insumos al Hospital de ni\u00f1os Ricardo Guti\u00e9rrez.<\/li><\/ul>\n<!-- \/wp:list -->\n\n<!-- wp:paragraph -->\n<p><\/p>\n<!-- \/wp:paragraph -->\n\n<!-- wp:paragraph -->\n<p><strong>AMBIENTAL<\/strong><\/p>\n<!-- \/wp:paragraph -->\n\n<!-- wp:list -->\n<ul><li><strong>La Fundaci\u00f3n BBVA<\/strong> anuncia la convocatoria 2021 de Ayudas a Proyectos de Investigaci\u00f3n Cient\u00edfica en las \u00e1reas de Cambio Clim\u00e1tico y Ecolog\u00eda y Biolog\u00eda de la Conservaci\u00f3n.<\/li><li><strong>McDonald\u2019s<\/strong>\u00a0inaugura su primer restaurante con cero emisiones en Reino Unido.<\/li><li><strong>Repsol<\/strong> ampl\u00eda su gama de materiales de baja huella de carbono.<\/li><li><strong>Repsol <\/strong>colaborara con nuevo ecocombustible 100% renovable en Dakar 2022.<\/li><li><strong>Terpel Panam\u00e1<\/strong> y su equipo han reciclado m\u00e1s de una tonelada de materiales durante el 2021 y sembrado m\u00e1s de una docena de \u00e1rboles.<\/li><li><strong>Bancolombia <\/strong>ampli\u00f3 su l\u00ednea de financiaci\u00f3n sostenible.<\/li><li><strong>Equipetrol<\/strong> cambia su matriz en\u00e9rgica a energ\u00eda renovable como contribuci\u00f3n al medio ambiente.<\/li><li><strong>Data for life<\/strong> Espa\u00f1a crea app que permite calcular la huella de carbono.<\/li><li><strong>Grupo BBVA <\/strong>entrega 11,5 millones de tarjetas recicladas.<\/li><li><strong>Coca-Cola Argentina <\/strong>presenta sus acciones de verano para el cuidado del ambiente en diferentes centros tur\u00edsticos.<\/li><\/ul>\n<!-- \/wp:list -->\n\n<!-- wp:paragraph -->\n<p><\/p>\n<!-- \/wp:paragraph -->\n\n<!-- wp:paragraph -->\n<p><\/p>\n<!-- \/wp:paragraph -->\n\n<!-- wp:paragraph -->\n<p><\/p>\n<!-- \/wp:paragraph -->\n\n<!-- wp:paragraph -->\n<p><strong>SECTOR AUTOMOTRIZ<\/strong><\/p>\n<!-- \/wp:paragraph -->\n\n<!-- wp:list -->\n<ul><li><strong>Toyota<\/strong> c+pod se posiciona como el coche el\u00e9ctrico m\u00e1s brato del mundo.<\/li><li><strong>Hyundai <\/strong>est\u00e1 dejando de desarrollar nuevos motores de combusti\u00f3n para realizar una transici\u00f3n a los veh\u00edculos el\u00e9ctricos.<\/li><li><strong>Ford<\/strong> h\u00edbridas F150 permiten recargar otros veh\u00edculos el\u00e9ctricos.<\/li><li>En Suecia, instalan una v\u00eda que recarga veh\u00edculos el\u00e9ctricos mientras transitan por ella.<\/li><li><strong>Jac<\/strong> fue la marca m\u00e1s vendida de coches el\u00e9ctricos en M\u00e9xico.<\/li><li><strong>Jaguar <\/strong>llega a Chile con su primer auto 100% el\u00e9ctrico.<\/li><li><strong>Waymo<\/strong> anuncia colaboraci\u00f3n con Geely para Driver en nueva versi\u00f3n de Zeekr.<\/li><li><strong>Citro\u00ebn<\/strong>\u00a0presenta el nuevo coche C3 en Argentina.<\/li><li><strong>Ford<\/strong> Mustang proveer\u00e1 de autos el\u00e9ctricos a la empresa de taxis Gravity en Estados Unidos.<\/li><li><strong>Saic Motor y MG<\/strong> invierten m\u00e1s de US$45 millones en nueva movilidad.<\/li><li><strong>Tesla<\/strong> retira del mercado m\u00e1s de 475 mil autos el\u00e9ctricos por problemas de seguridad.<\/li><li>La planta de <strong>Nissan<\/strong> en Barcelona tiene nuevo due\u00f1o: se la queda el grupo liderado por QEV Technologies para fabricar coches el\u00e9ctricos.<\/li><\/ul>\n<!-- \/wp:list -->\n\n<!-- wp:paragraph -->\n<p><\/p>\n<!-- \/wp:paragraph -->","_et_gb_content_width":"","footnotes":"","_links_to":"","_links_to_target":""},"categories":[18],"tags":[],"class_list":["post-5712","post","type-post","status-publish","format-standard","hentry","category-buzz-tracker"],"jetpack_featured_media_url":"","_links":{"self":[{"href":"https:\/\/reports.eyewatch.me\/dc\/wp-json\/wp\/v2\/posts\/5712","targetHints":{"allow":["GET"]}}],"collection":[{"href":"https:\/\/reports.eyewatch.me\/dc\/wp-json\/wp\/v2\/posts"}],"about":[{"href":"https:\/\/reports.eyewatch.me\/dc\/wp-json\/wp\/v2\/types\/post"}],"author":[{"embeddable":true,"href":"https:\/\/reports.eyewatch.me\/dc\/wp-json\/wp\/v2\/users\/88"}],"replies":[{"embeddable":true,"href":"https:\/\/reports.eyewatch.me\/dc\/wp-json\/wp\/v2\/comments?post=5712"}],"version-history":[{"count":1,"href":"https:\/\/reports.eyewatch.me\/dc\/wp-json\/wp\/v2\/posts\/5712\/revisions"}],"predecessor-version":[{"id":5714,"href":"https:\/\/reports.eyewatch.me\/dc\/wp-json\/wp\/v2\/posts\/5712\/revisions\/5714"}],"wp:attachment":[{"href":"https:\/\/reports.eyewatch.me\/dc\/wp-json\/wp\/v2\/media?parent=5712"}],"wp:term":[{"taxonomy":"category","embeddable":true,"href":"https:\/\/reports.eyewatch.me\/dc\/wp-json\/wp\/v2\/categories?post=5712"},{"taxonomy":"post_tag","embeddable":true,"href":"https:\/\/reports.eyewatch.me\/dc\/wp-json\/wp\/v2\/tags?post=5712"}],"curies":[{"name":"wp","href":"https:\/\/api.w.org\/{rel}","templated":true}]}}