{"id":5664,"date":"2022-08-18T20:36:02","date_gmt":"2022-08-18T20:36:02","guid":{"rendered":"https:\/\/reports.eyewatch.me\/dc\/?p=5664"},"modified":"2022-08-18T20:36:06","modified_gmt":"2022-08-18T20:36:06","slug":"resumen-18-de-agosto","status":"publish","type":"post","link":"https:\/\/reports.eyewatch.me\/dc\/resumen-18-de-agosto\/","title":{"rendered":"Resumen 18 de Agosto"},"content":{"rendered":"<div id=\"fb-root\"><\/div>\n\n<h2 class=\"wp-block-heading\" id=\"temas-destacados\">Temas destacados<\/h2>\n\n\n\n<p><strong><strong>DESARROLLO SOCIAL<\/strong><\/strong><\/p>\n\n\n\n<ul class=\"wp-block-list\"><li><strong>Alicorp y Exitosa <\/strong>ayudan a una olla com\u00fan &#8220;Mujeres Luchadoras&#8221;.<\/li><li><strong>Nike y Sportline <\/strong>se asociaron con la Fundaci\u00f3n Falcao y Transform\u00e1ndoNOS para una academia de f\u00fatbol tanto para ni\u00f1os y para ni\u00f1as, para fomentar el deporte.<\/li><li><strong>CIO Club M\u00e9xico <\/strong>se comprometi\u00f3 a empezar a ampliar su programa de becas para adolescentes de bajos recursos, para que se puedan educar.<\/li><li><strong>Grupo Chedraui <\/strong>increment\u00f3 la cantidad de donaciones de alimentos que est\u00e1n realizando en este a\u00f1o.<\/li><li><strong>Google <\/strong>anunci\u00f3 nuevo programa para desarrollar la regi\u00f3n de Quilicura, con su nuevo centro de datos donde proporcionar\u00e1 trabajo, lugares de ense\u00f1anza para j\u00f3venes y grupos poco representados, propuestas de equidad en el internet y hasta programas ecol\u00f3gicos en la zona.<\/li><li><strong>Arauco <\/strong>apoya a mujeres emprendedoras de Sop\u00f3.<\/li><li><strong><strong>Google <\/strong><\/strong>se compromete a continuar capacitando a mujeres profesionales a trav\u00e9s de su nuevo programa de becas.<\/li><li><strong>Microsoft <\/strong>presenta una herramienta digital para ayudar en la lectura a ni\u00f1os y ni\u00f1as.<\/li><\/ul>\n\n\n\n<p><\/p>\n\n\n\n<p><strong>AMBIENTAL<\/strong><\/p>\n\n\n\n<ul class=\"wp-block-list\"><li><strong>CATL <\/strong>va a invertir en Hungr\u00eda para fabricar bater\u00edas para autos el\u00e9ctricos y tambi\u00e9n para h\u00edbridos.<\/li><li><strong>BBVA <\/strong>est\u00e1 promocionando financiamientos y asesor\u00edas en temas ambientales para sus clientes.<\/li><li><strong>Samsung <\/strong>est\u00e1 cambiando las cajas en las que vende sus productos, para que \u00e9stas puedan ser reutilizadas en la casa de sus clientes.<\/li><li><strong>Bimbo<\/strong>, a trav\u00e9s de su programa de Open Door, planea impulsar e invertir en proyectos sustentables en snacks y panificados.<\/li><li><strong>Repsol <\/strong>busca empezar a invertir en gas y otro tipo de energ\u00edas para bajar su huella de carbono.<\/li><li><strong>Siemmens <\/strong>inaugur\u00f3 su nueva planta de energ\u00eda renovable, la cual consta de una serie de paneles solares que proveen de energ\u00eda a sus autom\u00f3viles, comprometi\u00e9ndose con el cuidado del medio ambiente. <\/li><li><strong>Aerol\u00edneas Argentinas <\/strong>adquiri\u00f3 un nuevo avi\u00f3n Boeing 737 Max 8, el cu\u00e1l emite un 50% menos de emisiones de carbono que los aviones comunes.<\/li><li><strong>Grupo \u00c9xito <\/strong>invirti\u00f3 en Colombia en nuevos supermercados, siguiendo con su l\u00ednea de ser carbono neutro en sus locales, y tambi\u00e9n crea una gran cantidad de puntos de reciclaje para sus productos.<\/li><li><strong>Overture <\/strong>es el nombre del nuevo avi\u00f3n supers\u00f3nico que est\u00e1 fabricado para poder almacenar energ\u00eda renovable.<\/li><li><strong>Navistar <\/strong>present\u00f3 su nuevo cami\u00f3n S13 Integrated Powertrain, siguiendo con su planificaci\u00f3n y compromiso con la movilidad sostenible.<\/li><\/ul>\n\n\n\n<p><\/p>\n\n\n\n<p><strong>SECTOR AUTOMOTRIZ<\/strong><\/p>\n\n\n\n<ul class=\"wp-block-list\"><li><strong><strong>Jepp <\/strong><\/strong>plantea renovar su planta para empezar a producir veh\u00edculos el\u00e9ctricos.<\/li><li><strong>Apple <\/strong>contrat\u00f3 a uno de los principales gerentes de desarrollo t\u00e9cnico de Lamborghini para crear su propio auto el\u00e9ctrico, denominado Apple car.<\/li><li><strong>BMW <\/strong>est\u00e1 realizando una fuerte inversi\u00f3n en autos el\u00e9ctricos en M\u00e9xico.<\/li><li><strong>Sony y Honda <\/strong>se unen para crear veh\u00edculos el\u00e9ctricos.<\/li><li><strong>CODELCO <\/strong>present\u00f3 la flota de buses el\u00e9ctricos m\u00e1s grande de la miner\u00eda, con un total de 100 buses de pasajeros.<\/li><li><strong>Maxus <\/strong>realiz\u00f3 una serie de pruebas piloto de su nuevo Tractocami\u00f3n ET-2549 100% el\u00e9ctrico.<\/li><li><strong>Hyundai <\/strong>present\u00f3 su nuevo modelo h\u00edbrido en M\u00e9xico, el Tucson Hybrid.<\/li><li><strong>BMW <\/strong>present\u00f3 su nuevo prototipo de auto a hidr\u00f3geno, que comenzar\u00e1 a fabricarse en 2025.<\/li><li><strong>Sellantis <\/strong>remodelar\u00e1 su fabrica en M\u00e9xico para empezar a producir autos el\u00e9ctricos.<\/li><li><strong>Quantum, <\/strong>la empresa boliviana que genera autos el\u00e9ctricos muy baratos, comienza a expandirse por toda Sudam\u00e9rica.<\/li><li><strong>Toyota <\/strong>anunci\u00f3 que el pr\u00f3ximo deportivo de Lexus ser\u00e1 el\u00e9ctrico.<\/li><\/ul>\n","protected":false},"excerpt":{"rendered":"<p>DERCO CENTER |<\/p>\n","protected":false},"author":88,"featured_media":0,"comment_status":"closed","ping_status":"closed","sticky":false,"template":"","format":"standard","meta":{"_et_pb_use_builder":"off","_et_pb_old_content":"<!-- wp:heading -->\n<h2>Temas destacados<\/h2>\n<!-- \/wp:heading -->\n\n<!-- wp:paragraph -->\n<p><strong><strong>DESARROLLO SOCIAL<\/strong><\/strong><\/p>\n<!-- \/wp:paragraph -->\n\n<!-- wp:list -->\n<ul><li><strong>Scotiabank Colombia<\/strong> apunta a aumentar la participaci\u00f3n de mujeres en juntas directivas.<\/li><li><strong>Tigo <\/strong>contin\u00faa consolidando su trabajo voluntario.<\/li><li><strong>Nestl\u00e9 Guatemala<\/strong> dona productos l\u00e1cteos para ni\u00f1os en situaci\u00f3n de vulnerabilidad.<\/li><li><strong>Gripo Cenoa Argentina <\/strong>entrega donaciones para el banco de alimentos de Jujuy.<\/li><li><strong>Coca-Cola<\/strong> impulsa el empoderamiento de mujeres de Latinoam\u00e9rica mediante el apoyo a sus peque\u00f1os negocios.<\/li><li><strong>Banco de Bogot\u00e1<\/strong> anuncia que se une a Telet\u00f3n Renace.<\/li><li><strong>Banbif Per\u00fa <\/strong>realiza colecta interna para abastecer de alimentos para las familias m\u00e1s vulnerables.<\/li><li><strong>P&amp;G Espa\u00f1a <\/strong>se compromete a desarrollar 21 proyectos para abordar los desaf\u00edos relacionados con Impacto en la comunidad, Igualdad e Inclusi\u00f3n y Sostenibilidad medioambiental.<\/li><li><strong>Moderna Alimentos Ecuador<\/strong> entrega m\u00e1s de 45 mil Kg de alimentos durante el 2021.<\/li><li><strong>Coca Cola junto a Cruz Roja Argentina <\/strong>donan insumos al Hospital de ni\u00f1os Ricardo Guti\u00e9rrez.<\/li><\/ul>\n<!-- \/wp:list -->\n\n<!-- wp:paragraph -->\n<p><\/p>\n<!-- \/wp:paragraph -->\n\n<!-- wp:paragraph -->\n<p><strong>AMBIENTAL<\/strong><\/p>\n<!-- \/wp:paragraph -->\n\n<!-- wp:list -->\n<ul><li><strong>La Fundaci\u00f3n BBVA<\/strong> anuncia la convocatoria 2021 de Ayudas a Proyectos de Investigaci\u00f3n Cient\u00edfica en las \u00e1reas de Cambio Clim\u00e1tico y Ecolog\u00eda y Biolog\u00eda de la Conservaci\u00f3n.<\/li><li><strong>McDonald\u2019s<\/strong>\u00a0inaugura su primer restaurante con cero emisiones en Reino Unido.<\/li><li><strong>Repsol<\/strong> ampl\u00eda su gama de materiales de baja huella de carbono.<\/li><li><strong>Repsol <\/strong>colaborara con nuevo ecocombustible 100% renovable en Dakar 2022.<\/li><li><strong>Terpel Panam\u00e1<\/strong> y su equipo han reciclado m\u00e1s de una tonelada de materiales durante el 2021 y sembrado m\u00e1s de una docena de \u00e1rboles.<\/li><li><strong>Bancolombia <\/strong>ampli\u00f3 su l\u00ednea de financiaci\u00f3n sostenible.<\/li><li><strong>Equipetrol<\/strong> cambia su matriz en\u00e9rgica a energ\u00eda renovable como contribuci\u00f3n al medio ambiente.<\/li><li><strong>Data for life<\/strong> Espa\u00f1a crea app que permite calcular la huella de carbono.<\/li><li><strong>Grupo BBVA <\/strong>entrega 11,5 millones de tarjetas recicladas.<\/li><li><strong>Coca-Cola Argentina <\/strong>presenta sus acciones de verano para el cuidado del ambiente en diferentes centros tur\u00edsticos.<\/li><\/ul>\n<!-- \/wp:list -->\n\n<!-- wp:paragraph -->\n<p><\/p>\n<!-- \/wp:paragraph -->\n\n<!-- wp:paragraph -->\n<p><\/p>\n<!-- \/wp:paragraph -->\n\n<!-- wp:paragraph -->\n<p><\/p>\n<!-- \/wp:paragraph -->\n\n<!-- wp:paragraph -->\n<p><strong>SECTOR AUTOMOTRIZ<\/strong><\/p>\n<!-- \/wp:paragraph -->\n\n<!-- wp:list -->\n<ul><li><strong>Toyota<\/strong> c+pod se posiciona como el coche el\u00e9ctrico m\u00e1s brato del mundo.<\/li><li><strong>Hyundai <\/strong>est\u00e1 dejando de desarrollar nuevos motores de combusti\u00f3n para realizar una transici\u00f3n a los veh\u00edculos el\u00e9ctricos.<\/li><li><strong>Ford<\/strong> h\u00edbridas F150 permiten recargar otros veh\u00edculos el\u00e9ctricos.<\/li><li>En Suecia, instalan una v\u00eda que recarga veh\u00edculos el\u00e9ctricos mientras transitan por ella.<\/li><li><strong>Jac<\/strong> fue la marca m\u00e1s vendida de coches el\u00e9ctricos en M\u00e9xico.<\/li><li><strong>Jaguar <\/strong>llega a Chile con su primer auto 100% el\u00e9ctrico.<\/li><li><strong>Waymo<\/strong> anuncia colaboraci\u00f3n con Geely para Driver en nueva versi\u00f3n de Zeekr.<\/li><li><strong>Citro\u00ebn<\/strong>\u00a0presenta el nuevo coche C3 en Argentina.<\/li><li><strong>Ford<\/strong> Mustang proveer\u00e1 de autos el\u00e9ctricos a la empresa de taxis Gravity en Estados Unidos.<\/li><li><strong>Saic Motor y MG<\/strong> invierten m\u00e1s de US$45 millones en nueva movilidad.<\/li><li><strong>Tesla<\/strong> retira del mercado m\u00e1s de 475 mil autos el\u00e9ctricos por problemas de seguridad.<\/li><li>La planta de <strong>Nissan<\/strong> en Barcelona tiene nuevo due\u00f1o: se la queda el grupo liderado por QEV Technologies para fabricar coches el\u00e9ctricos.<\/li><\/ul>\n<!-- \/wp:list -->\n\n<!-- wp:paragraph -->\n<p><\/p>\n<!-- \/wp:paragraph -->","_et_gb_content_width":"","footnotes":"","_links_to":"","_links_to_target":""},"categories":[18],"tags":[],"class_list":["post-5664","post","type-post","status-publish","format-standard","hentry","category-buzz-tracker"],"jetpack_featured_media_url":"","_links":{"self":[{"href":"https:\/\/reports.eyewatch.me\/dc\/wp-json\/wp\/v2\/posts\/5664","targetHints":{"allow":["GET"]}}],"collection":[{"href":"https:\/\/reports.eyewatch.me\/dc\/wp-json\/wp\/v2\/posts"}],"about":[{"href":"https:\/\/reports.eyewatch.me\/dc\/wp-json\/wp\/v2\/types\/post"}],"author":[{"embeddable":true,"href":"https:\/\/reports.eyewatch.me\/dc\/wp-json\/wp\/v2\/users\/88"}],"replies":[{"embeddable":true,"href":"https:\/\/reports.eyewatch.me\/dc\/wp-json\/wp\/v2\/comments?post=5664"}],"version-history":[{"count":1,"href":"https:\/\/reports.eyewatch.me\/dc\/wp-json\/wp\/v2\/posts\/5664\/revisions"}],"predecessor-version":[{"id":5666,"href":"https:\/\/reports.eyewatch.me\/dc\/wp-json\/wp\/v2\/posts\/5664\/revisions\/5666"}],"wp:attachment":[{"href":"https:\/\/reports.eyewatch.me\/dc\/wp-json\/wp\/v2\/media?parent=5664"}],"wp:term":[{"taxonomy":"category","embeddable":true,"href":"https:\/\/reports.eyewatch.me\/dc\/wp-json\/wp\/v2\/categories?post=5664"},{"taxonomy":"post_tag","embeddable":true,"href":"https:\/\/reports.eyewatch.me\/dc\/wp-json\/wp\/v2\/tags?post=5664"}],"curies":[{"name":"wp","href":"https:\/\/api.w.org\/{rel}","templated":true}]}}