{"id":5638,"date":"2022-08-15T21:16:55","date_gmt":"2022-08-15T21:16:55","guid":{"rendered":"https:\/\/reports.eyewatch.me\/dc\/?p=5638"},"modified":"2022-08-15T21:17:04","modified_gmt":"2022-08-15T21:17:04","slug":"resumen-15-de-agosto","status":"publish","type":"post","link":"https:\/\/reports.eyewatch.me\/dc\/resumen-15-de-agosto\/","title":{"rendered":"Resumen 15 de Agosto"},"content":{"rendered":"<div id=\"fb-root\"><\/div>\n\n<h2 class=\"wp-block-heading\" id=\"temas-destacados\">Temas destacados<\/h2>\n\n\n\n<p><strong><strong>DESARROLLO SOCIAL<\/strong><\/strong><\/p>\n\n\n\n<ul class=\"wp-block-list\"><li><strong>Microsoft <\/strong>elabor\u00f3 una herramienta para ayudar a los ni\u00f1os a mejorar su fluidez en la lectura.<\/li><li><strong>United Way y P&amp;G <\/strong>realizaron en conjunto una serie de actividades para fomentar el voluntariado y la solidaridad.<\/li><li><strong>Adidas <\/strong>realiz\u00f3 donaci\u00f3n para sponsorear una fundaci\u00f3n en Per\u00fa para poder cooperar en la ayuda de ni\u00f1os y ni\u00f1as de bajos recursos a trav\u00e9s del deporte.<\/li><li><strong>ADRA Per\u00fa <\/strong>se encuentra realizando una colecta de \u00fatiles para ni\u00f1os y ni\u00f1as de contexto vulnerable para que puedan arrancar las clases de buena forma.<\/li><li><strong>Google <\/strong>lanz\u00f3 un programa para ense\u00f1ar a leer a ni\u00f1os en espa\u00f1ol e ingl\u00e9s.<\/li><li><strong>Copec <\/strong>lanza un programa para apoyar a emprendedores de la regi\u00f3n de Calbuco.<\/li><li><strong><strong>Scotiabank <\/strong><\/strong>se compromete a la conservaci\u00f3n de distintas \u00e1reas verdes.<\/li><li><strong>Nestle <\/strong>proyecta una inversi\u00f3n de 7,5 millones de d\u00f3lares para crear una nueva planta en Trenton, donde busca desarrollar la regi\u00f3n, aportando a la comunidad con trabajo.<\/li><\/ul>\n\n\n\n<p><\/p>\n\n\n\n<p><strong>AMBIENTAL<\/strong><\/p>\n\n\n\n<ul class=\"wp-block-list\"><li><strong>TOMS <\/strong>es una marca de zapatos que trabaja en la sustentabilidad.<\/li><li><strong>Ibedrola <\/strong>puso en marcha una planta fotovoltaica, transform\u00e1ndose en el parque solar de Europa.<\/li><li><strong>Samsung <\/strong>realiz\u00f3 nuevos celulares plegables para impulsar un futuro m\u00e1s sostenible puesto que son hechos con materiales reciclados.<\/li><li><strong>Banco popular <\/strong>recibi\u00f3 un reconocimiento por la neutralidad de carbono.<\/li><li>Investigadores de la <strong>Universidad Polit\u00e9cnica de Cartagena <\/strong>crearon un hormig\u00f3n sin cemento y de reciclaje para minimizar la huella de carbono.<\/li><li><strong>ECO Solar Colombia <\/strong>trabaj\u00f3 en conjunto con un Hotel para proporcionarle energ\u00eda a base de paneles solares. <\/li><li><strong>China cre\u00f3 un tren sustentable que levita sin nesecidad de electricidad.<\/strong><\/li><li><strong>Solar Foods <\/strong>cre\u00f3 una prote\u00edna sustentable para producir alimentos a partir de aire.<\/li><li><strong>Hydra Concept <\/strong>se propone revolucionar la energ\u00eda a trav\u00e9s del hidr\u00f3geno.<\/li><li><strong>Loma Colmenar <\/strong>cre\u00f3 una serie de viviendas sustentables, con energ\u00eda verde y sus propias huertas org\u00e1nicas.<\/li><\/ul>\n\n\n\n<p><\/p>\n\n\n\n<p><strong>SECTOR AUTOMOTRIZ<\/strong><\/p>\n\n\n\n<ul class=\"wp-block-list\"><li><strong><strong>Renault <\/strong><\/strong>con su Megane E-Tech es el coche el\u00e9ctrico m\u00e1s vendido en Francia.<\/li><li><strong>Audi <\/strong>present\u00f3 su nuevo e-tron, veh\u00edculo 100% el\u00e9ctrico.<\/li><li><strong>Quantum <\/strong>es el veh\u00edculo boliviano, a base de litio, que pasar\u00e1 a ser el auto el\u00e9ctrico m\u00e1s barato.<\/li><li><strong>China <\/strong>lidera la transici\u00f3n energ\u00e9tica de la automovilidad con autos el\u00e9ctricos muy baratos para incentivar su consumo.<\/li><li><strong>BMW <\/strong>utilizar\u00e1 material reciclable en todos sus modelos.<\/li><li><strong>Renault <\/strong>fabric\u00f3 su primer cami\u00f3n el\u00e9ctrico, el denominado Truck E-Tech D Wild, siguiendo con su proyecci\u00f3n de llevar la electromovilidad a todos los veh\u00edculos. <\/li><li><strong>Ford <\/strong>critica el atraso de electrificaci\u00f3n de M\u00e9xico, lo que atrasa las inversiones en esa materia en este pa\u00eds.<\/li><li><strong>Foton <\/strong>enviar\u00e1 a Chile una flota de m\u00e1s de 1.000 buses el\u00e9ctricos.<\/li><li><strong>MK3 <\/strong>es un veh\u00edculo ecol\u00f3gico elaborado por estudiantes peruanos.<\/li><li><strong>Jepp <\/strong>plantea renovar su planta para empezar a fabricar autos el\u00e9ctricos.<\/li><li><strong>China <\/strong>ya se encuentra fabricando autos el\u00e9ctricos con 1.000 km de autonom\u00eda.<\/li><\/ul>\n","protected":false},"excerpt":{"rendered":"<p>DERCO CENTER |<\/p>\n","protected":false},"author":88,"featured_media":0,"comment_status":"closed","ping_status":"closed","sticky":false,"template":"","format":"standard","meta":{"_et_pb_use_builder":"off","_et_pb_old_content":"<!-- wp:heading -->\n<h2>Temas destacados<\/h2>\n<!-- \/wp:heading -->\n\n<!-- wp:paragraph -->\n<p><strong><strong>DESARROLLO SOCIAL<\/strong><\/strong><\/p>\n<!-- \/wp:paragraph -->\n\n<!-- wp:list -->\n<ul><li><strong>Scotiabank Colombia<\/strong> apunta a aumentar la participaci\u00f3n de mujeres en juntas directivas.<\/li><li><strong>Tigo <\/strong>contin\u00faa consolidando su trabajo voluntario.<\/li><li><strong>Nestl\u00e9 Guatemala<\/strong> dona productos l\u00e1cteos para ni\u00f1os en situaci\u00f3n de vulnerabilidad.<\/li><li><strong>Gripo Cenoa Argentina <\/strong>entrega donaciones para el banco de alimentos de Jujuy.<\/li><li><strong>Coca-Cola<\/strong> impulsa el empoderamiento de mujeres de Latinoam\u00e9rica mediante el apoyo a sus peque\u00f1os negocios.<\/li><li><strong>Banco de Bogot\u00e1<\/strong> anuncia que se une a Telet\u00f3n Renace.<\/li><li><strong>Banbif Per\u00fa <\/strong>realiza colecta interna para abastecer de alimentos para las familias m\u00e1s vulnerables.<\/li><li><strong>P&amp;G Espa\u00f1a <\/strong>se compromete a desarrollar 21 proyectos para abordar los desaf\u00edos relacionados con Impacto en la comunidad, Igualdad e Inclusi\u00f3n y Sostenibilidad medioambiental.<\/li><li><strong>Moderna Alimentos Ecuador<\/strong> entrega m\u00e1s de 45 mil Kg de alimentos durante el 2021.<\/li><li><strong>Coca Cola junto a Cruz Roja Argentina <\/strong>donan insumos al Hospital de ni\u00f1os Ricardo Guti\u00e9rrez.<\/li><\/ul>\n<!-- \/wp:list -->\n\n<!-- wp:paragraph -->\n<p><\/p>\n<!-- \/wp:paragraph -->\n\n<!-- wp:paragraph -->\n<p><strong>AMBIENTAL<\/strong><\/p>\n<!-- \/wp:paragraph -->\n\n<!-- wp:list -->\n<ul><li><strong>La Fundaci\u00f3n BBVA<\/strong> anuncia la convocatoria 2021 de Ayudas a Proyectos de Investigaci\u00f3n Cient\u00edfica en las \u00e1reas de Cambio Clim\u00e1tico y Ecolog\u00eda y Biolog\u00eda de la Conservaci\u00f3n.<\/li><li><strong>McDonald\u2019s<\/strong>\u00a0inaugura su primer restaurante con cero emisiones en Reino Unido.<\/li><li><strong>Repsol<\/strong> ampl\u00eda su gama de materiales de baja huella de carbono.<\/li><li><strong>Repsol <\/strong>colaborara con nuevo ecocombustible 100% renovable en Dakar 2022.<\/li><li><strong>Terpel Panam\u00e1<\/strong> y su equipo han reciclado m\u00e1s de una tonelada de materiales durante el 2021 y sembrado m\u00e1s de una docena de \u00e1rboles.<\/li><li><strong>Bancolombia <\/strong>ampli\u00f3 su l\u00ednea de financiaci\u00f3n sostenible.<\/li><li><strong>Equipetrol<\/strong> cambia su matriz en\u00e9rgica a energ\u00eda renovable como contribuci\u00f3n al medio ambiente.<\/li><li><strong>Data for life<\/strong> Espa\u00f1a crea app que permite calcular la huella de carbono.<\/li><li><strong>Grupo BBVA <\/strong>entrega 11,5 millones de tarjetas recicladas.<\/li><li><strong>Coca-Cola Argentina <\/strong>presenta sus acciones de verano para el cuidado del ambiente en diferentes centros tur\u00edsticos.<\/li><\/ul>\n<!-- \/wp:list -->\n\n<!-- wp:paragraph -->\n<p><\/p>\n<!-- \/wp:paragraph -->\n\n<!-- wp:paragraph -->\n<p><\/p>\n<!-- \/wp:paragraph -->\n\n<!-- wp:paragraph -->\n<p><\/p>\n<!-- \/wp:paragraph -->\n\n<!-- wp:paragraph -->\n<p><strong>SECTOR AUTOMOTRIZ<\/strong><\/p>\n<!-- \/wp:paragraph -->\n\n<!-- wp:list -->\n<ul><li><strong>Toyota<\/strong> c+pod se posiciona como el coche el\u00e9ctrico m\u00e1s brato del mundo.<\/li><li><strong>Hyundai <\/strong>est\u00e1 dejando de desarrollar nuevos motores de combusti\u00f3n para realizar una transici\u00f3n a los veh\u00edculos el\u00e9ctricos.<\/li><li><strong>Ford<\/strong> h\u00edbridas F150 permiten recargar otros veh\u00edculos el\u00e9ctricos.<\/li><li>En Suecia, instalan una v\u00eda que recarga veh\u00edculos el\u00e9ctricos mientras transitan por ella.<\/li><li><strong>Jac<\/strong> fue la marca m\u00e1s vendida de coches el\u00e9ctricos en M\u00e9xico.<\/li><li><strong>Jaguar <\/strong>llega a Chile con su primer auto 100% el\u00e9ctrico.<\/li><li><strong>Waymo<\/strong> anuncia colaboraci\u00f3n con Geely para Driver en nueva versi\u00f3n de Zeekr.<\/li><li><strong>Citro\u00ebn<\/strong>\u00a0presenta el nuevo coche C3 en Argentina.<\/li><li><strong>Ford<\/strong> Mustang proveer\u00e1 de autos el\u00e9ctricos a la empresa de taxis Gravity en Estados Unidos.<\/li><li><strong>Saic Motor y MG<\/strong> invierten m\u00e1s de US$45 millones en nueva movilidad.<\/li><li><strong>Tesla<\/strong> retira del mercado m\u00e1s de 475 mil autos el\u00e9ctricos por problemas de seguridad.<\/li><li>La planta de <strong>Nissan<\/strong> en Barcelona tiene nuevo due\u00f1o: se la queda el grupo liderado por QEV Technologies para fabricar coches el\u00e9ctricos.<\/li><\/ul>\n<!-- \/wp:list -->\n\n<!-- wp:paragraph -->\n<p><\/p>\n<!-- \/wp:paragraph -->","_et_gb_content_width":"","footnotes":"","_links_to":"","_links_to_target":""},"categories":[18],"tags":[],"class_list":["post-5638","post","type-post","status-publish","format-standard","hentry","category-buzz-tracker"],"jetpack_featured_media_url":"","_links":{"self":[{"href":"https:\/\/reports.eyewatch.me\/dc\/wp-json\/wp\/v2\/posts\/5638","targetHints":{"allow":["GET"]}}],"collection":[{"href":"https:\/\/reports.eyewatch.me\/dc\/wp-json\/wp\/v2\/posts"}],"about":[{"href":"https:\/\/reports.eyewatch.me\/dc\/wp-json\/wp\/v2\/types\/post"}],"author":[{"embeddable":true,"href":"https:\/\/reports.eyewatch.me\/dc\/wp-json\/wp\/v2\/users\/88"}],"replies":[{"embeddable":true,"href":"https:\/\/reports.eyewatch.me\/dc\/wp-json\/wp\/v2\/comments?post=5638"}],"version-history":[{"count":1,"href":"https:\/\/reports.eyewatch.me\/dc\/wp-json\/wp\/v2\/posts\/5638\/revisions"}],"predecessor-version":[{"id":5640,"href":"https:\/\/reports.eyewatch.me\/dc\/wp-json\/wp\/v2\/posts\/5638\/revisions\/5640"}],"wp:attachment":[{"href":"https:\/\/reports.eyewatch.me\/dc\/wp-json\/wp\/v2\/media?parent=5638"}],"wp:term":[{"taxonomy":"category","embeddable":true,"href":"https:\/\/reports.eyewatch.me\/dc\/wp-json\/wp\/v2\/categories?post=5638"},{"taxonomy":"post_tag","embeddable":true,"href":"https:\/\/reports.eyewatch.me\/dc\/wp-json\/wp\/v2\/tags?post=5638"}],"curies":[{"name":"wp","href":"https:\/\/api.w.org\/{rel}","templated":true}]}}