{"id":5617,"date":"2022-08-11T20:36:55","date_gmt":"2022-08-11T20:36:55","guid":{"rendered":"https:\/\/reports.eyewatch.me\/dc\/?p=5617"},"modified":"2022-08-11T20:37:03","modified_gmt":"2022-08-11T20:37:03","slug":"buzz-tracker-11-de-agosto-2022","status":"publish","type":"post","link":"https:\/\/reports.eyewatch.me\/dc\/buzz-tracker-11-de-agosto-2022\/","title":{"rendered":"Buzz Tracker | 11 de Agosto 2022"},"content":{"rendered":"<div id=\"fb-root\"><\/div>\n\n<p><\/p>\n\n\n\n<div class=\"wp-block-divi-layout\">[et_pb_section fb_built=&#8221;1&#8243; admin_label=&#8221;Features&#8221; _builder_version=&#8221;4.4.2&#8243; background_size=&#8221;initial&#8221; background_position=&#8221;top_left&#8221; width=&#8221;100%&#8221; max_width=&#8221;500px&#8221; module_alignment=&#8221;left&#8221; custom_margin=&#8221;|0px||-1px|false|false&#8221; custom_padding=&#8221;0px|0px|0px|0px|false|false&#8221; saved_tabs=&#8221;all&#8221; collapsed=&#8221;off&#8221;][et_pb_row column_padding_mobile=&#8221;on&#8221; custom_padding_last_edited=&#8221;on|phone&#8221; _builder_version=&#8221;4.4.2&#8243; background_size=&#8221;initial&#8221; background_position=&#8221;top_left&#8221; background_repeat=&#8221;repeat&#8221; width=&#8221;auto&#8221; max_width=&#8221;1280px&#8221; custom_margin=&#8221;0px|0px|0px|0px|false|false&#8221; custom_padding=&#8221;10px|2px|10px|0px|false|false&#8221; custom_padding_tablet=&#8221;49px|||&#8221; custom_padding_phone=&#8221;19px|||&#8221; use_custom_width=&#8221;on&#8221; custom_width_px=&#8221;1280px&#8221;][et_pb_column type=&#8221;4_4&#8243; _builder_version=&#8221;3.25&#8243; custom_padding=&#8221;|||&#8221; custom_padding__hover=&#8221;|||&#8221;][et_pb_blurb title=&#8221;DESARROLLO SOCIAL&#8221; image=&#8221;https:\/\/reports.eyewatch.me\/pc\/wp-content\/uploads\/sites\/3\/2020\/04\/icon_Artboard-3-100.jpg&#8221; icon_placement=&#8221;left&#8221; image_max_width=&#8221;69px&#8221; _builder_version=&#8221;4.4.2&#8243; header_level=&#8221;h1&#8243; custom_margin=&#8221;|||0px|false|false&#8221; custom_padding=&#8221;|||1px|false|false&#8221;][\/et_pb_blurb][\/et_pb_column][\/et_pb_row][\/et_pb_section]<\/div>\n\n\n\n<p><em><em>Menciones en redes sociales, medios y blogs en espa\u00f1ol sobre marcas y empresas vinculadas a<\/em> voluntariados, desarrollo social, campa\u00f1as solidarias, inclusi\u00f3n, y t\u00e9rminos afines.<\/em><\/p>\n\n\n\n<hr class=\"wp-block-separator has-css-opacity\" \/>\n\n\n\n<h2 class=\"wp-block-heading\" id=\"evolucion-de-la-conversacion-ultimos-7-dias\">Evoluci\u00f3n de la conversaci\u00f3n &#8211; \u00daltimos 7 d\u00edas<\/h2>\n\n\n\n<div class=\"wp-block-columns is-layout-flex wp-container-core-columns-is-layout-9d6595d7 wp-block-columns-is-layout-flex\">\n<div class=\"wp-block-column is-layout-flow wp-block-column-is-layout-flow\">\n<h4 class=\"wp-block-heading\" id=\"1-0k-menciones\"><img loading=\"lazy\" decoding=\"async\" width=\"121\" height=\"121\" class=\"wp-image-592\" style=\"width: 40px\" src=\"https:\/\/reports.eyewatch.me\/pc\/wp-content\/uploads\/sites\/3\/2020\/04\/icon_Artboard-3@3x-1.png\" alt=\"\">784 MENCIONES<\/h4>\n<\/div>\n\n\n\n<div class=\"wp-block-column is-layout-flow wp-block-column-is-layout-flow\">\n<h4 class=\"has-text-align-left wp-block-heading\" id=\"291-usuarios\"> <img loading=\"lazy\" decoding=\"async\" width=\"121\" height=\"121\" class=\"wp-image-589\" style=\"width: 40px\" src=\"https:\/\/reports.eyewatch.me\/pc\/wp-content\/uploads\/sites\/3\/2020\/04\/icon_Artboard-3-copy-3@3x.png\" alt=\"\">92 uSUARIOS<br><\/h4>\n<\/div>\n<\/div>\n\n\n\n<figure class=\"wp-block-image size-full is-resized\"><img loading=\"lazy\" decoding=\"async\" src=\"https:\/\/reports.eyewatch.me\/dc\/wp-content\/uploads\/sites\/10\/2022\/08\/grafico-derco-sociedad-4.jpg\" alt=\"\" class=\"wp-image-5599\" width=\"735\" height=\"382\" srcset=\"https:\/\/reports.eyewatch.me\/dc\/wp-content\/uploads\/sites\/10\/2022\/08\/grafico-derco-sociedad-4.jpg 735w, https:\/\/reports.eyewatch.me\/dc\/wp-content\/uploads\/sites\/10\/2022\/08\/grafico-derco-sociedad-4-480x249.jpg 480w\" sizes=\"(min-width: 0px) and (max-width: 480px) 480px, (min-width: 481px) 735px, 100vw\" \/><\/figure>\n\n\n\n<div style=\"height:20px\" aria-hidden=\"true\" class=\"wp-block-spacer\"><\/div>\n\n\n\n<hr class=\"wp-block-separator has-css-opacity is-style-wide\" \/>\n\n\n\n<h2 class=\"wp-block-heading\" id=\"evolucion-por-categorias\">Evoluci\u00f3n por categor\u00edas<\/h2>\n\n\n\n<figure class=\"wp-block-image size-large is-resized\"><img loading=\"lazy\" decoding=\"async\" src=\"https:\/\/reports.eyewatch.me\/dc\/wp-content\/uploads\/sites\/10\/2022\/08\/grafico-derco-sociedad-comparado-4-1024x306.jpg\" alt=\"\" class=\"wp-image-5600\" width=\"869\" height=\"259\" \/><\/figure>\n\n\n\n<div style=\"height:20px\" aria-hidden=\"true\" class=\"wp-block-spacer\"><\/div>\n\n\n\n<hr class=\"wp-block-separator has-css-opacity\" \/>\n\n\n\n<h2 class=\"wp-block-heading\" id=\"temas-destacados\">Temas destacados<\/h2>\n\n\n\n<p><em> <em>\u00daltimas <em><em>96h<\/em><\/em><\/em><\/em><\/p>\n\n\n\n<ul class=\"wp-block-list\"><li><strong>Samsung <\/strong>entreg\u00f3 tablets a ni\u00f1os y ni\u00f1as de bajos recursos en Bolivia.<\/li><li><strong>Google <\/strong>celebr\u00f3 sus 15 a\u00f1os en Argentino con proyectos sobre conectividad, ayuda a la educaci\u00f3n y a proyectos de mujeres en contextos vulnerables.<\/li><li><strong>Fundaci\u00f3n Chichica <\/strong>llama a distintas empresas a que colaboren con al fundaci\u00f3n, a trav\u00e9s de distintas propuestas de responsabilidad empresarial.<\/li><li><strong>Guzm\u00e1n Seria<\/strong> realiz\u00f3 la donaci\u00f3n de alimentos, bienes de primera necesidad y juguetes a una fundaci\u00f3n que se encarga de ayudar a ni\u00f1os carenciados.<\/li><li><strong>Microsoft y Grupo Mariposa <\/strong>se unen para fomentar las habilidades digitales de los guatemaltecos de contexto vulnerable.<\/li><li><strong>La alcald\u00eda de Bogot\u00e1 <\/strong>se compromete a fomentar el estudio de mujeres de bajos recursos y jefas de hogar a trav\u00e9s de distintos planes de becas.<\/li><li><strong><strong>Mujeres por Mujeres <\/strong><\/strong>es un proyecto de tutor\u00edas y mentor\u00edas profesionales para fomentar el emprendimiento de las mujeres.<\/li><li><strong>L&#8217;Oreal junto a Unesco <\/strong>entregan el premio nacional por las mujeres en la Ciencia, para homenajear a las mujeres m\u00e1s influyentes en la ciencia.<\/li><\/ul>\n\n\n\n<div class=\"wp-block-group is-layout-flow wp-block-group-is-layout-flow\">\n<div class=\"wp-block-group is-layout-flow wp-block-group-is-layout-flow\">\n<hr class=\"wp-block-separator has-css-opacity\" \/>\n\n\n\n<h2 class=\"wp-block-heading\" id=\"contenidos-destacados-en-redes-sociales\">Contenidos destacados en redes sociales<\/h2>\n\n\n\n<p><\/p>\n<\/div>\n\n\n\n<div class=\"wp-block-columns is-layout-flex wp-container-core-columns-is-layout-9d6595d7 wp-block-columns-is-layout-flex\">\n<div class=\"wp-block-column is-layout-flow wp-block-column-is-layout-flow\">\n<figure class=\"wp-block-embed is-type-rich is-provider-twitter wp-block-embed-twitter\"><div class=\"wp-block-embed__wrapper\">\n<blockquote class=\"twitter-tweet\" data-width=\"550\" data-dnt=\"true\"><p lang=\"es\" dir=\"ltr\">Gracias a <a href=\"https:\/\/twitter.com\/SamsungBolivia?ref_src=twsrc%5Etfw\">@SamsungBolivia<\/a>, a <a href=\"https:\/\/twitter.com\/rtp_bolivia?ref_src=twsrc%5Etfw\">@rtp_bolivia<\/a> y la <a href=\"https:\/\/twitter.com\/cncbol?ref_src=twsrc%5Etfw\">@cncbol<\/a> una gran acci\u00f3n de Responsabilidad Social Empresarial <a href=\"https:\/\/twitter.com\/hashtag\/RSE?src=hash&amp;ref_src=twsrc%5Etfw\">#RSE<\/a> <a href=\"https:\/\/t.co\/jMnurmTsAH\">https:\/\/t.co\/jMnurmTsAH<\/a><\/p>&mdash; Gustavo Jauregui (@GusJaureguiG) <a href=\"https:\/\/twitter.com\/GusJaureguiG\/status\/1557126167852855296?ref_src=twsrc%5Etfw\">August 9, 2022<\/a><\/blockquote><script async src=\"https:\/\/platform.twitter.com\/widgets.js\" charset=\"utf-8\"><\/script>\n<\/div><\/figure>\n<\/div>\n\n\n\n<div class=\"wp-block-column is-layout-flow wp-block-column-is-layout-flow\">\n<figure class=\"wp-block-embed is-type-rich is-provider-twitter wp-block-embed-twitter\"><div class=\"wp-block-embed__wrapper\">\n<blockquote class=\"twitter-tweet\" data-width=\"550\" data-dnt=\"true\"><p lang=\"es\" dir=\"ltr\">Google celebr\u00f3 sus 15 a\u00f1os en Argentina con anuncios sobre conectividad, educaci\u00f3n y ayuda a proyectos de mujeres en contextos vulnerables. <a href=\"https:\/\/t.co\/9HxPjOvQSC\">https:\/\/t.co\/9HxPjOvQSC<\/a><\/p>&mdash; CEMBA (@CEMBAeditores) <a href=\"https:\/\/twitter.com\/CEMBAeditores\/status\/1557448712162398208?ref_src=twsrc%5Etfw\">August 10, 2022<\/a><\/blockquote><script async src=\"https:\/\/platform.twitter.com\/widgets.js\" charset=\"utf-8\"><\/script>\n<\/div><\/figure>\n<\/div>\n<\/div>\n\n\n\n<div class=\"wp-block-columns is-layout-flex wp-container-core-columns-is-layout-9d6595d7 wp-block-columns-is-layout-flex\">\n<div class=\"wp-block-column is-layout-flow wp-block-column-is-layout-flow\">\n<figure class=\"wp-block-image size-full\"><img loading=\"lazy\" decoding=\"async\" width=\"497\" height=\"866\" src=\"https:\/\/reports.eyewatch.me\/dc\/wp-content\/uploads\/sites\/10\/2022\/08\/linkedin-derco-sociedad-1-3.jpg\" alt=\"\" class=\"wp-image-5601\" srcset=\"https:\/\/reports.eyewatch.me\/dc\/wp-content\/uploads\/sites\/10\/2022\/08\/linkedin-derco-sociedad-1-3.jpg 497w, https:\/\/reports.eyewatch.me\/dc\/wp-content\/uploads\/sites\/10\/2022\/08\/linkedin-derco-sociedad-1-3-480x836.jpg 480w\" sizes=\"(min-width: 0px) and (max-width: 480px) 480px, (min-width: 481px) 497px, 100vw\" \/><\/figure>\n\n\n\n<div class=\"wp-block-buttons is-layout-flex wp-block-buttons-is-layout-flex\">\n<div class=\"wp-block-button\"><a class=\"wp-block-button__link\" href=\"https:\/\/www.linkedin.com\/posts\/chichica_proyecto-impacto-responsabilidadsocial-activity-6963478831743561728-Payb\/?utm_source=linkedin_share&amp;utm_medium=member_desktop_web\">IR A LA PUBLICACI\u00d3N<\/a><\/div>\n<\/div>\n<\/div>\n\n\n\n<div class=\"wp-block-column is-layout-flow wp-block-column-is-layout-flow\">\n<figure class=\"wp-block-image size-full\"><img loading=\"lazy\" decoding=\"async\" width=\"487\" height=\"855\" src=\"https:\/\/reports.eyewatch.me\/dc\/wp-content\/uploads\/sites\/10\/2022\/08\/linkedin-derco-sociedad-2-3.jpg\" alt=\"\" class=\"wp-image-5602\" srcset=\"https:\/\/reports.eyewatch.me\/dc\/wp-content\/uploads\/sites\/10\/2022\/08\/linkedin-derco-sociedad-2-3.jpg 487w, https:\/\/reports.eyewatch.me\/dc\/wp-content\/uploads\/sites\/10\/2022\/08\/linkedin-derco-sociedad-2-3-480x843.jpg 480w\" sizes=\"(min-width: 0px) and (max-width: 480px) 480px, (min-width: 481px) 487px, 100vw\" \/><\/figure>\n\n\n\n<div class=\"wp-block-buttons is-layout-flex wp-block-buttons-is-layout-flex\">\n<div class=\"wp-block-button\"><a class=\"wp-block-button__link\" href=\"https:\/\/www.linkedin.com\/posts\/guzmanariza_fundaci%C3%B3n-casa-ni%C3%B1os-felices-activity-6963287353561903104-JTLN\/?utm_source=linkedin_share&amp;utm_medium=member_desktop_web\">IR A LA PUBLICACI\u00d3N<\/a><\/div>\n<\/div>\n<\/div>\n<\/div>\n\n\n\n<hr class=\"wp-block-separator has-css-opacity\" \/>\n\n\n\n<h2 class=\"wp-block-heading\" id=\"contenidos-destacados-en-medios-y-blogs\">Contenidos destacados en medios y blogs<\/h2>\n\n\n\n<div class=\"wp-block-columns is-layout-flex wp-container-core-columns-is-layout-9d6595d7 wp-block-columns-is-layout-flex\">\n<div class=\"wp-block-column is-layout-flow wp-block-column-is-layout-flow\">\n<blockquote class=\"wp-block-quote is-layout-flow wp-block-quote-is-layout-flow\"><p>Microsoft y Grupo Mariposa se unen para impulsar las habilidades digitales de los guatemaltecos<\/p><cite><strong>CRN NOTICIAS<\/strong><\/cite><\/blockquote>\n\n\n\n<div class=\"wp-block-buttons is-layout-flex wp-block-buttons-is-layout-flex\">\n<div class=\"wp-block-button\"><a class=\"wp-block-button__link\" href=\"https:\/\/crnnoticias.com\/microsoft-y-grupo-mariposa-se-unen-para-impulsar-las-habilidades-digitales-de-los-guatemaltecos\/\">IR A LA NOTA<\/a><\/div>\n<\/div>\n<\/div>\n\n\n\n<div class=\"wp-block-column is-layout-flow wp-block-column-is-layout-flow\">\n<blockquote class=\"wp-block-quote is-layout-flow wp-block-quote-is-layout-flow\"><p>Estudio gratis para las mujeres<\/p><cite><strong>Q HUBO BOGOT\u00c1<\/strong><\/cite><\/blockquote>\n\n\n\n<div class=\"wp-block-buttons is-layout-flex wp-block-buttons-is-layout-flex\">\n<div class=\"wp-block-button\"><a class=\"wp-block-button__link\" href=\"https:\/\/www.qhubobogota.com\/saquele-provecho\/estudio-gratis-para-las-mujeres\/\">IR A LA NOTA<\/a><\/div>\n<\/div>\n<\/div>\n<\/div>\n\n\n\n<div class=\"wp-block-columns is-layout-flex wp-container-core-columns-is-layout-9d6595d7 wp-block-columns-is-layout-flex\">\n<div class=\"wp-block-column is-layout-flow wp-block-column-is-layout-flow\">\n<blockquote class=\"wp-block-quote has-text-align-left is-layout-flow wp-block-quote-is-layout-flow\"><p><em>Mujeres por Mujeres, el programa de mentor\u00edas profesionales que impulsa el emprendimiento femenino<\/em><\/p><cite><strong>SOY POSITIVO<\/strong><\/cite><\/blockquote>\n\n\n\n<div class=\"wp-block-buttons is-layout-flex wp-block-buttons-is-layout-flex\">\n<div class=\"wp-block-button\"><a class=\"wp-block-button__link\" href=\"https:\/\/www.soypositivo.com\/mujeres-por-mujeres-el-programa-de-mentorias-profesionales-que-impulsa-el-emprendimiento-femenino\/\">IR A LA NOTA<\/a><\/div>\n<\/div>\n<\/div>\n\n\n\n<div class=\"wp-block-column is-layout-flow wp-block-column-is-layout-flow\">\n<blockquote class=\"wp-block-quote is-layout-flow wp-block-quote-is-layout-flow\"><p>Convocatoria: Premio Nacional L\u2019Or\u00e9al-UNESCO &#8216;Por las Mujeres en la Ciencia&#8217;<\/p><cite><strong>PANAM\u00c1 AM\u00c9RICA<\/strong><\/cite><\/blockquote>\n\n\n\n<div class=\"wp-block-buttons is-layout-flex wp-block-buttons-is-layout-flex\">\n<div class=\"wp-block-button\"><a class=\"wp-block-button__link\" href=\"https:\/\/www.panamaamerica.com.pa\/variedades\/convocatoria-premio-nacional-loreal-unesco-por-las-mujeres-en-la-ciencia-1210541\">IR A LA NOTA<\/a><\/div>\n<\/div>\n<\/div>\n<\/div>\n\n\n\n<hr class=\"wp-block-separator has-css-opacity is-style-wide\" \/>\n<\/div>\n\n\n\n<div class=\"wp-block-divi-layout\">[et_pb_section fb_built=&#8221;1&#8243; admin_label=&#8221;Features&#8221; _builder_version=&#8221;4.4.2&#8243; background_size=&#8221;initial&#8221; background_position=&#8221;top_left&#8221; width=&#8221;100%&#8221; max_width=&#8221;500px&#8221; module_alignment=&#8221;left&#8221; custom_margin=&#8221;|0px||-1px|false|false&#8221; custom_padding=&#8221;0px|0px|0px|0px|false|false&#8221; saved_tabs=&#8221;all&#8221; collapsed=&#8221;off&#8221;][et_pb_row column_padding_mobile=&#8221;on&#8221; custom_padding_last_edited=&#8221;on|phone&#8221; _builder_version=&#8221;4.4.2&#8243; background_size=&#8221;initial&#8221; background_position=&#8221;top_left&#8221; background_repeat=&#8221;repeat&#8221; width=&#8221;auto&#8221; max_width=&#8221;1280px&#8221; custom_margin=&#8221;0px|0px|0px|0px|false|false&#8221; custom_padding=&#8221;10px|2px|10px|0px|false|false&#8221; custom_padding_tablet=&#8221;49px|||&#8221; custom_padding_phone=&#8221;19px|||&#8221; use_custom_width=&#8221;on&#8221; custom_width_px=&#8221;1280px&#8221;][et_pb_column type=&#8221;4_4&#8243; _builder_version=&#8221;3.25&#8243; custom_padding=&#8221;|||&#8221; custom_padding__hover=&#8221;|||&#8221;][et_pb_blurb title=&#8221;SOSTENIBILIDAD AMBIENTAL&#8221; image=&#8221;https:\/\/reports.eyewatch.me\/dc\/wp-content\/uploads\/sites\/10\/2020\/04\/icon_conversation-1.png&#8221; icon_placement=&#8221;left&#8221; image_max_width=&#8221;69px&#8221; _builder_version=&#8221;4.4.7&#8243; header_level=&#8221;h1&#8243; custom_margin=&#8221;|||0px|false|false&#8221; custom_padding=&#8221;|||1px|false|false&#8221;][\/et_pb_blurb][\/et_pb_column][\/et_pb_row][\/et_pb_section]<\/div>\n\n\n\n<p><em>Menciones en redes sociales, medios y blogs en espa\u00f1ol sobre marcas y empresas vinculadas a la protecci\u00f3n, respeto y cuidado del medio ambiente, econom\u00eda circular o azul, movilidad el\u00e9ctrica, <em>huella de carbono<\/em>, y t\u00e9rminos afines.<\/em><\/p>\n\n\n\n<hr class=\"wp-block-separator has-css-opacity\" \/>\n\n\n\n<h2 class=\"wp-block-heading\" id=\"evolucion-de-la-conversacion-ultimos-7-dias\">Evoluci\u00f3n de la conversaci\u00f3n &#8211; \u00daltimos 7 d\u00edas<\/h2>\n\n\n\n<div class=\"wp-block-group is-layout-flow wp-block-group-is-layout-flow\">\n<div class=\"wp-block-columns is-layout-flex wp-container-core-columns-is-layout-9d6595d7 wp-block-columns-is-layout-flex\">\n<div class=\"wp-block-column is-layout-flow wp-block-column-is-layout-flow\">\n<h4 class=\"wp-block-heading\" id=\"9-3k-menciones\"><img loading=\"lazy\" decoding=\"async\" width=\"121\" height=\"121\" class=\"wp-image-592\" style=\"width: 40px\" src=\"https:\/\/reports.eyewatch.me\/pc\/wp-content\/uploads\/sites\/3\/2020\/04\/icon_Artboard-3@3x-1.png\" alt=\"\"> 9.5K MENCIONES<\/h4>\n\n\n\n<p><\/p>\n<\/div>\n\n\n\n<div class=\"wp-block-column is-layout-flow wp-block-column-is-layout-flow\">\n<h4 class=\"has-text-align-left wp-block-heading\" id=\"1-4k-usuarios\"> <img loading=\"lazy\" decoding=\"async\" width=\"121\" height=\"121\" class=\"wp-image-589\" style=\"width: 40px\" src=\"https:\/\/reports.eyewatch.me\/pc\/wp-content\/uploads\/sites\/3\/2020\/04\/icon_Artboard-3-copy-3@3x.png\" alt=\"\"><strong>1.34k <\/strong>USUARIOS<br><\/h4>\n\n\n\n<p><\/p>\n<\/div>\n<\/div>\n<\/div>\n\n\n\n<figure class=\"wp-block-image size-full\"><img loading=\"lazy\" decoding=\"async\" width=\"693\" height=\"362\" src=\"https:\/\/reports.eyewatch.me\/dc\/wp-content\/uploads\/sites\/10\/2022\/08\/grafico-derco-medio-ambiente-3.jpg\" alt=\"\" class=\"wp-image-5604\" srcset=\"https:\/\/reports.eyewatch.me\/dc\/wp-content\/uploads\/sites\/10\/2022\/08\/grafico-derco-medio-ambiente-3.jpg 693w, https:\/\/reports.eyewatch.me\/dc\/wp-content\/uploads\/sites\/10\/2022\/08\/grafico-derco-medio-ambiente-3-480x251.jpg 480w\" sizes=\"(min-width: 0px) and (max-width: 480px) 480px, (min-width: 481px) 693px, 100vw\" \/><\/figure>\n\n\n\n<hr class=\"wp-block-separator has-css-opacity\" \/>\n\n\n\n<h2 class=\"wp-block-heading\" id=\"evolucion-por-categoria\">Evoluci\u00f3n por categor\u00eda<\/h2>\n\n\n\n<figure class=\"wp-block-image size-large is-resized\"><img loading=\"lazy\" decoding=\"async\" src=\"https:\/\/reports.eyewatch.me\/dc\/wp-content\/uploads\/sites\/10\/2022\/08\/grafico-derco-medio-ambente-comparado-1024x305.jpg\" alt=\"\" class=\"wp-image-5605\" width=\"860\" height=\"256\" \/><\/figure>\n\n\n\n<hr class=\"wp-block-separator has-css-opacity\" \/>\n\n\n\n<h2 class=\"wp-block-heading\" id=\"temas-destacados\">Temas destacados<\/h2>\n\n\n\n<p><em>\u00daltimas<em><em><em><em><em><em><em><em><em><em><em><em><em><em><em><em><em><em><em><em><em><em><em><em><em><em><em><em><em><em><em><em><em><em><em><em><em><em><em><em><em><em><em><em><em><em><em><em><em><em><em><em><em><em><em><em><em><em><em><em><em><em><em><em><em><em><em><em><em><em><em><em><em><em><em><em><em><em><em><em><em><em><em><em><em><em><em><em><em><em><em><em><em><em><em><em><em><em><em><em><em><em><em><em><em><em><em><em><em><em><em><em><em><em><em><em><em><em><em><em><em><em><em><em><em><em><em><em><em><em><em><em><em><em><em><em><em><em><em><em><em><em><em><em><em><em><em><em><em><em><em><em><em><em><em><em><em><em><em><em><em><em><em><em><em><em><em><em><em><em><em><em><em><em><em><em><em><em><em><em><em><em><em><em><em><em><em><em><em><em><em><em><em><em><em><em><em><em><em><em><em><em><em><em><em><em><em><em><em><em><em><em><em><em><em><em><em><em><em><em><em><em><em><em><em><em><em><em><em><em><em><em><em><em><em><em><em><em><em><em><em><em><em><em><em><em><em><em><em><em><em><em><em><em><em><em><em><em><em><em><em><em><em><em><em><em><em><em><em><em><em><em><em><em><em><em><em><em><em><em><em><em><em><em><em><em><em><em><em><em><em><em><em><em><em><em><em><em><em><em><em><em><em><em><em><em><em><em><em><em><em><em><em><em><em><em><em><em><em><em><em><em><em><em><em><em><em><em><em><em><em><em><em><em><em><em><em><em><em><em><em><em><em><em><em><em><em><em><em><em><em><em><em><em><em><em><em><em><em><em><em><em><em><em><em><em><em><em><em><em><em><em><em><em><em><em><em><em><em><em><em><em><em><em><em><em><em><em><em><em><em><em><em><em><em><em><em><em><em><em><em><em><em><em><em><em><em><em><em><em><em><em><em><em><em><em><em><em><em><em><em><em><em><em><em><em><em><em><em><em><em><em><em><em><em><em><em><em><em><em><em><em><em><em><em><em><em><em><em><em><em><em><em><em><em><em><em><em><em><em><em><em><em><em><em><em><em><em><em><em><em><em><em><em><em><em><em><em><em><em><em><em><em><em><em><em><em><em><em><em><em><em><em><em><em><em><em><em><em><em><em><em><em><em><em><em><em><em><em><em> <\/em><em><\/em><em>96h<\/em><\/em><\/em><\/em><\/em><\/em><\/em><\/em><\/em><\/em><\/em><\/em><\/em><\/em><\/em><\/em><\/em><\/em><\/em><\/em><\/em><\/em><\/em><\/em><\/em><\/em><\/em><\/em><\/em><\/em><\/em><\/em><\/em><\/em><\/em><\/em><\/em><\/em><\/em><\/em><\/em><\/em><\/em><\/em><\/em><\/em><\/em><\/em><\/em><\/em><\/em><\/em><\/em><\/em><\/em><\/em><\/em><\/em><\/em><\/em><\/em><\/em><\/em><\/em><\/em><\/em><\/em><\/em><\/em><\/em><\/em><\/em><\/em><\/em><\/em><\/em><\/em><\/em><\/em><\/em><\/em><\/em><\/em><\/em><\/em><\/em><\/em><\/em><\/em><\/em><\/em><\/em><\/em><\/em><\/em><\/em><\/em><\/em><\/em><\/em><\/em><\/em><\/em><\/em><\/em><\/em><\/em><\/em><\/em><\/em><\/em><\/em><\/em><\/em><\/em><\/em><\/em><\/em><\/em><\/em><\/em><\/em><\/em><\/em><\/em><\/em><\/em><\/em><\/em><\/em><\/em><\/em><\/em><\/em><\/em><\/em><\/em><\/em><\/em><\/em><\/em><\/em><\/em><\/em><\/em><\/em><\/em><\/em><\/em><\/em><\/em><\/em><\/em><\/em><\/em><\/em><\/em><\/em><\/em><\/em><\/em><\/em><\/em><\/em><\/em><\/em><\/em><\/em><\/em><\/em><\/em><\/em><\/em><\/em><\/em><\/em><\/em><\/em><\/em><\/em><\/em><\/em><\/em><\/em><\/em><\/em><\/em><\/em><\/em><\/em><\/em><\/em><\/em><\/em><\/em><\/em><\/em><\/em><\/em><\/em><\/em><\/em><\/em><\/em><\/em><\/em><\/em><\/em><\/em><\/em><\/em><\/em><\/em><\/em><\/em><\/em><\/em><\/em><\/em><\/em><\/em><\/em><\/em><\/em><\/em><\/em><\/em><\/em><\/em><\/em><\/em><\/em><\/em><\/em><\/em><\/em><\/em><\/em><\/em><\/em><\/em><\/em><\/em><\/em><\/em><\/em><\/em><\/em><\/em><\/em><\/em><\/em><\/em><\/em><\/em><\/em><\/em><\/em><\/em><\/em><\/em><\/em><\/em><\/em><\/em><\/em><\/em><\/em><\/em><\/em><\/em><\/em><\/em><\/em><\/em><\/em><\/em><\/em><\/em><\/em><\/em><\/em><\/em><\/em><\/em><\/em><\/em><\/em><\/em><\/em><\/em><\/em><\/em><\/em><\/em><\/em><\/em><\/em><\/em><\/em><\/em><\/em><\/em><\/em><\/em><\/em><\/em><\/em><\/em><\/em><\/em><\/em><\/em><\/em><\/em><\/em><\/em><\/em><\/em><\/em><\/em><\/em><\/em><\/em><\/em><\/em><\/em><\/em><\/em><\/em><\/em><\/em><\/em><\/em><\/em><\/em><\/em><\/em><\/em><\/em><\/em><\/em><\/em><\/em><\/em><\/em><\/em><\/em><\/em><\/em><\/em><\/em><\/em><\/em><\/em><\/em><\/em><\/em><\/em><\/em><\/em><\/em><\/em><\/em><\/em><\/em><\/em><\/em><\/em><\/em><\/em><\/em><\/em><\/em><\/em><\/em><\/em><\/em><\/em><\/em><\/em><\/em><\/em><\/em><\/em><\/em><\/em><\/em><\/em><\/em><\/em><\/em><\/em><\/em><\/em><\/em><\/em><\/em><\/em><\/em><\/em><\/em><\/em><\/em><\/em><\/em><\/em><\/em><\/em><\/em><\/em><\/em><\/em><\/em><\/em><\/em><\/em><\/em><\/em><\/em><\/em><\/em><\/em><\/em><\/em><\/em><\/em><\/em><\/em><\/em><\/em><\/em><\/em><\/em><\/em><\/em><\/em><\/em><\/em><\/em><\/em><\/em><\/em><\/em><\/em><\/em><\/em><\/em><\/em><\/em><\/em><\/em><\/em><\/em><\/em><\/em><\/em><\/em><\/em><\/em><\/em><\/em><\/em><\/em><\/em><\/em><\/em><\/em><\/em><\/em><\/em><\/em><\/em><\/em><\/em><\/em><\/em><\/em><\/em><\/em><\/em><\/em><\/em><\/em><\/em><\/em><\/em><\/em><\/em><\/em><\/em><\/em><\/em><\/em><\/em><\/em><\/em><\/em><\/em><\/em><\/em><\/em><\/em><\/em><\/em><\/em><\/em><\/em><\/em><\/em><\/em><\/p>\n\n\n\n<ul class=\"wp-block-list\"><li><strong>Nestl\u00e9 y Fundaci\u00f3n Botellas de Amor <\/strong>inauguraron la primera planta recicladora de pl\u00e1stico en Panam\u00e1.<\/li><li><strong>Falabella Retail <\/strong>increment\u00f3 en 50% la capacidad de su Centro de Distribuci\u00f3n m\u00e1s moderno y sostenible de la regi\u00f3n.<\/li><li><strong>Reciclaje Damiente <\/strong>fomenta el reciclaje de las industrias en Honduras.<\/li><li><strong>El labortatorio X de Alphabet <\/strong>anuncia el proyecto Mineral para aumentar la producci\u00f3n sostenible de alimentos.<\/li><li><strong>Ecocopter S.A. <\/strong>se convierte en pionera en Sudam\u00e9rica por compensar su huella de carbono en operaciones a\u00e9reas.<\/li><li><strong>Boeing <\/strong>abrir\u00e1 una nueva f\u00e1brica en Jap\u00f3n para empezar a investigar sobre combustibles renovables para los aviones y material reciclable para su fabricaci\u00f3n.<\/li><li><strong>PepsiCo <\/strong>en M\u00e9xico tiene un proyecto para poder elaborar papas y galletas con cero agua.<\/li><li><strong>Renault <\/strong>estren\u00f3 un nuevo modelo de su Trafic SpaceNomad que contiene un panel solar en su techo para alargar la bater\u00eda el\u00e9ctrica del autom\u00f3vil.<\/li><li><strong>Kvic <\/strong>abrir\u00e1 en Galicia un nuevo local, comprometi\u00e9ndose con el medio ambiente prometiendo lograr para 2024 que el 50% de todos sus productos sean con materiales reciclados y que para el 2025 ser una empresa 100% CO2 positiva.<\/li><li><strong>Jason Momoa a trav\u00e9s de su empresa <strong>Mananalu Wate<\/strong>r<\/strong> busca vender agua con botellas de aluminio reciclables para combatir los pl\u00e1sticos de un solo uso.<\/li><\/ul>\n\n\n\n<hr class=\"wp-block-separator has-css-opacity\" \/>\n\n\n\n<h2 class=\"wp-block-heading\" id=\"contenidos-destacados-en-redes-sociales\">Contenidos destacados en redes sociales<\/h2>\n\n\n\n<p><em>\u00daltimas 96h<\/em><\/p>\n\n\n\n<div class=\"wp-block-columns is-layout-flex wp-container-core-columns-is-layout-9d6595d7 wp-block-columns-is-layout-flex\">\n<div class=\"wp-block-column is-layout-flow wp-block-column-is-layout-flow\" style=\"flex-basis:100%\">\n<div class=\"wp-block-columns is-layout-flex wp-container-core-columns-is-layout-9d6595d7 wp-block-columns-is-layout-flex\">\n<div class=\"wp-block-column is-layout-flow wp-block-column-is-layout-flow\">\n<figure class=\"wp-block-embed is-type-rich is-provider-twitter wp-block-embed-twitter\"><div class=\"wp-block-embed__wrapper\">\n<blockquote class=\"twitter-tweet\" data-width=\"550\" data-dnt=\"true\"><p lang=\"es\" dir=\"ltr\">Inaugurada primera planta recicladora de pl\u00e1stico en Panam\u00e1: Fundaci\u00f3n Botellas de Amor y Nestl\u00e9<br>Est\u00e1 ubicada en Panam\u00e1 Pacifico, es la m\u00e1s grande de Centroam\u00e9rica y la primera en producir madera pl\u00e1stica para dotar de mobiliario y vivienda a comunidades en riesgo social<a href=\"https:\/\/twitter.com\/hashtag\/ESTILOS?src=hash&amp;ref_src=twsrc%5Etfw\">#ESTILOS<\/a> <a href=\"https:\/\/t.co\/YfRNXREjup\">pic.twitter.com\/YfRNXREjup<\/a><\/p>&mdash; En Segundos Panam\u00e1 (@ensegundos_pa) <a href=\"https:\/\/twitter.com\/ensegundos_pa\/status\/1556316571253067778?ref_src=twsrc%5Etfw\">August 7, 2022<\/a><\/blockquote><script async src=\"https:\/\/platform.twitter.com\/widgets.js\" charset=\"utf-8\"><\/script>\n<\/div><\/figure>\n\n\n\n<figure class=\"wp-block-embed is-type-rich is-provider-twitter wp-block-embed-twitter\"><div class=\"wp-block-embed__wrapper\">\nhttps:\/\/twitter.com\/Diamante_hn\/status\/1556713280281911296\n<\/div><\/figure>\n\n\n\n<figure class=\"wp-block-image size-full\"><img loading=\"lazy\" decoding=\"async\" width=\"492\" height=\"662\" src=\"https:\/\/reports.eyewatch.me\/dc\/wp-content\/uploads\/sites\/10\/2022\/08\/linkedin-derco-medio-ambiente-1-3.jpg\" alt=\"\" class=\"wp-image-5606\" srcset=\"https:\/\/reports.eyewatch.me\/dc\/wp-content\/uploads\/sites\/10\/2022\/08\/linkedin-derco-medio-ambiente-1-3.jpg 492w, https:\/\/reports.eyewatch.me\/dc\/wp-content\/uploads\/sites\/10\/2022\/08\/linkedin-derco-medio-ambiente-1-3-480x646.jpg 480w\" sizes=\"(min-width: 0px) and (max-width: 480px) 480px, (min-width: 481px) 492px, 100vw\" \/><\/figure>\n\n\n\n<div class=\"wp-block-buttons is-layout-flex wp-block-buttons-is-layout-flex\">\n<div class=\"wp-block-button\"><a class=\"wp-block-button__link\" href=\"https:\/\/www.linkedin.com\/feed\/update\/urn:li:activity:6963481886715224064\/?utm_source=linkedin_share&amp;utm_medium=member_desktop_web\">IR A LA NOTA<\/a><\/div>\n<\/div>\n<\/div>\n\n\n\n<div class=\"wp-block-column is-layout-flow wp-block-column-is-layout-flow\">\n<figure class=\"wp-block-embed is-type-rich is-provider-twitter wp-block-embed-twitter\"><div class=\"wp-block-embed__wrapper\">\n<blockquote class=\"twitter-tweet\" data-width=\"550\" data-dnt=\"true\"><p lang=\"es\" dir=\"ltr\">Lee la nota en <a href=\"https:\/\/twitter.com\/ENretail?ref_src=twsrc%5Etfw\">@ENretail<\/a> Falabella Retail increment\u00f3 en 50% la capacidad de su Centro de Distribuci\u00f3n m\u00e1s moderno y sostenible de la regi\u00f3n <a href=\"https:\/\/t.co\/UMPY9mu6yZ\">https:\/\/t.co\/UMPY9mu6yZ<\/a> <a href=\"https:\/\/twitter.com\/hashtag\/Retail?src=hash&amp;ref_src=twsrc%5Etfw\">#Retail<\/a> <a href=\"https:\/\/twitter.com\/hashtag\/Consumo?src=hash&amp;ref_src=twsrc%5Etfw\">#Consumo<\/a> <a href=\"https:\/\/twitter.com\/hashtag\/ecommerce?src=hash&amp;ref_src=twsrc%5Etfw\">#ecommerce<\/a> <a href=\"https:\/\/twitter.com\/hashtag\/latinoamerica?src=hash&amp;ref_src=twsrc%5Etfw\">#latinoamerica<\/a><\/p>&mdash; Oscar Suarez (@oscarsuarez) <a href=\"https:\/\/twitter.com\/oscarsuarez\/status\/1556650814223130625?ref_src=twsrc%5Etfw\">August 8, 2022<\/a><\/blockquote><script async src=\"https:\/\/platform.twitter.com\/widgets.js\" charset=\"utf-8\"><\/script>\n<\/div><\/figure>\n\n\n\n<figure class=\"wp-block-embed is-type-rich is-provider-twitter wp-block-embed-twitter\"><div class=\"wp-block-embed__wrapper\">\n<blockquote class=\"twitter-tweet\" data-width=\"550\" data-dnt=\"true\"><p lang=\"es\" dir=\"ltr\">El laboratorio X de Alphabet anuncia el proyecto \u00abMineral\u00bb para aumentar la producci\u00f3n sostenible de alimentos V\u00eda <a href=\"https:\/\/twitter.com\/Munagropecuario?ref_src=twsrc%5Etfw\">@Munagropecuario<\/a> <a href=\"https:\/\/t.co\/akIaOhZDEJ\">https:\/\/t.co\/akIaOhZDEJ<\/a> <a href=\"https:\/\/twitter.com\/hashtag\/agricutores?src=hash&amp;ref_src=twsrc%5Etfw\">#agricutores<\/a> <a href=\"https:\/\/twitter.com\/hashtag\/cultivos?src=hash&amp;ref_src=twsrc%5Etfw\">#cultivos<\/a> <a href=\"https:\/\/twitter.com\/hashtag\/datos?src=hash&amp;ref_src=twsrc%5Etfw\">#datos<\/a> <a href=\"https:\/\/twitter.com\/hashtag\/google?src=hash&amp;ref_src=twsrc%5Etfw\">#google<\/a><\/p>&mdash; Mundo  Agropecuario (@Munagropecuario) <a href=\"https:\/\/twitter.com\/Munagropecuario\/status\/1556896956299022337?ref_src=twsrc%5Etfw\">August 9, 2022<\/a><\/blockquote><script async src=\"https:\/\/platform.twitter.com\/widgets.js\" charset=\"utf-8\"><\/script>\n<\/div><\/figure>\n\n\n\n<figure class=\"wp-block-image size-full\"><img loading=\"lazy\" decoding=\"async\" width=\"435\" height=\"817\" src=\"https:\/\/reports.eyewatch.me\/dc\/wp-content\/uploads\/sites\/10\/2022\/08\/linkedin-derco-medio-ambiente-2-3.jpg\" alt=\"\" class=\"wp-image-5607\" srcset=\"https:\/\/reports.eyewatch.me\/dc\/wp-content\/uploads\/sites\/10\/2022\/08\/linkedin-derco-medio-ambiente-2-3.jpg 435w, https:\/\/reports.eyewatch.me\/dc\/wp-content\/uploads\/sites\/10\/2022\/08\/linkedin-derco-medio-ambiente-2-3-160x300.jpg 160w\" sizes=\"(max-width: 435px) 100vw, 435px\" \/><\/figure>\n\n\n\n<div class=\"wp-block-buttons is-layout-flex wp-block-buttons-is-layout-flex\">\n<div class=\"wp-block-button\"><a class=\"wp-block-button__link\" href=\"https:\/\/www.linkedin.com\/posts\/h2businessnews_boeing-abrir%C3%A1-centro-de-investigaci%C3%B3n-enfocado-activity-6963524707438444544-7WIW\/?utm_source=linkedin_share&amp;utm_medium=member_desktop_web\">IR A LA NOTA<\/a><\/div>\n<\/div>\n<\/div>\n<\/div>\n<\/div>\n<\/div>\n\n\n\n<h2 class=\"wp-block-heading\" id=\"contenidos-destacados-en-medios-y-blogs\">Contenidos destacados en medios y blogs<\/h2>\n\n\n\n<div class=\"wp-block-columns is-layout-flex wp-container-core-columns-is-layout-9d6595d7 wp-block-columns-is-layout-flex\">\n<div class=\"wp-block-column is-layout-flow wp-block-column-is-layout-flow\">\n<blockquote class=\"wp-block-quote has-text-align-left is-layout-flow wp-block-quote-is-layout-flow\"><p><em>\u00bfHacer papas o galletas con cero agua? PepsiCo M\u00e9xico tiene este plan para lograrlo<\/em><\/p><cite><strong>FORBES<\/strong><\/cite><\/blockquote>\n\n\n\n<div class=\"wp-block-buttons is-layout-flex wp-block-buttons-is-layout-flex\">\n<div class=\"wp-block-button\"><a class=\"wp-block-button__link\" href=\"https:\/\/www.forbes.com.mx\/hacer-papas-o-galletas-con-cero-agua-pepsico-mexico-tiene-este-plan-para-lograrlo\/\">IR A LA NOTA<\/a><\/div>\n<\/div>\n<\/div>\n\n\n\n<div class=\"wp-block-column is-layout-flow wp-block-column-is-layout-flow\">\n<blockquote class=\"wp-block-quote has-text-align-left is-layout-flow wp-block-quote-is-layout-flow\"><p><em>La Renault Trafic SpaceNomad estrena este panel solar en el techo<\/em><\/p><cite><strong>CAR AND DRIVER<\/strong><\/cite><\/blockquote>\n\n\n\n<div class=\"wp-block-buttons is-layout-flex wp-block-buttons-is-layout-flex\">\n<div class=\"wp-block-button\"><a class=\"wp-block-button__link\" href=\"https:\/\/www.caranddriver.com\/es\/coches\/planeta-motor\/a40846027\/la-renault-trafic-spacenomad-estrena-este-panel-solar-en-el-techo\/\">IR A LA NOTA<\/a><\/div>\n<\/div>\n<\/div>\n<\/div>\n\n\n\n<div class=\"wp-block-columns is-layout-flex wp-container-core-columns-is-layout-9d6595d7 wp-block-columns-is-layout-flex\">\n<div class=\"wp-block-column is-layout-flow wp-block-column-is-layout-flow\">\n<blockquote class=\"wp-block-quote has-text-align-left is-layout-flow wp-block-quote-is-layout-flow\"><p><em>La firma danesa Kvik prepara su desembarco en Galicia<\/em><\/p><cite><strong>LA VOZ DE GALICIA<\/strong><\/cite><\/blockquote>\n\n\n\n<div class=\"wp-block-buttons is-layout-flex wp-block-buttons-is-layout-flex\">\n<div class=\"wp-block-button\"><a class=\"wp-block-button__link\" href=\"https:\/\/www.lavozdegalicia.es\/noticia\/contenidos-patrocinados\/2022\/08\/08\/firma-danesa-kvik-prepara-desembarco-galicia\/00031659951025596237662.htm\">IR A LA NOTA<\/a><\/div>\n<\/div>\n<\/div>\n\n\n\n<div class=\"wp-block-column is-layout-flow wp-block-column-is-layout-flow\">\n<blockquote class=\"wp-block-quote is-layout-flow wp-block-quote-is-layout-flow\"><p><em>Jason Momoa lanza agua en botellas de aluminio para combatir los pl\u00e1sticos de un solo uso<\/em><\/p><cite><strong>MERCADO NEGRO<\/strong><\/cite><\/blockquote>\n\n\n\n<div class=\"wp-block-buttons is-layout-flex wp-block-buttons-is-layout-flex\">\n<div class=\"wp-block-button\"><a class=\"wp-block-button__link\" href=\"https:\/\/www.mercadonegro.pe\/marketing\/jason-momoa-lanza-agua-en-botellas-de-aluminio-para-combatir-los-plasticos-de-un-solo-uso\/\">IR A LA NOTA<\/a><\/div>\n<\/div>\n<\/div>\n<\/div>\n\n\n\n<hr class=\"wp-block-separator has-css-opacity\" \/>\n\n\n\n<div class=\"wp-block-divi-layout\">[et_pb_section fb_built=&#8221;1&#8243; admin_label=&#8221;Features&#8221; _builder_version=&#8221;4.4.2&#8243; background_size=&#8221;initial&#8221; background_position=&#8221;top_left&#8221; width=&#8221;100%&#8221; max_width=&#8221;500px&#8221; module_alignment=&#8221;left&#8221; custom_margin=&#8221;|0px||-1px|false|false&#8221; custom_padding=&#8221;0px|0px|0px|0px|false|false&#8221; saved_tabs=&#8221;all&#8221; collapsed=&#8221;off&#8221;][et_pb_row column_padding_mobile=&#8221;on&#8221; custom_padding_last_edited=&#8221;on|phone&#8221; _builder_version=&#8221;4.4.2&#8243; background_size=&#8221;initial&#8221; background_position=&#8221;top_left&#8221; background_repeat=&#8221;repeat&#8221; width=&#8221;auto&#8221; max_width=&#8221;1280px&#8221; custom_margin=&#8221;0px|0px|0px|0px|false|false&#8221; custom_padding=&#8221;10px|2px|10px|0px|false|false&#8221; custom_padding_tablet=&#8221;49px|||&#8221; custom_padding_phone=&#8221;19px|||&#8221; use_custom_width=&#8221;on&#8221; custom_width_px=&#8221;1280px&#8221;][et_pb_column type=&#8221;4_4&#8243; _builder_version=&#8221;3.25&#8243; custom_padding=&#8221;|||&#8221; custom_padding__hover=&#8221;|||&#8221;][et_pb_blurb title=&#8221;SECTOR AUTOMOTRIZ&#8221; image=&#8221;https:\/\/reports.eyewatch.me\/dc\/wp-content\/uploads\/sites\/10\/2020\/04\/icon_conversation-1.png&#8221; icon_placement=&#8221;left&#8221; image_max_width=&#8221;69px&#8221; _builder_version=&#8221;4.4.7&#8243; header_level=&#8221;h1&#8243; custom_margin=&#8221;|||0px|false|false&#8221; custom_padding=&#8221;|||1px|false|false&#8221;][\/et_pb_blurb][\/et_pb_column][\/et_pb_row][\/et_pb_section]<\/div>\n\n\n\n<p><em><em>Menciones en redes sociales, medios y blogs en espa\u00f1ol sobre marcas de veh\u00edculos y automotrices relacionadas con<\/em> campa\u00f1as por el medio ambiente y acci\u00f3n social.<\/em><\/p>\n\n\n\n<h2 class=\"wp-block-heading\" id=\"evolucion-de-la-conversacion-ultimos-7-dias\">Evoluci\u00f3n de la conversaci\u00f3n &#8211; \u00daltimos 7 d\u00edas<\/h2>\n\n\n\n<div class=\"wp-block-group is-layout-flow wp-block-group-is-layout-flow\">\n<div class=\"wp-block-columns is-layout-flex wp-container-core-columns-is-layout-9d6595d7 wp-block-columns-is-layout-flex\">\n<div class=\"wp-block-column is-layout-flow wp-block-column-is-layout-flow\">\n<h4 class=\"wp-block-heading\" id=\"5-1k-menciones\"><img loading=\"lazy\" decoding=\"async\" width=\"121\" height=\"121\" class=\"wp-image-592\" style=\"width: 40px\" src=\"https:\/\/reports.eyewatch.me\/pc\/wp-content\/uploads\/sites\/3\/2020\/04\/icon_Artboard-3@3x-1.png\" alt=\"\">10.1K MENCIONES<\/h4>\n\n\n\n<p><\/p>\n<\/div>\n\n\n\n<div class=\"wp-block-column is-layout-flow wp-block-column-is-layout-flow\">\n<h4 class=\"has-text-align-left wp-block-heading\" id=\"2-1k-usuarios\"><img loading=\"lazy\" decoding=\"async\" width=\"121\" height=\"121\" class=\"wp-image-589\" style=\"width: 40px\" src=\"https:\/\/reports.eyewatch.me\/pc\/wp-content\/uploads\/sites\/3\/2020\/04\/icon_Artboard-3-copy-3@3x.png\" alt=\"\">5.7K USUARIOS<br><\/h4>\n<\/div>\n<\/div>\n<\/div>\n\n\n\n<figure class=\"wp-block-image size-full is-resized\"><img loading=\"lazy\" decoding=\"async\" src=\"https:\/\/reports.eyewatch.me\/dc\/wp-content\/uploads\/sites\/10\/2022\/08\/grafico-derco-automotrices-2.jpg\" alt=\"\" class=\"wp-image-5610\" width=\"704\" height=\"367\" srcset=\"https:\/\/reports.eyewatch.me\/dc\/wp-content\/uploads\/sites\/10\/2022\/08\/grafico-derco-automotrices-2.jpg 704w, https:\/\/reports.eyewatch.me\/dc\/wp-content\/uploads\/sites\/10\/2022\/08\/grafico-derco-automotrices-2-480x250.jpg 480w\" sizes=\"(min-width: 0px) and (max-width: 480px) 480px, (min-width: 481px) 704px, 100vw\" \/><\/figure>\n\n\n\n<hr class=\"wp-block-separator has-css-opacity\" \/>\n\n\n\n<h2 class=\"wp-block-heading\" id=\"evolucion-por-categoria\">Evoluci\u00f3n por categor\u00eda<\/h2>\n\n\n\n<figure class=\"wp-block-image size-large is-resized\"><img loading=\"lazy\" decoding=\"async\" src=\"https:\/\/reports.eyewatch.me\/dc\/wp-content\/uploads\/sites\/10\/2022\/08\/grafico-derco-automotrices-comparado-3-1024x305.jpg\" alt=\"\" class=\"wp-image-5611\" width=\"917\" height=\"273\" \/><\/figure>\n\n\n\n<hr class=\"wp-block-separator has-css-opacity\" \/>\n\n\n\n<h2 class=\"wp-block-heading\" id=\"temas-destacados\">Temas destacados<\/h2>\n\n\n\n<p><\/p>\n\n\n\n<ul class=\"wp-block-list\"><li><strong>Tesla <\/strong>ha fabricado tres millones de autos el\u00e9ctricos, y estima fabricar 100 millones en 10 a\u00f1os por la alta demanda de coches el\u00e9ctricos.<\/li><li><strong>AES El Salvador y Blink <\/strong>se unen para impulsar la electromovilidad en el pa\u00eds, proyectando la instalaci\u00f3n de centros de carga.<\/li><li><strong>BMW <\/strong>con su modelo i3 es el primer auto en ofrecer opciones sustentables, puesto que es h\u00edbrido y su fabricaci\u00f3n se da a partir de materiales reciclados.<\/li><li><strong>Renault <\/strong>con su Megane E-Tech es el coche el\u00e9ctrico m\u00e1s vendido en Francia.<\/li><li><strong>Antucuya <\/strong>tiene su primer bus el\u00e9ctrico con 0% de emisiones.<\/li><li><strong>Renault <\/strong>fabric\u00f3 su primer cami\u00f3n el\u00e9ctrico, el denominado Truck E-Tech D Wild, siguiendo con su proyecci\u00f3n de llevar la electromovilidad a todos los veh\u00edculos. <\/li><li><strong>BYD D1 <\/strong>ser\u00e1 el pr\u00f3ximo taxi el\u00e9ctrico de Colombia.<\/li><li><strong>AES <\/strong>reforma veh\u00edculos el\u00e9ctricos y pide incentivos fiscales para poder importar autos el\u00e9ctricos.<\/li><li><strong>Toyota <\/strong>planea presentar su nuevo auto el\u00e9ctrico Yaris Sed\u00e1n para el 2023 en M\u00e9xico.<\/li><li><strong>Volkswagen <\/strong>renov\u00f3 el Buggy playero, Meyers Mask, para transformarlo en el\u00e9ctrico.<\/li><li><strong>Nissan <\/strong>presenta el nuevo Versa Sportech-X, su auto deportivo h\u00edbrido.<\/li><\/ul>\n\n\n\n<hr class=\"wp-block-separator has-css-opacity\" \/>\n\n\n\n<h2 class=\"wp-block-heading\" id=\"contenidos-destacados-en-redes-sociales\">Contenidos destacados en redes sociales<\/h2>\n\n\n\n<p><em> <em>\u00daltimas 96h<\/em><\/em><\/p>\n\n\n\n<div class=\"wp-block-columns is-layout-flex wp-container-core-columns-is-layout-9d6595d7 wp-block-columns-is-layout-flex\">\n<div class=\"wp-block-column is-layout-flow wp-block-column-is-layout-flow\">\n<figure class=\"wp-block-embed is-type-rich is-provider-twitter wp-block-embed-twitter\"><div class=\"wp-block-embed__wrapper\">\n<blockquote class=\"twitter-tweet\" data-width=\"550\" data-dnt=\"true\"><p lang=\"es\" dir=\"ltr\">Tesla ha fabricado tres millones de coches el\u00e9ctricos, esperan 100 millones en 10 a\u00f1os <a href=\"https:\/\/t.co\/gDtJTDe5d0\">https:\/\/t.co\/gDtJTDe5d0<\/a> <a href=\"https:\/\/t.co\/TGbQDYE0KF\">pic.twitter.com\/TGbQDYE0KF<\/a><\/p>&mdash; JHON M. (@jemg77) <a href=\"https:\/\/twitter.com\/jemg77\/status\/1556911675197992962?ref_src=twsrc%5Etfw\">August 9, 2022<\/a><\/blockquote><script async src=\"https:\/\/platform.twitter.com\/widgets.js\" charset=\"utf-8\"><\/script>\n<\/div><\/figure>\n<\/div>\n\n\n\n<div class=\"wp-block-column is-layout-flow wp-block-column-is-layout-flow\">\n<figure class=\"wp-block-embed is-type-rich is-provider-twitter wp-block-embed-twitter\"><div class=\"wp-block-embed__wrapper\">\nhttps:\/\/twitter.com\/patydemoran\/status\/1557075733712977922\n<\/div><\/figure>\n<\/div>\n<\/div>\n\n\n\n<div class=\"wp-block-columns is-layout-flex wp-container-core-columns-is-layout-9d6595d7 wp-block-columns-is-layout-flex\">\n<div class=\"wp-block-column is-layout-flow wp-block-column-is-layout-flow\">\n<figure class=\"wp-block-embed is-type-rich is-provider-twitter wp-block-embed-twitter\"><div class=\"wp-block-embed__wrapper\">\nhttps:\/\/twitter.com\/esquivelito\/status\/1557147851477716994\n<\/div><\/figure>\n<\/div>\n\n\n\n<div class=\"wp-block-column is-layout-flow wp-block-column-is-layout-flow\">\n<figure class=\"wp-block-embed is-type-rich is-provider-twitter wp-block-embed-twitter\"><div class=\"wp-block-embed__wrapper\">\n<blockquote class=\"twitter-tweet\" data-width=\"550\" data-dnt=\"true\"><p lang=\"es\" dir=\"ltr\">\u201cRenault va por buen camino\u201d: el M\u00e9gane E-Tech es el coche el\u00e9ctrico m\u00e1s vendido en Francia \u2013 Actualidad \u2013 H\u00edbridos y El\u00e9ctricos <a href=\"https:\/\/t.co\/uYcAyVTuZW\">https:\/\/t.co\/uYcAyVTuZW<\/a> <a href=\"https:\/\/twitter.com\/hashtag\/FVDigital?src=hash&amp;ref_src=twsrc%5Etfw\">#FVDigital<\/a> <a href=\"https:\/\/twitter.com\/hashtag\/FelixVictorino?src=hash&amp;ref_src=twsrc%5Etfw\">#FelixVictorino<\/a> <a href=\"https:\/\/t.co\/mrpAUkZ3RW\">pic.twitter.com\/mrpAUkZ3RW<\/a><\/p>&mdash; Felix Victorino (@donfelixSPM) <a href=\"https:\/\/twitter.com\/donfelixSPM\/status\/1557565740030611456?ref_src=twsrc%5Etfw\">August 11, 2022<\/a><\/blockquote><script async src=\"https:\/\/platform.twitter.com\/widgets.js\" charset=\"utf-8\"><\/script>\n<\/div><\/figure>\n<\/div>\n<\/div>\n\n\n\n<div class=\"wp-block-columns is-layout-flex wp-container-core-columns-is-layout-9d6595d7 wp-block-columns-is-layout-flex\">\n<div class=\"wp-block-column is-layout-flow wp-block-column-is-layout-flow\">\n<figure class=\"wp-block-image size-full\"><img loading=\"lazy\" decoding=\"async\" width=\"450\" height=\"427\" src=\"https:\/\/reports.eyewatch.me\/dc\/wp-content\/uploads\/sites\/10\/2022\/08\/linkedin-derco-automotrices-1-2.jpg\" alt=\"\" class=\"wp-image-5612\" srcset=\"https:\/\/reports.eyewatch.me\/dc\/wp-content\/uploads\/sites\/10\/2022\/08\/linkedin-derco-automotrices-1-2.jpg 450w, https:\/\/reports.eyewatch.me\/dc\/wp-content\/uploads\/sites\/10\/2022\/08\/linkedin-derco-automotrices-1-2-300x285.jpg 300w\" sizes=\"(max-width: 450px) 100vw, 450px\" \/><\/figure>\n\n\n\n<div class=\"wp-block-buttons is-layout-flex wp-block-buttons-is-layout-flex\">\n<div class=\"wp-block-button\"><a class=\"wp-block-button__link\" href=\"https:\/\/www.linkedin.com\/posts\/antofagasta-plc_antucoya-tiene-su-primer-taxib%C3%BAs-100-activity-6963585133085913088-3f6Z\/?utm_source=linkedin_share&amp;utm_medium=member_desktop_web\">IR A LA PUBLICACI\u00d3N<\/a><\/div>\n<\/div>\n<\/div>\n\n\n\n<div class=\"wp-block-column is-layout-flow wp-block-column-is-layout-flow\">\n<figure class=\"wp-block-image size-full\"><img loading=\"lazy\" decoding=\"async\" width=\"443\" height=\"520\" src=\"https:\/\/reports.eyewatch.me\/dc\/wp-content\/uploads\/sites\/10\/2022\/08\/linkedin-derco-automotrices-2-2.jpg\" alt=\"\" class=\"wp-image-5613\" srcset=\"https:\/\/reports.eyewatch.me\/dc\/wp-content\/uploads\/sites\/10\/2022\/08\/linkedin-derco-automotrices-2-2.jpg 443w, https:\/\/reports.eyewatch.me\/dc\/wp-content\/uploads\/sites\/10\/2022\/08\/linkedin-derco-automotrices-2-2-256x300.jpg 256w\" sizes=\"(max-width: 443px) 100vw, 443px\" \/><\/figure>\n\n\n\n<div class=\"wp-block-buttons is-layout-flex wp-block-buttons-is-layout-flex\">\n<div class=\"wp-block-button\"><a class=\"wp-block-button__link\" href=\"https:\/\/www.linkedin.com\/posts\/motor-tarrega_renaulttrucks-switchtoelectric-renaulttrucksetech-activity-6963554970621104128-W9W9\/?utm_source=linkedin_share&amp;utm_medium=member_desktop_web\">IR A LA PUBLICACI\u00d3N<\/a><\/div>\n<\/div>\n<\/div>\n<\/div>\n\n\n\n<hr class=\"wp-block-separator has-css-opacity\" \/>\n\n\n\n<h2 class=\"wp-block-heading\" id=\"contenidos-destacados-en-medios-y-blogs\">Contenidos destacados en medios y blogs<\/h2>\n\n\n\n<p><em> <\/em><\/p>\n\n\n\n<div class=\"wp-block-columns is-layout-flex wp-container-core-columns-is-layout-9d6595d7 wp-block-columns-is-layout-flex\">\n<div class=\"wp-block-column is-layout-flow wp-block-column-is-layout-flow\">\n<p>BYD D1 ser\u00e1 el pr\u00f3ximo taxi el\u00e9ctrico para Colombia: primeros datos<\/p>\n\n\n\n<p><strong>EL CARRO COLOMBIANO<\/strong><\/p>\n\n\n\n<div class=\"wp-block-buttons is-layout-flex wp-block-buttons-is-layout-flex\">\n<div class=\"wp-block-button\"><a class=\"wp-block-button__link\" href=\"https:\/\/www.elcarrocolombiano.com\/noticias\/byd-d1-taxi-electrico-colombia-primeros-datos\/\">IR A LA NOTA<\/a><\/div>\n<\/div>\n<\/div>\n\n\n\n<div class=\"wp-block-column is-layout-flow wp-block-column-is-layout-flow\">\n<blockquote class=\"wp-block-quote has-text-align-left is-layout-flow wp-block-quote-is-layout-flow\"><p><em>AES reforma veh\u00edculos el\u00e9ctricos e incentivos fiscales<\/em><\/p><cite><strong>CANAL 12<\/strong><\/cite><\/blockquote>\n\n\n\n<div class=\"wp-block-buttons is-layout-flex wp-block-buttons-is-layout-flex\">\n<div class=\"wp-block-button\"><a class=\"wp-block-button__link\" href=\"https:\/\/www.canal12.com.sv\/noticia\/aes-reforma-vehiculos-electricos-e-incentivos-fiscales\/\">IR A LA NOTA<\/a><\/div>\n<\/div>\n<\/div>\n<\/div>\n\n\n\n<div class=\"wp-block-columns is-layout-flex wp-container-core-columns-is-layout-9d6595d7 wp-block-columns-is-layout-flex\">\n<div class=\"wp-block-column is-layout-flow wp-block-column-is-layout-flow\">\n<blockquote class=\"wp-block-quote has-text-align-left is-layout-flow wp-block-quote-is-layout-flow\"><p><em>El Toyota Yaris Sed\u00e1n 2023 sube de nivel con una nueva generaci\u00f3n que pronto estar\u00e1 en M\u00e9xico<\/em><\/p><cite><strong>MOTOR PASION<\/strong><\/cite><\/blockquote>\n\n\n\n<div class=\"wp-block-buttons is-layout-flex wp-block-buttons-is-layout-flex\">\n<div class=\"wp-block-button\"><a class=\"wp-block-button__link\" href=\"https:\/\/www.motorpasion.com.mx\/industria\/toyota-yaris-sedan-2023\">IR A LA NOTA<\/a><\/div>\n<\/div>\n<\/div>\n\n\n\n<div class=\"wp-block-column is-layout-flow wp-block-column-is-layout-flow\">\n<blockquote class=\"wp-block-quote has-text-align-left is-layout-flow wp-block-quote-is-layout-flow\"><p><em>El cl\u00e1sico Buggy playero, Meyers Mansk, basado en el vocho ha resucitado con coraz\u00f3n el\u00e9ctrico<\/em><\/p><cite><strong>MOTOR PASION<\/strong><\/cite><\/blockquote>\n\n\n\n<div class=\"wp-block-buttons is-layout-flex wp-block-buttons-is-layout-flex\">\n<div class=\"wp-block-button\"><a class=\"wp-block-button__link\" href=\"https:\/\/www.motorpasion.com.mx\/industria\/meyers-manx-buggy-vocho-electrico\">IR A LA NOTA<\/a><\/div>\n<\/div>\n<\/div>\n<\/div>\n\n\n\n<div class=\"wp-block-columns is-layout-flex wp-container-core-columns-is-layout-9d6595d7 wp-block-columns-is-layout-flex\">\n<div class=\"wp-block-column is-layout-flow wp-block-column-is-layout-flow\">\n<blockquote class=\"wp-block-quote is-layout-flow wp-block-quote-is-layout-flow\"><p><em>Nissan presenta el nuevo Versa Sportech-X<\/em><\/p><cite><strong>PARABRISAS<\/strong><\/cite><\/blockquote>\n\n\n\n<div class=\"wp-block-buttons is-layout-flex wp-block-buttons-is-layout-flex\">\n<div class=\"wp-block-button\"><a class=\"wp-block-button__link\" href=\"https:\/\/parabrisas.perfil.com\/noticias\/novedades\/nissan-versa-sportech-x-deportivo.phtml\">IR A LA NOTA<\/a><\/div>\n<\/div>\n<\/div>\n\n\n\n<div class=\"wp-block-column is-layout-flow wp-block-column-is-layout-flow\"><\/div>\n<\/div>\n\n\n\n<p><\/p>\n","protected":false},"excerpt":{"rendered":"<p>DERCO CENTER |<\/p>\n","protected":false},"author":88,"featured_media":0,"comment_status":"closed","ping_status":"closed","sticky":false,"template":"","format":"standard","meta":{"_et_pb_use_builder":"off","_et_pb_old_content":"<!-- wp:paragraph -->\n<p><\/p>\n<!-- \/wp:paragraph -->\n\n<!-- wp:divi\/layout -->\n<div class=\"wp-block-divi-layout\">[et_pb_section fb_built=\"1\" admin_label=\"Features\" _builder_version=\"4.4.2\" background_size=\"initial\" background_position=\"top_left\" width=\"100%\" max_width=\"500px\" module_alignment=\"left\" custom_margin=\"|0px||-1px|false|false\" custom_padding=\"0px|0px|0px|0px|false|false\" saved_tabs=\"all\" collapsed=\"off\"][et_pb_row column_padding_mobile=\"on\" custom_padding_last_edited=\"on|phone\" _builder_version=\"4.4.2\" background_size=\"initial\" background_position=\"top_left\" background_repeat=\"repeat\" width=\"auto\" max_width=\"1280px\" custom_margin=\"0px|0px|0px|0px|false|false\" custom_padding=\"10px|2px|10px|0px|false|false\" custom_padding_tablet=\"49px|||\" custom_padding_phone=\"19px|||\" use_custom_width=\"on\" custom_width_px=\"1280px\"][et_pb_column type=\"4_4\" _builder_version=\"3.25\" custom_padding=\"|||\" custom_padding__hover=\"|||\"][et_pb_blurb title=\"DESARROLLO SOCIAL\" image=\"https:\/\/reports.eyewatch.me\/pc\/wp-content\/uploads\/sites\/3\/2020\/04\/icon_Artboard-3-100.jpg\" icon_placement=\"left\" image_max_width=\"69px\" _builder_version=\"4.4.2\" header_level=\"h1\" custom_margin=\"|||0px|false|false\" custom_padding=\"|||1px|false|false\"][\/et_pb_blurb][\/et_pb_column][\/et_pb_row][\/et_pb_section]<\/div>\n<!-- \/wp:divi\/layout -->\n\n<!-- wp:paragraph -->\n<p><em><em>Menciones en redes sociales, medios y blogs en espa\u00f1ol sobre marcas y empresas vinculadas a<\/em> voluntariados, desarrollo social, campa\u00f1as solidarias, inclusi\u00f3n, y t\u00e9rminos afines.<\/em><\/p>\n<!-- \/wp:paragraph -->\n\n<!-- wp:separator -->\n<hr class=\"wp-block-separator\"\/>\n<!-- \/wp:separator -->\n\n<!-- wp:heading -->\n<h2>Evoluci\u00f3n de la conversaci\u00f3n - \u00faltimos 7 d\u00edas<\/h2>\n<!-- \/wp:heading -->\n\n<!-- wp:columns -->\n<div class=\"wp-block-columns\"><!-- wp:column -->\n<div class=\"wp-block-column\"><!-- wp:heading {\"level\":4} -->\n<h4><img class=\"wp-image-592\" style=\"width: 40px\" src=\"https:\/\/reports.eyewatch.me\/pc\/wp-content\/uploads\/sites\/3\/2020\/04\/icon_Artboard-3@3x-1.png\" alt=\"\">   1.1K USUARIOS<\/h4>\n<!-- \/wp:heading --><\/div>\n<!-- \/wp:column -->\n\n<!-- wp:column -->\n<div class=\"wp-block-column\"><!-- wp:heading {\"textAlign\":\"left\",\"level\":4} -->\n<h4 class=\"has-text-align-left\"> <img class=\"wp-image-589\" style=\"width: 40px\" src=\"https:\/\/reports.eyewatch.me\/pc\/wp-content\/uploads\/sites\/3\/2020\/04\/icon_Artboard-3-copy-3@3x.png\" alt=\"\">1.2K<strong> <\/strong>MENCIONES<br><\/h4>\n<!-- \/wp:heading --><\/div>\n<!-- \/wp:column --><\/div>\n<!-- \/wp:columns -->\n\n<!-- wp:image {\"id\":2312,\"sizeSlug\":\"full\",\"linkDestination\":\"none\"} -->\n<figure class=\"wp-block-image size-full\"><img src=\"https:\/\/reports.eyewatch.me\/dc\/wp-content\/uploads\/sites\/10\/2021\/09\/13.jpg\" alt=\"\" class=\"wp-image-2312\"\/><\/figure>\n<!-- \/wp:image -->\n\n<!-- wp:spacer {\"height\":20} -->\n<div style=\"height:20px\" aria-hidden=\"true\" class=\"wp-block-spacer\"><\/div>\n<!-- \/wp:spacer -->\n\n<!-- wp:separator {\"className\":\"is-style-wide\"} -->\n<hr class=\"wp-block-separator is-style-wide\"\/>\n<!-- \/wp:separator -->\n\n<!-- wp:heading -->\n<h2>Evoluci\u00f3n por categor\u00edas<\/h2>\n<!-- \/wp:heading -->\n\n<!-- wp:image {\"id\":2311,\"sizeSlug\":\"full\",\"linkDestination\":\"none\"} -->\n<figure class=\"wp-block-image size-full\"><img src=\"https:\/\/reports.eyewatch.me\/dc\/wp-content\/uploads\/sites\/10\/2021\/09\/12.jpg\" alt=\"\" class=\"wp-image-2311\"\/><\/figure>\n<!-- \/wp:image -->\n\n<!-- wp:spacer {\"height\":20} -->\n<div style=\"height:20px\" aria-hidden=\"true\" class=\"wp-block-spacer\"><\/div>\n<!-- \/wp:spacer -->\n\n<!-- wp:separator -->\n<hr class=\"wp-block-separator\"\/>\n<!-- \/wp:separator -->\n\n<!-- wp:heading -->\n<h2>Temas destacados<\/h2>\n<!-- \/wp:heading -->\n\n<!-- wp:paragraph -->\n<p><em>\u00daltimas 96hs<\/em><\/p>\n<!-- \/wp:paragraph -->\n\n<!-- wp:group -->\n<div class=\"wp-block-group\"><!-- wp:group -->\n<div class=\"wp-block-group\"><!-- wp:list -->\n<ul><li><strong><b>S<\/b>antander M\u00e9xico <\/strong>lanza tajeras LikeU en dode cada color se corresponde a una causa social y ambiental. Por cada tarjeta contratada el banco donar\u00e1 recursos a distintas causas.<\/li><li><strong>Coca-Cola  Bolivia<\/strong> junto a Embol y Pedidos Ya se suma a la campa\u00f1a global \"Para todas las mesas\" la cual busca combatir la inseguridad alimentaria y apoyar la reactivaci\u00f3n de restaurantes.<\/li><li>La plataforma interactiva desarrollada por <strong>Pharmaton<\/strong> \"Kiddi World\" que permite detectar dislexia, disgraf\u00eda y daltonismo recibe el premio Innovation CUT.<\/li><li><strong>Walmart Chile<\/strong> crea alianza con la Fundaci\u00f3n 1ko que visibiliza el trabajo de artistas y emprendedores de Bajo de Mena. La cadena de supermercados vender\u00e1 prendas de vestimentas con dise\u00f1os de los artistas de la fundaci\u00f3n.<\/li><li><strong>Bic Ecuador <\/strong>lanza campa\u00f1a sobre empat\u00eda para el regreso a clases presenciales \"Back in cool\".<\/li><li>Bumble la app de citas crea el primer programa de apoyo dirigido a v\u00edctimas de agresi\u00f3n o abuso sexual junto a la organizaci\u00f3n Chayn.<\/li><\/ul>\n<!-- \/wp:list -->\n\n<!-- wp:paragraph -->\n<p><\/p>\n<!-- \/wp:paragraph -->\n\n<!-- wp:separator -->\n<hr class=\"wp-block-separator\"\/>\n<!-- \/wp:separator -->\n\n<!-- wp:heading -->\n<h2>Contenidos destacados en redes sociales<\/h2>\n<!-- \/wp:heading -->\n\n<!-- wp:paragraph -->\n<p><em>\u00daltimas 96hs<\/em><\/p>\n<!-- \/wp:paragraph --><\/div>\n<!-- \/wp:group -->\n\n<!-- wp:separator -->\n<hr class=\"wp-block-separator\"\/>\n<!-- \/wp:separator -->\n\n<!-- wp:heading -->\n<h2>Contenidos destacados en medios y blogs<\/h2>\n<!-- \/wp:heading -->\n\n<!-- wp:paragraph -->\n<p><em>\u00daltimas 96hs<\/em><\/p>\n<!-- \/wp:paragraph -->\n\n<!-- wp:columns -->\n<div class=\"wp-block-columns\"><!-- wp:column -->\n<div class=\"wp-block-column\"><!-- wp:quote -->\n<blockquote class=\"wp-block-quote\"><p><em><em>Pampers Argentina colabora con Fundaci\u00f3n s\u00ed. Ante cada like en las redes de la marca o compra de producto, la empresa donar\u00e1 un pa\u00f1al a la fundaci\u00f3n.<\/em><\/em><\/p><cite><strong>FUNDACI\u00d3N S\u00cd<\/strong><\/cite><\/blockquote>\n<!-- \/wp:quote -->\n\n<!-- wp:buttons -->\n<div class=\"wp-block-buttons\"><!-- wp:button -->\n<div class=\"wp-block-button\"><a class=\"wp-block-button__link\" href=\"https:\/\/fundacionsi.org.ar\/junto-a-pampers-argentina-hagamos-que-mas-bebes-sigan-sonando\/\">IR A LA NOTA<\/a><\/div>\n<!-- \/wp:button --><\/div>\n<!-- \/wp:buttons --><\/div>\n<!-- \/wp:column -->\n\n<!-- wp:column -->\n<div class=\"wp-block-column\"><!-- wp:quote -->\n<blockquote class=\"wp-block-quote\"><p><em><strong>C<\/strong>ervecer\u00eda Boliviana Nacional realiza conversatorio a favor de la equidad de g\u00e9nero.<\/em><\/p><cite><strong>BOLIVIA EN TUS MANOS<\/strong><\/cite><\/blockquote>\n<!-- \/wp:quote -->\n\n<!-- wp:buttons -->\n<div class=\"wp-block-buttons\"><!-- wp:button -->\n<div class=\"wp-block-button\"><a class=\"wp-block-button__link\" href=\"https:\/\/www.boliviaentusmanos.com\/noticias\/bolivia\/381653\/cbn-comparte-sus-experiencias-en-favor-de-la-equidad-de-genero-en-un-conversatorio-del-pacto-global-bolivia.html\">IR A LA NOTA<\/a><\/div>\n<!-- \/wp:button --><\/div>\n<!-- \/wp:buttons --><\/div>\n<!-- \/wp:column -->\n\n<!-- wp:column -->\n<div class=\"wp-block-column\"><!-- wp:quote -->\n<blockquote class=\"wp-block-quote\"><p><em><em>Virgin Mobile M\u00e9xico particip\u00f3 en las conferencias sobre La equidad de g\u00e9nero en las telecomunicaciones.<\/em><\/em><\/p><cite><strong>MULTIANIME<\/strong><\/cite><\/blockquote>\n<!-- \/wp:quote -->\n\n<!-- wp:buttons -->\n<div class=\"wp-block-buttons\"><!-- wp:button -->\n<div class=\"wp-block-button\"><a class=\"wp-block-button__link\" href=\"https:\/\/multianime.com.mx\/2021\/09\/02\/virgin-mobile-equidad-de-genero-interes\/\">IR A LA NOTA<\/a><\/div>\n<!-- \/wp:button --><\/div>\n<!-- \/wp:buttons --><\/div>\n<!-- \/wp:column --><\/div>\n<!-- \/wp:columns -->\n\n<!-- wp:columns -->\n<div class=\"wp-block-columns\"><!-- wp:column -->\n<div class=\"wp-block-column\"><!-- wp:quote -->\n<blockquote class=\"wp-block-quote\"><p><em>Mary Kay Espa\u00f1a se une a Fundaci\u00f3n Stampa para reforzar el programa <em>Ponte guapa, te sentir\u00e1s mejor\u2019<\/em><\/em><\/p><cite><strong>AP NEWS<\/strong><\/cite><\/blockquote>\n<!-- \/wp:quote -->\n\n<!-- wp:buttons -->\n<div class=\"wp-block-buttons\"><!-- wp:button -->\n<div class=\"wp-block-button\"><a class=\"wp-block-button__link\" href=\"https:\/\/apnews.com\/press-release\/business-wire\/e4f01526577a4b03b270994e35e375d1\">IR A LA NOTA<\/a><\/div>\n<!-- \/wp:button --><\/div>\n<!-- \/wp:buttons --><\/div>\n<!-- \/wp:column -->\n\n<!-- wp:column -->\n<div class=\"wp-block-column\"><!-- wp:quote -->\n<blockquote class=\"wp-block-quote\"><p><em>Plaza Ses\u00e1mo Latinoamerica genera contenido para a ni\u00f1os venezolanos migrantes vulnerados<\/em><\/p><cite><strong>HEAD TOPICS<\/strong><\/cite><\/blockquote>\n<!-- \/wp:quote -->\n\n<!-- wp:buttons -->\n<div class=\"wp-block-buttons\"><!-- wp:button -->\n<div class=\"wp-block-button\"><a class=\"wp-block-button__link\" href=\"\/\/headtopics.com\/es\/personajes-de-plaza-sesamo-acompanar-n-a-ninos-migrantes-venezolanos-21604343\">IR A LA NOTA<\/a><\/div>\n<!-- \/wp:button --><\/div>\n<!-- \/wp:buttons --><\/div>\n<!-- \/wp:column -->\n\n<!-- wp:column -->\n<div class=\"wp-block-column\"><!-- wp:paragraph -->\n<p><em>Samsung Bolivia y la Escuela Militar de Ingenier\u00eda firman convenio que beneficia estudiantes<\/em><\/p>\n<!-- \/wp:paragraph -->\n\n<!-- wp:paragraph -->\n<p> <strong>MM<\/strong><\/p>\n<!-- \/wp:paragraph -->\n\n<!-- wp:buttons -->\n<div class=\"wp-block-buttons\"><!-- wp:button -->\n<div class=\"wp-block-button\"><a class=\"wp-block-button__link\" href=\"https:\/\/www.magazinemanagement.gm-bolivia.com\/samsung-y-la-emi-firman-convenio-de-cooperacion-interinstitucional\/\">IR A LA NOTA<\/a><\/div>\n<!-- \/wp:button --><\/div>\n<!-- \/wp:buttons --><\/div>\n<!-- \/wp:column --><\/div>\n<!-- \/wp:columns -->\n\n<!-- wp:separator {\"className\":\"is-style-wide\"} -->\n<hr class=\"wp-block-separator is-style-wide\"\/>\n<!-- \/wp:separator --><\/div>\n<!-- \/wp:group -->\n\n<!-- wp:spacer {\"height\":20} -->\n<div style=\"height:20px\" aria-hidden=\"true\" class=\"wp-block-spacer\"><\/div>\n<!-- \/wp:spacer -->\n\n<!-- wp:divi\/layout -->\n<div class=\"wp-block-divi-layout\">[et_pb_section fb_built=\"1\" admin_label=\"Features\" _builder_version=\"4.4.2\" background_size=\"initial\" background_position=\"top_left\" width=\"100%\" max_width=\"500px\" module_alignment=\"left\" custom_margin=\"|0px||-1px|false|false\" custom_padding=\"0px|0px|0px|0px|false|false\" saved_tabs=\"all\" collapsed=\"off\"][et_pb_row column_padding_mobile=\"on\" custom_padding_last_edited=\"on|phone\" _builder_version=\"4.4.2\" background_size=\"initial\" background_position=\"top_left\" background_repeat=\"repeat\" width=\"auto\" max_width=\"1280px\" custom_margin=\"0px|0px|0px|0px|false|false\" custom_padding=\"10px|2px|10px|0px|false|false\" custom_padding_tablet=\"49px|||\" custom_padding_phone=\"19px|||\" use_custom_width=\"on\" custom_width_px=\"1280px\"][et_pb_column type=\"4_4\" _builder_version=\"3.25\" custom_padding=\"|||\" custom_padding__hover=\"|||\"][et_pb_blurb title=\"SOSTENIBILIDAD AMBIENTAL\" image=\"https:\/\/reports.eyewatch.me\/dc\/wp-content\/uploads\/sites\/10\/2020\/04\/icon_conversation-1.png\" icon_placement=\"left\" image_max_width=\"69px\" _builder_version=\"4.4.7\" header_level=\"h1\" custom_margin=\"|||0px|false|false\" custom_padding=\"|||1px|false|false\"][\/et_pb_blurb][\/et_pb_column][\/et_pb_row][\/et_pb_section]<\/div>\n<!-- \/wp:divi\/layout -->\n\n<!-- wp:paragraph -->\n<p><em>Menciones en redes sociales, medios y blogs en espa\u00f1ol sobre marcas y empresas vinculadas a la protecci\u00f3n, respeto y cuidado del medio ambiente, econom\u00eda circular o azul, movilidad el\u00e9ctrica, <em>huella de carbono<\/em>, y t\u00e9rminos afines.<\/em><\/p>\n<!-- \/wp:paragraph -->\n\n<!-- wp:separator -->\n<hr class=\"wp-block-separator\"\/>\n<!-- \/wp:separator -->\n\n<!-- wp:heading -->\n<h2>Evoluci\u00f3n de la conversaci\u00f3n - \u00faltimos 7 d\u00edas<\/h2>\n<!-- \/wp:heading -->\n\n<!-- wp:group -->\n<div class=\"wp-block-group\"><!-- wp:columns -->\n<div class=\"wp-block-columns\"><!-- wp:column -->\n<div class=\"wp-block-column\"><!-- wp:heading {\"level\":4} -->\n<h4><img class=\"wp-image-592\" style=\"width: 40px\" src=\"https:\/\/reports.eyewatch.me\/pc\/wp-content\/uploads\/sites\/3\/2020\/04\/icon_Artboard-3@3x-1.png\" alt=\"\">     5.2K usuarios<\/h4>\n<!-- \/wp:heading --><\/div>\n<!-- \/wp:column -->\n\n<!-- wp:column -->\n<div class=\"wp-block-column\"><!-- wp:heading {\"textAlign\":\"left\",\"level\":4} -->\n<h4 class=\"has-text-align-left\"> <img class=\"wp-image-589\" style=\"width: 40px\" src=\"https:\/\/reports.eyewatch.me\/pc\/wp-content\/uploads\/sites\/3\/2020\/04\/icon_Artboard-3-copy-3@3x.png\" alt=\"\">   13.4<strong>k <\/strong>menciones<br><\/h4>\n<!-- \/wp:heading --><\/div>\n<!-- \/wp:column --><\/div>\n<!-- \/wp:columns --><\/div>\n<!-- \/wp:group -->\n\n<!-- wp:image {\"id\":2290,\"sizeSlug\":\"full\",\"linkDestination\":\"none\"} -->\n<figure class=\"wp-block-image size-full\"><img src=\"https:\/\/reports.eyewatch.me\/dc\/wp-content\/uploads\/sites\/10\/2021\/09\/75.jpg\" alt=\"\" class=\"wp-image-2290\"\/><\/figure>\n<!-- \/wp:image -->\n\n<!-- wp:separator -->\n<hr class=\"wp-block-separator\"\/>\n<!-- \/wp:separator -->\n\n<!-- wp:heading -->\n<h2>Evoluci\u00f3n por categor\u00eda<\/h2>\n<!-- \/wp:heading -->\n\n<!-- wp:image {\"id\":2310,\"sizeSlug\":\"full\",\"linkDestination\":\"none\"} -->\n<figure class=\"wp-block-image size-full\"><img src=\"https:\/\/reports.eyewatch.me\/dc\/wp-content\/uploads\/sites\/10\/2021\/09\/11.jpg\" alt=\"\" class=\"wp-image-2310\"\/><\/figure>\n<!-- \/wp:image -->\n\n<!-- wp:separator -->\n<hr class=\"wp-block-separator\"\/>\n<!-- \/wp:separator -->\n\n<!-- wp:heading -->\n<h2>Temas destacados<\/h2>\n<!-- \/wp:heading -->\n\n<!-- wp:paragraph -->\n<p><em>\u00daltimas <\/em>96<em>hs<\/em><\/p>\n<!-- \/wp:paragraph -->\n\n<!-- wp:group -->\n<div class=\"wp-block-group\"><!-- wp:group -->\n<div class=\"wp-block-group\"><!-- wp:group -->\n<div class=\"wp-block-group\"><!-- wp:list -->\n<ul><li><strong>Terpel Colom<\/strong><\/li><\/ul>\n<!-- \/wp:list -->\n\n<!-- wp:paragraph -->\n<p><\/p>\n<!-- \/wp:paragraph -->\n\n<!-- wp:separator {\"className\":\"is-style-wide\"} -->\n<hr class=\"wp-block-separator is-style-wide\"\/>\n<!-- \/wp:separator -->\n\n<!-- wp:heading -->\n<h2>Contenidos destacados en redes sociales<\/h2>\n<!-- \/wp:heading -->\n\n<!-- wp:paragraph -->\n<p><\/p>\n<!-- \/wp:paragraph --><\/div>\n<!-- \/wp:group --><\/div>\n<!-- \/wp:group -->\n\n<!-- wp:paragraph -->\n<p><em>\u00daltimas 96hs<\/em><\/p>\n<!-- \/wp:paragraph -->\n\n<!-- wp:separator -->\n<hr class=\"wp-block-separator\"\/>\n<!-- \/wp:separator -->\n\n<!-- wp:heading -->\n<h2>Contenidos destacados en medios y blogs<\/h2>\n<!-- \/wp:heading -->\n\n<!-- wp:paragraph -->\n<p><em>\u00daltimas 96hs<\/em><\/p>\n<!-- \/wp:paragraph -->\n\n<!-- wp:columns -->\n<div class=\"wp-block-columns\"><!-- wp:column -->\n<div class=\"wp-block-column\"><!-- wp:quote -->\n<blockquote class=\"wp-block-quote\"><p><em>Repsol Espa\u00f1a reforest\u00e1 bosques  <\/em><\/p><cite><strong>LNE<\/strong><\/cite><\/blockquote>\n<!-- \/wp:quote -->\n\n<!-- wp:buttons -->\n<div class=\"wp-block-buttons\"><!-- wp:button -->\n<div class=\"wp-block-button\"><a class=\"wp-block-button__link\" href=\"https:\/\/www.lne.es\/asturias\/2021\/09\/02\/repsol-contratara-700-personas-plan-56874902.html\">IR A LA NOTA<\/a><\/div>\n<!-- \/wp:button --><\/div>\n<!-- \/wp:buttons -->\n\n<!-- wp:paragraph -->\n<p><\/p>\n<!-- \/wp:paragraph --><\/div>\n<!-- \/wp:column -->\n\n<!-- wp:column -->\n<div class=\"wp-block-column\"><!-- wp:quote -->\n<blockquote class=\"wp-block-quote\"><p><em>Backus: de latas de desechosa a ollas para comedores<\/em><\/p><cite><strong>TROME<\/strong><\/cite><\/blockquote>\n<!-- \/wp:quote -->\n\n<!-- wp:buttons -->\n<div class=\"wp-block-buttons\"><!-- wp:button -->\n<div class=\"wp-block-button\"><a class=\"wp-block-button__link\" href=\"https:\/\/trome.pe\/familia\/recolectan-latas-para-convertirlas-en-ollas-y-donarlas-a-los-comedores-imp-noticia\/\">IR A LA NOTA<\/a><\/div>\n<!-- \/wp:button --><\/div>\n<!-- \/wp:buttons --><\/div>\n<!-- \/wp:column --><\/div>\n<!-- \/wp:columns -->\n\n<!-- wp:separator {\"className\":\"is-style-wide\"} -->\n<hr class=\"wp-block-separator is-style-wide\"\/>\n<!-- \/wp:separator --><\/div>\n<!-- \/wp:group -->\n\n<!-- wp:divi\/layout -->\n<div class=\"wp-block-divi-layout\">[et_pb_section fb_built=\"1\" admin_label=\"Features\" _builder_version=\"4.4.2\" background_size=\"initial\" background_position=\"top_left\" width=\"100%\" max_width=\"500px\" module_alignment=\"left\" custom_margin=\"|0px||-1px|false|false\" custom_padding=\"0px|0px|0px|0px|false|false\" saved_tabs=\"all\" collapsed=\"off\"][et_pb_row column_padding_mobile=\"on\" custom_padding_last_edited=\"on|phone\" _builder_version=\"4.4.2\" background_size=\"initial\" background_position=\"top_left\" background_repeat=\"repeat\" width=\"auto\" max_width=\"1280px\" custom_margin=\"0px|0px|0px|0px|false|false\" custom_padding=\"10px|2px|10px|0px|false|false\" custom_padding_tablet=\"49px|||\" custom_padding_phone=\"19px|||\" use_custom_width=\"on\" custom_width_px=\"1280px\"][et_pb_column type=\"4_4\" _builder_version=\"3.25\" custom_padding=\"|||\" custom_padding__hover=\"|||\"][et_pb_blurb title=\"SECTOR AUTOMOTR\u00cdZ\" image=\"https:\/\/reports.eyewatch.me\/dc\/wp-content\/uploads\/sites\/10\/2020\/04\/icon_conversation-1.png\" icon_placement=\"left\" image_max_width=\"69px\" _builder_version=\"4.4.7\" header_level=\"h1\" custom_margin=\"|||0px|false|false\" custom_padding=\"|||1px|false|false\"][\/et_pb_blurb][\/et_pb_column][\/et_pb_row][\/et_pb_section]<\/div>\n<!-- \/wp:divi\/layout -->\n\n<!-- wp:paragraph -->\n<p><em><em>Menciones en redes sociales, medios y blogs en espa\u00f1ol sobre marcas de veh\u00edculos y automotrices relacionadas con<\/em> campa\u00f1as por el medio ambiente y acci\u00f3n social.<\/em><\/p>\n<!-- \/wp:paragraph -->\n\n<!-- wp:heading -->\n<h2>Evoluci\u00f3n de la conversaci\u00f3n - \u00faltimos 7 d\u00edas<\/h2>\n<!-- \/wp:heading -->\n\n<!-- wp:group -->\n<div class=\"wp-block-group\"><!-- wp:columns -->\n<div class=\"wp-block-columns\"><!-- wp:column -->\n<div class=\"wp-block-column\"><!-- wp:heading {\"level\":4} -->\n<h4><img class=\"wp-image-592\" style=\"width: 40px\" src=\"https:\/\/reports.eyewatch.me\/pc\/wp-content\/uploads\/sites\/3\/2020\/04\/icon_Artboard-3@3x-1.png\" alt=\"\">     2.1K usuarios<\/h4>\n<!-- \/wp:heading -->\n\n<!-- wp:paragraph -->\n<p><\/p>\n<!-- \/wp:paragraph --><\/div>\n<!-- \/wp:column -->\n\n<!-- wp:column -->\n<div class=\"wp-block-column\"><!-- wp:heading {\"textAlign\":\"left\",\"level\":4} -->\n<h4 class=\"has-text-align-left\"> <img class=\"wp-image-589\" style=\"width: 40px\" src=\"https:\/\/reports.eyewatch.me\/pc\/wp-content\/uploads\/sites\/3\/2020\/04\/icon_Artboard-3-copy-3@3x.png\" alt=\"\">    4.7<strong>K <\/strong>menciones<br><\/h4>\n<!-- \/wp:heading --><\/div>\n<!-- \/wp:column --><\/div>\n<!-- \/wp:columns --><\/div>\n<!-- \/wp:group -->\n\n<!-- wp:image {\"id\":2291,\"sizeSlug\":\"full\",\"linkDestination\":\"none\"} -->\n<figure class=\"wp-block-image size-full\"><img src=\"https:\/\/reports.eyewatch.me\/dc\/wp-content\/uploads\/sites\/10\/2021\/09\/76.jpg\" alt=\"\" class=\"wp-image-2291\"\/><\/figure>\n<!-- \/wp:image -->\n\n<!-- wp:separator -->\n<hr class=\"wp-block-separator\"\/>\n<!-- \/wp:separator -->\n\n<!-- wp:heading -->\n<h2>Evoluci\u00f3n por categor\u00eda<\/h2>\n<!-- \/wp:heading -->\n\n<!-- wp:image {\"id\":2309,\"sizeSlug\":\"full\",\"linkDestination\":\"none\"} -->\n<figure class=\"wp-block-image size-full\"><img src=\"https:\/\/reports.eyewatch.me\/dc\/wp-content\/uploads\/sites\/10\/2021\/09\/10.jpg\" alt=\"\" class=\"wp-image-2309\"\/><\/figure>\n<!-- \/wp:image -->\n\n<!-- wp:separator -->\n<hr class=\"wp-block-separator\"\/>\n<!-- \/wp:separator -->\n\n<!-- wp:heading -->\n<h2>Temas destacados<\/h2>\n<!-- \/wp:heading -->\n\n<!-- wp:paragraph -->\n<p><em>\u00daltimas 96hs<\/em><\/p>\n<!-- \/wp:paragraph -->\n\n<!-- wp:paragraph -->\n<p><\/p>\n<!-- \/wp:paragraph -->\n\n<!-- wp:list -->\n<ul><li><strong>KIA Ec<\/strong>.<\/li><\/ul>\n<!-- \/wp:list -->\n\n<!-- wp:separator -->\n<hr class=\"wp-block-separator\"\/>\n<!-- \/wp:separator -->\n\n<!-- wp:heading -->\n<h2>Contenidos destacados en redes sociales<\/h2>\n<!-- \/wp:heading -->\n\n<!-- wp:paragraph -->\n<p><em>\u00daltimas 96hs<\/em><\/p>\n<!-- \/wp:paragraph -->\n\n<!-- wp:separator -->\n<hr class=\"wp-block-separator\"\/>\n<!-- \/wp:separator -->\n\n<!-- wp:heading -->\n<h2>Contenidos destacados en medios y blogs<\/h2>\n<!-- \/wp:heading -->\n\n<!-- wp:paragraph -->\n<p><em>\u00daltimas 96hs<\/em><\/p>\n<!-- \/wp:paragraph -->\n\n<!-- wp:columns -->\n<div class=\"wp-block-columns\"><!-- wp:column -->\n<div class=\"wp-block-column\"><!-- wp:quote {\"align\":\"left\"} -->\n<blockquote class=\"wp-block-quote has-text-align-left\"><p><em>Cami\u00f3n el\u00e9ctrico Futuricum logra recorrer 1.000Km con una sola carga de bater\u00eda <\/em><\/p><cite><strong>ADSL ZONE<\/strong><\/cite><\/blockquote>\n<!-- \/wp:quote -->\n\n<!-- wp:buttons -->\n<div class=\"wp-block-buttons\"><!-- wp:button -->\n<div class=\"wp-block-button\"><a class=\"wp-block-button__link\" href=\"https:\/\/www.adslzone.net\/e-movilidad\/noticias-en-marcha\/camion-electrico-1-000-km-futuricum\/\">IR A LA NOTA<\/a><\/div>\n<!-- \/wp:button --><\/div>\n<!-- \/wp:buttons --><\/div>\n<!-- \/wp:column -->\n\n<!-- wp:column -->\n<div class=\"wp-block-column\"><!-- wp:quote {\"align\":\"left\"} -->\n<blockquote class=\"wp-block-quote has-text-align-left\"><p><em>Guanajuato producir\u00e1 llanatas para veh\u00edculos el\u00e9ctricos de Tesla y Ludic Motors<\/em><\/p><cite><strong>AM<\/strong><\/cite><\/blockquote>\n<!-- \/wp:quote -->\n\n<!-- wp:buttons -->\n<div class=\"wp-block-buttons\"><!-- wp:button -->\n<div class=\"wp-block-button\"><a class=\"wp-block-button__link\" href=\"https:\/\/www.am.com.mx\/guanajuato\/valor-agregado\/Guanajuato-producira-llantas-para-vehiculos-electricos-de-Tesla-y-Lucid-Motors-20210902-0009.html\">IR A LA NOTA<\/a><\/div>\n<!-- \/wp:button --><\/div>\n<!-- \/wp:buttons --><\/div>\n<!-- \/wp:column --><\/div>\n<!-- \/wp:columns -->\n\n<!-- wp:columns -->\n<div class=\"wp-block-columns\"><!-- wp:column -->\n<div class=\"wp-block-column\"><!-- wp:quote {\"align\":\"left\"} -->\n<blockquote class=\"wp-block-quote has-text-align-left\"><p><em>Mitsubishi vende su participaci\u00f3n del Proyecto Fosfatos del Pac\u00edfico<\/em><\/p><cite><strong>EXPRESO<\/strong><\/cite><\/blockquote>\n<!-- \/wp:quote -->\n\n<!-- wp:buttons -->\n<div class=\"wp-block-buttons\"><!-- wp:button -->\n<div class=\"wp-block-button\"><a class=\"wp-block-button__link\" href=\"https:\/\/www.expreso.com.pe\/economia\/mitsubishi-se-va-del-proyecto-fosfatos-del-pacifico-en-piura\/\">IR A LA NOTA<\/a><\/div>\n<!-- \/wp:button --><\/div>\n<!-- \/wp:buttons --><\/div>\n<!-- \/wp:column -->\n\n<!-- wp:column -->\n<div class=\"wp-block-column\"><!-- wp:quote {\"align\":\"left\"} -->\n<blockquote class=\"wp-block-quote has-text-align-left\"><p><em>Plantas de ensamblaje en Espa\u00f1a comienzan a pararse ante el desabastecimiento mundial de microchips<\/em><\/p><cite><strong>EL DIARO ES<\/strong><\/cite><\/blockquote>\n<!-- \/wp:quote -->\n\n<!-- wp:buttons -->\n<div class=\"wp-block-buttons\"><!-- wp:button -->\n<div class=\"wp-block-button\"><a class=\"wp-block-button__link\" href=\"https:\/\/www.eldiario.es\/tecnologia\/crisis-chips-paraliza-sector-automovil-no-hay-coches-atender-demanda_1_8267233.html\">IR A LA NOTA<\/a><\/div>\n<!-- \/wp:button --><\/div>\n<!-- \/wp:buttons --><\/div>\n<!-- \/wp:column --><\/div>\n<!-- \/wp:columns -->","_et_gb_content_width":"","footnotes":"","_links_to":"","_links_to_target":""},"categories":[18],"tags":[],"class_list":["post-5617","post","type-post","status-publish","format-standard","hentry","category-buzz-tracker"],"jetpack_featured_media_url":"","_links":{"self":[{"href":"https:\/\/reports.eyewatch.me\/dc\/wp-json\/wp\/v2\/posts\/5617","targetHints":{"allow":["GET"]}}],"collection":[{"href":"https:\/\/reports.eyewatch.me\/dc\/wp-json\/wp\/v2\/posts"}],"about":[{"href":"https:\/\/reports.eyewatch.me\/dc\/wp-json\/wp\/v2\/types\/post"}],"author":[{"embeddable":true,"href":"https:\/\/reports.eyewatch.me\/dc\/wp-json\/wp\/v2\/users\/88"}],"replies":[{"embeddable":true,"href":"https:\/\/reports.eyewatch.me\/dc\/wp-json\/wp\/v2\/comments?post=5617"}],"version-history":[{"count":1,"href":"https:\/\/reports.eyewatch.me\/dc\/wp-json\/wp\/v2\/posts\/5617\/revisions"}],"predecessor-version":[{"id":5619,"href":"https:\/\/reports.eyewatch.me\/dc\/wp-json\/wp\/v2\/posts\/5617\/revisions\/5619"}],"wp:attachment":[{"href":"https:\/\/reports.eyewatch.me\/dc\/wp-json\/wp\/v2\/media?parent=5617"}],"wp:term":[{"taxonomy":"category","embeddable":true,"href":"https:\/\/reports.eyewatch.me\/dc\/wp-json\/wp\/v2\/categories?post=5617"},{"taxonomy":"post_tag","embeddable":true,"href":"https:\/\/reports.eyewatch.me\/dc\/wp-json\/wp\/v2\/tags?post=5617"}],"curies":[{"name":"wp","href":"https:\/\/api.w.org\/{rel}","templated":true}]}}