{"id":5616,"date":"2022-08-11T20:36:46","date_gmt":"2022-08-11T20:36:46","guid":{"rendered":"https:\/\/reports.eyewatch.me\/dc\/?p=5616"},"modified":"2022-08-11T20:36:50","modified_gmt":"2022-08-11T20:36:50","slug":"resumen-11-de-agosto","status":"publish","type":"post","link":"https:\/\/reports.eyewatch.me\/dc\/resumen-11-de-agosto\/","title":{"rendered":"Resumen 11 de Agosto"},"content":{"rendered":"<div id=\"fb-root\"><\/div>\n\n<h2 class=\"wp-block-heading\" id=\"temas-destacados\">Temas destacados<\/h2>\n\n\n\n<p><strong><strong>DESARROLLO SOCIAL<\/strong><\/strong><\/p>\n\n\n\n<ul class=\"wp-block-list\"><li><strong>Samsung <\/strong>entreg\u00f3 tablets a ni\u00f1os y ni\u00f1as de bajos recursos en Bolivia.<\/li><li><strong>Google <\/strong>celebr\u00f3 sus 15 a\u00f1os en Argentino con proyectos sobre conectividad, ayuda a la educaci\u00f3n y a proyectos de mujeres en contextos vulnerables.<\/li><li><strong>Fundaci\u00f3n Chichica <\/strong>llama a distintas empresas a que colaboren con al fundaci\u00f3n, a trav\u00e9s de distintas propuestas de responsabilidad empresarial.<\/li><li><strong>Guzm\u00e1n Seria<\/strong> realiz\u00f3 la donaci\u00f3n de alimentos, bienes de primera necesidad y juguetes a una fundaci\u00f3n que se encarga de ayudar a ni\u00f1os carenciados.<\/li><li><strong>Microsoft y Grupo Mariposa <\/strong>se unen para fomentar las habilidades digitales de los guatemaltecos de contexto vulnerable.<\/li><li><strong>La alcald\u00eda de Bogot\u00e1 <\/strong>se compromete a fomentar el estudio de mujeres de bajos recursos y jefas de hogar a trav\u00e9s de distintos planes de becas.<\/li><li><strong><strong>Mujeres por Mujeres <\/strong><\/strong>es un proyecto de tutor\u00edas y mentor\u00edas profesionales para fomentar el emprendimiento de las mujeres.<\/li><li><strong>L&#8217;Oreal junto a Unesco <\/strong>entregan el premio nacional por las mujeres en la Ciencia, para homenajear a las mujeres m\u00e1s influyentes en la ciencia.<\/li><\/ul>\n\n\n\n<p><\/p>\n\n\n\n<p><strong>AMBIENTAL<\/strong><\/p>\n\n\n\n<ul class=\"wp-block-list\"><li><strong>Nestl\u00e9 y Fundaci\u00f3n Botellas de Amor <\/strong>inauguraron la primera planta recicladora de pl\u00e1stico en Panam\u00e1.<\/li><li><strong>Falabella Retail <\/strong>increment\u00f3 en 50% la capacidad de su Centro de Distribuci\u00f3n m\u00e1s moderno y sostenible de la regi\u00f3n.<\/li><li><strong>Reciclaje Damiente <\/strong>fomenta el reciclaje de las industrias en Honduras.<\/li><li><strong>El labortatorio X de Alphabet <\/strong>anuncia el proyecto Mineral para aumentar la producci\u00f3n sostenible de alimentos.<\/li><li><strong>Ecocopter S.A. <\/strong>se convierte en pionera en Sudam\u00e9rica por compensar su huella de carbono en operaciones a\u00e9reas.<\/li><li><strong>Boeing <\/strong>abrir\u00e1 una nueva f\u00e1brica en Jap\u00f3n para empezar a investigar sobre combustibles renovables para los aviones y material reciclable para su fabricaci\u00f3n.<\/li><li><strong>PepsiCo <\/strong>en M\u00e9xico tiene un proyecto para poder elaborar papas y galletas con cero agua.<\/li><li><strong>Renault <\/strong>estren\u00f3 un nuevo modelo de su Trafic SpaceNomad que contiene un panel solar en su techo para alargar la bater\u00eda el\u00e9ctrica del autom\u00f3vil.<\/li><li><strong>Kvic <\/strong>abrir\u00e1 en Galicia un nuevo local, comprometi\u00e9ndose con el medio ambiente prometiendo lograr para 2024 que el 50% de todos sus productos sean con materiales reciclados y que para el 2025 ser una empresa 100% CO2 positiva.<\/li><li><strong>Jason Momoa a trav\u00e9s de su empresa <strong>Mananalu Wate<\/strong>r<\/strong> busca vender agua con botellas de aluminio reciclables para combatir los pl\u00e1sticos de un solo uso.<\/li><\/ul>\n\n\n\n<p><\/p>\n\n\n\n<p><strong>SECTOR AUTOMOTRIZ<\/strong><\/p>\n\n\n\n<ul class=\"wp-block-list\"><li><strong>Tesla <\/strong>ha fabricado tres millones de autos el\u00e9ctricos, y estima fabricar 100 millones en 10 a\u00f1os por la alta demanda de coches el\u00e9ctricos.<\/li><li><strong>AES El Salvador y Blink <\/strong>se unen para impulsar la electromovilidad en el pa\u00eds, proyectando la instalaci\u00f3n de centros de carga.<\/li><li><strong>BMW <\/strong>con su modelo i3 es el primer auto en ofrecer opciones sustentables, puesto que es h\u00edbrido y su fabricaci\u00f3n se da a partir de materiales reciclados.<\/li><li><strong>Renault <\/strong>con su Megane E-Tech es el coche el\u00e9ctrico m\u00e1s vendido en Francia.<\/li><li><strong>Antucuya <\/strong>tiene su primer bus el\u00e9ctrico con 0% de emisiones.<\/li><li><strong>Renault <\/strong>fabric\u00f3 su primer cami\u00f3n el\u00e9ctrico, el denominado Truck E-Tech D Wild, siguiendo con su proyecci\u00f3n de llevar la electromovilidad a todos los veh\u00edculos. <\/li><li><strong>BYD D1 <\/strong>ser\u00e1 el pr\u00f3ximo taxi el\u00e9ctrico de Colombia.<\/li><li><strong>AES <\/strong>reforma veh\u00edculos el\u00e9ctricos y pide incentivos fiscales para poder importar autos el\u00e9ctricos.<\/li><li><strong>Toyota <\/strong>planea presentar su nuevo auto el\u00e9ctrico Yaris Sed\u00e1n para el 2023 en M\u00e9xico.<\/li><li><strong>Volkswagen <\/strong>renov\u00f3 el Buggy playero, Meyers Mask, para transformarlo en el\u00e9ctrico.<\/li><li><strong>Nissan <\/strong>presenta el nuevo Versa Sportech-X, su auto deportivo h\u00edbrido.<\/li><\/ul>\n","protected":false},"excerpt":{"rendered":"<p>DERCO CENTER |<\/p>\n","protected":false},"author":88,"featured_media":0,"comment_status":"closed","ping_status":"closed","sticky":false,"template":"","format":"standard","meta":{"_et_pb_use_builder":"off","_et_pb_old_content":"<!-- wp:heading -->\n<h2>Temas destacados<\/h2>\n<!-- \/wp:heading -->\n\n<!-- wp:paragraph -->\n<p><strong><strong>DESARROLLO SOCIAL<\/strong><\/strong><\/p>\n<!-- \/wp:paragraph -->\n\n<!-- wp:list -->\n<ul><li><strong>Scotiabank Colombia<\/strong> apunta a aumentar la participaci\u00f3n de mujeres en juntas directivas.<\/li><li><strong>Tigo <\/strong>contin\u00faa consolidando su trabajo voluntario.<\/li><li><strong>Nestl\u00e9 Guatemala<\/strong> dona productos l\u00e1cteos para ni\u00f1os en situaci\u00f3n de vulnerabilidad.<\/li><li><strong>Gripo Cenoa Argentina <\/strong>entrega donaciones para el banco de alimentos de Jujuy.<\/li><li><strong>Coca-Cola<\/strong> impulsa el empoderamiento de mujeres de Latinoam\u00e9rica mediante el apoyo a sus peque\u00f1os negocios.<\/li><li><strong>Banco de Bogot\u00e1<\/strong> anuncia que se une a Telet\u00f3n Renace.<\/li><li><strong>Banbif Per\u00fa <\/strong>realiza colecta interna para abastecer de alimentos para las familias m\u00e1s vulnerables.<\/li><li><strong>P&amp;G Espa\u00f1a <\/strong>se compromete a desarrollar 21 proyectos para abordar los desaf\u00edos relacionados con Impacto en la comunidad, Igualdad e Inclusi\u00f3n y Sostenibilidad medioambiental.<\/li><li><strong>Moderna Alimentos Ecuador<\/strong> entrega m\u00e1s de 45 mil Kg de alimentos durante el 2021.<\/li><li><strong>Coca Cola junto a Cruz Roja Argentina <\/strong>donan insumos al Hospital de ni\u00f1os Ricardo Guti\u00e9rrez.<\/li><\/ul>\n<!-- \/wp:list -->\n\n<!-- wp:paragraph -->\n<p><\/p>\n<!-- \/wp:paragraph -->\n\n<!-- wp:paragraph -->\n<p><strong>AMBIENTAL<\/strong><\/p>\n<!-- \/wp:paragraph -->\n\n<!-- wp:list -->\n<ul><li><strong>La Fundaci\u00f3n BBVA<\/strong> anuncia la convocatoria 2021 de Ayudas a Proyectos de Investigaci\u00f3n Cient\u00edfica en las \u00e1reas de Cambio Clim\u00e1tico y Ecolog\u00eda y Biolog\u00eda de la Conservaci\u00f3n.<\/li><li><strong>McDonald\u2019s<\/strong>\u00a0inaugura su primer restaurante con cero emisiones en Reino Unido.<\/li><li><strong>Repsol<\/strong> ampl\u00eda su gama de materiales de baja huella de carbono.<\/li><li><strong>Repsol <\/strong>colaborara con nuevo ecocombustible 100% renovable en Dakar 2022.<\/li><li><strong>Terpel Panam\u00e1<\/strong> y su equipo han reciclado m\u00e1s de una tonelada de materiales durante el 2021 y sembrado m\u00e1s de una docena de \u00e1rboles.<\/li><li><strong>Bancolombia <\/strong>ampli\u00f3 su l\u00ednea de financiaci\u00f3n sostenible.<\/li><li><strong>Equipetrol<\/strong> cambia su matriz en\u00e9rgica a energ\u00eda renovable como contribuci\u00f3n al medio ambiente.<\/li><li><strong>Data for life<\/strong> Espa\u00f1a crea app que permite calcular la huella de carbono.<\/li><li><strong>Grupo BBVA <\/strong>entrega 11,5 millones de tarjetas recicladas.<\/li><li><strong>Coca-Cola Argentina <\/strong>presenta sus acciones de verano para el cuidado del ambiente en diferentes centros tur\u00edsticos.<\/li><\/ul>\n<!-- \/wp:list -->\n\n<!-- wp:paragraph -->\n<p><\/p>\n<!-- \/wp:paragraph -->\n\n<!-- wp:paragraph -->\n<p><\/p>\n<!-- \/wp:paragraph -->\n\n<!-- wp:paragraph -->\n<p><\/p>\n<!-- \/wp:paragraph -->\n\n<!-- wp:paragraph -->\n<p><strong>SECTOR AUTOMOTRIZ<\/strong><\/p>\n<!-- \/wp:paragraph -->\n\n<!-- wp:list -->\n<ul><li><strong>Toyota<\/strong> c+pod se posiciona como el coche el\u00e9ctrico m\u00e1s brato del mundo.<\/li><li><strong>Hyundai <\/strong>est\u00e1 dejando de desarrollar nuevos motores de combusti\u00f3n para realizar una transici\u00f3n a los veh\u00edculos el\u00e9ctricos.<\/li><li><strong>Ford<\/strong> h\u00edbridas F150 permiten recargar otros veh\u00edculos el\u00e9ctricos.<\/li><li>En Suecia, instalan una v\u00eda que recarga veh\u00edculos el\u00e9ctricos mientras transitan por ella.<\/li><li><strong>Jac<\/strong> fue la marca m\u00e1s vendida de coches el\u00e9ctricos en M\u00e9xico.<\/li><li><strong>Jaguar <\/strong>llega a Chile con su primer auto 100% el\u00e9ctrico.<\/li><li><strong>Waymo<\/strong> anuncia colaboraci\u00f3n con Geely para Driver en nueva versi\u00f3n de Zeekr.<\/li><li><strong>Citro\u00ebn<\/strong>\u00a0presenta el nuevo coche C3 en Argentina.<\/li><li><strong>Ford<\/strong> Mustang proveer\u00e1 de autos el\u00e9ctricos a la empresa de taxis Gravity en Estados Unidos.<\/li><li><strong>Saic Motor y MG<\/strong> invierten m\u00e1s de US$45 millones en nueva movilidad.<\/li><li><strong>Tesla<\/strong> retira del mercado m\u00e1s de 475 mil autos el\u00e9ctricos por problemas de seguridad.<\/li><li>La planta de <strong>Nissan<\/strong> en Barcelona tiene nuevo due\u00f1o: se la queda el grupo liderado por QEV Technologies para fabricar coches el\u00e9ctricos.<\/li><\/ul>\n<!-- \/wp:list -->\n\n<!-- wp:paragraph -->\n<p><\/p>\n<!-- \/wp:paragraph -->","_et_gb_content_width":"","footnotes":"","_links_to":"","_links_to_target":""},"categories":[18],"tags":[],"class_list":["post-5616","post","type-post","status-publish","format-standard","hentry","category-buzz-tracker"],"jetpack_featured_media_url":"","_links":{"self":[{"href":"https:\/\/reports.eyewatch.me\/dc\/wp-json\/wp\/v2\/posts\/5616","targetHints":{"allow":["GET"]}}],"collection":[{"href":"https:\/\/reports.eyewatch.me\/dc\/wp-json\/wp\/v2\/posts"}],"about":[{"href":"https:\/\/reports.eyewatch.me\/dc\/wp-json\/wp\/v2\/types\/post"}],"author":[{"embeddable":true,"href":"https:\/\/reports.eyewatch.me\/dc\/wp-json\/wp\/v2\/users\/88"}],"replies":[{"embeddable":true,"href":"https:\/\/reports.eyewatch.me\/dc\/wp-json\/wp\/v2\/comments?post=5616"}],"version-history":[{"count":1,"href":"https:\/\/reports.eyewatch.me\/dc\/wp-json\/wp\/v2\/posts\/5616\/revisions"}],"predecessor-version":[{"id":5618,"href":"https:\/\/reports.eyewatch.me\/dc\/wp-json\/wp\/v2\/posts\/5616\/revisions\/5618"}],"wp:attachment":[{"href":"https:\/\/reports.eyewatch.me\/dc\/wp-json\/wp\/v2\/media?parent=5616"}],"wp:term":[{"taxonomy":"category","embeddable":true,"href":"https:\/\/reports.eyewatch.me\/dc\/wp-json\/wp\/v2\/categories?post=5616"},{"taxonomy":"post_tag","embeddable":true,"href":"https:\/\/reports.eyewatch.me\/dc\/wp-json\/wp\/v2\/tags?post=5616"}],"curies":[{"name":"wp","href":"https:\/\/api.w.org\/{rel}","templated":true}]}}