{"id":5593,"date":"2022-08-09T21:18:17","date_gmt":"2022-08-09T21:18:17","guid":{"rendered":"https:\/\/reports.eyewatch.me\/dc\/?p=5593"},"modified":"2022-08-09T21:18:23","modified_gmt":"2022-08-09T21:18:23","slug":"resumen-8-de-agosto","status":"publish","type":"post","link":"https:\/\/reports.eyewatch.me\/dc\/resumen-8-de-agosto\/","title":{"rendered":"Resumen 8 de Agosto"},"content":{"rendered":"<div id=\"fb-root\"><\/div>\n\n<h2 class=\"wp-block-heading\" id=\"temas-destacados\">Temas destacados<\/h2>\n\n\n\n<p><strong><strong>DESARROLLO SOCIAL<\/strong><\/strong><\/p>\n\n\n\n<ul class=\"wp-block-list\"><li><strong>Google <\/strong>quiere reducir la brecha de g\u00e9nero y acelarar la igualdad de la representaci\u00f3n de las mujeres a trav\u00e9s de la inteligencia artifical.<\/li><li><strong>SENA de Colombia <\/strong>se reuni\u00f3 junto a distintos gigantes tecnol\u00f3gicos como Microsoft, Google, Siemens, Bosch, Lego Education, entre otros para lograr acuerdos en la educaci\u00f3n de los ni\u00f1os.<\/li><li><strong>Mercadona <\/strong>realiz\u00f3 una donaci\u00f3n de 10.8k de toneladas de productos b\u00e1sicos a disintas entidades sociales en el primer semestre del a\u00f1o.<\/li><li><strong>Cehic SA <\/strong>se encarg\u00f3 de juntar y realizar una campa\u00f1a de donaciones para un comedor de un barrio de contexto vulnerable en Santiago del Estero.<\/li><li><strong>Movistar junto a Nestl\u00e9 <\/strong>en Venezuela realizan un convenio para fomentar la educaci\u00f3n en alimentaci\u00f3n saludable.<\/li><li><strong>Repsol <\/strong>realiz\u00f3 un convenio con la UTEC para beneficiar a comunidades ind\u00edgenas de Cusco.<\/li><li><strong><strong>Dale una Mano a Costa Rica<\/strong><\/strong> apoya a j\u00f3venes de comunidades vulnerables en el pa\u00eds para que puedan desarrollarse a trav\u00e9s del acompa\u00f1amiento educativo.<\/li><li><strong>Unicef <\/strong>se contin\u00faa comprometiendo con ayudar a los ni\u00f1os y ni\u00f1as de Latinoam\u00e9rica.<\/li><\/ul>\n\n\n\n<p><\/p>\n\n\n\n<p><strong>AMBIENTAL<\/strong><\/p>\n\n\n\n<ul class=\"wp-block-list\"><li><strong>Essence y Elf <\/strong>ya cuentan con productos libres de pruebas con animales, comprometidas con el cuidado al medio ambiente y a los animales.<\/li><li><strong>Banco Colombia <\/strong>le otorg\u00f3 un pr\u00e9stamo sostenible a Enel para impulsar su estrategia de electrificaci\u00f3n.<\/li><li><strong>Rezet, Leaf Y Silobag <\/strong>son marcas que buscan transformar materiales reciclados en ecoproductos.<\/li><li><strong>Agencia Presente <\/strong>se encarg\u00f3 de que mujeres argentinas peque\u00f1as productoras recuperaran sus tierras para seguir cultivando.<\/li><li><strong>Empresa Paname\u00f1a de Alimentos <\/strong>obtuvo un sello verde de verdad por su nueva disposici\u00f3n a calcular al huella de carbono que genera y lograr reducirla.<\/li><li><strong>Venture Capital <\/strong>lanz\u00f3 el primer bono verde de Latinoam\u00e9rica, comprometi\u00e9ndose a realizar inversiones enfocadas en reducir la huella de carbono y en otros proyectos verdes.<\/li><li><strong>Sprite <\/strong>dej\u00f3 de lado sus botellas verdes cl\u00e1sicas para cambiarlas por envases m\u00e1s renovables.<\/li><li><strong>BBVA <\/strong>a trav\u00e9s de su ciudad dona 500 kilos de alimentos en seis meses.<\/li><li><strong>Bater\u00edas de n\u00edquel y de hidr\u00f3geno, <\/strong>utilizadas en el espacio, pueden ser una nueva alternativa para los coches el\u00e9ctricos.<\/li><li><strong>Lamborghini <\/strong>ya trabaja en un nuevo modelo de su auto Hurac\u00e1n h\u00edbrido.<\/li><\/ul>\n\n\n\n<p><\/p>\n\n\n\n<p><strong>SECTOR AUTOMOTRIZ<\/strong><\/p>\n\n\n\n<ul class=\"wp-block-list\"><li><strong>Maracucho <\/strong>aprendi\u00f3 a hacer veh\u00edculos el\u00e9ctricos con autonom\u00eda de 6 horas.<\/li><li><strong>BBVA Provincial <\/strong>anuncia cr\u00e9ditos para la adquisici\u00f3n de veh\u00edculos el\u00e9ctricos.<\/li><li><strong>GKN Powder Metallurgy <\/strong>entrara al mercado de imanes el\u00e9ctricos para el desarrollo de veh\u00edculos h\u00edbridos.<\/li><li><strong>Blaudivre <\/strong>l\u00edder en recarga de coches el\u00e9ctricos.<\/li><li><strong>CEDRES <\/strong>realiza acuerdos para fomentar la electromovilidad en Ecuador, a trav\u00e9s de la instalaci\u00f3n de bases de recarga para veh\u00edculos el\u00e9ctricos.<\/li><li><strong>Tito,<\/strong> el auto el\u00e9ctrico argentino ya cuenta con 5 puertas.<\/li><li><strong>Quantum E4 <\/strong>es un auto boliviano a base de litio, y pasar\u00e1 a ser el veh\u00edculo con energ\u00eda renovable m\u00e1s barato de todos.<\/li><li><strong>Metrob\u00fas en M\u00e9xico <\/strong>sumar\u00e1 50 nuevos buses el\u00e9ctricos a su flota.<\/li><li><strong>Ebord <\/strong>anuncia la producci\u00f3n de autos el\u00e9ctricos en M\u00e9xico en el corto tiempo.<\/li><li><strong>Ford <\/strong>triplicar\u00e1 su producci\u00f3n de autos el\u00e9ctricos en M\u00e9xico.<\/li><li><strong>El Presidente de M\u00e9xico AMLO <\/strong>le ofrece litio a las empresas de autom\u00f3viles para que se instalen en el pa\u00eds.<\/li><\/ul>\n","protected":false},"excerpt":{"rendered":"<p>DERCO CENTER |<\/p>\n","protected":false},"author":88,"featured_media":0,"comment_status":"closed","ping_status":"closed","sticky":false,"template":"","format":"standard","meta":{"_et_pb_use_builder":"off","_et_pb_old_content":"<!-- wp:heading -->\n<h2>Temas destacados<\/h2>\n<!-- \/wp:heading -->\n\n<!-- wp:paragraph -->\n<p><strong><strong>DESARROLLO SOCIAL<\/strong><\/strong><\/p>\n<!-- \/wp:paragraph -->\n\n<!-- wp:list -->\n<ul><li><strong>Scotiabank Colombia<\/strong> apunta a aumentar la participaci\u00f3n de mujeres en juntas directivas.<\/li><li><strong>Tigo <\/strong>contin\u00faa consolidando su trabajo voluntario.<\/li><li><strong>Nestl\u00e9 Guatemala<\/strong> dona productos l\u00e1cteos para ni\u00f1os en situaci\u00f3n de vulnerabilidad.<\/li><li><strong>Gripo Cenoa Argentina <\/strong>entrega donaciones para el banco de alimentos de Jujuy.<\/li><li><strong>Coca-Cola<\/strong> impulsa el empoderamiento de mujeres de Latinoam\u00e9rica mediante el apoyo a sus peque\u00f1os negocios.<\/li><li><strong>Banco de Bogot\u00e1<\/strong> anuncia que se une a Telet\u00f3n Renace.<\/li><li><strong>Banbif Per\u00fa <\/strong>realiza colecta interna para abastecer de alimentos para las familias m\u00e1s vulnerables.<\/li><li><strong>P&amp;G Espa\u00f1a <\/strong>se compromete a desarrollar 21 proyectos para abordar los desaf\u00edos relacionados con Impacto en la comunidad, Igualdad e Inclusi\u00f3n y Sostenibilidad medioambiental.<\/li><li><strong>Moderna Alimentos Ecuador<\/strong> entrega m\u00e1s de 45 mil Kg de alimentos durante el 2021.<\/li><li><strong>Coca Cola junto a Cruz Roja Argentina <\/strong>donan insumos al Hospital de ni\u00f1os Ricardo Guti\u00e9rrez.<\/li><\/ul>\n<!-- \/wp:list -->\n\n<!-- wp:paragraph -->\n<p><\/p>\n<!-- \/wp:paragraph -->\n\n<!-- wp:paragraph -->\n<p><strong>AMBIENTAL<\/strong><\/p>\n<!-- \/wp:paragraph -->\n\n<!-- wp:list -->\n<ul><li><strong>La Fundaci\u00f3n BBVA<\/strong> anuncia la convocatoria 2021 de Ayudas a Proyectos de Investigaci\u00f3n Cient\u00edfica en las \u00e1reas de Cambio Clim\u00e1tico y Ecolog\u00eda y Biolog\u00eda de la Conservaci\u00f3n.<\/li><li><strong>McDonald\u2019s<\/strong>\u00a0inaugura su primer restaurante con cero emisiones en Reino Unido.<\/li><li><strong>Repsol<\/strong> ampl\u00eda su gama de materiales de baja huella de carbono.<\/li><li><strong>Repsol <\/strong>colaborara con nuevo ecocombustible 100% renovable en Dakar 2022.<\/li><li><strong>Terpel Panam\u00e1<\/strong> y su equipo han reciclado m\u00e1s de una tonelada de materiales durante el 2021 y sembrado m\u00e1s de una docena de \u00e1rboles.<\/li><li><strong>Bancolombia <\/strong>ampli\u00f3 su l\u00ednea de financiaci\u00f3n sostenible.<\/li><li><strong>Equipetrol<\/strong> cambia su matriz en\u00e9rgica a energ\u00eda renovable como contribuci\u00f3n al medio ambiente.<\/li><li><strong>Data for life<\/strong> Espa\u00f1a crea app que permite calcular la huella de carbono.<\/li><li><strong>Grupo BBVA <\/strong>entrega 11,5 millones de tarjetas recicladas.<\/li><li><strong>Coca-Cola Argentina <\/strong>presenta sus acciones de verano para el cuidado del ambiente en diferentes centros tur\u00edsticos.<\/li><\/ul>\n<!-- \/wp:list -->\n\n<!-- wp:paragraph -->\n<p><\/p>\n<!-- \/wp:paragraph -->\n\n<!-- wp:paragraph -->\n<p><\/p>\n<!-- \/wp:paragraph -->\n\n<!-- wp:paragraph -->\n<p><\/p>\n<!-- \/wp:paragraph -->\n\n<!-- wp:paragraph -->\n<p><strong>SECTOR AUTOMOTRIZ<\/strong><\/p>\n<!-- \/wp:paragraph -->\n\n<!-- wp:list -->\n<ul><li><strong>Toyota<\/strong> c+pod se posiciona como el coche el\u00e9ctrico m\u00e1s brato del mundo.<\/li><li><strong>Hyundai <\/strong>est\u00e1 dejando de desarrollar nuevos motores de combusti\u00f3n para realizar una transici\u00f3n a los veh\u00edculos el\u00e9ctricos.<\/li><li><strong>Ford<\/strong> h\u00edbridas F150 permiten recargar otros veh\u00edculos el\u00e9ctricos.<\/li><li>En Suecia, instalan una v\u00eda que recarga veh\u00edculos el\u00e9ctricos mientras transitan por ella.<\/li><li><strong>Jac<\/strong> fue la marca m\u00e1s vendida de coches el\u00e9ctricos en M\u00e9xico.<\/li><li><strong>Jaguar <\/strong>llega a Chile con su primer auto 100% el\u00e9ctrico.<\/li><li><strong>Waymo<\/strong> anuncia colaboraci\u00f3n con Geely para Driver en nueva versi\u00f3n de Zeekr.<\/li><li><strong>Citro\u00ebn<\/strong>\u00a0presenta el nuevo coche C3 en Argentina.<\/li><li><strong>Ford<\/strong> Mustang proveer\u00e1 de autos el\u00e9ctricos a la empresa de taxis Gravity en Estados Unidos.<\/li><li><strong>Saic Motor y MG<\/strong> invierten m\u00e1s de US$45 millones en nueva movilidad.<\/li><li><strong>Tesla<\/strong> retira del mercado m\u00e1s de 475 mil autos el\u00e9ctricos por problemas de seguridad.<\/li><li>La planta de <strong>Nissan<\/strong> en Barcelona tiene nuevo due\u00f1o: se la queda el grupo liderado por QEV Technologies para fabricar coches el\u00e9ctricos.<\/li><\/ul>\n<!-- \/wp:list -->\n\n<!-- wp:paragraph -->\n<p><\/p>\n<!-- \/wp:paragraph -->","_et_gb_content_width":"","footnotes":"","_links_to":"","_links_to_target":""},"categories":[18],"tags":[],"class_list":["post-5593","post","type-post","status-publish","format-standard","hentry","category-buzz-tracker"],"jetpack_featured_media_url":"","_links":{"self":[{"href":"https:\/\/reports.eyewatch.me\/dc\/wp-json\/wp\/v2\/posts\/5593","targetHints":{"allow":["GET"]}}],"collection":[{"href":"https:\/\/reports.eyewatch.me\/dc\/wp-json\/wp\/v2\/posts"}],"about":[{"href":"https:\/\/reports.eyewatch.me\/dc\/wp-json\/wp\/v2\/types\/post"}],"author":[{"embeddable":true,"href":"https:\/\/reports.eyewatch.me\/dc\/wp-json\/wp\/v2\/users\/88"}],"replies":[{"embeddable":true,"href":"https:\/\/reports.eyewatch.me\/dc\/wp-json\/wp\/v2\/comments?post=5593"}],"version-history":[{"count":1,"href":"https:\/\/reports.eyewatch.me\/dc\/wp-json\/wp\/v2\/posts\/5593\/revisions"}],"predecessor-version":[{"id":5595,"href":"https:\/\/reports.eyewatch.me\/dc\/wp-json\/wp\/v2\/posts\/5593\/revisions\/5595"}],"wp:attachment":[{"href":"https:\/\/reports.eyewatch.me\/dc\/wp-json\/wp\/v2\/media?parent=5593"}],"wp:term":[{"taxonomy":"category","embeddable":true,"href":"https:\/\/reports.eyewatch.me\/dc\/wp-json\/wp\/v2\/categories?post=5593"},{"taxonomy":"post_tag","embeddable":true,"href":"https:\/\/reports.eyewatch.me\/dc\/wp-json\/wp\/v2\/tags?post=5593"}],"curies":[{"name":"wp","href":"https:\/\/api.w.org\/{rel}","templated":true}]}}