{"id":5568,"date":"2022-08-04T21:22:36","date_gmt":"2022-08-04T21:22:36","guid":{"rendered":"https:\/\/reports.eyewatch.me\/dc\/?p=5568"},"modified":"2022-08-04T21:22:41","modified_gmt":"2022-08-04T21:22:41","slug":"resumen-4-de-agosto","status":"publish","type":"post","link":"https:\/\/reports.eyewatch.me\/dc\/resumen-4-de-agosto\/","title":{"rendered":"Resumen 4 de Agosto"},"content":{"rendered":"<div id=\"fb-root\"><\/div>\n\n<h2 class=\"wp-block-heading\" id=\"temas-destacados\">Temas destacados<\/h2>\n\n\n\n<p><strong><strong>DESARROLLO SOCIAL<\/strong><\/strong><\/p>\n\n\n\n<ul class=\"wp-block-list\"><li><strong>Microsoft <\/strong>junto a la ONG <strong>ChangeX <\/strong>buscan generar un impacto positivo en los barrios a trav\u00e9s de la financiaci\u00f3n de proyectos de cambio social.<\/li><li><strong>Sodimac <\/strong>realiz\u00f3 una jornada de voluntariado en la Plaza Angol.<\/li><li><strong>Cellnex Foundation <\/strong>realiz\u00f3 una donaci\u00f3n de 309 kg y 127 litros de productos b\u00e1sicos para la alimentaci\u00f3n para las personas que se encuentran en contextos vulnerables.<\/li><li><strong>McDonalds <\/strong>abri\u00f3 un nuevo local en Guatemala y por consiguiente realiz\u00f3 una donaci\u00f3n de dinero para la asociaci\u00f3n de Bomberos Voluntarios de Villa Canales.<\/li><li><strong>Movistar <\/strong>se encuentra realizando una campa\u00f1a para acortar la brecha digital, brindando a ni\u00f1os y ni\u00f1as en situaci\u00f3n de vulnerabilidad la posibilidad del acceso a la tecnolog\u00eda de punta y al internet.<\/li><li><strong>Google <\/strong>se encuentra financiando proyectos de gran impacto social en Latinoam\u00e9rica, como por ejemplo el emprendimiento de <strong>Coally, <\/strong>quienes realizaron una aplicaci\u00f3n para j\u00f3venes en b\u00fasqueda de empleo.<\/li><li><strong>Vision Monday <\/strong>celebra sus 20 a\u00f1os homenajeando a las mujeres m\u00e1s influyentes en la \u00f3ptica, otorg\u00e1ndoles su justo reconocimiento.<\/li><li><strong>Nestl\u00e9 <\/strong>lanz\u00f3 en Chile un Fondo de Desarrollo Local para apoyar a organizaciones de la regi\u00f3n de San Fernando.<\/li><\/ul>\n\n\n\n<p><\/p>\n\n\n\n<p><strong>AMBIENTAL<\/strong><\/p>\n\n\n\n<ul class=\"wp-block-list\"><li><strong>Nestl\u00e9 <\/strong>invirti\u00f3 4.3 millones de d\u00f3lares en cultivos de caf\u00e9 sostenible.<\/li><li><strong>Bimbo <\/strong>buscar\u00e1 que el 100% de sus empaques sean reciclables.<\/li><li><strong>Microsoft <\/strong>est\u00e1 financiando y apoyando un barco inteligente que recoge toneladas de pl\u00e1stico y 15 l\u00edtros de l\u00edquidos contaminantes para los mares por d\u00eda.<\/li><li><strong>Banco de Chile <\/strong>con su &#8220;cuadrilla azul&#8221; logr\u00f3 reforestar m\u00e1s de 25 mil \u00e1rboles nativos en distintas regiones del pa\u00eds.<\/li><li><strong>Jetsmart <\/strong>incorpor\u00f3 a su flota el avi\u00f3n m\u00e1s sostenible de Sudam\u00e9rica.<\/li><li><strong>Winpack <\/strong>cuenta con su propia m\u00e1quina de reciclaje que le permite reducir el uso de polietileno, ofreci\u00e9ndose tambi\u00e9n a otras empresas para reducir el nivel de desechos y reducir el impacto ambiental.<\/li><li><strong>H&amp;M <\/strong>lanz\u00f3 un nuevo vestido con materiales reciclables que fue furor.<\/li><li><strong>BBVA <\/strong>lanz\u00f3 su primer pr\u00e9stamo sostenible en Venezuela, buscando que las personas accedan a un cr\u00e9dito para impulsar la reducci\u00f3n de la huella de carbono.<\/li><li><strong>Porsche <\/strong>lanz\u00f3 una nueva flota de bicicletas el\u00e9ctricas de lujo.<\/li><li><strong>Seikodo <\/strong>agrega Crystal Clean Connect a sus productos para impulsar la productividad y la sostenibilidad.<\/li><\/ul>\n\n\n\n<p><\/p>\n\n\n\n<p><strong>SECTOR AUTOMOTRIZ<\/strong><\/p>\n\n\n\n<ul class=\"wp-block-list\"><li><strong>Rivian <\/strong>afirma que entregar\u00e1 25 mil veh\u00edculos el\u00e9ctricos en 2022.<\/li><li><strong>Nissan <\/strong>present\u00f3 su nuevo modelo Lef Nismo 300 HP.<\/li><li><strong>Nissan Motor <\/strong>se prepara en su planta en Missisipi para fabricar veh\u00edculos con bater\u00edas el\u00e9ctricas que funcionen 100% con esta energ\u00eda.<\/li><li><strong>Sony <\/strong>present\u00f3 su prototipo de auto el\u00e9ctrico denominado Vision-S.<\/li><li><strong>Hyundai <\/strong>cre\u00f3 un nuevo cami\u00f3n 100% el\u00e9ctrico que se llama ZEDO 300 EV.<\/li><li><strong>E-MOV <\/strong>cuenta con una flota de 45 taxis y 45 furgones para carga el\u00e9ctricos, y afirman seguir con esta tendencia para cambiar todos sus veh\u00edculos en el\u00e9ctricos.<\/li><li><strong>ZEM <\/strong>es un nuevo modelo de veh\u00edculo el\u00e9ctrico que absorbe CO2 mientras conduce.<\/li><li><strong>Metrob\u00fas en M\u00e9xico <\/strong>sumar\u00e1 50 nuevos buses el\u00e9ctricos a su flota.<\/li><li><strong>Toyota Corolla Cross <\/strong>es el modelo h\u00edbrido m\u00e1s vendido en Argentina.<\/li><li><strong>Ford <\/strong>triplicar\u00e1 su producci\u00f3n de autos el\u00e9ctricos en M\u00e9xico.<\/li><li><strong>Nissan <\/strong>comienza con su producci\u00f3n de autos el\u00e9ctricos para m\u00e9xico en Tailandia, los cuales est\u00e1n estimados que lleguen este a\u00f1o.<\/li><\/ul>\n","protected":false},"excerpt":{"rendered":"<p>DERCO CENTER |<\/p>\n","protected":false},"author":88,"featured_media":0,"comment_status":"closed","ping_status":"closed","sticky":false,"template":"","format":"standard","meta":{"_et_pb_use_builder":"off","_et_pb_old_content":"<!-- wp:heading -->\n<h2>Temas destacados<\/h2>\n<!-- \/wp:heading -->\n\n<!-- wp:paragraph -->\n<p><strong><strong>DESARROLLO SOCIAL<\/strong><\/strong><\/p>\n<!-- \/wp:paragraph -->\n\n<!-- wp:list -->\n<ul><li><strong>Scotiabank Colombia<\/strong> apunta a aumentar la participaci\u00f3n de mujeres en juntas directivas.<\/li><li><strong>Tigo <\/strong>contin\u00faa consolidando su trabajo voluntario.<\/li><li><strong>Nestl\u00e9 Guatemala<\/strong> dona productos l\u00e1cteos para ni\u00f1os en situaci\u00f3n de vulnerabilidad.<\/li><li><strong>Gripo Cenoa Argentina <\/strong>entrega donaciones para el banco de alimentos de Jujuy.<\/li><li><strong>Coca-Cola<\/strong> impulsa el empoderamiento de mujeres de Latinoam\u00e9rica mediante el apoyo a sus peque\u00f1os negocios.<\/li><li><strong>Banco de Bogot\u00e1<\/strong> anuncia que se une a Telet\u00f3n Renace.<\/li><li><strong>Banbif Per\u00fa <\/strong>realiza colecta interna para abastecer de alimentos para las familias m\u00e1s vulnerables.<\/li><li><strong>P&amp;G Espa\u00f1a <\/strong>se compromete a desarrollar 21 proyectos para abordar los desaf\u00edos relacionados con Impacto en la comunidad, Igualdad e Inclusi\u00f3n y Sostenibilidad medioambiental.<\/li><li><strong>Moderna Alimentos Ecuador<\/strong> entrega m\u00e1s de 45 mil Kg de alimentos durante el 2021.<\/li><li><strong>Coca Cola junto a Cruz Roja Argentina <\/strong>donan insumos al Hospital de ni\u00f1os Ricardo Guti\u00e9rrez.<\/li><\/ul>\n<!-- \/wp:list -->\n\n<!-- wp:paragraph -->\n<p><\/p>\n<!-- \/wp:paragraph -->\n\n<!-- wp:paragraph -->\n<p><strong>AMBIENTAL<\/strong><\/p>\n<!-- \/wp:paragraph -->\n\n<!-- wp:list -->\n<ul><li><strong>La Fundaci\u00f3n BBVA<\/strong> anuncia la convocatoria 2021 de Ayudas a Proyectos de Investigaci\u00f3n Cient\u00edfica en las \u00e1reas de Cambio Clim\u00e1tico y Ecolog\u00eda y Biolog\u00eda de la Conservaci\u00f3n.<\/li><li><strong>McDonald\u2019s<\/strong>\u00a0inaugura su primer restaurante con cero emisiones en Reino Unido.<\/li><li><strong>Repsol<\/strong> ampl\u00eda su gama de materiales de baja huella de carbono.<\/li><li><strong>Repsol <\/strong>colaborara con nuevo ecocombustible 100% renovable en Dakar 2022.<\/li><li><strong>Terpel Panam\u00e1<\/strong> y su equipo han reciclado m\u00e1s de una tonelada de materiales durante el 2021 y sembrado m\u00e1s de una docena de \u00e1rboles.<\/li><li><strong>Bancolombia <\/strong>ampli\u00f3 su l\u00ednea de financiaci\u00f3n sostenible.<\/li><li><strong>Equipetrol<\/strong> cambia su matriz en\u00e9rgica a energ\u00eda renovable como contribuci\u00f3n al medio ambiente.<\/li><li><strong>Data for life<\/strong> Espa\u00f1a crea app que permite calcular la huella de carbono.<\/li><li><strong>Grupo BBVA <\/strong>entrega 11,5 millones de tarjetas recicladas.<\/li><li><strong>Coca-Cola Argentina <\/strong>presenta sus acciones de verano para el cuidado del ambiente en diferentes centros tur\u00edsticos.<\/li><\/ul>\n<!-- \/wp:list -->\n\n<!-- wp:paragraph -->\n<p><\/p>\n<!-- \/wp:paragraph -->\n\n<!-- wp:paragraph -->\n<p><\/p>\n<!-- \/wp:paragraph -->\n\n<!-- wp:paragraph -->\n<p><\/p>\n<!-- \/wp:paragraph -->\n\n<!-- wp:paragraph -->\n<p><strong>SECTOR AUTOMOTRIZ<\/strong><\/p>\n<!-- \/wp:paragraph -->\n\n<!-- wp:list -->\n<ul><li><strong>Toyota<\/strong> c+pod se posiciona como el coche el\u00e9ctrico m\u00e1s brato del mundo.<\/li><li><strong>Hyundai <\/strong>est\u00e1 dejando de desarrollar nuevos motores de combusti\u00f3n para realizar una transici\u00f3n a los veh\u00edculos el\u00e9ctricos.<\/li><li><strong>Ford<\/strong> h\u00edbridas F150 permiten recargar otros veh\u00edculos el\u00e9ctricos.<\/li><li>En Suecia, instalan una v\u00eda que recarga veh\u00edculos el\u00e9ctricos mientras transitan por ella.<\/li><li><strong>Jac<\/strong> fue la marca m\u00e1s vendida de coches el\u00e9ctricos en M\u00e9xico.<\/li><li><strong>Jaguar <\/strong>llega a Chile con su primer auto 100% el\u00e9ctrico.<\/li><li><strong>Waymo<\/strong> anuncia colaboraci\u00f3n con Geely para Driver en nueva versi\u00f3n de Zeekr.<\/li><li><strong>Citro\u00ebn<\/strong>\u00a0presenta el nuevo coche C3 en Argentina.<\/li><li><strong>Ford<\/strong> Mustang proveer\u00e1 de autos el\u00e9ctricos a la empresa de taxis Gravity en Estados Unidos.<\/li><li><strong>Saic Motor y MG<\/strong> invierten m\u00e1s de US$45 millones en nueva movilidad.<\/li><li><strong>Tesla<\/strong> retira del mercado m\u00e1s de 475 mil autos el\u00e9ctricos por problemas de seguridad.<\/li><li>La planta de <strong>Nissan<\/strong> en Barcelona tiene nuevo due\u00f1o: se la queda el grupo liderado por QEV Technologies para fabricar coches el\u00e9ctricos.<\/li><\/ul>\n<!-- \/wp:list -->\n\n<!-- wp:paragraph -->\n<p><\/p>\n<!-- \/wp:paragraph -->","_et_gb_content_width":"","footnotes":"","_links_to":"","_links_to_target":""},"categories":[18],"tags":[],"class_list":["post-5568","post","type-post","status-publish","format-standard","hentry","category-buzz-tracker"],"jetpack_featured_media_url":"","_links":{"self":[{"href":"https:\/\/reports.eyewatch.me\/dc\/wp-json\/wp\/v2\/posts\/5568","targetHints":{"allow":["GET"]}}],"collection":[{"href":"https:\/\/reports.eyewatch.me\/dc\/wp-json\/wp\/v2\/posts"}],"about":[{"href":"https:\/\/reports.eyewatch.me\/dc\/wp-json\/wp\/v2\/types\/post"}],"author":[{"embeddable":true,"href":"https:\/\/reports.eyewatch.me\/dc\/wp-json\/wp\/v2\/users\/88"}],"replies":[{"embeddable":true,"href":"https:\/\/reports.eyewatch.me\/dc\/wp-json\/wp\/v2\/comments?post=5568"}],"version-history":[{"count":1,"href":"https:\/\/reports.eyewatch.me\/dc\/wp-json\/wp\/v2\/posts\/5568\/revisions"}],"predecessor-version":[{"id":5569,"href":"https:\/\/reports.eyewatch.me\/dc\/wp-json\/wp\/v2\/posts\/5568\/revisions\/5569"}],"wp:attachment":[{"href":"https:\/\/reports.eyewatch.me\/dc\/wp-json\/wp\/v2\/media?parent=5568"}],"wp:term":[{"taxonomy":"category","embeddable":true,"href":"https:\/\/reports.eyewatch.me\/dc\/wp-json\/wp\/v2\/categories?post=5568"},{"taxonomy":"post_tag","embeddable":true,"href":"https:\/\/reports.eyewatch.me\/dc\/wp-json\/wp\/v2\/tags?post=5568"}],"curies":[{"name":"wp","href":"https:\/\/api.w.org\/{rel}","templated":true}]}}