{"id":5511,"date":"2022-07-28T20:08:38","date_gmt":"2022-07-28T20:08:38","guid":{"rendered":"https:\/\/reports.eyewatch.me\/dc\/?p=5511"},"modified":"2022-07-28T20:08:38","modified_gmt":"2022-07-28T20:08:38","slug":"resumen-28-de-julio","status":"publish","type":"post","link":"https:\/\/reports.eyewatch.me\/dc\/resumen-28-de-julio\/","title":{"rendered":"Resumen 28 de Julio"},"content":{"rendered":"<div id=\"fb-root\"><\/div>\n\n<h2 class=\"wp-block-heading\" id=\"temas-destacados\">Temas destacados<\/h2>\n\n\n\n<p><strong><strong>DESARROLLO SOCIAL<\/strong><\/strong><\/p>\n\n\n\n<ul class=\"wp-block-list\"><li><strong>Scotiabank <\/strong>particip\u00f3 en una jornada de voluntariado en Cartagena.<\/li><li><strong>Homecenter Sodicam <\/strong>lanz\u00f3 una campa\u00f1a con el apoyo de jugadoras de la Selecci\u00f3n Colombiana de F\u00fatbol, para mostrar la importancia de la igualdad de g\u00e9nero en las canchas.<\/li><li><strong>Movistar <\/strong>en Colombia celebrando sus 15 a\u00f1os se comprometi\u00f3 a fortalecer su acci\u00f3n social en la comunidad.<\/li><li><strong>Doctorisy <\/strong>se encuentra realizando una campa\u00f1a de donaci\u00f3n de medicamentos para personas de bajos recursos.<\/li><li><strong>Accusys<\/strong> <strong>Technology <\/strong>en apodo a la Fundaci\u00f3n Si Argentina realiz\u00f3 una donaci\u00f3n de frazadas y mantas para personas en situaci\u00f3n de calle.<\/li><li><strong>Scotiabank <\/strong>abri\u00f3 la convocatoria para el Premio Emprendedora 2022, buscando de esta forma apoyar a las mujeres emprendedoras y empresarias en su trabajo.<\/li><li><strong><em>UNITAR y AB InBev <\/em><\/strong>acordaron realizar acciones conjuntar para el empoderamiento de las mujeres y el emprendimiento a trav\u00e9s de \u00a0tutor\u00edas, intercambio internacional de experiencias y conocimientos, formaci\u00f3n, recursos financieros y soluciones digitales.<\/li><li><strong>The Valuable 500 <\/strong>cuenta con un programa de liderazgo y tutor\u00eda para personas con discapacidad.<\/li><li><strong>Sedal <\/strong>busca con su movimiento &#8220;Repensemos el rosado&#8221; que se impulse a ni\u00f1as, adolescentes y j\u00f3venes a fortalecer su confianza para enfrentar y trastocar los estereotipos impuestos por la sociedad, para lograr una participaci\u00f3n m\u00e1s equitativa y buscar un destacado desarrollo personal y profesional. <\/li><\/ul>\n\n\n\n<p><\/p>\n\n\n\n<p><strong>AMBIENTAL<\/strong><\/p>\n\n\n\n<ul class=\"wp-block-list\"><li><strong>Bazar WADA <\/strong>cuenta con una l\u00ednea de cosm\u00e9tica liderado por mujeres, respetuosa con el medio ambiente donde utilizan ingredientes naturales y no realizan ninguna prueba en animales.<\/li><li><strong>L&#8217;Oreal <\/strong>comienza a utilizar envases 100% reciclables en todos sus productos.<\/li><li><strong>Nestl\u00e9 <\/strong>impulsa el reciclaje a trav\u00e9s de la inteligencia artificial, buscando recuperar los envases de peque\u00f1o tama\u00f1o.<\/li><li><strong>Millicom <\/strong>se compromete a que la ciencia dicte su accionar para reducir las emisiones de carbono.<\/li><li><strong>Unilever <\/strong>present\u00f3 una nueva c\u00e1psula con ingredientes biodegradables  que son 65% derivados de vegetales, por lo que como se disuelve m\u00e1s r\u00e1pido reduce la huella de carbono en un 16%.<\/li><li><strong>Nestl\u00e9 y BBVA <\/strong>firmaron un convenio para impulsar la implementaci\u00f3n de modelos de producci\u00f3n y de distribuci\u00f3n sostenibles.<\/li><li><strong>Nescaf\u00e9 <\/strong>inaugur\u00f3 en M\u00e9xico su planta m\u00e1s sustentable del mundo.<\/li><li><strong>Coca-Cola <\/strong>est\u00e1 incentivando que sus consumidores entreguen botellas de pl\u00e1stico de la marca para intercambiarlas por envases retornables.<\/li><li><strong>Binter<\/strong> invierte en activos para buscar generar una menor huella ambiental, buscando desarrollarse de manera amigable con el medio ambiente.<\/li><li><strong>Lupa<\/strong> est\u00e1 implantando un modelo de supermercado ecoeficiente, minimizando el impacto utilizando sistemas de fr\u00edo industrial equipado con refrigerados de bajo PCA y sistemas de iluminaci\u00f3n LED para reducir el consumo de energ\u00eda. <\/li><\/ul>\n\n\n\n<p><\/p>\n\n\n\n<p><strong>SECTOR AUTOMOTRIZ<\/strong><\/p>\n\n\n\n<ul class=\"wp-block-list\"><li><strong>Volkswagen <\/strong>entrega un 27% m\u00e1s de veh\u00edculos el\u00e9ctricos en el primer semestre del 2022.<\/li><li><strong>General Motors y Nissan, <\/strong>entre otras marcas, se sumar\u00e1n en el 2023 a la venta de veh\u00edculos 100% el\u00e9ctricos en Per\u00fa.<\/li><li><strong>Mercedes <\/strong>present\u00f3 su modelo Vision EQXX, siendo este un modelo el\u00e9ctrico y futurista.<\/li><li><strong>Melex <\/strong>lanza operaci\u00f3n para proveer flotas el\u00e9ctricas para el retail en Chile.<\/li><li><strong>Toyota <\/strong>present\u00f3 su modelo h\u00edbrido de Tundra.<\/li><li><strong>Livent <\/strong>facilitar\u00e1 litio argentino para veh\u00edculos el\u00e9ctricos de General Motors.<\/li><li>En Chile ya se encuentra en funcionamiento el <strong>primer LHD 100% el\u00e9ctrico de la industria minera.<\/strong><\/li><li><strong>Volkswagen <\/strong>actualiz\u00f3 su cl\u00e1sico modelo de &#8220;combi&#8221; convirti\u00e9ndolo en el\u00e9ctrico.<\/li><li><strong>Audi <\/strong>producir\u00e1 su Q5 completamente el\u00e9ctrico en M\u00e9xico.<\/li><li><strong>CR-2 <\/strong>se presenta como un auto biplaza, el\u00e9ctrico y 100% argentino para competir con el Tito.<\/li><li><strong>Honda y Sony <\/strong>se unen para fabricar autos 100% el\u00e9ctricos.<\/li><li><strong>Porsche <\/strong>relata que fabricar autos el\u00e9ctricos dejara m\u00e1s dinero que los a combustible, ya que por los primeros las personas est\u00e1n dispuestas a pagar mayores cantidades de dinero.<\/li><\/ul>\n","protected":false},"excerpt":{"rendered":"<p>DERCO CENTER |<\/p>\n","protected":false},"author":88,"featured_media":0,"comment_status":"closed","ping_status":"closed","sticky":false,"template":"","format":"standard","meta":{"_et_pb_use_builder":"off","_et_pb_old_content":"<!-- wp:heading -->\n<h2>Temas destacados<\/h2>\n<!-- \/wp:heading -->\n\n<!-- wp:paragraph -->\n<p><strong><strong>DESARROLLO SOCIAL<\/strong><\/strong><\/p>\n<!-- \/wp:paragraph -->\n\n<!-- wp:list -->\n<ul><li><strong>Scotiabank Colombia<\/strong> apunta a aumentar la participaci\u00f3n de mujeres en juntas directivas.<\/li><li><strong>Tigo <\/strong>contin\u00faa consolidando su trabajo voluntario.<\/li><li><strong>Nestl\u00e9 Guatemala<\/strong> dona productos l\u00e1cteos para ni\u00f1os en situaci\u00f3n de vulnerabilidad.<\/li><li><strong>Gripo Cenoa Argentina <\/strong>entrega donaciones para el banco de alimentos de Jujuy.<\/li><li><strong>Coca-Cola<\/strong> impulsa el empoderamiento de mujeres de Latinoam\u00e9rica mediante el apoyo a sus peque\u00f1os negocios.<\/li><li><strong>Banco de Bogot\u00e1<\/strong> anuncia que se une a Telet\u00f3n Renace.<\/li><li><strong>Banbif Per\u00fa <\/strong>realiza colecta interna para abastecer de alimentos para las familias m\u00e1s vulnerables.<\/li><li><strong>P&amp;G Espa\u00f1a <\/strong>se compromete a desarrollar 21 proyectos para abordar los desaf\u00edos relacionados con Impacto en la comunidad, Igualdad e Inclusi\u00f3n y Sostenibilidad medioambiental.<\/li><li><strong>Moderna Alimentos Ecuador<\/strong> entrega m\u00e1s de 45 mil Kg de alimentos durante el 2021.<\/li><li><strong>Coca Cola junto a Cruz Roja Argentina <\/strong>donan insumos al Hospital de ni\u00f1os Ricardo Guti\u00e9rrez.<\/li><\/ul>\n<!-- \/wp:list -->\n\n<!-- wp:paragraph -->\n<p><\/p>\n<!-- \/wp:paragraph -->\n\n<!-- wp:paragraph -->\n<p><strong>AMBIENTAL<\/strong><\/p>\n<!-- \/wp:paragraph -->\n\n<!-- wp:list -->\n<ul><li><strong>La Fundaci\u00f3n BBVA<\/strong> anuncia la convocatoria 2021 de Ayudas a Proyectos de Investigaci\u00f3n Cient\u00edfica en las \u00e1reas de Cambio Clim\u00e1tico y Ecolog\u00eda y Biolog\u00eda de la Conservaci\u00f3n.<\/li><li><strong>McDonald\u2019s<\/strong>\u00a0inaugura su primer restaurante con cero emisiones en Reino Unido.<\/li><li><strong>Repsol<\/strong> ampl\u00eda su gama de materiales de baja huella de carbono.<\/li><li><strong>Repsol <\/strong>colaborara con nuevo ecocombustible 100% renovable en Dakar 2022.<\/li><li><strong>Terpel Panam\u00e1<\/strong> y su equipo han reciclado m\u00e1s de una tonelada de materiales durante el 2021 y sembrado m\u00e1s de una docena de \u00e1rboles.<\/li><li><strong>Bancolombia <\/strong>ampli\u00f3 su l\u00ednea de financiaci\u00f3n sostenible.<\/li><li><strong>Equipetrol<\/strong> cambia su matriz en\u00e9rgica a energ\u00eda renovable como contribuci\u00f3n al medio ambiente.<\/li><li><strong>Data for life<\/strong> Espa\u00f1a crea app que permite calcular la huella de carbono.<\/li><li><strong>Grupo BBVA <\/strong>entrega 11,5 millones de tarjetas recicladas.<\/li><li><strong>Coca-Cola Argentina <\/strong>presenta sus acciones de verano para el cuidado del ambiente en diferentes centros tur\u00edsticos.<\/li><\/ul>\n<!-- \/wp:list -->\n\n<!-- wp:paragraph -->\n<p><\/p>\n<!-- \/wp:paragraph -->\n\n<!-- wp:paragraph -->\n<p><\/p>\n<!-- \/wp:paragraph -->\n\n<!-- wp:paragraph -->\n<p><\/p>\n<!-- \/wp:paragraph -->\n\n<!-- wp:paragraph -->\n<p><strong>SECTOR AUTOMOTRIZ<\/strong><\/p>\n<!-- \/wp:paragraph -->\n\n<!-- wp:list -->\n<ul><li><strong>Toyota<\/strong> c+pod se posiciona como el coche el\u00e9ctrico m\u00e1s brato del mundo.<\/li><li><strong>Hyundai <\/strong>est\u00e1 dejando de desarrollar nuevos motores de combusti\u00f3n para realizar una transici\u00f3n a los veh\u00edculos el\u00e9ctricos.<\/li><li><strong>Ford<\/strong> h\u00edbridas F150 permiten recargar otros veh\u00edculos el\u00e9ctricos.<\/li><li>En Suecia, instalan una v\u00eda que recarga veh\u00edculos el\u00e9ctricos mientras transitan por ella.<\/li><li><strong>Jac<\/strong> fue la marca m\u00e1s vendida de coches el\u00e9ctricos en M\u00e9xico.<\/li><li><strong>Jaguar <\/strong>llega a Chile con su primer auto 100% el\u00e9ctrico.<\/li><li><strong>Waymo<\/strong> anuncia colaboraci\u00f3n con Geely para Driver en nueva versi\u00f3n de Zeekr.<\/li><li><strong>Citro\u00ebn<\/strong>\u00a0presenta el nuevo coche C3 en Argentina.<\/li><li><strong>Ford<\/strong> Mustang proveer\u00e1 de autos el\u00e9ctricos a la empresa de taxis Gravity en Estados Unidos.<\/li><li><strong>Saic Motor y MG<\/strong> invierten m\u00e1s de US$45 millones en nueva movilidad.<\/li><li><strong>Tesla<\/strong> retira del mercado m\u00e1s de 475 mil autos el\u00e9ctricos por problemas de seguridad.<\/li><li>La planta de <strong>Nissan<\/strong> en Barcelona tiene nuevo due\u00f1o: se la queda el grupo liderado por QEV Technologies para fabricar coches el\u00e9ctricos.<\/li><\/ul>\n<!-- \/wp:list -->\n\n<!-- wp:paragraph -->\n<p><\/p>\n<!-- \/wp:paragraph -->","_et_gb_content_width":"","footnotes":"","_links_to":"","_links_to_target":""},"categories":[18],"tags":[],"class_list":["post-5511","post","type-post","status-publish","format-standard","hentry","category-buzz-tracker"],"jetpack_featured_media_url":"","_links":{"self":[{"href":"https:\/\/reports.eyewatch.me\/dc\/wp-json\/wp\/v2\/posts\/5511","targetHints":{"allow":["GET"]}}],"collection":[{"href":"https:\/\/reports.eyewatch.me\/dc\/wp-json\/wp\/v2\/posts"}],"about":[{"href":"https:\/\/reports.eyewatch.me\/dc\/wp-json\/wp\/v2\/types\/post"}],"author":[{"embeddable":true,"href":"https:\/\/reports.eyewatch.me\/dc\/wp-json\/wp\/v2\/users\/88"}],"replies":[{"embeddable":true,"href":"https:\/\/reports.eyewatch.me\/dc\/wp-json\/wp\/v2\/comments?post=5511"}],"version-history":[{"count":1,"href":"https:\/\/reports.eyewatch.me\/dc\/wp-json\/wp\/v2\/posts\/5511\/revisions"}],"predecessor-version":[{"id":5514,"href":"https:\/\/reports.eyewatch.me\/dc\/wp-json\/wp\/v2\/posts\/5511\/revisions\/5514"}],"wp:attachment":[{"href":"https:\/\/reports.eyewatch.me\/dc\/wp-json\/wp\/v2\/media?parent=5511"}],"wp:term":[{"taxonomy":"category","embeddable":true,"href":"https:\/\/reports.eyewatch.me\/dc\/wp-json\/wp\/v2\/categories?post=5511"},{"taxonomy":"post_tag","embeddable":true,"href":"https:\/\/reports.eyewatch.me\/dc\/wp-json\/wp\/v2\/tags?post=5511"}],"curies":[{"name":"wp","href":"https:\/\/api.w.org\/{rel}","templated":true}]}}