{"id":5487,"date":"2022-07-25T20:58:11","date_gmt":"2022-07-25T20:58:11","guid":{"rendered":"https:\/\/reports.eyewatch.me\/dc\/?p=5487"},"modified":"2022-07-25T20:58:11","modified_gmt":"2022-07-25T20:58:11","slug":"resumen-25-de-julio","status":"publish","type":"post","link":"https:\/\/reports.eyewatch.me\/dc\/resumen-25-de-julio\/","title":{"rendered":"Resumen 25 de Julio"},"content":{"rendered":"<div id=\"fb-root\"><\/div>\n\n<h2 class=\"wp-block-heading\" id=\"temas-destacados\">Temas destacados<\/h2>\n\n\n\n<p><strong><strong>DESARROLLO SOCIAL<\/strong><\/strong><\/p>\n\n\n\n<ul class=\"wp-block-list\"><li><strong>Microsoft <\/strong>junto a <strong>Comfama <\/strong>abre la convocatoria para el voluntariado como formador digital, dedicado a la solidaridad de las personas para cuidar a otros, familias y a empresas que requieren de acompa\u00f1amiento.<\/li><li><strong>Google <\/strong>utiliza la Inteligencia Artifical para terminar con la brecha de g\u00e9nero, buscando de esta forma descubrir mujeres l\u00edderes olvidadas en la historia, mejorar el pron\u00f3stico de las pacientes o identificar brechas de g\u00e9nero en los medios de comunicaci\u00f3n, prometiendo mayores avances en el futuro.<\/li><li><strong>BBVA <\/strong>junto a <strong>IPN M\u00c9XICO <\/strong>establecieron un acuerdo para trabajar en conjunto en materia de educaci\u00f3n y movilidad social.<\/li><li><strong>Quality Temporal <\/strong>se encuentra realizando una campa\u00f1a de recogida de alimentos no perecederos para d\u00e1rselo a familias en contextos vulnerables.<\/li><li><strong>Fundaci\u00f3n Ses\u00e9 <\/strong>busca darle una segunda vida a ropa usada, por lo que lanz\u00f3 un llamado para donaci\u00f3n de ropa a personas que lo necesiten.<\/li><li><strong>Ciacruz Seguros <\/strong>puso en marcha un proyecto de Responsabilidad Social denominado &#8220;Cambiando Historias&#8221;, encargada de ayudar a las personas con discapacidad intelectual y sus familias, para que puedan tener un ingreso fijo y protegerlos.<\/li><li><strong>Adidas <\/strong>se encargar\u00e1 de arreglar seis canchas en Santiago de Chile, logrando de esta forma acercar el deporte a la comunidad.<\/li><li><strong>Operativo de Salud Bocal <\/strong>lanz\u00f3 una iniciativa para beneficiar a ni\u00f1os y ni\u00f1as en riesgo social de forma gratutia.<\/li><li><strong>WOM <\/strong>recibi\u00f3 el Sello Iguala Conciliaci\u00f3n por parte del gobierno por el sistema de gesti\u00f3n de igualdad de g\u00e9nero y conciliaci\u00f3n de la vida familiar, laboral y personal que utiliza la empresa.<\/li><\/ul>\n\n\n\n<p><\/p>\n\n\n\n<p><strong>AMBIENTAL<\/strong><\/p>\n\n\n\n<ul class=\"wp-block-list\"><li><strong>Maz <\/strong> es una marca de moda sostenible, donde el 90% de los trabajadores son mujeres cabeza de familia.<\/li><li><strong>BASQ <\/strong>entre otras marcas de zapatos elaboran estos productos a trav\u00e9s de neum\u00e1ticos reciclados.<\/li><li><strong>Hyperloop <\/strong>es el nombre del proyecto de un tren en Suiza que generar\u00e1 0 emisiones de CO2, y ser\u00e1 el m\u00e1s r\u00e1pido del mundo.<\/li><li><strong>Syoss <\/strong>fabrica todas sus botellas de shampoo y acondicionador a trav\u00e9s de pl\u00e1stico 100% reciclado.<\/li><li><strong>Wong <\/strong>adquiere 65 veh\u00edculos el\u00e9ctricos para renovar su flota.<\/li><li><strong>LATAM <\/strong>elimin\u00f3 en un 40% el uso de pl\u00e1stico de un solo uso, a trav\u00e9s de su programa de reciclaje, reducci\u00f3n de consumo y reutilizaci\u00f3n. <\/li><li><strong>Agrocampo <\/strong>planea plantar m\u00e1s de 1.000 \u00e1rboles en el Amazonas para combatir la huella de carbono.<\/li><li><strong>HVO100 <\/strong>es el nuevo di\u00e9sel del futuro que ya se utiliza en Europa del Norte, donde se crea a trav\u00e9s de biodiesel vegetal, reduciendo de esta forma de manera muy fuerte las emisiones de carbono.<\/li><li><strong>Google <\/strong>est\u00e1 invirtiendo en un nuevo reactor de fusi\u00f3n que pretende empezar a generar energ\u00eda limpia y verde a partir de 2030.<\/li><li><strong>Palma <\/strong>recibir\u00e1 44 nuevos buses a gas natural a partir de setiembre, reduciendo las emisiones que realizan los buses a nafta.<\/li><\/ul>\n\n\n\n<p><\/p>\n\n\n\n<p><strong>SECTOR AUTOMOTRIZ<\/strong><\/p>\n\n\n\n<ul class=\"wp-block-list\"><li>China da un paso m\u00e1s hacia la energ\u00eda limpia e invierte en <strong>Autos Solares<\/strong>.<\/li><li><strong>CATL <\/strong>est\u00e1 considerando abrir una planta en M\u00e9xico para producir bater\u00edas el\u00e9ctricas para <strong>Tesla <\/strong>y <strong>Ford.<\/strong><\/li><li><strong>Ford <\/strong>apuesta fuertemente a veh\u00edculos el\u00e9ctricos y realiza una serie de acuerdos para fortalecer sus inversiones.<\/li><li><strong>Porsche <\/strong>se presenta como uno de los grandes competidores de Tesla en el mercado de los autos el\u00e9ctricos, invirtiendo en la actualizaci\u00f3n del software de los distintos autom\u00f3viles.<\/li><li><strong>Sero Electric <\/strong>cuenta con una planta donde dise\u00f1a y desarrolla veh\u00edculos el\u00e9ctricos utilizando un 80% de insumos nacionales de Argentina.<\/li><li><strong>Siemens <\/strong>se compromete a seguir contribuyendo con la instalaci\u00f3n de cargas el\u00e9ctricas para autos y buses en Colombia.<\/li><li><strong>Royal America <\/strong>invirti\u00f3 para que toda su empresa este conectada a trav\u00e9s de la electromovilidad.<\/li><li><strong>Ford <\/strong>despedir\u00e1 a 8000 trabajadores para financiar m\u00e1s proyectos de autos el\u00e9ctricos.<\/li><li><strong>Chevrolet <\/strong>planea que con su nuevo Blazer EV 2024 pueda competirle a Tesla en el mercado de los autom\u00f3viles el\u00e9ctricos.<\/li><li><strong>Los<\/strong> <strong>autos el\u00e9ctricos empiezan a recorrer m\u00e1s kil\u00f3metros de forma aut\u00f3noma que los autos a combusti\u00f3n.<\/strong><\/li><li>Quito invertir\u00e1 en <strong>20 nuevas electrolineras <\/strong>de carga para autom\u00f3viles el\u00e9ctricos debido al alta demanda de este tipo de veh\u00edculos.<\/li><li><strong>Mini <\/strong>planea que sus nuevos modelos de autos sean el\u00e9ctricos y accesibles para las personas con discapacidades motrices.<\/li><\/ul>\n","protected":false},"excerpt":{"rendered":"<p>DERCO CENTER |<\/p>\n","protected":false},"author":88,"featured_media":0,"comment_status":"closed","ping_status":"closed","sticky":false,"template":"","format":"standard","meta":{"_et_pb_use_builder":"off","_et_pb_old_content":"<!-- wp:heading -->\n<h2>Temas destacados<\/h2>\n<!-- \/wp:heading -->\n\n<!-- wp:paragraph -->\n<p><strong><strong>DESARROLLO SOCIAL<\/strong><\/strong><\/p>\n<!-- \/wp:paragraph -->\n\n<!-- wp:list -->\n<ul><li><strong>Scotiabank Colombia<\/strong> apunta a aumentar la participaci\u00f3n de mujeres en juntas directivas.<\/li><li><strong>Tigo <\/strong>contin\u00faa consolidando su trabajo voluntario.<\/li><li><strong>Nestl\u00e9 Guatemala<\/strong> dona productos l\u00e1cteos para ni\u00f1os en situaci\u00f3n de vulnerabilidad.<\/li><li><strong>Gripo Cenoa Argentina <\/strong>entrega donaciones para el banco de alimentos de Jujuy.<\/li><li><strong>Coca-Cola<\/strong> impulsa el empoderamiento de mujeres de Latinoam\u00e9rica mediante el apoyo a sus peque\u00f1os negocios.<\/li><li><strong>Banco de Bogot\u00e1<\/strong> anuncia que se une a Telet\u00f3n Renace.<\/li><li><strong>Banbif Per\u00fa <\/strong>realiza colecta interna para abastecer de alimentos para las familias m\u00e1s vulnerables.<\/li><li><strong>P&amp;G Espa\u00f1a <\/strong>se compromete a desarrollar 21 proyectos para abordar los desaf\u00edos relacionados con Impacto en la comunidad, Igualdad e Inclusi\u00f3n y Sostenibilidad medioambiental.<\/li><li><strong>Moderna Alimentos Ecuador<\/strong> entrega m\u00e1s de 45 mil Kg de alimentos durante el 2021.<\/li><li><strong>Coca Cola junto a Cruz Roja Argentina <\/strong>donan insumos al Hospital de ni\u00f1os Ricardo Guti\u00e9rrez.<\/li><\/ul>\n<!-- \/wp:list -->\n\n<!-- wp:paragraph -->\n<p><\/p>\n<!-- \/wp:paragraph -->\n\n<!-- wp:paragraph -->\n<p><strong>AMBIENTAL<\/strong><\/p>\n<!-- \/wp:paragraph -->\n\n<!-- wp:list -->\n<ul><li><strong>La Fundaci\u00f3n BBVA<\/strong> anuncia la convocatoria 2021 de Ayudas a Proyectos de Investigaci\u00f3n Cient\u00edfica en las \u00e1reas de Cambio Clim\u00e1tico y Ecolog\u00eda y Biolog\u00eda de la Conservaci\u00f3n.<\/li><li><strong>McDonald\u2019s<\/strong>\u00a0inaugura su primer restaurante con cero emisiones en Reino Unido.<\/li><li><strong>Repsol<\/strong> ampl\u00eda su gama de materiales de baja huella de carbono.<\/li><li><strong>Repsol <\/strong>colaborara con nuevo ecocombustible 100% renovable en Dakar 2022.<\/li><li><strong>Terpel Panam\u00e1<\/strong> y su equipo han reciclado m\u00e1s de una tonelada de materiales durante el 2021 y sembrado m\u00e1s de una docena de \u00e1rboles.<\/li><li><strong>Bancolombia <\/strong>ampli\u00f3 su l\u00ednea de financiaci\u00f3n sostenible.<\/li><li><strong>Equipetrol<\/strong> cambia su matriz en\u00e9rgica a energ\u00eda renovable como contribuci\u00f3n al medio ambiente.<\/li><li><strong>Data for life<\/strong> Espa\u00f1a crea app que permite calcular la huella de carbono.<\/li><li><strong>Grupo BBVA <\/strong>entrega 11,5 millones de tarjetas recicladas.<\/li><li><strong>Coca-Cola Argentina <\/strong>presenta sus acciones de verano para el cuidado del ambiente en diferentes centros tur\u00edsticos.<\/li><\/ul>\n<!-- \/wp:list -->\n\n<!-- wp:paragraph -->\n<p><\/p>\n<!-- \/wp:paragraph -->\n\n<!-- wp:paragraph -->\n<p><\/p>\n<!-- \/wp:paragraph -->\n\n<!-- wp:paragraph -->\n<p><\/p>\n<!-- \/wp:paragraph -->\n\n<!-- wp:paragraph -->\n<p><strong>SECTOR AUTOMOTRIZ<\/strong><\/p>\n<!-- \/wp:paragraph -->\n\n<!-- wp:list -->\n<ul><li><strong>Toyota<\/strong> c+pod se posiciona como el coche el\u00e9ctrico m\u00e1s brato del mundo.<\/li><li><strong>Hyundai <\/strong>est\u00e1 dejando de desarrollar nuevos motores de combusti\u00f3n para realizar una transici\u00f3n a los veh\u00edculos el\u00e9ctricos.<\/li><li><strong>Ford<\/strong> h\u00edbridas F150 permiten recargar otros veh\u00edculos el\u00e9ctricos.<\/li><li>En Suecia, instalan una v\u00eda que recarga veh\u00edculos el\u00e9ctricos mientras transitan por ella.<\/li><li><strong>Jac<\/strong> fue la marca m\u00e1s vendida de coches el\u00e9ctricos en M\u00e9xico.<\/li><li><strong>Jaguar <\/strong>llega a Chile con su primer auto 100% el\u00e9ctrico.<\/li><li><strong>Waymo<\/strong> anuncia colaboraci\u00f3n con Geely para Driver en nueva versi\u00f3n de Zeekr.<\/li><li><strong>Citro\u00ebn<\/strong>\u00a0presenta el nuevo coche C3 en Argentina.<\/li><li><strong>Ford<\/strong> Mustang proveer\u00e1 de autos el\u00e9ctricos a la empresa de taxis Gravity en Estados Unidos.<\/li><li><strong>Saic Motor y MG<\/strong> invierten m\u00e1s de US$45 millones en nueva movilidad.<\/li><li><strong>Tesla<\/strong> retira del mercado m\u00e1s de 475 mil autos el\u00e9ctricos por problemas de seguridad.<\/li><li>La planta de <strong>Nissan<\/strong> en Barcelona tiene nuevo due\u00f1o: se la queda el grupo liderado por QEV Technologies para fabricar coches el\u00e9ctricos.<\/li><\/ul>\n<!-- \/wp:list -->\n\n<!-- wp:paragraph -->\n<p><\/p>\n<!-- \/wp:paragraph -->","_et_gb_content_width":"","footnotes":"","_links_to":"","_links_to_target":""},"categories":[18],"tags":[],"class_list":["post-5487","post","type-post","status-publish","format-standard","hentry","category-buzz-tracker"],"jetpack_featured_media_url":"","_links":{"self":[{"href":"https:\/\/reports.eyewatch.me\/dc\/wp-json\/wp\/v2\/posts\/5487","targetHints":{"allow":["GET"]}}],"collection":[{"href":"https:\/\/reports.eyewatch.me\/dc\/wp-json\/wp\/v2\/posts"}],"about":[{"href":"https:\/\/reports.eyewatch.me\/dc\/wp-json\/wp\/v2\/types\/post"}],"author":[{"embeddable":true,"href":"https:\/\/reports.eyewatch.me\/dc\/wp-json\/wp\/v2\/users\/88"}],"replies":[{"embeddable":true,"href":"https:\/\/reports.eyewatch.me\/dc\/wp-json\/wp\/v2\/comments?post=5487"}],"version-history":[{"count":1,"href":"https:\/\/reports.eyewatch.me\/dc\/wp-json\/wp\/v2\/posts\/5487\/revisions"}],"predecessor-version":[{"id":5490,"href":"https:\/\/reports.eyewatch.me\/dc\/wp-json\/wp\/v2\/posts\/5487\/revisions\/5490"}],"wp:attachment":[{"href":"https:\/\/reports.eyewatch.me\/dc\/wp-json\/wp\/v2\/media?parent=5487"}],"wp:term":[{"taxonomy":"category","embeddable":true,"href":"https:\/\/reports.eyewatch.me\/dc\/wp-json\/wp\/v2\/categories?post=5487"},{"taxonomy":"post_tag","embeddable":true,"href":"https:\/\/reports.eyewatch.me\/dc\/wp-json\/wp\/v2\/tags?post=5487"}],"curies":[{"name":"wp","href":"https:\/\/api.w.org\/{rel}","templated":true}]}}