{"id":5457,"date":"2022-07-21T20:49:12","date_gmt":"2022-07-21T20:49:12","guid":{"rendered":"https:\/\/reports.eyewatch.me\/dc\/?p=5457"},"modified":"2022-07-21T20:49:12","modified_gmt":"2022-07-21T20:49:12","slug":"resumen-21-de-julio","status":"publish","type":"post","link":"https:\/\/reports.eyewatch.me\/dc\/resumen-21-de-julio\/","title":{"rendered":"Resumen 21 de Julio"},"content":{"rendered":"<div id=\"fb-root\"><\/div>\n\n<h2 class=\"wp-block-heading\" id=\"temas-destacados\">Temas destacados<\/h2>\n\n\n\n<p><strong><strong>DESARROLLO SOCIAL<\/strong><\/strong><\/p>\n\n\n\n<ul class=\"wp-block-list\"><li><strong>Samsung <\/strong>realiz\u00f3 una jornada de voluntariado en Rep\u00fablica Dominicana, donde se encargaron de limpiar la Playa Manresa.<\/li><li><strong>BBVA <\/strong>realiz\u00f3 la primera edici\u00f3n del Programa de Innovaci\u00f3n Social, la cual es una iniciativa de formaci\u00f3n y de voluntariado para apoyar al tercer sector.<\/li><li><strong>TGS <\/strong>realiz\u00f3 una donaci\u00f3n de muebles, madera y de insumos fundamentales para una familia que perdi\u00f3 todas sus pertenencias en un incendio.<\/li><li><strong>Exact y Mundo Cooperante <\/strong>venden pulseras fabricadas por mujeres Mas\u00e1i en Tanzania y Kenia, donde por cada compra le entregan a ellas un ingreso para sostener a sus familias y para desarrollar proyectos que tengan como objetivo erradicar la violencia a ni\u00f1os y adolescentes.<\/li><li><strong>NASA <\/strong>se encarga de capacitar a 14 ni\u00f1os peruanos de bajos recursos en ciencia y tecnolog\u00eda. <\/li><li><strong>OXXO <\/strong>le ofrece trabajo a personas mayores de 50 a\u00f1os que se encuentren desempleados.<\/li><li><strong>Expo inclusi\u00f3n 2022 <\/strong>busca mejorar la oportunidad de mujeres con discapacidad y cuidadoras, a trav\u00e9s de la capacitaci\u00f3n y el apoyo a sus emprendimientos.<\/li><li><strong>Google <\/strong>a trav\u00e9s de su programa<strong> Impact Challenge<\/strong> busca capacitar en habilidades tecnol\u00f3gicas a mujeres y ni\u00f1as con discapacidad.<\/li><\/ul>\n\n\n\n<p><\/p>\n\n\n\n<p><strong>AMBIENTAL<\/strong><\/p>\n\n\n\n<ul class=\"wp-block-list\"><li><strong>Microsoft <\/strong>anunci\u00f3 el lanzamiento del Ocean Plastic Mouse, fabricado con pl\u00e1stico reciclado del oc\u00e9ano.<\/li><li><strong>Nestl\u00e9 <\/strong>invierte 340 millones de d\u00f3lares en construir una planta m\u00e1s sustentable en Veracruz.<\/li><li><strong>BBVA y Navis Capital <\/strong>firman un pr\u00e9stamo de 10 millones de euros para la transici\u00f3n sostenible del Hotel Bamboo.<\/li><li><strong>Nestl\u00e9 <\/strong>impulsa el reciclaje con inteligencia artifical.<\/li><li><strong>Ikea <\/strong>invierte en planta e\u00f3lica y solar para suministrar energ\u00eda renovable en sus locales.<\/li><li><strong>Holcim M\u00e9xico <\/strong>present\u00f3 su primer cami\u00f3n mezclador el\u00e9ctrico.<\/li><li><strong>Toyota y Ecopetrol <\/strong>firman un acuerdo para hacer pruebas con hidr\u00f3geno en Colombia.<\/li><li><strong>Toyota <\/strong>crear\u00e1 mini furgonetas el\u00e9ctricas y camiones de hidr\u00f3geno.<\/li><li>Los modelos de <strong>Toyota Land Cruiser y Hilux <\/strong>utilizar\u00e1n di\u00e9sel renovable para lograr ser m\u00e1s ecol\u00f3gicos.<\/li><li><strong>LATAM <\/strong>busca la descarbonizaci\u00f3n a trav\u00e9s de la eliminaci\u00f3n de CO2 por medio del sistema de captura y almacenamiento de carbono directo del aire. <\/li><\/ul>\n\n\n\n<p><\/p>\n\n\n\n<p><strong>SECTOR AUTOMOTRIZ<\/strong><\/p>\n\n\n\n<ul class=\"wp-block-list\"><li><strong>Chevrolet <\/strong>tiene previsto convertirse en carbono neutral en 2040, invirtiendo en el desarrollo de al menos 30 veh\u00edculos el\u00e9ctricos y aut\u00f3nomos.<\/li><li><strong><strong><em>FINN <\/em><\/strong><\/strong>brinda la posibilidad de hacerte con un coche el\u00e9ctrico por menos de 250 euros al mes en un supermercado.<\/li><li><strong>Nissan <\/strong>present\u00f3 su modelo Leaf, 100% el\u00e9ctrico y aut\u00f3nomo, que llegar\u00e1 a Argentina.<\/li><li><strong>Fiat <\/strong>se comprometi\u00f3 con el Gobierno de M\u00e9xico a fortalecer su inversi\u00f3n en electromovilidad en el pa\u00eds.<\/li><li><strong>Itaip\u00fa junto a KATECH <\/strong>generaron un acuerdo para desarrollar la movilidad el\u00e9ctrico en Paraguay.<\/li><li><strong>Wong <\/strong>invirti\u00f3 y renov\u00f3 el 100% de su flota en veh\u00edculos el\u00e9ctricos.<\/li><li><strong>Hyundai <\/strong>present\u00f3 en Chile su primer cami\u00f3n el\u00e9ctrico, con cero emisiones, cero ruido y con carga r\u00e1pida.<\/li><li><strong>Hyundai <\/strong>podr\u00eda desarrollar una pick up el\u00e9ctrica, para competir en el segmento mediano.<\/li><li>El <strong>auto el\u00e9ctrico <\/strong>es 10 veces m\u00e1s eficiente que el auto a combusti\u00f3n.<\/li><li><strong>Siemens <\/strong>tiene como objetivo optimizar la producci\u00f3n y consumo de energ\u00eda para el transporte, los alimentos, las bebidas y la movilidad en Latinoam\u00e9rica.<\/li><li><strong>Chevrolet <\/strong>revela el Blazer el\u00e9ctrico y confirma cuando llegar\u00e1 a la regi\u00f3n.<\/li><li><strong>MAN <\/strong>electrifica su flota para comprometerse con el medio ambiente y buscar 0 emisiones de CO2.<\/li><\/ul>\n","protected":false},"excerpt":{"rendered":"<p>DERCO CENTER |<\/p>\n","protected":false},"author":88,"featured_media":0,"comment_status":"closed","ping_status":"closed","sticky":false,"template":"","format":"standard","meta":{"_et_pb_use_builder":"off","_et_pb_old_content":"<!-- wp:heading -->\n<h2>Temas destacados<\/h2>\n<!-- \/wp:heading -->\n\n<!-- wp:paragraph -->\n<p><strong><strong>DESARROLLO SOCIAL<\/strong><\/strong><\/p>\n<!-- \/wp:paragraph -->\n\n<!-- wp:list -->\n<ul><li><strong>Scotiabank Colombia<\/strong> apunta a aumentar la participaci\u00f3n de mujeres en juntas directivas.<\/li><li><strong>Tigo <\/strong>contin\u00faa consolidando su trabajo voluntario.<\/li><li><strong>Nestl\u00e9 Guatemala<\/strong> dona productos l\u00e1cteos para ni\u00f1os en situaci\u00f3n de vulnerabilidad.<\/li><li><strong>Gripo Cenoa Argentina <\/strong>entrega donaciones para el banco de alimentos de Jujuy.<\/li><li><strong>Coca-Cola<\/strong> impulsa el empoderamiento de mujeres de Latinoam\u00e9rica mediante el apoyo a sus peque\u00f1os negocios.<\/li><li><strong>Banco de Bogot\u00e1<\/strong> anuncia que se une a Telet\u00f3n Renace.<\/li><li><strong>Banbif Per\u00fa <\/strong>realiza colecta interna para abastecer de alimentos para las familias m\u00e1s vulnerables.<\/li><li><strong>P&amp;G Espa\u00f1a <\/strong>se compromete a desarrollar 21 proyectos para abordar los desaf\u00edos relacionados con Impacto en la comunidad, Igualdad e Inclusi\u00f3n y Sostenibilidad medioambiental.<\/li><li><strong>Moderna Alimentos Ecuador<\/strong> entrega m\u00e1s de 45 mil Kg de alimentos durante el 2021.<\/li><li><strong>Coca Cola junto a Cruz Roja Argentina <\/strong>donan insumos al Hospital de ni\u00f1os Ricardo Guti\u00e9rrez.<\/li><\/ul>\n<!-- \/wp:list -->\n\n<!-- wp:paragraph -->\n<p><\/p>\n<!-- \/wp:paragraph -->\n\n<!-- wp:paragraph -->\n<p><strong>AMBIENTAL<\/strong><\/p>\n<!-- \/wp:paragraph -->\n\n<!-- wp:list -->\n<ul><li><strong>La Fundaci\u00f3n BBVA<\/strong> anuncia la convocatoria 2021 de Ayudas a Proyectos de Investigaci\u00f3n Cient\u00edfica en las \u00e1reas de Cambio Clim\u00e1tico y Ecolog\u00eda y Biolog\u00eda de la Conservaci\u00f3n.<\/li><li><strong>McDonald\u2019s<\/strong>\u00a0inaugura su primer restaurante con cero emisiones en Reino Unido.<\/li><li><strong>Repsol<\/strong> ampl\u00eda su gama de materiales de baja huella de carbono.<\/li><li><strong>Repsol <\/strong>colaborara con nuevo ecocombustible 100% renovable en Dakar 2022.<\/li><li><strong>Terpel Panam\u00e1<\/strong> y su equipo han reciclado m\u00e1s de una tonelada de materiales durante el 2021 y sembrado m\u00e1s de una docena de \u00e1rboles.<\/li><li><strong>Bancolombia <\/strong>ampli\u00f3 su l\u00ednea de financiaci\u00f3n sostenible.<\/li><li><strong>Equipetrol<\/strong> cambia su matriz en\u00e9rgica a energ\u00eda renovable como contribuci\u00f3n al medio ambiente.<\/li><li><strong>Data for life<\/strong> Espa\u00f1a crea app que permite calcular la huella de carbono.<\/li><li><strong>Grupo BBVA <\/strong>entrega 11,5 millones de tarjetas recicladas.<\/li><li><strong>Coca-Cola Argentina <\/strong>presenta sus acciones de verano para el cuidado del ambiente en diferentes centros tur\u00edsticos.<\/li><\/ul>\n<!-- \/wp:list -->\n\n<!-- wp:paragraph -->\n<p><\/p>\n<!-- \/wp:paragraph -->\n\n<!-- wp:paragraph -->\n<p><\/p>\n<!-- \/wp:paragraph -->\n\n<!-- wp:paragraph -->\n<p><\/p>\n<!-- \/wp:paragraph -->\n\n<!-- wp:paragraph -->\n<p><strong>SECTOR AUTOMOTRIZ<\/strong><\/p>\n<!-- \/wp:paragraph -->\n\n<!-- wp:list -->\n<ul><li><strong>Toyota<\/strong> c+pod se posiciona como el coche el\u00e9ctrico m\u00e1s brato del mundo.<\/li><li><strong>Hyundai <\/strong>est\u00e1 dejando de desarrollar nuevos motores de combusti\u00f3n para realizar una transici\u00f3n a los veh\u00edculos el\u00e9ctricos.<\/li><li><strong>Ford<\/strong> h\u00edbridas F150 permiten recargar otros veh\u00edculos el\u00e9ctricos.<\/li><li>En Suecia, instalan una v\u00eda que recarga veh\u00edculos el\u00e9ctricos mientras transitan por ella.<\/li><li><strong>Jac<\/strong> fue la marca m\u00e1s vendida de coches el\u00e9ctricos en M\u00e9xico.<\/li><li><strong>Jaguar <\/strong>llega a Chile con su primer auto 100% el\u00e9ctrico.<\/li><li><strong>Waymo<\/strong> anuncia colaboraci\u00f3n con Geely para Driver en nueva versi\u00f3n de Zeekr.<\/li><li><strong>Citro\u00ebn<\/strong>\u00a0presenta el nuevo coche C3 en Argentina.<\/li><li><strong>Ford<\/strong> Mustang proveer\u00e1 de autos el\u00e9ctricos a la empresa de taxis Gravity en Estados Unidos.<\/li><li><strong>Saic Motor y MG<\/strong> invierten m\u00e1s de US$45 millones en nueva movilidad.<\/li><li><strong>Tesla<\/strong> retira del mercado m\u00e1s de 475 mil autos el\u00e9ctricos por problemas de seguridad.<\/li><li>La planta de <strong>Nissan<\/strong> en Barcelona tiene nuevo due\u00f1o: se la queda el grupo liderado por QEV Technologies para fabricar coches el\u00e9ctricos.<\/li><\/ul>\n<!-- \/wp:list -->\n\n<!-- wp:paragraph -->\n<p><\/p>\n<!-- \/wp:paragraph -->","_et_gb_content_width":"","footnotes":"","_links_to":"","_links_to_target":""},"categories":[18],"tags":[],"class_list":["post-5457","post","type-post","status-publish","format-standard","hentry","category-buzz-tracker"],"jetpack_featured_media_url":"","_links":{"self":[{"href":"https:\/\/reports.eyewatch.me\/dc\/wp-json\/wp\/v2\/posts\/5457","targetHints":{"allow":["GET"]}}],"collection":[{"href":"https:\/\/reports.eyewatch.me\/dc\/wp-json\/wp\/v2\/posts"}],"about":[{"href":"https:\/\/reports.eyewatch.me\/dc\/wp-json\/wp\/v2\/types\/post"}],"author":[{"embeddable":true,"href":"https:\/\/reports.eyewatch.me\/dc\/wp-json\/wp\/v2\/users\/88"}],"replies":[{"embeddable":true,"href":"https:\/\/reports.eyewatch.me\/dc\/wp-json\/wp\/v2\/comments?post=5457"}],"version-history":[{"count":1,"href":"https:\/\/reports.eyewatch.me\/dc\/wp-json\/wp\/v2\/posts\/5457\/revisions"}],"predecessor-version":[{"id":5458,"href":"https:\/\/reports.eyewatch.me\/dc\/wp-json\/wp\/v2\/posts\/5457\/revisions\/5458"}],"wp:attachment":[{"href":"https:\/\/reports.eyewatch.me\/dc\/wp-json\/wp\/v2\/media?parent=5457"}],"wp:term":[{"taxonomy":"category","embeddable":true,"href":"https:\/\/reports.eyewatch.me\/dc\/wp-json\/wp\/v2\/categories?post=5457"},{"taxonomy":"post_tag","embeddable":true,"href":"https:\/\/reports.eyewatch.me\/dc\/wp-json\/wp\/v2\/tags?post=5457"}],"curies":[{"name":"wp","href":"https:\/\/api.w.org\/{rel}","templated":true}]}}