{"id":5428,"date":"2022-07-19T20:50:34","date_gmt":"2022-07-19T20:50:34","guid":{"rendered":"https:\/\/reports.eyewatch.me\/dc\/?p=5428"},"modified":"2022-07-19T20:50:34","modified_gmt":"2022-07-19T20:50:34","slug":"resumen-18-de-julio","status":"publish","type":"post","link":"https:\/\/reports.eyewatch.me\/dc\/resumen-18-de-julio\/","title":{"rendered":"Resumen 18 de Julio"},"content":{"rendered":"<div id=\"fb-root\"><\/div>\n\n<h2 class=\"wp-block-heading\" id=\"temas-destacados\">Temas destacados<\/h2>\n\n\n\n<p><strong><strong>DESARROLLO SOCIAL<\/strong><\/strong><\/p>\n\n\n\n<ul class=\"wp-block-list\"><li><strong>Movistar <\/strong>celebr\u00f3 su D\u00eda Internacional del Voluntariado Telef\u00f3nico con talleres de rob\u00f3tica, impresiones 3D y m\u00e1s en Uruguay.<\/li><li><strong>Movistar <\/strong>tambi\u00e9n celebr\u00f3 una jornada anual de acci\u00f3n social en Venezuela, donde benefici\u00f3 a m\u00e1s de 12.000 personas.<\/li><li><strong>Banco del Itsmo <\/strong>realiz\u00f3 una donaci\u00f3n de 100 computadoras port\u00e1tiles para los estudiantes de la Universidad de Panam\u00e1.<\/li><li><strong>Asociaci\u00f3n CONI <\/strong>a trav\u00e9s de su Programa de Becas ayuda a varios ni\u00f1os y ni\u00f1as guatemaltecos de escasos recursos para que puedan continuar con sus estudios.<\/li><li><strong>Bill Gates<\/strong>, a trav\u00e9s de su fundaci\u00f3n <strong>Bill &amp; Melinda Gates<\/strong>, donar\u00e1 20 mil millones de d\u00f3lares para seguir contribuyendo a distintas causas sociales.   <\/li><li><strong>Banco Popular <\/strong>firma un acuerdo por el cu\u00e1l otorgar\u00e1 becas a estudiantes de bajos recursos de la Ucateci.<\/li><li>Varias empresas como <strong>Disney, Netflix, JP Morgan, Meta, Conde Nast y Yelp<\/strong> anunciaron que cubrir\u00e1n gastos de trabajadoras que tengan que trasladarse hacia otros estados de USA para realizarse un aborto.<\/li><li><strong>Kimberly-Clarck <\/strong>y <strong>Unicef <\/strong>benefician a m\u00e1s de 2.7 millones de personas con programas dirigidos a la ni\u00f1ez en Am\u00e9rica Latina.<\/li><\/ul>\n\n\n\n<p><\/p>\n\n\n\n<p><strong>AMBIENTAL<\/strong><\/p>\n\n\n\n<ul class=\"wp-block-list\"><li><strong>CIP <\/strong>y sus afiliadas promueven el desarrollo sostenible, incentivando buenas pr\u00e1cticas productivas con el medio ambiente para <\/li><li><strong>BBVA <\/strong>promueve el turismo sostenible, para que los turistas generen el menor impacto posible al medio ambiente donde viajen.<\/li><li><strong>BYD <\/strong>se destaca en Ecuador como la marca que garantiza buses el\u00e9ctricos, sin emisiones y amigable con la naturaleza.<\/li><li><strong>Bimbo <\/strong>lanz\u00f3 un nuevo plan de sustentabilidad en M\u00e9xico, buscando que todos sus productos cuenten con detalles transparentes sobre lo que contienen, ingredientes naturales y sanos y buscar que tengan variedad en cuanto a plantas y cereales, buscando posibilidades para vegetarianos y veganos.<\/li><li><strong>CEMEX <\/strong>busca aprovechar al m\u00e1ximo los residuos no reciclables y evitar la emisi\u00f3n de CO2 a trav\u00e9s del reciclaje de energ\u00eda de la basura, buscando que esta pase por un proceso para generar energ\u00eda limpia y verde.<\/li><li><strong>99Minutos <\/strong>suma unidades de camiones de entrega de sus productos 100% el\u00e9ctricas.<\/li><li>En <strong>Michoac\u00e1n <\/strong>se inaugur\u00f3 un puente peatonal verde y amigable entre una avenida.<\/li><li><strong>BBVA y La Naci\u00f3n <\/strong>presentaron Aprendamos Juntos 2030, una plataforma de conocimiento con m\u00e1s de siete millones de suscriptores que busca difundir aprendizajes sostenibles.<\/li><li><strong>Siemens<\/strong> cre\u00f3 un sistema llamado <strong>PostCap<\/strong> que busca capturar cerca el 90% del CO2 emitido por las centrales de carbono. <\/li><li><strong>BBVA <\/strong>cuenta con una torre principal en M\u00e9xico que combina la arquitectura sostenible con la modernidad, buscando ahorrar en el uso del agua y en la energ\u00eda el\u00e9ctrica.<\/li><\/ul>\n\n\n\n<p><\/p>\n\n\n\n<p><strong>SECTOR AUTOMOTRIZ<\/strong><\/p>\n\n\n\n<ul class=\"wp-block-list\"><li><strong>BMW <\/strong>firm\u00f3 un acuerdo con el Real Madrid para realizar una alianza en movilidad el\u00e9ctrica y sostenibilidad.<\/li><li><strong><strong><em>Lilac Solutions<\/em><\/strong><\/strong> gan\u00f3 la licitaci\u00f3n de 6 mil hect\u00e1reas en Salta, Argentina para la exploraci\u00f3n de litio.<\/li><li><strong>KIA <\/strong>se reuni\u00f3 junto a Obras Quito para mejorar la movilidad sostenible, crear m\u00e1s centros de carga para autos el\u00e9ctricos y crear m\u00e1s espacios verdes.<\/li><li><strong>Citro\u00ebn<\/strong> present\u00f3 sus nuevos C4 X y e-C4 X, autos 100% el\u00e9ctricos, como una buena alternativa para autom\u00f3viles compactos.<\/li><li><strong>Audi <\/strong>lanz\u00f3 su campa\u00f1a Go-Green, con la cual se plantea ayudar a las comunidades ind\u00edgenas y a los bosques nativos de M\u00e9xico, donando dinero para mantenerlos.<\/li><li><strong>CNH2 <\/strong>registra avances significativos en los autom\u00f3viles a base de bater\u00edas de hidr\u00f3geno, aumentando la autonom\u00eda que estos ten\u00edan, lo que genera grandes expectativas al futuro, pero sin pensar en autos el\u00e9ctricos puros.<\/li><li><strong>Nissan <\/strong> presentar\u00e1 su modelo, r\u00e9cord de ventas en electromovilidad, el Leaf en Argentina, Brasil y Chile.<\/li><li>Ya se encuentra en Cartagena, Colombia, el <strong>primer coche tur\u00edstico el\u00e9ctrico<\/strong>.<\/li><li><strong>Xiaomi <\/strong>podr\u00eda presentar este a\u00f1o su primer prototipo de auto el\u00e9ctrico.<\/li><li>Un proveedor chino de la marca <strong>Tesla<\/strong> podr\u00eda abrir en M\u00e9xico su planta de bater\u00edas el\u00e9ctricas m\u00e1s grande del mundo.<\/li><li><strong>Lamborghini <\/strong>inicia la electrificaci\u00f3n de su gama en 2023 con miras a lanzar su primer auto el\u00e9ctrico en 2028.<\/li><li><strong>BMW <\/strong>lanza al mercado en M\u00e9xico su motocicleta el\u00e9ctrica de alta gama CE 04, contando \u00e9sta con una autonom\u00eda de 130 o 100 km. <\/li><\/ul>\n","protected":false},"excerpt":{"rendered":"<p>DERCO CENTER |<\/p>\n","protected":false},"author":88,"featured_media":0,"comment_status":"closed","ping_status":"closed","sticky":false,"template":"","format":"standard","meta":{"_et_pb_use_builder":"off","_et_pb_old_content":"<!-- wp:heading -->\n<h2>Temas destacados<\/h2>\n<!-- \/wp:heading -->\n\n<!-- wp:paragraph -->\n<p><strong><strong>DESARROLLO SOCIAL<\/strong><\/strong><\/p>\n<!-- \/wp:paragraph -->\n\n<!-- wp:list -->\n<ul><li><strong>Scotiabank Colombia<\/strong> apunta a aumentar la participaci\u00f3n de mujeres en juntas directivas.<\/li><li><strong>Tigo <\/strong>contin\u00faa consolidando su trabajo voluntario.<\/li><li><strong>Nestl\u00e9 Guatemala<\/strong> dona productos l\u00e1cteos para ni\u00f1os en situaci\u00f3n de vulnerabilidad.<\/li><li><strong>Gripo Cenoa Argentina <\/strong>entrega donaciones para el banco de alimentos de Jujuy.<\/li><li><strong>Coca-Cola<\/strong> impulsa el empoderamiento de mujeres de Latinoam\u00e9rica mediante el apoyo a sus peque\u00f1os negocios.<\/li><li><strong>Banco de Bogot\u00e1<\/strong> anuncia que se une a Telet\u00f3n Renace.<\/li><li><strong>Banbif Per\u00fa <\/strong>realiza colecta interna para abastecer de alimentos para las familias m\u00e1s vulnerables.<\/li><li><strong>P&amp;G Espa\u00f1a <\/strong>se compromete a desarrollar 21 proyectos para abordar los desaf\u00edos relacionados con Impacto en la comunidad, Igualdad e Inclusi\u00f3n y Sostenibilidad medioambiental.<\/li><li><strong>Moderna Alimentos Ecuador<\/strong> entrega m\u00e1s de 45 mil Kg de alimentos durante el 2021.<\/li><li><strong>Coca Cola junto a Cruz Roja Argentina <\/strong>donan insumos al Hospital de ni\u00f1os Ricardo Guti\u00e9rrez.<\/li><\/ul>\n<!-- \/wp:list -->\n\n<!-- wp:paragraph -->\n<p><\/p>\n<!-- \/wp:paragraph -->\n\n<!-- wp:paragraph -->\n<p><strong>AMBIENTAL<\/strong><\/p>\n<!-- \/wp:paragraph -->\n\n<!-- wp:list -->\n<ul><li><strong>La Fundaci\u00f3n BBVA<\/strong> anuncia la convocatoria 2021 de Ayudas a Proyectos de Investigaci\u00f3n Cient\u00edfica en las \u00e1reas de Cambio Clim\u00e1tico y Ecolog\u00eda y Biolog\u00eda de la Conservaci\u00f3n.<\/li><li><strong>McDonald\u2019s<\/strong>\u00a0inaugura su primer restaurante con cero emisiones en Reino Unido.<\/li><li><strong>Repsol<\/strong> ampl\u00eda su gama de materiales de baja huella de carbono.<\/li><li><strong>Repsol <\/strong>colaborara con nuevo ecocombustible 100% renovable en Dakar 2022.<\/li><li><strong>Terpel Panam\u00e1<\/strong> y su equipo han reciclado m\u00e1s de una tonelada de materiales durante el 2021 y sembrado m\u00e1s de una docena de \u00e1rboles.<\/li><li><strong>Bancolombia <\/strong>ampli\u00f3 su l\u00ednea de financiaci\u00f3n sostenible.<\/li><li><strong>Equipetrol<\/strong> cambia su matriz en\u00e9rgica a energ\u00eda renovable como contribuci\u00f3n al medio ambiente.<\/li><li><strong>Data for life<\/strong> Espa\u00f1a crea app que permite calcular la huella de carbono.<\/li><li><strong>Grupo BBVA <\/strong>entrega 11,5 millones de tarjetas recicladas.<\/li><li><strong>Coca-Cola Argentina <\/strong>presenta sus acciones de verano para el cuidado del ambiente en diferentes centros tur\u00edsticos.<\/li><\/ul>\n<!-- \/wp:list -->\n\n<!-- wp:paragraph -->\n<p><\/p>\n<!-- \/wp:paragraph -->\n\n<!-- wp:paragraph -->\n<p><\/p>\n<!-- \/wp:paragraph -->\n\n<!-- wp:paragraph -->\n<p><\/p>\n<!-- \/wp:paragraph -->\n\n<!-- wp:paragraph -->\n<p><strong>SECTOR AUTOMOTRIZ<\/strong><\/p>\n<!-- \/wp:paragraph -->\n\n<!-- wp:list -->\n<ul><li><strong>Toyota<\/strong> c+pod se posiciona como el coche el\u00e9ctrico m\u00e1s brato del mundo.<\/li><li><strong>Hyundai <\/strong>est\u00e1 dejando de desarrollar nuevos motores de combusti\u00f3n para realizar una transici\u00f3n a los veh\u00edculos el\u00e9ctricos.<\/li><li><strong>Ford<\/strong> h\u00edbridas F150 permiten recargar otros veh\u00edculos el\u00e9ctricos.<\/li><li>En Suecia, instalan una v\u00eda que recarga veh\u00edculos el\u00e9ctricos mientras transitan por ella.<\/li><li><strong>Jac<\/strong> fue la marca m\u00e1s vendida de coches el\u00e9ctricos en M\u00e9xico.<\/li><li><strong>Jaguar <\/strong>llega a Chile con su primer auto 100% el\u00e9ctrico.<\/li><li><strong>Waymo<\/strong> anuncia colaboraci\u00f3n con Geely para Driver en nueva versi\u00f3n de Zeekr.<\/li><li><strong>Citro\u00ebn<\/strong>\u00a0presenta el nuevo coche C3 en Argentina.<\/li><li><strong>Ford<\/strong> Mustang proveer\u00e1 de autos el\u00e9ctricos a la empresa de taxis Gravity en Estados Unidos.<\/li><li><strong>Saic Motor y MG<\/strong> invierten m\u00e1s de US$45 millones en nueva movilidad.<\/li><li><strong>Tesla<\/strong> retira del mercado m\u00e1s de 475 mil autos el\u00e9ctricos por problemas de seguridad.<\/li><li>La planta de <strong>Nissan<\/strong> en Barcelona tiene nuevo due\u00f1o: se la queda el grupo liderado por QEV Technologies para fabricar coches el\u00e9ctricos.<\/li><\/ul>\n<!-- \/wp:list -->\n\n<!-- wp:paragraph -->\n<p><\/p>\n<!-- \/wp:paragraph -->","_et_gb_content_width":"","footnotes":"","_links_to":"","_links_to_target":""},"categories":[18],"tags":[],"class_list":["post-5428","post","type-post","status-publish","format-standard","hentry","category-buzz-tracker"],"jetpack_featured_media_url":"","_links":{"self":[{"href":"https:\/\/reports.eyewatch.me\/dc\/wp-json\/wp\/v2\/posts\/5428","targetHints":{"allow":["GET"]}}],"collection":[{"href":"https:\/\/reports.eyewatch.me\/dc\/wp-json\/wp\/v2\/posts"}],"about":[{"href":"https:\/\/reports.eyewatch.me\/dc\/wp-json\/wp\/v2\/types\/post"}],"author":[{"embeddable":true,"href":"https:\/\/reports.eyewatch.me\/dc\/wp-json\/wp\/v2\/users\/88"}],"replies":[{"embeddable":true,"href":"https:\/\/reports.eyewatch.me\/dc\/wp-json\/wp\/v2\/comments?post=5428"}],"version-history":[{"count":1,"href":"https:\/\/reports.eyewatch.me\/dc\/wp-json\/wp\/v2\/posts\/5428\/revisions"}],"predecessor-version":[{"id":5429,"href":"https:\/\/reports.eyewatch.me\/dc\/wp-json\/wp\/v2\/posts\/5428\/revisions\/5429"}],"wp:attachment":[{"href":"https:\/\/reports.eyewatch.me\/dc\/wp-json\/wp\/v2\/media?parent=5428"}],"wp:term":[{"taxonomy":"category","embeddable":true,"href":"https:\/\/reports.eyewatch.me\/dc\/wp-json\/wp\/v2\/categories?post=5428"},{"taxonomy":"post_tag","embeddable":true,"href":"https:\/\/reports.eyewatch.me\/dc\/wp-json\/wp\/v2\/tags?post=5428"}],"curies":[{"name":"wp","href":"https:\/\/api.w.org\/{rel}","templated":true}]}}