{"id":5398,"date":"2022-07-14T20:22:14","date_gmt":"2022-07-14T20:22:14","guid":{"rendered":"https:\/\/reports.eyewatch.me\/dc\/?p=5398"},"modified":"2022-07-14T20:22:14","modified_gmt":"2022-07-14T20:22:14","slug":"buzz-tracker-14-de-julio-2022","status":"publish","type":"post","link":"https:\/\/reports.eyewatch.me\/dc\/buzz-tracker-14-de-julio-2022\/","title":{"rendered":"Buzz Tracker | 14 de Julio 2022"},"content":{"rendered":"<div id=\"fb-root\"><\/div>\n\n<p><\/p>\n\n\n\n<div class=\"wp-block-divi-layout\">[et_pb_section fb_built=&#8221;1&#8243; admin_label=&#8221;Features&#8221; _builder_version=&#8221;4.4.2&#8243; background_size=&#8221;initial&#8221; background_position=&#8221;top_left&#8221; width=&#8221;100%&#8221; max_width=&#8221;500px&#8221; module_alignment=&#8221;left&#8221; custom_margin=&#8221;|0px||-1px|false|false&#8221; custom_padding=&#8221;0px|0px|0px|0px|false|false&#8221; saved_tabs=&#8221;all&#8221; collapsed=&#8221;off&#8221;][et_pb_row column_padding_mobile=&#8221;on&#8221; custom_padding_last_edited=&#8221;on|phone&#8221; _builder_version=&#8221;4.4.2&#8243; background_size=&#8221;initial&#8221; background_position=&#8221;top_left&#8221; background_repeat=&#8221;repeat&#8221; width=&#8221;auto&#8221; max_width=&#8221;1280px&#8221; custom_margin=&#8221;0px|0px|0px|0px|false|false&#8221; custom_padding=&#8221;10px|2px|10px|0px|false|false&#8221; custom_padding_tablet=&#8221;49px|||&#8221; custom_padding_phone=&#8221;19px|||&#8221; use_custom_width=&#8221;on&#8221; custom_width_px=&#8221;1280px&#8221;][et_pb_column type=&#8221;4_4&#8243; _builder_version=&#8221;3.25&#8243; custom_padding=&#8221;|||&#8221; custom_padding__hover=&#8221;|||&#8221;][et_pb_blurb title=&#8221;DESARROLLO SOCIAL&#8221; image=&#8221;https:\/\/reports.eyewatch.me\/pc\/wp-content\/uploads\/sites\/3\/2020\/04\/icon_Artboard-3-100.jpg&#8221; icon_placement=&#8221;left&#8221; image_max_width=&#8221;69px&#8221; _builder_version=&#8221;4.4.2&#8243; header_level=&#8221;h1&#8243; custom_margin=&#8221;|||0px|false|false&#8221; custom_padding=&#8221;|||1px|false|false&#8221;][\/et_pb_blurb][\/et_pb_column][\/et_pb_row][\/et_pb_section]<\/div>\n\n\n\n<p><em><em>Menciones en redes sociales, medios y blogs en espa\u00f1ol sobre marcas y empresas vinculadas a<\/em> voluntariados, desarrollo social, campa\u00f1as solidarias, inclusi\u00f3n, y t\u00e9rminos afines.<\/em><\/p>\n\n\n\n<hr class=\"wp-block-separator has-css-opacity\" \/>\n\n\n\n<h2 class=\"wp-block-heading\" id=\"evolucion-de-la-conversacion-ultimos-7-dias\">Evoluci\u00f3n de la conversaci\u00f3n &#8211; \u00daltimos 7 d\u00edas<\/h2>\n\n\n\n<div class=\"wp-block-columns is-layout-flex wp-container-core-columns-is-layout-9d6595d7 wp-block-columns-is-layout-flex\">\n<div class=\"wp-block-column is-layout-flow wp-block-column-is-layout-flow\">\n<h4 class=\"wp-block-heading\" id=\"1-0k-menciones\"><img loading=\"lazy\" decoding=\"async\" width=\"121\" height=\"121\" class=\"wp-image-592\" style=\"width: 40px\" src=\"https:\/\/reports.eyewatch.me\/pc\/wp-content\/uploads\/sites\/3\/2020\/04\/icon_Artboard-3@3x-1.png\" alt=\"\">1.12 MENCIONES<\/h4>\n<\/div>\n\n\n\n<div class=\"wp-block-column is-layout-flow wp-block-column-is-layout-flow\">\n<h4 class=\"has-text-align-left wp-block-heading\" id=\"291-usuarios\"> <img loading=\"lazy\" decoding=\"async\" width=\"121\" height=\"121\" class=\"wp-image-589\" style=\"width: 40px\" src=\"https:\/\/reports.eyewatch.me\/pc\/wp-content\/uploads\/sites\/3\/2020\/04\/icon_Artboard-3-copy-3@3x.png\" alt=\"\">100 uSUARIOS<br><\/h4>\n<\/div>\n<\/div>\n\n\n\n<figure class=\"wp-block-image size-full is-resized\"><img loading=\"lazy\" decoding=\"async\" src=\"https:\/\/reports.eyewatch.me\/dc\/wp-content\/uploads\/sites\/10\/2022\/07\/grafico-derco-sociedad.jpg\" alt=\"\" class=\"wp-image-5375\" width=\"743\" height=\"370\" srcset=\"https:\/\/reports.eyewatch.me\/dc\/wp-content\/uploads\/sites\/10\/2022\/07\/grafico-derco-sociedad.jpg 743w, https:\/\/reports.eyewatch.me\/dc\/wp-content\/uploads\/sites\/10\/2022\/07\/grafico-derco-sociedad-480x239.jpg 480w\" sizes=\"(min-width: 0px) and (max-width: 480px) 480px, (min-width: 481px) 743px, 100vw\" \/><\/figure>\n\n\n\n<div style=\"height:20px\" aria-hidden=\"true\" class=\"wp-block-spacer\"><\/div>\n\n\n\n<hr class=\"wp-block-separator has-css-opacity is-style-wide\" \/>\n\n\n\n<h2 class=\"wp-block-heading\" id=\"evolucion-por-categorias\">Evoluci\u00f3n por categor\u00edas<\/h2>\n\n\n\n<figure class=\"wp-block-image size-large is-resized\"><img loading=\"lazy\" decoding=\"async\" src=\"https:\/\/reports.eyewatch.me\/dc\/wp-content\/uploads\/sites\/10\/2022\/07\/derco-sociedad-comparado-1024x308.jpg\" alt=\"\" class=\"wp-image-5376\" width=\"972\" height=\"292\" srcset=\"https:\/\/reports.eyewatch.me\/dc\/wp-content\/uploads\/sites\/10\/2022\/07\/derco-sociedad-comparado-980x295.jpg 980w, https:\/\/reports.eyewatch.me\/dc\/wp-content\/uploads\/sites\/10\/2022\/07\/derco-sociedad-comparado-480x145.jpg 480w\" sizes=\"(min-width: 0px) and (max-width: 480px) 480px, (min-width: 481px) and (max-width: 980px) 980px, 100vw\" \/><\/figure>\n\n\n\n<div style=\"height:20px\" aria-hidden=\"true\" class=\"wp-block-spacer\"><\/div>\n\n\n\n<hr class=\"wp-block-separator has-css-opacity\" \/>\n\n\n\n<h2 class=\"wp-block-heading\" id=\"temas-destacados\">Temas destacados<\/h2>\n\n\n\n<p><em> <em>\u00daltimas <em><em>96h<\/em><\/em><\/em><\/em><\/p>\n\n\n\n<ul class=\"wp-block-list\"><li><strong>Coca Cola <\/strong>fue reconocido por sus buenas pr\u00e1cticas de equidad de g\u00e9nero<\/li><li><strong>Microsoft <\/strong>junto al <strong>Banco Mundial <\/strong>se asociaron para hacer m\u00e1s accesible el uso de datos demogr\u00e1ficos y representar de forma m\u00e1s eficaz la discapacidad existente.<\/li><li><strong>Agua San Gabriel <\/strong>realiz\u00f3 una importante donaci\u00f3n a la <strong>SBT <\/strong>que ser\u00e1 utilizado en beneficio para ni\u00f1os, ni\u00f1as  y adultos mayores en distintos programas sociales.<\/li><li><strong>Mastercard <\/strong>celebrando el D\u00eda Internacional de las Habilidades realiz\u00f3 una donaci\u00f3n de 160 millones de pesos colombianos para la Fundaci\u00f3n Tiempo de Juego, donde educan con el deporte a ni\u00f1os y ni\u00f1as en situaci\u00f3n de vulnerabilidad.<\/li><li><strong>WWB Colombia y Coderise SAS BIC<\/strong> le dar\u00e1 becas de sostenimiento para que mujeres en situaci\u00f3n de vulnerabilidad se puedan formar en el desarrollo de software.<\/li><li><strong>RappiCard <\/strong>impulsar\u00e1 inteligencia artificial para mejorar el cr\u00e9dito para las mujeres.<\/li><li><strong>Grupo Bimbo, Kellogs y Banco de Alimentos Diakon\u00eda <\/strong>reactivan programa de desayunos para ni\u00f1os en contextos vulnerables.<\/li><li><strong>Banco Adopem <\/strong>present\u00f3 un programa para incentivar la producci\u00f3n agropecuaria sostenible, donde en su mayor\u00eda los beneficiarios est\u00e1n mayormente enfocados a mujeres rurales.<\/li><\/ul>\n\n\n\n<div class=\"wp-block-group is-layout-flow wp-block-group-is-layout-flow\">\n<div class=\"wp-block-group is-layout-flow wp-block-group-is-layout-flow\">\n<hr class=\"wp-block-separator has-css-opacity\" \/>\n\n\n\n<h2 class=\"wp-block-heading\" id=\"contenidos-destacados-en-redes-sociales\">Contenidos destacados en redes sociales<\/h2>\n\n\n\n<p><\/p>\n<\/div>\n\n\n\n<div class=\"wp-block-columns is-layout-flex wp-container-core-columns-is-layout-9d6595d7 wp-block-columns-is-layout-flex\">\n<div class=\"wp-block-column is-layout-flow wp-block-column-is-layout-flow\">\n<figure class=\"wp-block-embed is-type-rich is-provider-twitter wp-block-embed-twitter\"><div class=\"wp-block-embed__wrapper\">\nhttps:\/\/twitter.com\/CriteriosEc\/status\/1547596790190333956\n<\/div><\/figure>\n<\/div>\n\n\n\n<div class=\"wp-block-column is-layout-flow wp-block-column-is-layout-flow\">\n<figure class=\"wp-block-embed is-type-rich is-provider-twitter wp-block-embed-twitter\"><div class=\"wp-block-embed__wrapper\">\n<blockquote class=\"twitter-tweet\" data-width=\"550\" data-dnt=\"true\"><p lang=\"es\" dir=\"ltr\">La inclusi\u00f3n de las personas con discapacidad es un hecho que se debe priorizar y por eso <a href=\"https:\/\/twitter.com\/Microsoft?ref_src=twsrc%5Etfw\">@Microsoft<\/a> junto al Banco Mundial se asociaron para hacer m\u00e1s accesible el uso de datos demogr\u00e1ficos y as\u00ed representar de manera m\u00e1s eficaz la discapacidad existente.<a href=\"https:\/\/t.co\/JzXYMF3Xwa\">https:\/\/t.co\/JzXYMF3Xwa<\/a><\/p>&mdash; Modernt Talent Hub (@ModernTalentHub) <a href=\"https:\/\/twitter.com\/ModernTalentHub\/status\/1546976735580852228?ref_src=twsrc%5Etfw\">July 12, 2022<\/a><\/blockquote><script async src=\"https:\/\/platform.twitter.com\/widgets.js\" charset=\"utf-8\"><\/script>\n<\/div><\/figure>\n<\/div>\n<\/div>\n\n\n\n<div class=\"wp-block-columns is-layout-flex wp-container-core-columns-is-layout-9d6595d7 wp-block-columns-is-layout-flex\">\n<div class=\"wp-block-column is-layout-flow wp-block-column-is-layout-flow\">\n<figure class=\"wp-block-image size-full\"><img loading=\"lazy\" decoding=\"async\" width=\"527\" height=\"738\" src=\"https:\/\/reports.eyewatch.me\/dc\/wp-content\/uploads\/sites\/10\/2022\/07\/LINKEDIN-DERCO-SOCIEDAD-.jpg\" alt=\"\" class=\"wp-image-5379\" srcset=\"https:\/\/reports.eyewatch.me\/dc\/wp-content\/uploads\/sites\/10\/2022\/07\/LINKEDIN-DERCO-SOCIEDAD-.jpg 527w, https:\/\/reports.eyewatch.me\/dc\/wp-content\/uploads\/sites\/10\/2022\/07\/LINKEDIN-DERCO-SOCIEDAD--480x672.jpg 480w\" sizes=\"(min-width: 0px) and (max-width: 480px) 480px, (min-width: 481px) 527px, 100vw\" \/><\/figure>\n\n\n\n<div class=\"wp-block-buttons is-layout-flex wp-block-buttons-is-layout-flex\">\n<div class=\"wp-block-button\"><a class=\"wp-block-button__link\" href=\"https:\/\/www.linkedin.com\/posts\/aguasangabriel_unidosparaservir-sbt-aguasangabriel-activity-6953202303956873216-X9Up\/?utm_source=linkedin_share&amp;utm_medium=member_desktop_web\">IR A LA PUBLICACI\u00d3N<\/a><\/div>\n<\/div>\n<\/div>\n\n\n\n<div class=\"wp-block-column is-layout-flow wp-block-column-is-layout-flow\">\n<figure class=\"wp-block-image size-full\"><img loading=\"lazy\" decoding=\"async\" width=\"530\" height=\"821\" src=\"https:\/\/reports.eyewatch.me\/dc\/wp-content\/uploads\/sites\/10\/2022\/07\/LINKEDIN-DERCO-SOCIEDAD-1.jpg\" alt=\"\" class=\"wp-image-5380\" srcset=\"https:\/\/reports.eyewatch.me\/dc\/wp-content\/uploads\/sites\/10\/2022\/07\/LINKEDIN-DERCO-SOCIEDAD-1.jpg 530w, https:\/\/reports.eyewatch.me\/dc\/wp-content\/uploads\/sites\/10\/2022\/07\/LINKEDIN-DERCO-SOCIEDAD-1-480x744.jpg 480w\" sizes=\"(min-width: 0px) and (max-width: 480px) 480px, (min-width: 481px) 530px, 100vw\" \/><\/figure>\n\n\n\n<div class=\"wp-block-buttons is-layout-flex wp-block-buttons-is-layout-flex\">\n<div class=\"wp-block-button\"><a class=\"wp-block-button__link\" href=\"https:\/\/www.linkedin.com\/posts\/mastercard_copaamericafemenina-pricelessparami-daedainternacionaldelashabilidadesdelajuventud-activity-6953366597575077888-fhvy\/?utm_source=linkedin_share&amp;utm_medium=member_desktop_web\">IR A LA PUBLICACI\u00d3N<\/a><\/div>\n<\/div>\n<\/div>\n<\/div>\n\n\n\n<hr class=\"wp-block-separator has-css-opacity\" \/>\n\n\n\n<h2 class=\"wp-block-heading\" id=\"contenidos-destacados-en-medios-y-blogs\">Contenidos destacados en medios y blogs<\/h2>\n\n\n\n<div class=\"wp-block-columns is-layout-flex wp-container-core-columns-is-layout-9d6595d7 wp-block-columns-is-layout-flex\">\n<div class=\"wp-block-column is-layout-flow wp-block-column-is-layout-flow\">\n<blockquote class=\"wp-block-quote has-text-align-left is-layout-flow wp-block-quote-is-layout-flow\"><p><em>Conozca la iniciativa que becar\u00e1 y pagar\u00e1 a mujeres por estudiar desarrollo de software en Colombia<\/em><\/p><cite><strong>BLU RADIO<\/strong><\/cite><\/blockquote>\n\n\n\n<div class=\"wp-block-buttons is-layout-flex wp-block-buttons-is-layout-flex\">\n<div class=\"wp-block-button\"><a class=\"wp-block-button__link\" href=\"https:\/\/www.bluradio.com\/nacion\/conozca-la-iniciativa-que-becara-y-pagara-a-mujeres-por-estudiar-desarrollo-de-software-en-colombia-rg10\">IR A LA NOTA<\/a><\/div>\n<\/div>\n<\/div>\n\n\n\n<div class=\"wp-block-column is-layout-flow wp-block-column-is-layout-flow\">\n<blockquote class=\"wp-block-quote has-text-align-left is-layout-flow wp-block-quote-is-layout-flow\"><p><em>RappiCard impulsar\u00e1 inteligencia artificial para mejorar el acceso a cr\u00e9dito para mujeres<\/em><\/p><cite><strong>EL N\u00daCLEO<\/strong><\/cite><\/blockquote>\n\n\n\n<div class=\"wp-block-buttons is-layout-flex wp-block-buttons-is-layout-flex\">\n<div class=\"wp-block-button\"><a class=\"wp-block-button__link\" href=\"https:\/\/www.elnucleo.rocks\/rappicard-impulsara-inteligencia-artificial-para-mejorar-el-acceso-a-credito-para-mujeres\/\">IR A LA NOTA<\/a><\/div>\n<\/div>\n<\/div>\n<\/div>\n\n\n\n<div class=\"wp-block-columns is-layout-flex wp-container-core-columns-is-layout-9d6595d7 wp-block-columns-is-layout-flex\">\n<div class=\"wp-block-column is-layout-flow wp-block-column-is-layout-flow\">\n<blockquote class=\"wp-block-quote has-text-align-left is-layout-flow wp-block-quote-is-layout-flow\"><p><em>Banco de Alimentos Diakon\u00eda junto con empresas reactivan programa de desayunos para ni\u00f1os en zonas vulnerables<\/em><\/p><cite><strong>EL UNIVERSO<\/strong><\/cite><\/blockquote>\n\n\n\n<div class=\"wp-block-buttons is-layout-flex wp-block-buttons-is-layout-flex\">\n<div class=\"wp-block-button\"><a class=\"wp-block-button__link\" href=\"https:\/\/www.eluniverso.com\/guayaquil\/comunidad\/banco-de-alimentos-diakonia-junto-a-empresas-reactivan-programa-de-desayunos-para-ninos-en-zonas-vulnerables-nota\/\">IR A LA NOTA<\/a><\/div>\n<\/div>\n<\/div>\n\n\n\n<div class=\"wp-block-column is-layout-flow wp-block-column-is-layout-flow\">\n<blockquote class=\"wp-block-quote is-layout-flow wp-block-quote-is-layout-flow\"><p><em>Banco Adopem presenta programa \u201cGanader\u00eda Familiar Sostenible\u201d<\/em><\/p><p><strong>EL D\u00cdA<\/strong><\/p><\/blockquote>\n\n\n\n<div class=\"wp-block-buttons is-layout-flex wp-block-buttons-is-layout-flex\">\n<div class=\"wp-block-button\"><a class=\"wp-block-button__link\" href=\"https:\/\/eldia.com.do\/crianza-de-patio-esta-manejada-en-un-50-por-mujeres-amas-de-casa\/\">IR A LA NOTA<\/a><\/div>\n<\/div>\n<\/div>\n<\/div>\n\n\n\n<hr class=\"wp-block-separator has-css-opacity is-style-wide\" \/>\n<\/div>\n\n\n\n<div class=\"wp-block-divi-layout\">[et_pb_section fb_built=&#8221;1&#8243; admin_label=&#8221;Features&#8221; _builder_version=&#8221;4.4.2&#8243; background_size=&#8221;initial&#8221; background_position=&#8221;top_left&#8221; width=&#8221;100%&#8221; max_width=&#8221;500px&#8221; module_alignment=&#8221;left&#8221; custom_margin=&#8221;|0px||-1px|false|false&#8221; custom_padding=&#8221;0px|0px|0px|0px|false|false&#8221; saved_tabs=&#8221;all&#8221; collapsed=&#8221;off&#8221;][et_pb_row column_padding_mobile=&#8221;on&#8221; custom_padding_last_edited=&#8221;on|phone&#8221; _builder_version=&#8221;4.4.2&#8243; background_size=&#8221;initial&#8221; background_position=&#8221;top_left&#8221; background_repeat=&#8221;repeat&#8221; width=&#8221;auto&#8221; max_width=&#8221;1280px&#8221; custom_margin=&#8221;0px|0px|0px|0px|false|false&#8221; custom_padding=&#8221;10px|2px|10px|0px|false|false&#8221; custom_padding_tablet=&#8221;49px|||&#8221; custom_padding_phone=&#8221;19px|||&#8221; use_custom_width=&#8221;on&#8221; custom_width_px=&#8221;1280px&#8221;][et_pb_column type=&#8221;4_4&#8243; _builder_version=&#8221;3.25&#8243; custom_padding=&#8221;|||&#8221; custom_padding__hover=&#8221;|||&#8221;][et_pb_blurb title=&#8221;SOSTENIBILIDAD AMBIENTAL&#8221; image=&#8221;https:\/\/reports.eyewatch.me\/dc\/wp-content\/uploads\/sites\/10\/2020\/04\/icon_conversation-1.png&#8221; icon_placement=&#8221;left&#8221; image_max_width=&#8221;69px&#8221; _builder_version=&#8221;4.4.7&#8243; header_level=&#8221;h1&#8243; custom_margin=&#8221;|||0px|false|false&#8221; custom_padding=&#8221;|||1px|false|false&#8221;][\/et_pb_blurb][\/et_pb_column][\/et_pb_row][\/et_pb_section]<\/div>\n\n\n\n<p><em>Menciones en redes sociales, medios y blogs en espa\u00f1ol sobre marcas y empresas vinculadas a la protecci\u00f3n, respeto y cuidado del medio ambiente, econom\u00eda circular o azul, movilidad el\u00e9ctrica, <em>huella de carbono<\/em>, y t\u00e9rminos afines.<\/em><\/p>\n\n\n\n<hr class=\"wp-block-separator has-css-opacity\" \/>\n\n\n\n<h2 class=\"wp-block-heading\" id=\"evolucion-de-la-conversacion-ultimos-7-dias\">Evoluci\u00f3n de la conversaci\u00f3n &#8211; \u00daltimos 7 d\u00edas<\/h2>\n\n\n\n<div class=\"wp-block-group is-layout-flow wp-block-group-is-layout-flow\">\n<div class=\"wp-block-columns is-layout-flex wp-container-core-columns-is-layout-9d6595d7 wp-block-columns-is-layout-flex\">\n<div class=\"wp-block-column is-layout-flow wp-block-column-is-layout-flow\">\n<h4 class=\"wp-block-heading\" id=\"9-3k-menciones\"><img loading=\"lazy\" decoding=\"async\" width=\"121\" height=\"121\" class=\"wp-image-592\" style=\"width: 40px\" src=\"https:\/\/reports.eyewatch.me\/pc\/wp-content\/uploads\/sites\/3\/2020\/04\/icon_Artboard-3@3x-1.png\" alt=\"\"> 12.5K MENCIONES<\/h4>\n\n\n\n<p><\/p>\n<\/div>\n\n\n\n<div class=\"wp-block-column is-layout-flow wp-block-column-is-layout-flow\">\n<h4 class=\"has-text-align-left wp-block-heading\" id=\"1-4k-usuarios\"> <img loading=\"lazy\" decoding=\"async\" width=\"121\" height=\"121\" class=\"wp-image-589\" style=\"width: 40px\" src=\"https:\/\/reports.eyewatch.me\/pc\/wp-content\/uploads\/sites\/3\/2020\/04\/icon_Artboard-3-copy-3@3x.png\" alt=\"\"><strong>2.79k <\/strong>USUARIOS<br><\/h4>\n\n\n\n<p><\/p>\n<\/div>\n<\/div>\n<\/div>\n\n\n\n<figure class=\"wp-block-image size-full is-resized\"><img loading=\"lazy\" decoding=\"async\" src=\"https:\/\/reports.eyewatch.me\/dc\/wp-content\/uploads\/sites\/10\/2022\/07\/grafico-derco-medioambiente.jpg\" alt=\"\" class=\"wp-image-5382\" width=\"723\" height=\"369\" srcset=\"https:\/\/reports.eyewatch.me\/dc\/wp-content\/uploads\/sites\/10\/2022\/07\/grafico-derco-medioambiente.jpg 723w, https:\/\/reports.eyewatch.me\/dc\/wp-content\/uploads\/sites\/10\/2022\/07\/grafico-derco-medioambiente-480x245.jpg 480w\" sizes=\"(min-width: 0px) and (max-width: 480px) 480px, (min-width: 481px) 723px, 100vw\" \/><\/figure>\n\n\n\n<hr class=\"wp-block-separator has-css-opacity\" \/>\n\n\n\n<h2 class=\"wp-block-heading\" id=\"evolucion-por-categoria\">Evoluci\u00f3n por categor\u00eda<\/h2>\n\n\n\n<figure class=\"wp-block-image size-large is-resized\"><img loading=\"lazy\" decoding=\"async\" src=\"https:\/\/reports.eyewatch.me\/dc\/wp-content\/uploads\/sites\/10\/2022\/07\/derco-medioambiente-comparado-1024x305.jpg\" alt=\"\" class=\"wp-image-5383\" width=\"976\" height=\"290\" srcset=\"https:\/\/reports.eyewatch.me\/dc\/wp-content\/uploads\/sites\/10\/2022\/07\/derco-medioambiente-comparado-980x291.jpg 980w, https:\/\/reports.eyewatch.me\/dc\/wp-content\/uploads\/sites\/10\/2022\/07\/derco-medioambiente-comparado-480x143.jpg 480w\" sizes=\"(min-width: 0px) and (max-width: 480px) 480px, (min-width: 481px) and (max-width: 980px) 980px, 100vw\" \/><\/figure>\n\n\n\n<hr class=\"wp-block-separator has-css-opacity\" \/>\n\n\n\n<h2 class=\"wp-block-heading\" id=\"temas-destacados\">Temas destacados<\/h2>\n\n\n\n<p><em>\u00daltimas<em><em><em><em><em><em><em><em><em><em><em><em><em><em><em><em><em><em><em><em><em><em><em><em><em><em><em><em><em><em><em><em><em><em><em><em><em><em><em><em><em><em><em><em><em><em><em><em><em><em><em><em><em><em><em><em><em><em><em><em><em><em><em><em><em><em><em><em><em><em><em><em><em><em><em><em><em><em><em><em><em><em><em><em><em><em><em><em><em><em><em><em><em><em><em><em><em><em><em><em><em><em><em><em><em><em><em><em><em><em><em><em><em><em><em><em><em><em><em><em><em><em><em><em><em><em><em><em><em><em><em><em><em><em><em><em><em><em><em><em><em><em><em><em><em><em><em><em><em><em><em><em><em><em><em><em><em><em><em><em><em><em><em><em><em><em><em><em><em><em><em><em><em><em><em><em><em><em><em><em><em><em><em><em><em><em><em><em><em><em><em><em><em><em><em><em><em><em><em><em><em><em><em><em><em><em><em><em><em><em><em><em><em><em><em><em><em><em><em><em><em><em><em><em><em><em><em><em><em><em><em><em><em><em><em><em><em><em><em><em><em><em><em><em><em><em><em><em><em><em><em><em><em><em><em><em><em><em><em><em><em><em><em><em><em><em><em><em><em><em><em><em><em><em><em><em><em><em><em><em><em><em><em><em><em><em><em><em><em><em><em><em><em><em><em><em><em><em><em><em><em><em><em><em><em><em><em><em><em><em><em><em><em><em><em><em><em><em><em><em><em><em><em><em><em><em><em><em><em><em><em><em><em><em><em><em><em><em><em><em><em><em><em><em><em><em><em><em><em><em><em><em><em><em><em><em><em><em><em><em><em><em><em><em><em><em><em><em><em><em><em><em><em><em><em><em><em><em><em><em><em><em><em><em><em><em><em><em><em><em><em><em><em><em><em><em><em><em><em><em><em><em><em><em><em><em><em><em><em><em><em><em><em><em><em><em><em><em><em><em><em><em><em><em><em><em><em><em><em><em><em><em><em><em><em><em><em><em><em><em><em><em><em><em><em><em><em><em><em><em><em><em><em><em><em><em><em><em><em><em><em><em><em><em><em><em><em><em><em><em><em><em><em><em><em><em><em><em><em><em><em><em><em><em><em><em><em><em><em><em><em><em><em><em><em><em><em><em><em><em><em><em><em><em><em><em><em><em><em><em> <\/em><em><\/em><em>96h<\/em><\/em><\/em><\/em><\/em><\/em><\/em><\/em><\/em><\/em><\/em><\/em><\/em><\/em><\/em><\/em><\/em><\/em><\/em><\/em><\/em><\/em><\/em><\/em><\/em><\/em><\/em><\/em><\/em><\/em><\/em><\/em><\/em><\/em><\/em><\/em><\/em><\/em><\/em><\/em><\/em><\/em><\/em><\/em><\/em><\/em><\/em><\/em><\/em><\/em><\/em><\/em><\/em><\/em><\/em><\/em><\/em><\/em><\/em><\/em><\/em><\/em><\/em><\/em><\/em><\/em><\/em><\/em><\/em><\/em><\/em><\/em><\/em><\/em><\/em><\/em><\/em><\/em><\/em><\/em><\/em><\/em><\/em><\/em><\/em><\/em><\/em><\/em><\/em><\/em><\/em><\/em><\/em><\/em><\/em><\/em><\/em><\/em><\/em><\/em><\/em><\/em><\/em><\/em><\/em><\/em><\/em><\/em><\/em><\/em><\/em><\/em><\/em><\/em><\/em><\/em><\/em><\/em><\/em><\/em><\/em><\/em><\/em><\/em><\/em><\/em><\/em><\/em><\/em><\/em><\/em><\/em><\/em><\/em><\/em><\/em><\/em><\/em><\/em><\/em><\/em><\/em><\/em><\/em><\/em><\/em><\/em><\/em><\/em><\/em><\/em><\/em><\/em><\/em><\/em><\/em><\/em><\/em><\/em><\/em><\/em><\/em><\/em><\/em><\/em><\/em><\/em><\/em><\/em><\/em><\/em><\/em><\/em><\/em><\/em><\/em><\/em><\/em><\/em><\/em><\/em><\/em><\/em><\/em><\/em><\/em><\/em><\/em><\/em><\/em><\/em><\/em><\/em><\/em><\/em><\/em><\/em><\/em><\/em><\/em><\/em><\/em><\/em><\/em><\/em><\/em><\/em><\/em><\/em><\/em><\/em><\/em><\/em><\/em><\/em><\/em><\/em><\/em><\/em><\/em><\/em><\/em><\/em><\/em><\/em><\/em><\/em><\/em><\/em><\/em><\/em><\/em><\/em><\/em><\/em><\/em><\/em><\/em><\/em><\/em><\/em><\/em><\/em><\/em><\/em><\/em><\/em><\/em><\/em><\/em><\/em><\/em><\/em><\/em><\/em><\/em><\/em><\/em><\/em><\/em><\/em><\/em><\/em><\/em><\/em><\/em><\/em><\/em><\/em><\/em><\/em><\/em><\/em><\/em><\/em><\/em><\/em><\/em><\/em><\/em><\/em><\/em><\/em><\/em><\/em><\/em><\/em><\/em><\/em><\/em><\/em><\/em><\/em><\/em><\/em><\/em><\/em><\/em><\/em><\/em><\/em><\/em><\/em><\/em><\/em><\/em><\/em><\/em><\/em><\/em><\/em><\/em><\/em><\/em><\/em><\/em><\/em><\/em><\/em><\/em><\/em><\/em><\/em><\/em><\/em><\/em><\/em><\/em><\/em><\/em><\/em><\/em><\/em><\/em><\/em><\/em><\/em><\/em><\/em><\/em><\/em><\/em><\/em><\/em><\/em><\/em><\/em><\/em><\/em><\/em><\/em><\/em><\/em><\/em><\/em><\/em><\/em><\/em><\/em><\/em><\/em><\/em><\/em><\/em><\/em><\/em><\/em><\/em><\/em><\/em><\/em><\/em><\/em><\/em><\/em><\/em><\/em><\/em><\/em><\/em><\/em><\/em><\/em><\/em><\/em><\/em><\/em><\/em><\/em><\/em><\/em><\/em><\/em><\/em><\/em><\/em><\/em><\/em><\/em><\/em><\/em><\/em><\/em><\/em><\/em><\/em><\/em><\/em><\/em><\/em><\/em><\/em><\/em><\/em><\/em><\/em><\/em><\/em><\/em><\/em><\/em><\/em><\/em><\/em><\/em><\/em><\/em><\/em><\/em><\/em><\/em><\/em><\/em><\/em><\/em><\/em><\/em><\/em><\/em><\/em><\/em><\/em><\/em><\/em><\/em><\/em><\/em><\/em><\/em><\/em><\/em><\/em><\/em><\/em><\/em><\/em><\/em><\/em><\/em><\/em><\/em><\/em><\/em><\/em><\/em><\/em><\/em><\/em><\/em><\/em><\/em><\/em><\/em><\/em><\/em><\/em><\/em><\/em><\/em><\/em><\/em><\/em><\/em><\/em><\/em><\/em><\/em><\/em><\/em><\/em><\/em><\/em><\/em><\/em><\/em><\/em><\/em><\/em><\/em><\/em><\/em><\/em><\/em><\/em><\/em><\/em><\/em><\/em><\/em><\/em><\/em><\/p>\n\n\n\n<ul class=\"wp-block-list\"><li><strong>BBVA <\/strong>&#8220;pisa el acelerador&#8221; para frenar el cambio clim\u00e1tico: empez\u00f3 a invertir en Lowercarbon, el cual es un fondo de capital que impulsa iniciativas para reducir la huella de carbono.<\/li><li><strong>Europcar <\/strong>apuesta por la movilidad sostenible en la Vuelta de Espa\u00f1a, llevando a que el 40% de su flota sea h\u00edbrida.<\/li><li><strong>Samsung <\/strong>comparti\u00f3 su informe de sustentabilidad del a\u00f1o 2022.<\/li><li><strong>Bimbo <\/strong>pone en funcionamiento su primer cami\u00f3n el\u00e9ctrico en M\u00e9xico.<\/li><li><strong>Grupo A3Satel <\/strong>lanz\u00f3 una campa\u00f1a donde le dio una segunda vida a distintos aparatos tecnol\u00f3gicos, los cuales termin\u00f3 donando a centros educativos de ni\u00f1os y ni\u00f1as con carencias econ\u00f3micas.<\/li><li><strong>Audi <\/strong>arranc\u00f3 una campa\u00f1a en M\u00e9xico para que las personas conozcan su huella de carbono. Tambi\u00e9n esta empezando a donar hacia distintas organizaciones que buscan reducir la contaminaci\u00f3n.<\/li><li><strong>Coca Cola <\/strong>incentiva el consumo de botellas retornables. <\/li><li><strong>Aspire Vero de Acer y Planta mi \u00e1rbol <\/strong>se unen para realizar una campa\u00f1a donde por cada compra de Aspire Vero se realiza la plantaci\u00f3n de un \u00e1rbol en un lugar determinado, promoviendo de esta forma que las ganancias del producto vayan a reducir la huella de carbono.<\/li><li><strong>Avianca <\/strong>compensar\u00e1 su huella de carbono en Colombia.<\/li><li><strong>HP <\/strong>super\u00f3 sus expectativas y logr\u00f3 reducir en un 39% las emisiones de CO2 que generan sus productos.<\/li><\/ul>\n\n\n\n<hr class=\"wp-block-separator has-css-opacity\" \/>\n\n\n\n<h2 class=\"wp-block-heading\" id=\"contenidos-destacados-en-redes-sociales\">Contenidos destacados en redes sociales<\/h2>\n\n\n\n<p><em>\u00daltimas 96h<\/em><\/p>\n\n\n\n<div class=\"wp-block-columns is-layout-flex wp-container-core-columns-is-layout-9d6595d7 wp-block-columns-is-layout-flex\">\n<div class=\"wp-block-column is-layout-flow wp-block-column-is-layout-flow\" style=\"flex-basis:100%\">\n<div class=\"wp-block-columns is-layout-flex wp-container-core-columns-is-layout-9d6595d7 wp-block-columns-is-layout-flex\">\n<div class=\"wp-block-column is-layout-flow wp-block-column-is-layout-flow\">\n<figure class=\"wp-block-embed is-type-rich is-provider-twitter wp-block-embed-twitter\"><div class=\"wp-block-embed__wrapper\">\nhttps:\/\/twitter.com\/EthicLab\/status\/1546388985852743680\n<\/div><\/figure>\n\n\n\n<figure class=\"wp-block-embed is-type-rich is-provider-twitter wp-block-embed-twitter\"><div class=\"wp-block-embed__wrapper\">\n<blockquote class=\"twitter-tweet\" data-width=\"550\" data-dnt=\"true\"><p lang=\"es\" dir=\"ltr\">Samsung Electronics comparte su informe de Sustentabilidad 2022 : <a href=\"https:\/\/t.co\/HyPM6DYaVO\">https:\/\/t.co\/HyPM6DYaVO<\/a> <a href=\"https:\/\/t.co\/nymPxHWDAM\">https:\/\/t.co\/nymPxHWDAM<\/a><\/p>&mdash; Con-Caf\u00e9 (@concafe) <a href=\"https:\/\/twitter.com\/concafe\/status\/1546520442873184257?ref_src=twsrc%5Etfw\">July 11, 2022<\/a><\/blockquote><script async src=\"https:\/\/platform.twitter.com\/widgets.js\" charset=\"utf-8\"><\/script>\n<\/div><\/figure>\n\n\n\n<figure class=\"wp-block-image size-full\"><img loading=\"lazy\" decoding=\"async\" width=\"532\" height=\"498\" src=\"https:\/\/reports.eyewatch.me\/dc\/wp-content\/uploads\/sites\/10\/2022\/07\/linkedin-medioambiente-2-2.jpg\" alt=\"\" class=\"wp-image-5386\" srcset=\"https:\/\/reports.eyewatch.me\/dc\/wp-content\/uploads\/sites\/10\/2022\/07\/linkedin-medioambiente-2-2.jpg 532w, https:\/\/reports.eyewatch.me\/dc\/wp-content\/uploads\/sites\/10\/2022\/07\/linkedin-medioambiente-2-2-480x449.jpg 480w\" sizes=\"(min-width: 0px) and (max-width: 480px) 480px, (min-width: 481px) 532px, 100vw\" \/><\/figure>\n\n\n\n<div class=\"wp-block-buttons is-layout-flex wp-block-buttons-is-layout-flex\">\n<div class=\"wp-block-button\"><a class=\"wp-block-button__link\" href=\"https:\/\/www.linkedin.com\/feed\/update\/urn:li:activity:6953283434555318272\/\">IR A LA NOTA<\/a><\/div>\n<\/div>\n<\/div>\n\n\n\n<div class=\"wp-block-column is-layout-flow wp-block-column-is-layout-flow\">\n<figure class=\"wp-block-embed is-type-rich is-provider-twitter wp-block-embed-twitter\"><div class=\"wp-block-embed__wrapper\">\n<blockquote class=\"twitter-tweet\" data-width=\"550\" data-dnt=\"true\"><p lang=\"es\" dir=\"ltr\">La Vuelta a Espa\u00f1a apuesta por la movilidad sostenible de la mano de Europcar <a href=\"https:\/\/t.co\/jpD4gRfUnu\">https:\/\/t.co\/jpD4gRfUnu<\/a><\/p>&mdash; Ciclismo Pasi\u00f3n (@CiclismoPasion) <a href=\"https:\/\/twitter.com\/CiclismoPasion\/status\/1546469818479648769?ref_src=twsrc%5Etfw\">July 11, 2022<\/a><\/blockquote><script async src=\"https:\/\/platform.twitter.com\/widgets.js\" charset=\"utf-8\"><\/script>\n<\/div><\/figure>\n\n\n\n<figure class=\"wp-block-embed is-type-rich is-provider-twitter wp-block-embed-twitter\"><div class=\"wp-block-embed__wrapper\">\n<blockquote class=\"twitter-tweet\" data-width=\"550\" data-dnt=\"true\"><p lang=\"es\" dir=\"ltr\"><a href=\"https:\/\/twitter.com\/hashtag\/Noticias?src=hash&amp;ref_src=twsrc%5Etfw\">#Noticias<\/a> | \u00a1Osito Bimbo sostenible! <a href=\"https:\/\/twitter.com\/BimboMx?ref_src=twsrc%5Etfw\">@BimboMx<\/a> pone en marca primer cami\u00f3n el\u00e9ctrico de <a href=\"https:\/\/twitter.com\/ScaniaMX?ref_src=twsrc%5Etfw\">@ScaniaMX<\/a> <a href=\"https:\/\/t.co\/lz7Kr5PDhY\">https:\/\/t.co\/lz7Kr5PDhY<\/a><a href=\"https:\/\/twitter.com\/hashtag\/Sostenibilidad?src=hash&amp;ref_src=twsrc%5Etfw\">#Sostenibilidad<\/a> <a href=\"https:\/\/twitter.com\/hashtag\/Electromovilidad?src=hash&amp;ref_src=twsrc%5Etfw\">#Electromovilidad<\/a> <a href=\"https:\/\/twitter.com\/hashtag\/MedioAmbiente?src=hash&amp;ref_src=twsrc%5Etfw\">#MedioAmbiente<\/a><\/p>&mdash; Petr\u00f3leo&amp;Energ\u00eda (@petroleoenergia) <a href=\"https:\/\/twitter.com\/petroleoenergia\/status\/1546955320366350337?ref_src=twsrc%5Etfw\">July 12, 2022<\/a><\/blockquote><script async src=\"https:\/\/platform.twitter.com\/widgets.js\" charset=\"utf-8\"><\/script>\n<\/div><\/figure>\n\n\n\n<figure class=\"wp-block-image size-full\"><img loading=\"lazy\" decoding=\"async\" width=\"535\" height=\"597\" src=\"https:\/\/reports.eyewatch.me\/dc\/wp-content\/uploads\/sites\/10\/2022\/07\/linkedin-medioambiente-1-3.jpg\" alt=\"\" class=\"wp-image-5387\" srcset=\"https:\/\/reports.eyewatch.me\/dc\/wp-content\/uploads\/sites\/10\/2022\/07\/linkedin-medioambiente-1-3.jpg 535w, https:\/\/reports.eyewatch.me\/dc\/wp-content\/uploads\/sites\/10\/2022\/07\/linkedin-medioambiente-1-3-480x536.jpg 480w\" sizes=\"(min-width: 0px) and (max-width: 480px) 480px, (min-width: 481px) 535px, 100vw\" \/><\/figure>\n\n\n\n<div class=\"wp-block-buttons is-layout-flex wp-block-buttons-is-layout-flex\">\n<div class=\"wp-block-button\"><a class=\"wp-block-button__link\" href=\"https:\/\/www.linkedin.com\/posts\/aldo-farrugia-2aa0bb54_audi-go-green-una-iniciativa-que-busca-de-activity-6953408235894702080-RZpk\/?utm_source=linkedin_share&amp;utm_medium=member_desktop_web\">IR A LA NOTA<\/a><\/div>\n<\/div>\n<\/div>\n<\/div>\n<\/div>\n<\/div>\n\n\n\n<h2 class=\"wp-block-heading\" id=\"contenidos-destacados-en-medios-y-blogs\">Contenidos destacados en medios y blogs<\/h2>\n\n\n\n<div class=\"wp-block-columns is-layout-flex wp-container-core-columns-is-layout-9d6595d7 wp-block-columns-is-layout-flex\">\n<div class=\"wp-block-column is-layout-flow wp-block-column-is-layout-flow\">\n<blockquote class=\"wp-block-quote has-text-align-left is-layout-flow wp-block-quote-is-layout-flow\"><p><em>Coca-Cola fomenta el uso de botellas retornables con acci\u00f3n de intercambio de botellas pl\u00e1sticas<\/em><\/p><cite><strong>LOS TIEMPOS<\/strong><\/cite><\/blockquote>\n\n\n\n<div class=\"wp-block-buttons is-layout-flex wp-block-buttons-is-layout-flex\">\n<div class=\"wp-block-button\"><a class=\"wp-block-button__link\" href=\"https:\/\/www.lostiempos.com\/mostrador\/mostrador\/20220713\/coca-cola-fomenta-uso-botellas-retornables-accion-intercambio-botellas\">IR A LA NOTA<\/a><\/div>\n<\/div>\n<\/div>\n\n\n\n<div class=\"wp-block-column is-layout-flow wp-block-column-is-layout-flow\">\n<blockquote class=\"wp-block-quote has-text-align-left is-layout-flow wp-block-quote-is-layout-flow\"><p><em>La Aspire Vero de Acer y Planta mi \u00e1rbol unen fuerzas por un futuro m\u00e1s sostenible<\/em><\/p><cite><strong>REVISTA YUME<\/strong><\/cite><\/blockquote>\n\n\n\n<div class=\"wp-block-buttons is-layout-flex wp-block-buttons-is-layout-flex\">\n<div class=\"wp-block-button\"><a class=\"wp-block-button__link\" href=\"https:\/\/revistayume.com\/post\/la-aspire-vero-de-acer-y-planta-mi-arbol-unen-fuerzas-por-un-futuro-mas-sostenible\">IR A LA NOTA<\/a><\/div>\n<\/div>\n<\/div>\n<\/div>\n\n\n\n<div class=\"wp-block-columns is-layout-flex wp-container-core-columns-is-layout-9d6595d7 wp-block-columns-is-layout-flex\">\n<div class=\"wp-block-column is-layout-flow wp-block-column-is-layout-flow\">\n<blockquote class=\"wp-block-quote has-text-align-left is-layout-flow wp-block-quote-is-layout-flow\"><p><em>AVIANCA COMPENSA EMISIONES DE SU OPERACI\u00d3N EN COLOMBIA<\/em><\/p><cite><strong>VOLAVI<\/strong><\/cite><\/blockquote>\n\n\n\n<div class=\"wp-block-buttons is-layout-flex wp-block-buttons-is-layout-flex\">\n<div class=\"wp-block-button\"><a class=\"wp-block-button__link\" href=\"https:\/\/volavi.co\/aviacion\/noticias\/avianca-compensa-emisiones-operacion-colombia\">IR A LA NOTA<\/a><\/div>\n<\/div>\n<\/div>\n\n\n\n<div class=\"wp-block-column is-layout-flow wp-block-column-is-layout-flow\">\n<blockquote class=\"wp-block-quote is-layout-flow wp-block-quote-is-layout-flow\"><p><em>HP reduce en un 39% las emisiones por el uso de los productos, superando su objetivo para 2025<\/em><\/p><cite><strong>DIARIO DIA<\/strong><\/cite><\/blockquote>\n\n\n\n<div class=\"wp-block-buttons is-layout-flex wp-block-buttons-is-layout-flex\">\n<div class=\"wp-block-button\"><a class=\"wp-block-button__link\" href=\"https:\/\/diariodia.es\/2022\/07\/13\/hp-reduce-en-un-39-las-emisiones-por-el-uso-de-los-productos-superando-su-objetivo-para-2025\/\">IR A LA NOTA<\/a><\/div>\n<\/div>\n<\/div>\n<\/div>\n\n\n\n<hr class=\"wp-block-separator has-css-opacity\" \/>\n\n\n\n<div class=\"wp-block-divi-layout\">[et_pb_section fb_built=&#8221;1&#8243; admin_label=&#8221;Features&#8221; _builder_version=&#8221;4.4.2&#8243; background_size=&#8221;initial&#8221; background_position=&#8221;top_left&#8221; width=&#8221;100%&#8221; max_width=&#8221;500px&#8221; module_alignment=&#8221;left&#8221; custom_margin=&#8221;|0px||-1px|false|false&#8221; custom_padding=&#8221;0px|0px|0px|0px|false|false&#8221; saved_tabs=&#8221;all&#8221; collapsed=&#8221;off&#8221;][et_pb_row column_padding_mobile=&#8221;on&#8221; custom_padding_last_edited=&#8221;on|phone&#8221; _builder_version=&#8221;4.4.2&#8243; background_size=&#8221;initial&#8221; background_position=&#8221;top_left&#8221; background_repeat=&#8221;repeat&#8221; width=&#8221;auto&#8221; max_width=&#8221;1280px&#8221; custom_margin=&#8221;0px|0px|0px|0px|false|false&#8221; custom_padding=&#8221;10px|2px|10px|0px|false|false&#8221; custom_padding_tablet=&#8221;49px|||&#8221; custom_padding_phone=&#8221;19px|||&#8221; use_custom_width=&#8221;on&#8221; custom_width_px=&#8221;1280px&#8221;][et_pb_column type=&#8221;4_4&#8243; _builder_version=&#8221;3.25&#8243; custom_padding=&#8221;|||&#8221; custom_padding__hover=&#8221;|||&#8221;][et_pb_blurb title=&#8221;SECTOR AUTOMOTRIZ&#8221; image=&#8221;https:\/\/reports.eyewatch.me\/dc\/wp-content\/uploads\/sites\/10\/2020\/04\/icon_conversation-1.png&#8221; icon_placement=&#8221;left&#8221; image_max_width=&#8221;69px&#8221; _builder_version=&#8221;4.4.7&#8243; header_level=&#8221;h1&#8243; custom_margin=&#8221;|||0px|false|false&#8221; custom_padding=&#8221;|||1px|false|false&#8221;][\/et_pb_blurb][\/et_pb_column][\/et_pb_row][\/et_pb_section]<\/div>\n\n\n\n<p><em><em>Menciones en redes sociales, medios y blogs en espa\u00f1ol sobre marcas de veh\u00edculos y automotrices relacionadas con<\/em> campa\u00f1as por el medio ambiente y acci\u00f3n social.<\/em><\/p>\n\n\n\n<h2 class=\"wp-block-heading\" id=\"evolucion-de-la-conversacion-ultimos-7-dias\">Evoluci\u00f3n de la conversaci\u00f3n &#8211; \u00daltimos 7 d\u00edas<\/h2>\n\n\n\n<div class=\"wp-block-group is-layout-flow wp-block-group-is-layout-flow\">\n<div class=\"wp-block-columns is-layout-flex wp-container-core-columns-is-layout-9d6595d7 wp-block-columns-is-layout-flex\">\n<div class=\"wp-block-column is-layout-flow wp-block-column-is-layout-flow\">\n<h4 class=\"wp-block-heading\" id=\"5-1k-menciones\"><img loading=\"lazy\" decoding=\"async\" width=\"121\" height=\"121\" class=\"wp-image-592\" style=\"width: 40px\" src=\"https:\/\/reports.eyewatch.me\/pc\/wp-content\/uploads\/sites\/3\/2020\/04\/icon_Artboard-3@3x-1.png\" alt=\"\">8.06K MENCIONES<\/h4>\n\n\n\n<p><\/p>\n<\/div>\n\n\n\n<div class=\"wp-block-column is-layout-flow wp-block-column-is-layout-flow\">\n<h4 class=\"has-text-align-left wp-block-heading\" id=\"2-1k-usuarios\"><img loading=\"lazy\" decoding=\"async\" width=\"121\" height=\"121\" class=\"wp-image-589\" style=\"width: 40px\" src=\"https:\/\/reports.eyewatch.me\/pc\/wp-content\/uploads\/sites\/3\/2020\/04\/icon_Artboard-3-copy-3@3x.png\" alt=\"\">3.46K USUARIOS<br><\/h4>\n<\/div>\n<\/div>\n<\/div>\n\n\n\n<figure class=\"wp-block-image size-full is-resized\"><img loading=\"lazy\" decoding=\"async\" src=\"https:\/\/reports.eyewatch.me\/dc\/wp-content\/uploads\/sites\/10\/2022\/07\/grafico-derco-automotrices.jpg\" alt=\"\" class=\"wp-image-5390\" width=\"792\" height=\"401\" srcset=\"https:\/\/reports.eyewatch.me\/dc\/wp-content\/uploads\/sites\/10\/2022\/07\/grafico-derco-automotrices.jpg 792w, https:\/\/reports.eyewatch.me\/dc\/wp-content\/uploads\/sites\/10\/2022\/07\/grafico-derco-automotrices-480x243.jpg 480w\" sizes=\"(min-width: 0px) and (max-width: 480px) 480px, (min-width: 481px) 792px, 100vw\" \/><\/figure>\n\n\n\n<hr class=\"wp-block-separator has-css-opacity\" \/>\n\n\n\n<h2 class=\"wp-block-heading\" id=\"evolucion-por-categoria\">Evoluci\u00f3n por categor\u00eda<\/h2>\n\n\n\n<figure class=\"wp-block-image size-large is-resized\"><img loading=\"lazy\" decoding=\"async\" src=\"https:\/\/reports.eyewatch.me\/dc\/wp-content\/uploads\/sites\/10\/2022\/07\/derco-automotrices-comparado-1024x307.jpg\" alt=\"\" class=\"wp-image-5391\" width=\"967\" height=\"290\" srcset=\"https:\/\/reports.eyewatch.me\/dc\/wp-content\/uploads\/sites\/10\/2022\/07\/derco-automotrices-comparado-980x294.jpg 980w, https:\/\/reports.eyewatch.me\/dc\/wp-content\/uploads\/sites\/10\/2022\/07\/derco-automotrices-comparado-480x144.jpg 480w\" sizes=\"(min-width: 0px) and (max-width: 480px) 480px, (min-width: 481px) and (max-width: 980px) 980px, 100vw\" \/><\/figure>\n\n\n\n<hr class=\"wp-block-separator has-css-opacity\" \/>\n\n\n\n<h2 class=\"wp-block-heading\" id=\"temas-destacados\">Temas destacados<\/h2>\n\n\n\n<p><\/p>\n\n\n\n<ul class=\"wp-block-list\"><li>Veh\u00edculos el\u00e9ctricos que defiende <strong>Biden <\/strong>generan m\u00e1s contaminaci\u00f3n.<\/li><li>Se puso en marcha el primer <strong>Corredor de Movilidad El\u00e9ctrica de Colombia<\/strong> donde los autos el\u00e9ctricos pueden recorrerlo, contando con distintos puntos de carga r\u00e1pida.<\/li><li><strong>Google <\/strong>ya muestra en su aplicaci\u00f3n <strong>Maps <\/strong>distintos puntos de carga para autos el\u00e9ctricos.<\/li><li><strong>Shell <\/strong>adquiri\u00f3 la totalidad de los cables de energ\u00eda en Espa\u00f1a, usados estos mismos para cargar a los distintos veh\u00edculos el\u00e9ctricos.<\/li><li><strong>Posco <\/strong>invertir\u00e1 en una f\u00e1brica en M\u00e9xico, donde se fabricaran distintos componentes para los motores el\u00e9ctricos.<\/li><li><strong>Porsche <\/strong>invirti\u00f3 1500 millones de d\u00f3lares en electromovilidad, convirti\u00e9ndose en l\u00edder en la fabricaci\u00f3n de veh\u00edculo h\u00edbridos y 100% el\u00e9ctricos.<\/li><li><strong>Nissan <\/strong>present\u00f3 su nuevo modelo de auto el\u00e9ctrico Ariya 2023, con hasta 533 km de autonom\u00eda.<\/li><li>Hay un prototipo chino de un auto que se pretende que tenga <strong>movilidad solar.<\/strong><\/li><li><strong>Las Hidrol\u00e9ctricas <\/strong>promueven e incentivan la <strong>movilidad el\u00e9ctrica.<\/strong><\/li><li><strong>Nissan <\/strong>present\u00f3 la soluci\u00f3n para detonar el uso de autos el\u00e9ctricos en M\u00e9xico, eliminando las estaciones de carga y controlando las emisiones contaminantes.<\/li><li><strong>Renault <\/strong>plantea producir para 2024 m\u00e1s de un mill\u00f3n de motores el\u00e9ctricos en su planta en Cl\u00e9on, Francia.<\/li><\/ul>\n\n\n\n<hr class=\"wp-block-separator has-css-opacity\" \/>\n\n\n\n<h2 class=\"wp-block-heading\" id=\"contenidos-destacados-en-redes-sociales\">Contenidos destacados en redes sociales<\/h2>\n\n\n\n<p><em> <em>\u00daltimas 96h<\/em><\/em><\/p>\n\n\n\n<div class=\"wp-block-columns is-layout-flex wp-container-core-columns-is-layout-9d6595d7 wp-block-columns-is-layout-flex\">\n<div class=\"wp-block-column is-layout-flow wp-block-column-is-layout-flow\">\n<figure class=\"wp-block-embed is-type-rich is-provider-twitter wp-block-embed-twitter\"><div class=\"wp-block-embed__wrapper\">\n<blockquote class=\"twitter-tweet\" data-width=\"550\" data-dnt=\"true\"><p lang=\"es\" dir=\"ltr\">Veh\u00edculos el\u00e9ctricos que defiende Biden generan m\u00e1s contaminaci\u00f3n <a href=\"https:\/\/t.co\/j0jbHIDtws\">https:\/\/t.co\/j0jbHIDtws<\/a> | <a href=\"https:\/\/twitter.com\/hashtag\/MedioAmbiente?src=hash&amp;ref_src=twsrc%5Etfw\">#MedioAmbiente<\/a> \u267b\ufe0f por <a href=\"https:\/\/twitter.com\/OriRivas91?ref_src=twsrc%5Etfw\">@OriRivas91<\/a><\/p>&mdash; PanAm Post Espa\u00f1ol (@PanAmPost_es) <a href=\"https:\/\/twitter.com\/PanAmPost_es\/status\/1547638309689561091?ref_src=twsrc%5Etfw\">July 14, 2022<\/a><\/blockquote><script async src=\"https:\/\/platform.twitter.com\/widgets.js\" charset=\"utf-8\"><\/script>\n<\/div><\/figure>\n<\/div>\n\n\n\n<div class=\"wp-block-column is-layout-flow wp-block-column-is-layout-flow\">\n<figure class=\"wp-block-embed is-type-rich is-provider-twitter wp-block-embed-twitter\"><div class=\"wp-block-embed__wrapper\">\n<blockquote class=\"twitter-tweet\" data-width=\"550\" data-dnt=\"true\"><p lang=\"es\" dir=\"ltr\"><a href=\"https:\/\/twitter.com\/hashtag\/Regiones?src=hash&amp;ref_src=twsrc%5Etfw\">#Regiones<\/a> | Se puso en marcha el primer Corredor de Movilidad El\u00e9ctrica del pa\u00eds, una ruta de 256 kil\u00f3metros de la Autopista del Caf\u00e9, que se podr\u00e1 recorrer en un veh\u00edculo el\u00e9ctrico con puntos de carga r\u00e1pida. <a href=\"https:\/\/twitter.com\/EnergiaPereira?ref_src=twsrc%5Etfw\">@EnergiaPereira<\/a> <a href=\"https:\/\/twitter.com\/AutopCafe?ref_src=twsrc%5Etfw\">@AutopCafe<\/a> <a href=\"https:\/\/t.co\/xzrG9z7lwP\">https:\/\/t.co\/xzrG9z7lwP<\/a> <a href=\"https:\/\/twitter.com\/lafm?ref_src=twsrc%5Etfw\">@lafm<\/a> <a href=\"https:\/\/twitter.com\/hashtag\/LaPol%C3%ADticaEs?src=hash&amp;ref_src=twsrc%5Etfw\">#LaPol\u00edticaEs<\/a><\/p>&mdash; LA Fm del Eje (@lafmdeleje) <a href=\"https:\/\/twitter.com\/lafmdeleje\/status\/1547664730252124162?ref_src=twsrc%5Etfw\">July 14, 2022<\/a><\/blockquote><script async src=\"https:\/\/platform.twitter.com\/widgets.js\" charset=\"utf-8\"><\/script>\n<\/div><\/figure>\n<\/div>\n<\/div>\n\n\n\n<div class=\"wp-block-columns is-layout-flex wp-container-core-columns-is-layout-9d6595d7 wp-block-columns-is-layout-flex\">\n<div class=\"wp-block-column is-layout-flow wp-block-column-is-layout-flow\">\n<figure class=\"wp-block-embed is-type-rich is-provider-twitter wp-block-embed-twitter\"><div class=\"wp-block-embed__wrapper\">\n<blockquote class=\"twitter-tweet\" data-width=\"550\" data-dnt=\"true\"><p lang=\"es\" dir=\"ltr\">Google Maps ya nos muestra puntos de carga para veh\u00edculos\u00a0el\u00e9ctricos <a href=\"https:\/\/t.co\/0Rgmijbgvc\">https:\/\/t.co\/0Rgmijbgvc<\/a><\/p>&mdash; Revolucion Web (@Revolucion_Web) <a href=\"https:\/\/twitter.com\/Revolucion_Web\/status\/1547662420486733826?ref_src=twsrc%5Etfw\">July 14, 2022<\/a><\/blockquote><script async src=\"https:\/\/platform.twitter.com\/widgets.js\" charset=\"utf-8\"><\/script>\n<\/div><\/figure>\n<\/div>\n\n\n\n<div class=\"wp-block-column is-layout-flow wp-block-column-is-layout-flow\">\n<figure class=\"wp-block-embed is-type-rich is-provider-twitter wp-block-embed-twitter\"><div class=\"wp-block-embed__wrapper\">\n<blockquote class=\"twitter-tweet\" data-width=\"550\" data-dnt=\"true\"><p lang=\"es\" dir=\"ltr\">Shell Espa\u00f1a\u00a0ha adquirido el 100 % de\u00a0Cable Energ\u00eda, el operador espa\u00f1ol de puntos de recarga para veh\u00edculos el\u00e9ctricos.<a href=\"https:\/\/twitter.com\/hashtag\/EHPlus?src=hash&amp;ref_src=twsrc%5Etfw\">#EHPlus<\/a><a href=\"https:\/\/t.co\/FzxjE9EYLz\">https:\/\/t.co\/FzxjE9EYLz<\/a> <a href=\"https:\/\/t.co\/s7duVMhbgb\">pic.twitter.com\/s7duVMhbgb<\/a><\/p>&mdash; ehplusdo (@ehplusdo) <a href=\"https:\/\/twitter.com\/ehplusdo\/status\/1547657907214331905?ref_src=twsrc%5Etfw\">July 14, 2022<\/a><\/blockquote><script async src=\"https:\/\/platform.twitter.com\/widgets.js\" charset=\"utf-8\"><\/script>\n<\/div><\/figure>\n<\/div>\n<\/div>\n\n\n\n<figure class=\"wp-block-embed aligncenter is-type-rich is-provider-twitter wp-block-embed-twitter\"><div class=\"wp-block-embed__wrapper\">\nhttps:\/\/twitter.com\/meximold\/status\/1547657265208913926\n<\/div><\/figure>\n\n\n\n<div class=\"wp-block-columns is-layout-flex wp-container-core-columns-is-layout-9d6595d7 wp-block-columns-is-layout-flex\">\n<div class=\"wp-block-column is-layout-flow wp-block-column-is-layout-flow\">\n<figure class=\"wp-block-image size-full\"><img loading=\"lazy\" decoding=\"async\" width=\"531\" height=\"865\" src=\"https:\/\/reports.eyewatch.me\/dc\/wp-content\/uploads\/sites\/10\/2022\/07\/linkedin-electromovilidad-1-1.jpg\" alt=\"\" class=\"wp-image-5392\" srcset=\"https:\/\/reports.eyewatch.me\/dc\/wp-content\/uploads\/sites\/10\/2022\/07\/linkedin-electromovilidad-1-1.jpg 531w, https:\/\/reports.eyewatch.me\/dc\/wp-content\/uploads\/sites\/10\/2022\/07\/linkedin-electromovilidad-1-1-480x782.jpg 480w\" sizes=\"(min-width: 0px) and (max-width: 480px) 480px, (min-width: 481px) 531px, 100vw\" \/><\/figure>\n\n\n\n<div class=\"wp-block-buttons is-layout-flex wp-block-buttons-is-layout-flex\">\n<div class=\"wp-block-button\"><a class=\"wp-block-button__link\" href=\"https:\/\/www.linkedin.com\/posts\/latamobility_la-electromovilidad-representa-m%C3%A1xima-prioridad-activity-6953414266137800704-R_Wd?utm_source=linkedin_share&amp;utm_medium=member_desktop_web\">IR A LA PUBLICACI\u00d3N<\/a><\/div>\n<\/div>\n<\/div>\n\n\n\n<div class=\"wp-block-column is-layout-flow wp-block-column-is-layout-flow\">\n<figure class=\"wp-block-image size-full\"><img loading=\"lazy\" decoding=\"async\" width=\"538\" height=\"603\" src=\"https:\/\/reports.eyewatch.me\/dc\/wp-content\/uploads\/sites\/10\/2022\/07\/linkedin-electromovilidad-2-1.jpg\" alt=\"\" class=\"wp-image-5393\" srcset=\"https:\/\/reports.eyewatch.me\/dc\/wp-content\/uploads\/sites\/10\/2022\/07\/linkedin-electromovilidad-2-1.jpg 538w, https:\/\/reports.eyewatch.me\/dc\/wp-content\/uploads\/sites\/10\/2022\/07\/linkedin-electromovilidad-2-1-480x538.jpg 480w\" sizes=\"(min-width: 0px) and (max-width: 480px) 480px, (min-width: 481px) 538px, 100vw\" \/><\/figure>\n\n\n\n<div class=\"wp-block-buttons is-layout-flex wp-block-buttons-is-layout-flex\">\n<div class=\"wp-block-button\"><a class=\"wp-block-button__link\" href=\"https:\/\/www.linkedin.com\/posts\/diegobetanzos_nissan-ariya-2023-sorprende-o-es-otro-activity-6953418010359390208-hK4x\/?utm_source=linkedin_share&amp;utm_medium=member_desktop_web\">IR A LA PUBLICACI\u00d3N<\/a><\/div>\n<\/div>\n<\/div>\n<\/div>\n\n\n\n<hr class=\"wp-block-separator has-css-opacity\" \/>\n\n\n\n<h2 class=\"wp-block-heading\" id=\"contenidos-destacados-en-medios-y-blogs\">Contenidos destacados en medios y blogs<\/h2>\n\n\n\n<p><em> <\/em><\/p>\n\n\n\n<div class=\"wp-block-columns is-layout-flex wp-container-core-columns-is-layout-9d6595d7 wp-block-columns-is-layout-flex\">\n<div class=\"wp-block-column is-layout-flow wp-block-column-is-layout-flow\">\n<blockquote class=\"wp-block-quote has-text-align-left is-layout-flow wp-block-quote-is-layout-flow\"><p><em>Despu\u00e9s del auto el\u00e9ctrico enchufable, vendr\u00e1 el solar: vea este prototipo chino<\/em><\/p><cite><strong>EL CARRO COLOMBIANO<\/strong><\/cite><\/blockquote>\n\n\n\n<div class=\"wp-block-buttons is-layout-flex wp-block-buttons-is-layout-flex\">\n<div class=\"wp-block-button\"><a class=\"wp-block-button__link\" href=\"https:\/\/www.elcarrocolombiano.com\/autos-del-mundo\/despues-del-auto-enchufable-vendra-el-solar-prototipo-chino\/\">IR A LA NOTA<\/a><\/div>\n<\/div>\n<\/div>\n\n\n\n<div class=\"wp-block-column is-layout-flow wp-block-column-is-layout-flow\">\n<blockquote class=\"wp-block-quote has-text-align-left is-layout-flow wp-block-quote-is-layout-flow\"><p><em>Las hidroel\u00e9ctricas promueven\u00a0 el\u00a0 transporte el\u00e9ctrico<\/em><\/p><cite><strong>\u00daLTIMA HORA<\/strong><\/cite><\/blockquote>\n\n\n\n<div class=\"wp-block-buttons is-layout-flex wp-block-buttons-is-layout-flex\">\n<div class=\"wp-block-button\"><a class=\"wp-block-button__link\" href=\"https:\/\/www.ultimahora.com\/las-hidroelectricas-promueven-el-transporte-electrico-n3011813.html\">IR A LA NOTA<\/a><\/div>\n<\/div>\n<\/div>\n<\/div>\n\n\n\n<div class=\"wp-block-columns is-layout-flex wp-container-core-columns-is-layout-9d6595d7 wp-block-columns-is-layout-flex\">\n<div class=\"wp-block-column is-layout-flow wp-block-column-is-layout-flow\">\n<blockquote class=\"wp-block-quote has-text-align-left is-layout-flow wp-block-quote-is-layout-flow\"><p>Nissan presenta su soluci\u00f3n para detonar el uso de autos el\u00e9ctricos en M\u00e9xico<\/p><cite><strong>FORBES<\/strong><\/cite><\/blockquote>\n\n\n\n<div class=\"wp-block-buttons is-layout-flex wp-block-buttons-is-layout-flex\">\n<div class=\"wp-block-button\"><a class=\"wp-block-button__link\" href=\"https:\/\/www.forbes.com.mx\/nissan-presenta-solucion-para-detonar-uso-de-electricos-en-mexico\/\">IR A LA NOTA<\/a><\/div>\n<\/div>\n<\/div>\n\n\n\n<div class=\"wp-block-column is-layout-flow wp-block-column-is-layout-flow\">\n<blockquote class=\"wp-block-quote has-text-align-left is-layout-flow wp-block-quote-is-layout-flow\"><p><em>La planta de Cl\u00e9on de Renault producir\u00e1 m\u00e1s de un mill\u00f3n de motores el\u00e9ctricos<\/em><\/p><cite><strong>MEMO LIRA<\/strong><\/cite><\/blockquote>\n\n\n\n<div class=\"wp-block-buttons is-layout-flex wp-block-buttons-is-layout-flex\">\n<div class=\"wp-block-button\"><a class=\"wp-block-button__link\" href=\"https:\/\/memolira.com\/breaking-news\/la-planta-de-cleon-de-renault-producira-mas-de-un-millon-de-motores-electricos\/\">IR A LA NOTA<\/a><\/div>\n<\/div>\n<\/div>\n<\/div>\n\n\n\n<div class=\"wp-block-columns is-layout-flex wp-container-core-columns-is-layout-9d6595d7 wp-block-columns-is-layout-flex\">\n<div class=\"wp-block-column is-layout-flow wp-block-column-is-layout-flow\"><\/div>\n\n\n\n<div class=\"wp-block-column is-layout-flow wp-block-column-is-layout-flow\"><\/div>\n<\/div>\n\n\n\n<p><\/p>\n","protected":false},"excerpt":{"rendered":"<p>DERCO CENTER |<\/p>\n","protected":false},"author":88,"featured_media":0,"comment_status":"closed","ping_status":"closed","sticky":false,"template":"","format":"standard","meta":{"_et_pb_use_builder":"off","_et_pb_old_content":"<!-- wp:paragraph -->\n<p><\/p>\n<!-- \/wp:paragraph -->\n\n<!-- wp:divi\/layout -->\n<div class=\"wp-block-divi-layout\">[et_pb_section fb_built=\"1\" admin_label=\"Features\" _builder_version=\"4.4.2\" background_size=\"initial\" background_position=\"top_left\" width=\"100%\" max_width=\"500px\" module_alignment=\"left\" custom_margin=\"|0px||-1px|false|false\" custom_padding=\"0px|0px|0px|0px|false|false\" saved_tabs=\"all\" collapsed=\"off\"][et_pb_row column_padding_mobile=\"on\" custom_padding_last_edited=\"on|phone\" _builder_version=\"4.4.2\" background_size=\"initial\" background_position=\"top_left\" background_repeat=\"repeat\" width=\"auto\" max_width=\"1280px\" custom_margin=\"0px|0px|0px|0px|false|false\" custom_padding=\"10px|2px|10px|0px|false|false\" custom_padding_tablet=\"49px|||\" custom_padding_phone=\"19px|||\" use_custom_width=\"on\" custom_width_px=\"1280px\"][et_pb_column type=\"4_4\" _builder_version=\"3.25\" custom_padding=\"|||\" custom_padding__hover=\"|||\"][et_pb_blurb title=\"DESARROLLO SOCIAL\" image=\"https:\/\/reports.eyewatch.me\/pc\/wp-content\/uploads\/sites\/3\/2020\/04\/icon_Artboard-3-100.jpg\" icon_placement=\"left\" image_max_width=\"69px\" _builder_version=\"4.4.2\" header_level=\"h1\" custom_margin=\"|||0px|false|false\" custom_padding=\"|||1px|false|false\"][\/et_pb_blurb][\/et_pb_column][\/et_pb_row][\/et_pb_section]<\/div>\n<!-- \/wp:divi\/layout -->\n\n<!-- wp:paragraph -->\n<p><em><em>Menciones en redes sociales, medios y blogs en espa\u00f1ol sobre marcas y empresas vinculadas a<\/em> voluntariados, desarrollo social, campa\u00f1as solidarias, inclusi\u00f3n, y t\u00e9rminos afines.<\/em><\/p>\n<!-- \/wp:paragraph -->\n\n<!-- wp:separator -->\n<hr class=\"wp-block-separator\"\/>\n<!-- \/wp:separator -->\n\n<!-- wp:heading -->\n<h2>Evoluci\u00f3n de la conversaci\u00f3n - \u00faltimos 7 d\u00edas<\/h2>\n<!-- \/wp:heading -->\n\n<!-- wp:columns -->\n<div class=\"wp-block-columns\"><!-- wp:column -->\n<div class=\"wp-block-column\"><!-- wp:heading {\"level\":4} -->\n<h4><img class=\"wp-image-592\" style=\"width: 40px\" src=\"https:\/\/reports.eyewatch.me\/pc\/wp-content\/uploads\/sites\/3\/2020\/04\/icon_Artboard-3@3x-1.png\" alt=\"\">   1.1K USUARIOS<\/h4>\n<!-- \/wp:heading --><\/div>\n<!-- \/wp:column -->\n\n<!-- wp:column -->\n<div class=\"wp-block-column\"><!-- wp:heading {\"textAlign\":\"left\",\"level\":4} -->\n<h4 class=\"has-text-align-left\"> <img class=\"wp-image-589\" style=\"width: 40px\" src=\"https:\/\/reports.eyewatch.me\/pc\/wp-content\/uploads\/sites\/3\/2020\/04\/icon_Artboard-3-copy-3@3x.png\" alt=\"\">1.2K<strong> <\/strong>MENCIONES<br><\/h4>\n<!-- \/wp:heading --><\/div>\n<!-- \/wp:column --><\/div>\n<!-- \/wp:columns -->\n\n<!-- wp:image {\"id\":2312,\"sizeSlug\":\"full\",\"linkDestination\":\"none\"} -->\n<figure class=\"wp-block-image size-full\"><img src=\"https:\/\/reports.eyewatch.me\/dc\/wp-content\/uploads\/sites\/10\/2021\/09\/13.jpg\" alt=\"\" class=\"wp-image-2312\"\/><\/figure>\n<!-- \/wp:image -->\n\n<!-- wp:spacer {\"height\":20} -->\n<div style=\"height:20px\" aria-hidden=\"true\" class=\"wp-block-spacer\"><\/div>\n<!-- \/wp:spacer -->\n\n<!-- wp:separator {\"className\":\"is-style-wide\"} -->\n<hr class=\"wp-block-separator is-style-wide\"\/>\n<!-- \/wp:separator -->\n\n<!-- wp:heading -->\n<h2>Evoluci\u00f3n por categor\u00edas<\/h2>\n<!-- \/wp:heading -->\n\n<!-- wp:image {\"id\":2311,\"sizeSlug\":\"full\",\"linkDestination\":\"none\"} -->\n<figure class=\"wp-block-image size-full\"><img src=\"https:\/\/reports.eyewatch.me\/dc\/wp-content\/uploads\/sites\/10\/2021\/09\/12.jpg\" alt=\"\" class=\"wp-image-2311\"\/><\/figure>\n<!-- \/wp:image -->\n\n<!-- wp:spacer {\"height\":20} -->\n<div style=\"height:20px\" aria-hidden=\"true\" class=\"wp-block-spacer\"><\/div>\n<!-- \/wp:spacer -->\n\n<!-- wp:separator -->\n<hr class=\"wp-block-separator\"\/>\n<!-- \/wp:separator -->\n\n<!-- wp:heading -->\n<h2>Temas destacados<\/h2>\n<!-- \/wp:heading -->\n\n<!-- wp:paragraph -->\n<p><em>\u00daltimas 96hs<\/em><\/p>\n<!-- \/wp:paragraph -->\n\n<!-- wp:group -->\n<div class=\"wp-block-group\"><!-- wp:group -->\n<div class=\"wp-block-group\"><!-- wp:list -->\n<ul><li><strong><b>S<\/b>antander M\u00e9xico <\/strong>lanza tajeras LikeU en dode cada color se corresponde a una causa social y ambiental. Por cada tarjeta contratada el banco donar\u00e1 recursos a distintas causas.<\/li><li><strong>Coca-Cola  Bolivia<\/strong> junto a Embol y Pedidos Ya se suma a la campa\u00f1a global \"Para todas las mesas\" la cual busca combatir la inseguridad alimentaria y apoyar la reactivaci\u00f3n de restaurantes.<\/li><li>La plataforma interactiva desarrollada por <strong>Pharmaton<\/strong> \"Kiddi World\" que permite detectar dislexia, disgraf\u00eda y daltonismo recibe el premio Innovation CUT.<\/li><li><strong>Walmart Chile<\/strong> crea alianza con la Fundaci\u00f3n 1ko que visibiliza el trabajo de artistas y emprendedores de Bajo de Mena. La cadena de supermercados vender\u00e1 prendas de vestimentas con dise\u00f1os de los artistas de la fundaci\u00f3n.<\/li><li><strong>Bic Ecuador <\/strong>lanza campa\u00f1a sobre empat\u00eda para el regreso a clases presenciales \"Back in cool\".<\/li><li>Bumble la app de citas crea el primer programa de apoyo dirigido a v\u00edctimas de agresi\u00f3n o abuso sexual junto a la organizaci\u00f3n Chayn.<\/li><\/ul>\n<!-- \/wp:list -->\n\n<!-- wp:paragraph -->\n<p><\/p>\n<!-- \/wp:paragraph -->\n\n<!-- wp:separator -->\n<hr class=\"wp-block-separator\"\/>\n<!-- \/wp:separator -->\n\n<!-- wp:heading -->\n<h2>Contenidos destacados en redes sociales<\/h2>\n<!-- \/wp:heading -->\n\n<!-- wp:paragraph -->\n<p><em>\u00daltimas 96hs<\/em><\/p>\n<!-- \/wp:paragraph --><\/div>\n<!-- \/wp:group -->\n\n<!-- wp:separator -->\n<hr class=\"wp-block-separator\"\/>\n<!-- \/wp:separator -->\n\n<!-- wp:heading -->\n<h2>Contenidos destacados en medios y blogs<\/h2>\n<!-- \/wp:heading -->\n\n<!-- wp:paragraph -->\n<p><em>\u00daltimas 96hs<\/em><\/p>\n<!-- \/wp:paragraph -->\n\n<!-- wp:columns -->\n<div class=\"wp-block-columns\"><!-- wp:column -->\n<div class=\"wp-block-column\"><!-- wp:quote -->\n<blockquote class=\"wp-block-quote\"><p><em><em>Pampers Argentina colabora con Fundaci\u00f3n s\u00ed. Ante cada like en las redes de la marca o compra de producto, la empresa donar\u00e1 un pa\u00f1al a la fundaci\u00f3n.<\/em><\/em><\/p><cite><strong>FUNDACI\u00d3N S\u00cd<\/strong><\/cite><\/blockquote>\n<!-- \/wp:quote -->\n\n<!-- wp:buttons -->\n<div class=\"wp-block-buttons\"><!-- wp:button -->\n<div class=\"wp-block-button\"><a class=\"wp-block-button__link\" href=\"https:\/\/fundacionsi.org.ar\/junto-a-pampers-argentina-hagamos-que-mas-bebes-sigan-sonando\/\">IR A LA NOTA<\/a><\/div>\n<!-- \/wp:button --><\/div>\n<!-- \/wp:buttons --><\/div>\n<!-- \/wp:column -->\n\n<!-- wp:column -->\n<div class=\"wp-block-column\"><!-- wp:quote -->\n<blockquote class=\"wp-block-quote\"><p><em><strong>C<\/strong>ervecer\u00eda Boliviana Nacional realiza conversatorio a favor de la equidad de g\u00e9nero.<\/em><\/p><cite><strong>BOLIVIA EN TUS MANOS<\/strong><\/cite><\/blockquote>\n<!-- \/wp:quote -->\n\n<!-- wp:buttons -->\n<div class=\"wp-block-buttons\"><!-- wp:button -->\n<div class=\"wp-block-button\"><a class=\"wp-block-button__link\" href=\"https:\/\/www.boliviaentusmanos.com\/noticias\/bolivia\/381653\/cbn-comparte-sus-experiencias-en-favor-de-la-equidad-de-genero-en-un-conversatorio-del-pacto-global-bolivia.html\">IR A LA NOTA<\/a><\/div>\n<!-- \/wp:button --><\/div>\n<!-- \/wp:buttons --><\/div>\n<!-- \/wp:column -->\n\n<!-- wp:column -->\n<div class=\"wp-block-column\"><!-- wp:quote -->\n<blockquote class=\"wp-block-quote\"><p><em><em>Virgin Mobile M\u00e9xico particip\u00f3 en las conferencias sobre La equidad de g\u00e9nero en las telecomunicaciones.<\/em><\/em><\/p><cite><strong>MULTIANIME<\/strong><\/cite><\/blockquote>\n<!-- \/wp:quote -->\n\n<!-- wp:buttons -->\n<div class=\"wp-block-buttons\"><!-- wp:button -->\n<div class=\"wp-block-button\"><a class=\"wp-block-button__link\" href=\"https:\/\/multianime.com.mx\/2021\/09\/02\/virgin-mobile-equidad-de-genero-interes\/\">IR A LA NOTA<\/a><\/div>\n<!-- \/wp:button --><\/div>\n<!-- \/wp:buttons --><\/div>\n<!-- \/wp:column --><\/div>\n<!-- \/wp:columns -->\n\n<!-- wp:columns -->\n<div class=\"wp-block-columns\"><!-- wp:column -->\n<div class=\"wp-block-column\"><!-- wp:quote -->\n<blockquote class=\"wp-block-quote\"><p><em>Mary Kay Espa\u00f1a se une a Fundaci\u00f3n Stampa para reforzar el programa <em>Ponte guapa, te sentir\u00e1s mejor\u2019<\/em><\/em><\/p><cite><strong>AP NEWS<\/strong><\/cite><\/blockquote>\n<!-- \/wp:quote -->\n\n<!-- wp:buttons -->\n<div class=\"wp-block-buttons\"><!-- wp:button -->\n<div class=\"wp-block-button\"><a class=\"wp-block-button__link\" href=\"https:\/\/apnews.com\/press-release\/business-wire\/e4f01526577a4b03b270994e35e375d1\">IR A LA NOTA<\/a><\/div>\n<!-- \/wp:button --><\/div>\n<!-- \/wp:buttons --><\/div>\n<!-- \/wp:column -->\n\n<!-- wp:column -->\n<div class=\"wp-block-column\"><!-- wp:quote -->\n<blockquote class=\"wp-block-quote\"><p><em>Plaza Ses\u00e1mo Latinoamerica genera contenido para a ni\u00f1os venezolanos migrantes vulnerados<\/em><\/p><cite><strong>HEAD TOPICS<\/strong><\/cite><\/blockquote>\n<!-- \/wp:quote -->\n\n<!-- wp:buttons -->\n<div class=\"wp-block-buttons\"><!-- wp:button -->\n<div class=\"wp-block-button\"><a class=\"wp-block-button__link\" href=\"\/\/headtopics.com\/es\/personajes-de-plaza-sesamo-acompanar-n-a-ninos-migrantes-venezolanos-21604343\">IR A LA NOTA<\/a><\/div>\n<!-- \/wp:button --><\/div>\n<!-- \/wp:buttons --><\/div>\n<!-- \/wp:column -->\n\n<!-- wp:column -->\n<div class=\"wp-block-column\"><!-- wp:paragraph -->\n<p><em>Samsung Bolivia y la Escuela Militar de Ingenier\u00eda firman convenio que beneficia estudiantes<\/em><\/p>\n<!-- \/wp:paragraph -->\n\n<!-- wp:paragraph -->\n<p> <strong>MM<\/strong><\/p>\n<!-- \/wp:paragraph -->\n\n<!-- wp:buttons -->\n<div class=\"wp-block-buttons\"><!-- wp:button -->\n<div class=\"wp-block-button\"><a class=\"wp-block-button__link\" href=\"https:\/\/www.magazinemanagement.gm-bolivia.com\/samsung-y-la-emi-firman-convenio-de-cooperacion-interinstitucional\/\">IR A LA NOTA<\/a><\/div>\n<!-- \/wp:button --><\/div>\n<!-- \/wp:buttons --><\/div>\n<!-- \/wp:column --><\/div>\n<!-- \/wp:columns -->\n\n<!-- wp:separator {\"className\":\"is-style-wide\"} -->\n<hr class=\"wp-block-separator is-style-wide\"\/>\n<!-- \/wp:separator --><\/div>\n<!-- \/wp:group -->\n\n<!-- wp:spacer {\"height\":20} -->\n<div style=\"height:20px\" aria-hidden=\"true\" class=\"wp-block-spacer\"><\/div>\n<!-- \/wp:spacer -->\n\n<!-- wp:divi\/layout -->\n<div class=\"wp-block-divi-layout\">[et_pb_section fb_built=\"1\" admin_label=\"Features\" _builder_version=\"4.4.2\" background_size=\"initial\" background_position=\"top_left\" width=\"100%\" max_width=\"500px\" module_alignment=\"left\" custom_margin=\"|0px||-1px|false|false\" custom_padding=\"0px|0px|0px|0px|false|false\" saved_tabs=\"all\" collapsed=\"off\"][et_pb_row column_padding_mobile=\"on\" custom_padding_last_edited=\"on|phone\" _builder_version=\"4.4.2\" background_size=\"initial\" background_position=\"top_left\" background_repeat=\"repeat\" width=\"auto\" max_width=\"1280px\" custom_margin=\"0px|0px|0px|0px|false|false\" custom_padding=\"10px|2px|10px|0px|false|false\" custom_padding_tablet=\"49px|||\" custom_padding_phone=\"19px|||\" use_custom_width=\"on\" custom_width_px=\"1280px\"][et_pb_column type=\"4_4\" _builder_version=\"3.25\" custom_padding=\"|||\" custom_padding__hover=\"|||\"][et_pb_blurb title=\"SOSTENIBILIDAD AMBIENTAL\" image=\"https:\/\/reports.eyewatch.me\/dc\/wp-content\/uploads\/sites\/10\/2020\/04\/icon_conversation-1.png\" icon_placement=\"left\" image_max_width=\"69px\" _builder_version=\"4.4.7\" header_level=\"h1\" custom_margin=\"|||0px|false|false\" custom_padding=\"|||1px|false|false\"][\/et_pb_blurb][\/et_pb_column][\/et_pb_row][\/et_pb_section]<\/div>\n<!-- \/wp:divi\/layout -->\n\n<!-- wp:paragraph -->\n<p><em>Menciones en redes sociales, medios y blogs en espa\u00f1ol sobre marcas y empresas vinculadas a la protecci\u00f3n, respeto y cuidado del medio ambiente, econom\u00eda circular o azul, movilidad el\u00e9ctrica, <em>huella de carbono<\/em>, y t\u00e9rminos afines.<\/em><\/p>\n<!-- \/wp:paragraph -->\n\n<!-- wp:separator -->\n<hr class=\"wp-block-separator\"\/>\n<!-- \/wp:separator -->\n\n<!-- wp:heading -->\n<h2>Evoluci\u00f3n de la conversaci\u00f3n - \u00faltimos 7 d\u00edas<\/h2>\n<!-- \/wp:heading -->\n\n<!-- wp:group -->\n<div class=\"wp-block-group\"><!-- wp:columns -->\n<div class=\"wp-block-columns\"><!-- wp:column -->\n<div class=\"wp-block-column\"><!-- wp:heading {\"level\":4} -->\n<h4><img class=\"wp-image-592\" style=\"width: 40px\" src=\"https:\/\/reports.eyewatch.me\/pc\/wp-content\/uploads\/sites\/3\/2020\/04\/icon_Artboard-3@3x-1.png\" alt=\"\">     5.2K usuarios<\/h4>\n<!-- \/wp:heading --><\/div>\n<!-- \/wp:column -->\n\n<!-- wp:column -->\n<div class=\"wp-block-column\"><!-- wp:heading {\"textAlign\":\"left\",\"level\":4} -->\n<h4 class=\"has-text-align-left\"> <img class=\"wp-image-589\" style=\"width: 40px\" src=\"https:\/\/reports.eyewatch.me\/pc\/wp-content\/uploads\/sites\/3\/2020\/04\/icon_Artboard-3-copy-3@3x.png\" alt=\"\">   13.4<strong>k <\/strong>menciones<br><\/h4>\n<!-- \/wp:heading --><\/div>\n<!-- \/wp:column --><\/div>\n<!-- \/wp:columns --><\/div>\n<!-- \/wp:group -->\n\n<!-- wp:image {\"id\":2290,\"sizeSlug\":\"full\",\"linkDestination\":\"none\"} -->\n<figure class=\"wp-block-image size-full\"><img src=\"https:\/\/reports.eyewatch.me\/dc\/wp-content\/uploads\/sites\/10\/2021\/09\/75.jpg\" alt=\"\" class=\"wp-image-2290\"\/><\/figure>\n<!-- \/wp:image -->\n\n<!-- wp:separator -->\n<hr class=\"wp-block-separator\"\/>\n<!-- \/wp:separator -->\n\n<!-- wp:heading -->\n<h2>Evoluci\u00f3n por categor\u00eda<\/h2>\n<!-- \/wp:heading -->\n\n<!-- wp:image {\"id\":2310,\"sizeSlug\":\"full\",\"linkDestination\":\"none\"} -->\n<figure class=\"wp-block-image size-full\"><img src=\"https:\/\/reports.eyewatch.me\/dc\/wp-content\/uploads\/sites\/10\/2021\/09\/11.jpg\" alt=\"\" class=\"wp-image-2310\"\/><\/figure>\n<!-- \/wp:image -->\n\n<!-- wp:separator -->\n<hr class=\"wp-block-separator\"\/>\n<!-- \/wp:separator -->\n\n<!-- wp:heading -->\n<h2>Temas destacados<\/h2>\n<!-- \/wp:heading -->\n\n<!-- wp:paragraph -->\n<p><em>\u00daltimas <\/em>96<em>hs<\/em><\/p>\n<!-- \/wp:paragraph -->\n\n<!-- wp:group -->\n<div class=\"wp-block-group\"><!-- wp:group -->\n<div class=\"wp-block-group\"><!-- wp:group -->\n<div class=\"wp-block-group\"><!-- wp:list -->\n<ul><li><strong>Terpel Colom<\/strong><\/li><\/ul>\n<!-- \/wp:list -->\n\n<!-- wp:paragraph -->\n<p><\/p>\n<!-- \/wp:paragraph -->\n\n<!-- wp:separator {\"className\":\"is-style-wide\"} -->\n<hr class=\"wp-block-separator is-style-wide\"\/>\n<!-- \/wp:separator -->\n\n<!-- wp:heading -->\n<h2>Contenidos destacados en redes sociales<\/h2>\n<!-- \/wp:heading -->\n\n<!-- wp:paragraph -->\n<p><\/p>\n<!-- \/wp:paragraph --><\/div>\n<!-- \/wp:group --><\/div>\n<!-- \/wp:group -->\n\n<!-- wp:paragraph -->\n<p><em>\u00daltimas 96hs<\/em><\/p>\n<!-- \/wp:paragraph -->\n\n<!-- wp:separator -->\n<hr class=\"wp-block-separator\"\/>\n<!-- \/wp:separator -->\n\n<!-- wp:heading -->\n<h2>Contenidos destacados en medios y blogs<\/h2>\n<!-- \/wp:heading -->\n\n<!-- wp:paragraph -->\n<p><em>\u00daltimas 96hs<\/em><\/p>\n<!-- \/wp:paragraph -->\n\n<!-- wp:columns -->\n<div class=\"wp-block-columns\"><!-- wp:column -->\n<div class=\"wp-block-column\"><!-- wp:quote -->\n<blockquote class=\"wp-block-quote\"><p><em>Repsol Espa\u00f1a reforest\u00e1 bosques  <\/em><\/p><cite><strong>LNE<\/strong><\/cite><\/blockquote>\n<!-- \/wp:quote -->\n\n<!-- wp:buttons -->\n<div class=\"wp-block-buttons\"><!-- wp:button -->\n<div class=\"wp-block-button\"><a class=\"wp-block-button__link\" href=\"https:\/\/www.lne.es\/asturias\/2021\/09\/02\/repsol-contratara-700-personas-plan-56874902.html\">IR A LA NOTA<\/a><\/div>\n<!-- \/wp:button --><\/div>\n<!-- \/wp:buttons -->\n\n<!-- wp:paragraph -->\n<p><\/p>\n<!-- \/wp:paragraph --><\/div>\n<!-- \/wp:column -->\n\n<!-- wp:column -->\n<div class=\"wp-block-column\"><!-- wp:quote -->\n<blockquote class=\"wp-block-quote\"><p><em>Backus: de latas de desechosa a ollas para comedores<\/em><\/p><cite><strong>TROME<\/strong><\/cite><\/blockquote>\n<!-- \/wp:quote -->\n\n<!-- wp:buttons -->\n<div class=\"wp-block-buttons\"><!-- wp:button -->\n<div class=\"wp-block-button\"><a class=\"wp-block-button__link\" href=\"https:\/\/trome.pe\/familia\/recolectan-latas-para-convertirlas-en-ollas-y-donarlas-a-los-comedores-imp-noticia\/\">IR A LA NOTA<\/a><\/div>\n<!-- \/wp:button --><\/div>\n<!-- \/wp:buttons --><\/div>\n<!-- \/wp:column --><\/div>\n<!-- \/wp:columns -->\n\n<!-- wp:separator {\"className\":\"is-style-wide\"} -->\n<hr class=\"wp-block-separator is-style-wide\"\/>\n<!-- \/wp:separator --><\/div>\n<!-- \/wp:group -->\n\n<!-- wp:divi\/layout -->\n<div class=\"wp-block-divi-layout\">[et_pb_section fb_built=\"1\" admin_label=\"Features\" _builder_version=\"4.4.2\" background_size=\"initial\" background_position=\"top_left\" width=\"100%\" max_width=\"500px\" module_alignment=\"left\" custom_margin=\"|0px||-1px|false|false\" custom_padding=\"0px|0px|0px|0px|false|false\" saved_tabs=\"all\" collapsed=\"off\"][et_pb_row column_padding_mobile=\"on\" custom_padding_last_edited=\"on|phone\" _builder_version=\"4.4.2\" background_size=\"initial\" background_position=\"top_left\" background_repeat=\"repeat\" width=\"auto\" max_width=\"1280px\" custom_margin=\"0px|0px|0px|0px|false|false\" custom_padding=\"10px|2px|10px|0px|false|false\" custom_padding_tablet=\"49px|||\" custom_padding_phone=\"19px|||\" use_custom_width=\"on\" custom_width_px=\"1280px\"][et_pb_column type=\"4_4\" _builder_version=\"3.25\" custom_padding=\"|||\" custom_padding__hover=\"|||\"][et_pb_blurb title=\"SECTOR AUTOMOTR\u00cdZ\" image=\"https:\/\/reports.eyewatch.me\/dc\/wp-content\/uploads\/sites\/10\/2020\/04\/icon_conversation-1.png\" icon_placement=\"left\" image_max_width=\"69px\" _builder_version=\"4.4.7\" header_level=\"h1\" custom_margin=\"|||0px|false|false\" custom_padding=\"|||1px|false|false\"][\/et_pb_blurb][\/et_pb_column][\/et_pb_row][\/et_pb_section]<\/div>\n<!-- \/wp:divi\/layout -->\n\n<!-- wp:paragraph -->\n<p><em><em>Menciones en redes sociales, medios y blogs en espa\u00f1ol sobre marcas de veh\u00edculos y automotrices relacionadas con<\/em> campa\u00f1as por el medio ambiente y acci\u00f3n social.<\/em><\/p>\n<!-- \/wp:paragraph -->\n\n<!-- wp:heading -->\n<h2>Evoluci\u00f3n de la conversaci\u00f3n - \u00faltimos 7 d\u00edas<\/h2>\n<!-- \/wp:heading -->\n\n<!-- wp:group -->\n<div class=\"wp-block-group\"><!-- wp:columns -->\n<div class=\"wp-block-columns\"><!-- wp:column -->\n<div class=\"wp-block-column\"><!-- wp:heading {\"level\":4} -->\n<h4><img class=\"wp-image-592\" style=\"width: 40px\" src=\"https:\/\/reports.eyewatch.me\/pc\/wp-content\/uploads\/sites\/3\/2020\/04\/icon_Artboard-3@3x-1.png\" alt=\"\">     2.1K usuarios<\/h4>\n<!-- \/wp:heading -->\n\n<!-- wp:paragraph -->\n<p><\/p>\n<!-- \/wp:paragraph --><\/div>\n<!-- \/wp:column -->\n\n<!-- wp:column -->\n<div class=\"wp-block-column\"><!-- wp:heading {\"textAlign\":\"left\",\"level\":4} -->\n<h4 class=\"has-text-align-left\"> <img class=\"wp-image-589\" style=\"width: 40px\" src=\"https:\/\/reports.eyewatch.me\/pc\/wp-content\/uploads\/sites\/3\/2020\/04\/icon_Artboard-3-copy-3@3x.png\" alt=\"\">    4.7<strong>K <\/strong>menciones<br><\/h4>\n<!-- \/wp:heading --><\/div>\n<!-- \/wp:column --><\/div>\n<!-- \/wp:columns --><\/div>\n<!-- \/wp:group -->\n\n<!-- wp:image {\"id\":2291,\"sizeSlug\":\"full\",\"linkDestination\":\"none\"} -->\n<figure class=\"wp-block-image size-full\"><img src=\"https:\/\/reports.eyewatch.me\/dc\/wp-content\/uploads\/sites\/10\/2021\/09\/76.jpg\" alt=\"\" class=\"wp-image-2291\"\/><\/figure>\n<!-- \/wp:image -->\n\n<!-- wp:separator -->\n<hr class=\"wp-block-separator\"\/>\n<!-- \/wp:separator -->\n\n<!-- wp:heading -->\n<h2>Evoluci\u00f3n por categor\u00eda<\/h2>\n<!-- \/wp:heading -->\n\n<!-- wp:image {\"id\":2309,\"sizeSlug\":\"full\",\"linkDestination\":\"none\"} -->\n<figure class=\"wp-block-image size-full\"><img src=\"https:\/\/reports.eyewatch.me\/dc\/wp-content\/uploads\/sites\/10\/2021\/09\/10.jpg\" alt=\"\" class=\"wp-image-2309\"\/><\/figure>\n<!-- \/wp:image -->\n\n<!-- wp:separator -->\n<hr class=\"wp-block-separator\"\/>\n<!-- \/wp:separator -->\n\n<!-- wp:heading -->\n<h2>Temas destacados<\/h2>\n<!-- \/wp:heading -->\n\n<!-- wp:paragraph -->\n<p><em>\u00daltimas 96hs<\/em><\/p>\n<!-- \/wp:paragraph -->\n\n<!-- wp:paragraph -->\n<p><\/p>\n<!-- \/wp:paragraph -->\n\n<!-- wp:list -->\n<ul><li><strong>KIA Ec<\/strong>.<\/li><\/ul>\n<!-- \/wp:list -->\n\n<!-- wp:separator -->\n<hr class=\"wp-block-separator\"\/>\n<!-- \/wp:separator -->\n\n<!-- wp:heading -->\n<h2>Contenidos destacados en redes sociales<\/h2>\n<!-- \/wp:heading -->\n\n<!-- wp:paragraph -->\n<p><em>\u00daltimas 96hs<\/em><\/p>\n<!-- \/wp:paragraph -->\n\n<!-- wp:separator -->\n<hr class=\"wp-block-separator\"\/>\n<!-- \/wp:separator -->\n\n<!-- wp:heading -->\n<h2>Contenidos destacados en medios y blogs<\/h2>\n<!-- \/wp:heading -->\n\n<!-- wp:paragraph -->\n<p><em>\u00daltimas 96hs<\/em><\/p>\n<!-- \/wp:paragraph -->\n\n<!-- wp:columns -->\n<div class=\"wp-block-columns\"><!-- wp:column -->\n<div class=\"wp-block-column\"><!-- wp:quote {\"align\":\"left\"} -->\n<blockquote class=\"wp-block-quote has-text-align-left\"><p><em>Cami\u00f3n el\u00e9ctrico Futuricum logra recorrer 1.000Km con una sola carga de bater\u00eda <\/em><\/p><cite><strong>ADSL ZONE<\/strong><\/cite><\/blockquote>\n<!-- \/wp:quote -->\n\n<!-- wp:buttons -->\n<div class=\"wp-block-buttons\"><!-- wp:button -->\n<div class=\"wp-block-button\"><a class=\"wp-block-button__link\" href=\"https:\/\/www.adslzone.net\/e-movilidad\/noticias-en-marcha\/camion-electrico-1-000-km-futuricum\/\">IR A LA NOTA<\/a><\/div>\n<!-- \/wp:button --><\/div>\n<!-- \/wp:buttons --><\/div>\n<!-- \/wp:column -->\n\n<!-- wp:column -->\n<div class=\"wp-block-column\"><!-- wp:quote {\"align\":\"left\"} -->\n<blockquote class=\"wp-block-quote has-text-align-left\"><p><em>Guanajuato producir\u00e1 llanatas para veh\u00edculos el\u00e9ctricos de Tesla y Ludic Motors<\/em><\/p><cite><strong>AM<\/strong><\/cite><\/blockquote>\n<!-- \/wp:quote -->\n\n<!-- wp:buttons -->\n<div class=\"wp-block-buttons\"><!-- wp:button -->\n<div class=\"wp-block-button\"><a class=\"wp-block-button__link\" href=\"https:\/\/www.am.com.mx\/guanajuato\/valor-agregado\/Guanajuato-producira-llantas-para-vehiculos-electricos-de-Tesla-y-Lucid-Motors-20210902-0009.html\">IR A LA NOTA<\/a><\/div>\n<!-- \/wp:button --><\/div>\n<!-- \/wp:buttons --><\/div>\n<!-- \/wp:column --><\/div>\n<!-- \/wp:columns -->\n\n<!-- wp:columns -->\n<div class=\"wp-block-columns\"><!-- wp:column -->\n<div class=\"wp-block-column\"><!-- wp:quote {\"align\":\"left\"} -->\n<blockquote class=\"wp-block-quote has-text-align-left\"><p><em>Mitsubishi vende su participaci\u00f3n del Proyecto Fosfatos del Pac\u00edfico<\/em><\/p><cite><strong>EXPRESO<\/strong><\/cite><\/blockquote>\n<!-- \/wp:quote -->\n\n<!-- wp:buttons -->\n<div class=\"wp-block-buttons\"><!-- wp:button -->\n<div class=\"wp-block-button\"><a class=\"wp-block-button__link\" href=\"https:\/\/www.expreso.com.pe\/economia\/mitsubishi-se-va-del-proyecto-fosfatos-del-pacifico-en-piura\/\">IR A LA NOTA<\/a><\/div>\n<!-- \/wp:button --><\/div>\n<!-- \/wp:buttons --><\/div>\n<!-- \/wp:column -->\n\n<!-- wp:column -->\n<div class=\"wp-block-column\"><!-- wp:quote {\"align\":\"left\"} -->\n<blockquote class=\"wp-block-quote has-text-align-left\"><p><em>Plantas de ensamblaje en Espa\u00f1a comienzan a pararse ante el desabastecimiento mundial de microchips<\/em><\/p><cite><strong>EL DIARO ES<\/strong><\/cite><\/blockquote>\n<!-- \/wp:quote -->\n\n<!-- wp:buttons -->\n<div class=\"wp-block-buttons\"><!-- wp:button -->\n<div class=\"wp-block-button\"><a class=\"wp-block-button__link\" href=\"https:\/\/www.eldiario.es\/tecnologia\/crisis-chips-paraliza-sector-automovil-no-hay-coches-atender-demanda_1_8267233.html\">IR A LA NOTA<\/a><\/div>\n<!-- \/wp:button --><\/div>\n<!-- \/wp:buttons --><\/div>\n<!-- \/wp:column --><\/div>\n<!-- \/wp:columns -->","_et_gb_content_width":"","footnotes":"","_links_to":"","_links_to_target":""},"categories":[18],"tags":[],"class_list":["post-5398","post","type-post","status-publish","format-standard","hentry","category-buzz-tracker"],"jetpack_featured_media_url":"","_links":{"self":[{"href":"https:\/\/reports.eyewatch.me\/dc\/wp-json\/wp\/v2\/posts\/5398","targetHints":{"allow":["GET"]}}],"collection":[{"href":"https:\/\/reports.eyewatch.me\/dc\/wp-json\/wp\/v2\/posts"}],"about":[{"href":"https:\/\/reports.eyewatch.me\/dc\/wp-json\/wp\/v2\/types\/post"}],"author":[{"embeddable":true,"href":"https:\/\/reports.eyewatch.me\/dc\/wp-json\/wp\/v2\/users\/88"}],"replies":[{"embeddable":true,"href":"https:\/\/reports.eyewatch.me\/dc\/wp-json\/wp\/v2\/comments?post=5398"}],"version-history":[{"count":1,"href":"https:\/\/reports.eyewatch.me\/dc\/wp-json\/wp\/v2\/posts\/5398\/revisions"}],"predecessor-version":[{"id":5399,"href":"https:\/\/reports.eyewatch.me\/dc\/wp-json\/wp\/v2\/posts\/5398\/revisions\/5399"}],"wp:attachment":[{"href":"https:\/\/reports.eyewatch.me\/dc\/wp-json\/wp\/v2\/media?parent=5398"}],"wp:term":[{"taxonomy":"category","embeddable":true,"href":"https:\/\/reports.eyewatch.me\/dc\/wp-json\/wp\/v2\/categories?post=5398"},{"taxonomy":"post_tag","embeddable":true,"href":"https:\/\/reports.eyewatch.me\/dc\/wp-json\/wp\/v2\/tags?post=5398"}],"curies":[{"name":"wp","href":"https:\/\/api.w.org\/{rel}","templated":true}]}}