{"id":5397,"date":"2022-07-14T20:22:17","date_gmt":"2022-07-14T20:22:17","guid":{"rendered":"https:\/\/reports.eyewatch.me\/dc\/?p=5397"},"modified":"2022-07-14T20:22:17","modified_gmt":"2022-07-14T20:22:17","slug":"resumen-14-de-julio","status":"publish","type":"post","link":"https:\/\/reports.eyewatch.me\/dc\/resumen-14-de-julio\/","title":{"rendered":"Resumen 14 de Julio"},"content":{"rendered":"<div id=\"fb-root\"><\/div>\n\n<h2 class=\"wp-block-heading\" id=\"temas-destacados\">Temas destacados<\/h2>\n\n\n\n<p><strong><strong>DESARROLLO SOCIAL<\/strong><\/strong><\/p>\n\n\n\n<ul class=\"wp-block-list\"><li><strong>Coca Cola <\/strong>fue reconocido por sus buenas pr\u00e1cticas de equidad de g\u00e9nero<\/li><li><strong>Microsoft <\/strong>junto al <strong>Banco Mundial <\/strong>se asociaron para hacer m\u00e1s accesible el uso de datos demogr\u00e1ficos y representar de forma m\u00e1s eficaz la discapacidad existente.<\/li><li><strong>Agua San Gabriel <\/strong>realiz\u00f3 una importante donaci\u00f3n a la <strong>SBT <\/strong>que ser\u00e1 utilizado en beneficio para ni\u00f1os, ni\u00f1as  y adultos mayores en distintos programas sociales.<\/li><li><strong>Mastercard <\/strong>celebrando el D\u00eda Internacional de las Habilidades realiz\u00f3 una donaci\u00f3n de 160 millones de pesos colombianos para la Fudaci\u00f3n Tiempo de Juego, donde educan con el deporte a ni\u00f1os y ni\u00f1as en situaci\u00f3n de vulnerabilidad.<\/li><li><strong>WWB Colombia y Coderise SAS BIC<\/strong> le dar\u00e1 becas de sostenimiento para que mujeres en situaci\u00f3n de vulnerabilidad se puedan formar en el desarrollo de software.<\/li><li><strong>RappiCard <\/strong>impulsar\u00e1 inteligencia artificial para mejorar el cr\u00e9dito para las mujeres.<\/li><li><strong>Grupo Bimbo, Kellogs y Banco de Alimentos Diakon\u00eda <\/strong>reactivan programa de desayunos para ni\u00f1os en contextos vulnerables.<\/li><li><strong>Banco Adopem <\/strong>present\u00f3 un programa para incentivar la producci\u00f3n agropecuaria sostenible, donde en su mayor\u00eda los beneficiarios est\u00e1n mayormente enfocados a mujeres rurales.trabajadoras o clientas. <\/li><\/ul>\n\n\n\n<p><\/p>\n\n\n\n<p><strong>AMBIENTAL<\/strong><\/p>\n\n\n\n<ul class=\"wp-block-list\"><li><strong>BBVA <\/strong>&#8220;pisa el acelerador&#8221; para frenar el cambio clim\u00e1tico: empez\u00f3 a invertir en Lowercarbon, el cual es un fondo de capital que impulsa iniciativas para reducir la huella de carbono.<\/li><li><strong>Europcar <\/strong>apuesta por la movilidad sostenible en la Vuelta de Espa\u00f1a, llevando a que el 40% de su flota sea h\u00edbrida.<\/li><li><strong>Samsung <\/strong>comparti\u00f3 su informe de sustantibilidad del a\u00f1o 2022.<\/li><li><strong>Bimbo <\/strong>pone en funcionamiento su primer cami\u00f3n el\u00e9ctrico en M\u00e9xico.<\/li><li><strong>Grupo A3Satel <\/strong>lanz\u00f3 una campa\u00f1a donde le dio una segunda vida a distintos aparatos tecnol\u00f3gicos, los cuales termin\u00f3 donando a centros educativos de ni\u00f1os y ni\u00f1as con carencias econ\u00f3micas.<\/li><li><strong>Audi <\/strong>arranc\u00f3 una campa\u00f1a en M\u00e9xico para que las personas conozcan su huella de carbono. Tambi\u00e9n esta empezando a donar hacia distintas organizaciones que buscan reducir la contaminaci\u00f3n.<\/li><li><strong>Coca Cola <\/strong>incentiva el consumo de botellas retornables. <\/li><li><strong>Aspire Vero de Acer y Planta mi \u00e1rbol <\/strong>se unen para realizar una campa\u00f1a donde por cada compra de Aspire Vero se realiza la plantaci\u00f3n de un \u00e1rbol en un lugar determinado, promoviendo de esta forma que las ganancias del producto vayan a reducir la huella de carbono.<\/li><li><strong>Avianca <\/strong>compensar\u00e1 su huella de carbono en Colombia.<\/li><li><strong>HP <\/strong>super\u00f3 sus expectativas y logr\u00f3 reducir en un 39% las emisiones de Co2 que generan sus productos, siendo esta la meta que ten\u00edan para 2025.<\/li><\/ul>\n\n\n\n<p><\/p>\n\n\n\n<p><strong>SECTOR AUTOMOTRIZ<\/strong><\/p>\n\n\n\n<ul class=\"wp-block-list\"><li>Veh\u00edculos el\u00e9ctricos que defiende <strong>Biden <\/strong>generan m\u00e1s contaminaci\u00f3n.<\/li><li>Se puso en marcha el primer <strong>Corredor de Movilidad El\u00e9ctrica de Colombia<\/strong> donde los autos el\u00e9ctricos pueden recorrerlo, contando con distintos puntos de carga r\u00e1pida.<\/li><li><strong>Google <\/strong>ya muestra en su aplicaci\u00f3n <strong>Maps <\/strong>distintos puntos de carga para autos el\u00e9ctricos.<\/li><li><strong>Shell <\/strong>adquiri\u00f3 la totalidad de los cables de energ\u00eda en Espa\u00f1a, usados estos mismos para cargar a los distintos veh\u00edculos el\u00e9ctricos.<\/li><li><strong>Posco <\/strong>invertir\u00e1 en una f\u00e1brica en M\u00e9xico, donde se fabricaran distintos componentes para los motores el\u00e9ctricos.<\/li><li><strong>Porsche <\/strong>invirti\u00f3 1500 millones de d\u00f3lares en electromovilidad, convirti\u00e9ndose en l\u00edder en la fabricaci\u00f3n de veh\u00edculo h\u00edbridos y 100% el\u00e9ctricos.<\/li><li><strong>Nissan <\/strong>present\u00f3 su nuevo modelo de auto el\u00e9ctrico Ariya 2023, con hasta 533 km de autonom\u00eda.<\/li><li>Hay un prototipo chino de un auto que se pretende que tenga <strong>movilidad solar.<\/strong><\/li><li><strong>Las Hidrol\u00e9ctricas <\/strong>promueven e incentivan la <strong>movilidad el\u00e9ctrica.<\/strong><\/li><li><strong>Nissan <\/strong>present\u00f3 la soluci\u00f3n para detonar el uso de autos el\u00e9ctricos en M\u00e9xico, eliminando las estaciones de carga y controlando las emisiones contaminantes.<\/li><li><strong>Renault <\/strong>plantea producir para 2024 m\u00e1s de un mill\u00f3n de motores el\u00e9ctricos en su planta en Cl\u00e9on, Francia.<\/li><\/ul>\n\n\n\n<hr class=\"wp-block-separator has-css-opacity\" \/>\n\n\n\n<ul class=\"wp-block-list\"><li>.<\/li><\/ul>\n","protected":false},"excerpt":{"rendered":"<p>DERCO CENTER |<\/p>\n","protected":false},"author":88,"featured_media":0,"comment_status":"closed","ping_status":"closed","sticky":false,"template":"","format":"standard","meta":{"_et_pb_use_builder":"off","_et_pb_old_content":"<!-- wp:heading -->\n<h2>Temas destacados<\/h2>\n<!-- \/wp:heading -->\n\n<!-- wp:paragraph -->\n<p><strong><strong>DESARROLLO SOCIAL<\/strong><\/strong><\/p>\n<!-- \/wp:paragraph -->\n\n<!-- wp:list -->\n<ul><li><strong>Scotiabank Colombia<\/strong> apunta a aumentar la participaci\u00f3n de mujeres en juntas directivas.<\/li><li><strong>Tigo <\/strong>contin\u00faa consolidando su trabajo voluntario.<\/li><li><strong>Nestl\u00e9 Guatemala<\/strong> dona productos l\u00e1cteos para ni\u00f1os en situaci\u00f3n de vulnerabilidad.<\/li><li><strong>Gripo Cenoa Argentina <\/strong>entrega donaciones para el banco de alimentos de Jujuy.<\/li><li><strong>Coca-Cola<\/strong> impulsa el empoderamiento de mujeres de Latinoam\u00e9rica mediante el apoyo a sus peque\u00f1os negocios.<\/li><li><strong>Banco de Bogot\u00e1<\/strong> anuncia que se une a Telet\u00f3n Renace.<\/li><li><strong>Banbif Per\u00fa <\/strong>realiza colecta interna para abastecer de alimentos para las familias m\u00e1s vulnerables.<\/li><li><strong>P&amp;G Espa\u00f1a <\/strong>se compromete a desarrollar 21 proyectos para abordar los desaf\u00edos relacionados con Impacto en la comunidad, Igualdad e Inclusi\u00f3n y Sostenibilidad medioambiental.<\/li><li><strong>Moderna Alimentos Ecuador<\/strong> entrega m\u00e1s de 45 mil Kg de alimentos durante el 2021.<\/li><li><strong>Coca Cola junto a Cruz Roja Argentina <\/strong>donan insumos al Hospital de ni\u00f1os Ricardo Guti\u00e9rrez.<\/li><\/ul>\n<!-- \/wp:list -->\n\n<!-- wp:paragraph -->\n<p><\/p>\n<!-- \/wp:paragraph -->\n\n<!-- wp:paragraph -->\n<p><strong>AMBIENTAL<\/strong><\/p>\n<!-- \/wp:paragraph -->\n\n<!-- wp:list -->\n<ul><li><strong>La Fundaci\u00f3n BBVA<\/strong> anuncia la convocatoria 2021 de Ayudas a Proyectos de Investigaci\u00f3n Cient\u00edfica en las \u00e1reas de Cambio Clim\u00e1tico y Ecolog\u00eda y Biolog\u00eda de la Conservaci\u00f3n.<\/li><li><strong>McDonald\u2019s<\/strong>\u00a0inaugura su primer restaurante con cero emisiones en Reino Unido.<\/li><li><strong>Repsol<\/strong> ampl\u00eda su gama de materiales de baja huella de carbono.<\/li><li><strong>Repsol <\/strong>colaborara con nuevo ecocombustible 100% renovable en Dakar 2022.<\/li><li><strong>Terpel Panam\u00e1<\/strong> y su equipo han reciclado m\u00e1s de una tonelada de materiales durante el 2021 y sembrado m\u00e1s de una docena de \u00e1rboles.<\/li><li><strong>Bancolombia <\/strong>ampli\u00f3 su l\u00ednea de financiaci\u00f3n sostenible.<\/li><li><strong>Equipetrol<\/strong> cambia su matriz en\u00e9rgica a energ\u00eda renovable como contribuci\u00f3n al medio ambiente.<\/li><li><strong>Data for life<\/strong> Espa\u00f1a crea app que permite calcular la huella de carbono.<\/li><li><strong>Grupo BBVA <\/strong>entrega 11,5 millones de tarjetas recicladas.<\/li><li><strong>Coca-Cola Argentina <\/strong>presenta sus acciones de verano para el cuidado del ambiente en diferentes centros tur\u00edsticos.<\/li><\/ul>\n<!-- \/wp:list -->\n\n<!-- wp:paragraph -->\n<p><\/p>\n<!-- \/wp:paragraph -->\n\n<!-- wp:paragraph -->\n<p><\/p>\n<!-- \/wp:paragraph -->\n\n<!-- wp:paragraph -->\n<p><\/p>\n<!-- \/wp:paragraph -->\n\n<!-- wp:paragraph -->\n<p><strong>SECTOR AUTOMOTRIZ<\/strong><\/p>\n<!-- \/wp:paragraph -->\n\n<!-- wp:list -->\n<ul><li><strong>Toyota<\/strong> c+pod se posiciona como el coche el\u00e9ctrico m\u00e1s brato del mundo.<\/li><li><strong>Hyundai <\/strong>est\u00e1 dejando de desarrollar nuevos motores de combusti\u00f3n para realizar una transici\u00f3n a los veh\u00edculos el\u00e9ctricos.<\/li><li><strong>Ford<\/strong> h\u00edbridas F150 permiten recargar otros veh\u00edculos el\u00e9ctricos.<\/li><li>En Suecia, instalan una v\u00eda que recarga veh\u00edculos el\u00e9ctricos mientras transitan por ella.<\/li><li><strong>Jac<\/strong> fue la marca m\u00e1s vendida de coches el\u00e9ctricos en M\u00e9xico.<\/li><li><strong>Jaguar <\/strong>llega a Chile con su primer auto 100% el\u00e9ctrico.<\/li><li><strong>Waymo<\/strong> anuncia colaboraci\u00f3n con Geely para Driver en nueva versi\u00f3n de Zeekr.<\/li><li><strong>Citro\u00ebn<\/strong>\u00a0presenta el nuevo coche C3 en Argentina.<\/li><li><strong>Ford<\/strong> Mustang proveer\u00e1 de autos el\u00e9ctricos a la empresa de taxis Gravity en Estados Unidos.<\/li><li><strong>Saic Motor y MG<\/strong> invierten m\u00e1s de US$45 millones en nueva movilidad.<\/li><li><strong>Tesla<\/strong> retira del mercado m\u00e1s de 475 mil autos el\u00e9ctricos por problemas de seguridad.<\/li><li>La planta de <strong>Nissan<\/strong> en Barcelona tiene nuevo due\u00f1o: se la queda el grupo liderado por QEV Technologies para fabricar coches el\u00e9ctricos.<\/li><\/ul>\n<!-- \/wp:list -->\n\n<!-- wp:paragraph -->\n<p><\/p>\n<!-- \/wp:paragraph -->","_et_gb_content_width":"","footnotes":"","_links_to":"","_links_to_target":""},"categories":[18],"tags":[],"class_list":["post-5397","post","type-post","status-publish","format-standard","hentry","category-buzz-tracker"],"jetpack_featured_media_url":"","_links":{"self":[{"href":"https:\/\/reports.eyewatch.me\/dc\/wp-json\/wp\/v2\/posts\/5397","targetHints":{"allow":["GET"]}}],"collection":[{"href":"https:\/\/reports.eyewatch.me\/dc\/wp-json\/wp\/v2\/posts"}],"about":[{"href":"https:\/\/reports.eyewatch.me\/dc\/wp-json\/wp\/v2\/types\/post"}],"author":[{"embeddable":true,"href":"https:\/\/reports.eyewatch.me\/dc\/wp-json\/wp\/v2\/users\/88"}],"replies":[{"embeddable":true,"href":"https:\/\/reports.eyewatch.me\/dc\/wp-json\/wp\/v2\/comments?post=5397"}],"version-history":[{"count":1,"href":"https:\/\/reports.eyewatch.me\/dc\/wp-json\/wp\/v2\/posts\/5397\/revisions"}],"predecessor-version":[{"id":5400,"href":"https:\/\/reports.eyewatch.me\/dc\/wp-json\/wp\/v2\/posts\/5397\/revisions\/5400"}],"wp:attachment":[{"href":"https:\/\/reports.eyewatch.me\/dc\/wp-json\/wp\/v2\/media?parent=5397"}],"wp:term":[{"taxonomy":"category","embeddable":true,"href":"https:\/\/reports.eyewatch.me\/dc\/wp-json\/wp\/v2\/categories?post=5397"},{"taxonomy":"post_tag","embeddable":true,"href":"https:\/\/reports.eyewatch.me\/dc\/wp-json\/wp\/v2\/tags?post=5397"}],"curies":[{"name":"wp","href":"https:\/\/api.w.org\/{rel}","templated":true}]}}