{"id":5289,"date":"2022-07-04T22:24:01","date_gmt":"2022-07-04T22:24:01","guid":{"rendered":"https:\/\/reports.eyewatch.me\/dc\/?p=5289"},"modified":"2022-07-04T22:24:01","modified_gmt":"2022-07-04T22:24:01","slug":"resumen-4-de-julio","status":"publish","type":"post","link":"https:\/\/reports.eyewatch.me\/dc\/resumen-4-de-julio\/","title":{"rendered":"Resumen 4 de Julio"},"content":{"rendered":"<div id=\"fb-root\"><\/div>\n\n<h2 class=\"wp-block-heading\" id=\"temas-destacados\">Temas destacados<\/h2>\n\n\n\n<p><strong><strong>DESARROLLO SOCIAL<\/strong><\/strong><\/p>\n\n\n\n<ul class=\"wp-block-list\"><li><strong>BBVA <\/strong>presenta el caso de una trabajadora de la empresa que cuenta su experiencia personal en cuanto a su transici\u00f3n de g\u00e9nero, y a su vez cuenta el apoyo que la empresa le brind\u00f3.<\/li><li><strong>Fundaci\u00f3n Colombianitas <\/strong>junto a <strong>Nike <\/strong>y otras organizaciones trabajan en conjunto para promover la equidad de g\u00e9nero a trav\u00e9s del deporte.<\/li><li><strong>Disney, <\/strong>en conjunto con otras empresas verdes, se comprometen a pagarle el aborto a sus empleadas que lo requieran. <\/li><li><strong>Google <\/strong>se encargar\u00e1 de donar 200 millones de pesos mexicanos en apoyar a mujeres en el sureste mexicano.<\/li><li><strong>Red\/Acci\u00f3n <\/strong>est\u00e1 realizando donaciones de libros a personas en situaci\u00f3n de calle.<\/li><li>El <strong>Hospital Italiano de Buenos Aires <\/strong>realiza donaciones de material reutilizable a la fundaci\u00f3n Pilares, quien se encarga de educar a ni\u00f1os y ni\u00f1as de contextos vulnerables.<\/li><li><strong>Desaf\u00edo Kunan <\/strong>entrega un premio a los mejores emprendimientos sociales.<\/li><li><strong>GEN <\/strong>televisa un programa que es conducido y producido \u00fanicamente por mujeres.<\/li><\/ul>\n\n\n\n<p><\/p>\n\n\n\n<p><strong>AMBIENTAL<\/strong><\/p>\n\n\n\n<ul class=\"wp-block-list\"><li><strong><strong>Rare Beauty<\/strong> celebr\u00f3 1 a\u00f1o en su coordinaci\u00f3n con Selena G\u00f3mez, donde innovaron con una marca 100% vegana y libre de crueldad animal.<\/strong><\/li><li><strong><strong>Nestl\u00e9 <\/strong>realiz\u00f3 diversas inversiones en sus plantas para reducir las emisiones de carbono.<\/strong><\/li><li><strong><strong>Grupo Bimbo <\/strong>se plantea ditintos objetivos hacia el futuro, entre los que se encuentran cero desperdicios, reducir el consumo de agua, reducir el desperdicio de alimentos, entre muchos otros, todos en materia de cuidado del medio ambiente.<\/strong><\/li><li><strong>La directora de <strong>Iberia <\/strong>discute sobre la posibilidad de que los aviones de la compa\u00f1\u00eda cuenten con biocombustibles que funcionen de tal forma que pueda ayudar a la reducci\u00f3n de la huella de carbono<\/strong><\/li><li><strong><strong>Google <\/strong>esta cambiando su matriz energ\u00e9tica, buscando que la gran mayor\u00eda de la energ\u00eda que consume se produzca a trav\u00e9s de fuentes renovables como paneles solares o energ\u00eda e\u00f3lica.<\/strong><\/li><li><strong><strong>123Tinta <\/strong>cumple aniversario en Espa\u00f1a y destaca su enorme contribuci\u00f3n en la industria del reciclaje de cart\u00f3n.<\/strong><\/li><li><strong><strong>Ikea <\/strong>le ense\u00f1a a sus usuarios a como poder reciclar sus propios muebles.<\/strong><\/li><li><strong><strong>Vueling<\/strong> logra reducir el 72% de las emisiones de CO2 en un vuelo comercial.<\/strong><\/li><li><strong><strong>Iberdrola y la RFEF <\/strong>construyeron la primera ciudad de f\u00fatbol sostenible.<\/strong><\/li><li><strong><strong>CARLET <\/strong>construir\u00e1 su primera industria encargada de reciclar colchones.<\/strong><\/li><\/ul>\n\n\n\n<p><\/p>\n\n\n\n<p><strong>SECTOR AUTOMOTRIZ<\/strong><\/p>\n\n\n\n<ul class=\"wp-block-list\"><li>El Ministro de <strong>Transporte y Telecomunicaciones de Chile <\/strong>coloc\u00f3 la piedra fundacional de una futura terminal el\u00e9ctrica en Antofagasta.<\/li><li>La <strong>NASA <\/strong>mostr\u00f3 en im\u00e1genes los veh\u00edculos el\u00e9ctricos que utilizaran los astronautas en su pr\u00f3xima misi\u00f3n lunar.<\/li><li><strong>El Correo de Costa Rica <\/strong>cambiar\u00e1 toda su flota de autom\u00f3viles a el\u00e9ctricos.<\/li><li>El <strong>Telef\u00e9rico <\/strong>se presenta como una forma de <strong>electromovilidad <\/strong>en Paraguay.<\/li><li>En Antofagasta se sumar\u00e1n <strong>40 buses el\u00e9ctricos.<\/strong><\/li><li><strong>Tesla <\/strong>entreg\u00f3 254.695 autos el\u00e9ctricos para el segundo trimestre del 2022.<\/li><li><strong>Hyundai<\/strong> present\u00f3 un nuevo modelo de coche el\u00e9ctrico.<\/li><li><strong>Audi <\/strong>fabricar\u00e1 autos 100% el\u00e9ctricos en la regi\u00f3n de Puebla, en M\u00e9xico.<\/li><li><strong>Por primera vez <\/strong>un auto el\u00e9ctrico super\u00f3 los <strong>320 km\/h.<\/strong><\/li><li>El Diario El Salvador cuenta con una nota en donde se realiza un repaso de cuanto se <strong>ahorra teniendo un auto el\u00e9ctrico en comparaci\u00f3n de uno de combusti\u00f3n f\u00f3sil.<\/strong><\/li><li>El grupo <strong>Motorysa <\/strong>va a invertir 240.000 millones de d\u00f3lares en veh\u00edculos h\u00edbridos y el\u00e9ctricos.<\/li><li>Una nota de Diario Motor plantea que en el futuro se le van a otorgar impuestos a los <strong>autos f\u00f3siles <\/strong>para poder subvencionar de esta forma a los <strong>autos el\u00e9ctricos.<\/strong><\/li><\/ul>\n","protected":false},"excerpt":{"rendered":"<p>DERCO CENTER |<\/p>\n","protected":false},"author":82,"featured_media":0,"comment_status":"closed","ping_status":"closed","sticky":false,"template":"","format":"standard","meta":{"_et_pb_use_builder":"off","_et_pb_old_content":"<!-- wp:heading -->\n<h2>Temas destacados<\/h2>\n<!-- \/wp:heading -->\n\n<!-- wp:paragraph -->\n<p><strong><strong>DESARROLLO SOCIAL<\/strong><\/strong><\/p>\n<!-- \/wp:paragraph -->\n\n<!-- wp:list -->\n<ul><li><strong>Scotiabank Colombia<\/strong> apunta a aumentar la participaci\u00f3n de mujeres en juntas directivas.<\/li><li><strong>Tigo <\/strong>contin\u00faa consolidando su trabajo voluntario.<\/li><li><strong>Nestl\u00e9 Guatemala<\/strong> dona productos l\u00e1cteos para ni\u00f1os en situaci\u00f3n de vulnerabilidad.<\/li><li><strong>Gripo Cenoa Argentina <\/strong>entrega donaciones para el banco de alimentos de Jujuy.<\/li><li><strong>Coca-Cola<\/strong> impulsa el empoderamiento de mujeres de Latinoam\u00e9rica mediante el apoyo a sus peque\u00f1os negocios.<\/li><li><strong>Banco de Bogot\u00e1<\/strong> anuncia que se une a Telet\u00f3n Renace.<\/li><li><strong>Banbif Per\u00fa <\/strong>realiza colecta interna para abastecer de alimentos para las familias m\u00e1s vulnerables.<\/li><li><strong>P&amp;G Espa\u00f1a <\/strong>se compromete a desarrollar 21 proyectos para abordar los desaf\u00edos relacionados con Impacto en la comunidad, Igualdad e Inclusi\u00f3n y Sostenibilidad medioambiental.<\/li><li><strong>Moderna Alimentos Ecuador<\/strong> entrega m\u00e1s de 45 mil Kg de alimentos durante el 2021.<\/li><li><strong>Coca Cola junto a Cruz Roja Argentina <\/strong>donan insumos al Hospital de ni\u00f1os Ricardo Guti\u00e9rrez.<\/li><\/ul>\n<!-- \/wp:list -->\n\n<!-- wp:paragraph -->\n<p><\/p>\n<!-- \/wp:paragraph -->\n\n<!-- wp:paragraph -->\n<p><strong>AMBIENTAL<\/strong><\/p>\n<!-- \/wp:paragraph -->\n\n<!-- wp:list -->\n<ul><li><strong>La Fundaci\u00f3n BBVA<\/strong> anuncia la convocatoria 2021 de Ayudas a Proyectos de Investigaci\u00f3n Cient\u00edfica en las \u00e1reas de Cambio Clim\u00e1tico y Ecolog\u00eda y Biolog\u00eda de la Conservaci\u00f3n.<\/li><li><strong>McDonald\u2019s<\/strong>\u00a0inaugura su primer restaurante con cero emisiones en Reino Unido.<\/li><li><strong>Repsol<\/strong> ampl\u00eda su gama de materiales de baja huella de carbono.<\/li><li><strong>Repsol <\/strong>colaborara con nuevo ecocombustible 100% renovable en Dakar 2022.<\/li><li><strong>Terpel Panam\u00e1<\/strong> y su equipo han reciclado m\u00e1s de una tonelada de materiales durante el 2021 y sembrado m\u00e1s de una docena de \u00e1rboles.<\/li><li><strong>Bancolombia <\/strong>ampli\u00f3 su l\u00ednea de financiaci\u00f3n sostenible.<\/li><li><strong>Equipetrol<\/strong> cambia su matriz en\u00e9rgica a energ\u00eda renovable como contribuci\u00f3n al medio ambiente.<\/li><li><strong>Data for life<\/strong> Espa\u00f1a crea app que permite calcular la huella de carbono.<\/li><li><strong>Grupo BBVA <\/strong>entrega 11,5 millones de tarjetas recicladas.<\/li><li><strong>Coca-Cola Argentina <\/strong>presenta sus acciones de verano para el cuidado del ambiente en diferentes centros tur\u00edsticos.<\/li><\/ul>\n<!-- \/wp:list -->\n\n<!-- wp:paragraph -->\n<p><\/p>\n<!-- \/wp:paragraph -->\n\n<!-- wp:paragraph -->\n<p><\/p>\n<!-- \/wp:paragraph -->\n\n<!-- wp:paragraph -->\n<p><\/p>\n<!-- \/wp:paragraph -->\n\n<!-- wp:paragraph -->\n<p><strong>SECTOR AUTOMOTRIZ<\/strong><\/p>\n<!-- \/wp:paragraph -->\n\n<!-- wp:list -->\n<ul><li><strong>Toyota<\/strong> c+pod se posiciona como el coche el\u00e9ctrico m\u00e1s brato del mundo.<\/li><li><strong>Hyundai <\/strong>est\u00e1 dejando de desarrollar nuevos motores de combusti\u00f3n para realizar una transici\u00f3n a los veh\u00edculos el\u00e9ctricos.<\/li><li><strong>Ford<\/strong> h\u00edbridas F150 permiten recargar otros veh\u00edculos el\u00e9ctricos.<\/li><li>En Suecia, instalan una v\u00eda que recarga veh\u00edculos el\u00e9ctricos mientras transitan por ella.<\/li><li><strong>Jac<\/strong> fue la marca m\u00e1s vendida de coches el\u00e9ctricos en M\u00e9xico.<\/li><li><strong>Jaguar <\/strong>llega a Chile con su primer auto 100% el\u00e9ctrico.<\/li><li><strong>Waymo<\/strong> anuncia colaboraci\u00f3n con Geely para Driver en nueva versi\u00f3n de Zeekr.<\/li><li><strong>Citro\u00ebn<\/strong>\u00a0presenta el nuevo coche C3 en Argentina.<\/li><li><strong>Ford<\/strong> Mustang proveer\u00e1 de autos el\u00e9ctricos a la empresa de taxis Gravity en Estados Unidos.<\/li><li><strong>Saic Motor y MG<\/strong> invierten m\u00e1s de US$45 millones en nueva movilidad.<\/li><li><strong>Tesla<\/strong> retira del mercado m\u00e1s de 475 mil autos el\u00e9ctricos por problemas de seguridad.<\/li><li>La planta de <strong>Nissan<\/strong> en Barcelona tiene nuevo due\u00f1o: se la queda el grupo liderado por QEV Technologies para fabricar coches el\u00e9ctricos.<\/li><\/ul>\n<!-- \/wp:list -->\n\n<!-- wp:paragraph -->\n<p><\/p>\n<!-- \/wp:paragraph -->","_et_gb_content_width":"","footnotes":"","_links_to":"","_links_to_target":""},"categories":[18],"tags":[],"class_list":["post-5289","post","type-post","status-publish","format-standard","hentry","category-buzz-tracker"],"jetpack_featured_media_url":"","_links":{"self":[{"href":"https:\/\/reports.eyewatch.me\/dc\/wp-json\/wp\/v2\/posts\/5289","targetHints":{"allow":["GET"]}}],"collection":[{"href":"https:\/\/reports.eyewatch.me\/dc\/wp-json\/wp\/v2\/posts"}],"about":[{"href":"https:\/\/reports.eyewatch.me\/dc\/wp-json\/wp\/v2\/types\/post"}],"author":[{"embeddable":true,"href":"https:\/\/reports.eyewatch.me\/dc\/wp-json\/wp\/v2\/users\/82"}],"replies":[{"embeddable":true,"href":"https:\/\/reports.eyewatch.me\/dc\/wp-json\/wp\/v2\/comments?post=5289"}],"version-history":[{"count":2,"href":"https:\/\/reports.eyewatch.me\/dc\/wp-json\/wp\/v2\/posts\/5289\/revisions"}],"predecessor-version":[{"id":5316,"href":"https:\/\/reports.eyewatch.me\/dc\/wp-json\/wp\/v2\/posts\/5289\/revisions\/5316"}],"wp:attachment":[{"href":"https:\/\/reports.eyewatch.me\/dc\/wp-json\/wp\/v2\/media?parent=5289"}],"wp:term":[{"taxonomy":"category","embeddable":true,"href":"https:\/\/reports.eyewatch.me\/dc\/wp-json\/wp\/v2\/categories?post=5289"},{"taxonomy":"post_tag","embeddable":true,"href":"https:\/\/reports.eyewatch.me\/dc\/wp-json\/wp\/v2\/tags?post=5289"}],"curies":[{"name":"wp","href":"https:\/\/api.w.org\/{rel}","templated":true}]}}