{"id":5284,"date":"2022-06-30T19:36:10","date_gmt":"2022-06-30T19:36:10","guid":{"rendered":"https:\/\/reports.eyewatch.me\/dc\/?p=5284"},"modified":"2022-06-30T19:36:10","modified_gmt":"2022-06-30T19:36:10","slug":"resumen-30-de-junio","status":"publish","type":"post","link":"https:\/\/reports.eyewatch.me\/dc\/resumen-30-de-junio\/","title":{"rendered":"Resumen 30 de Junio"},"content":{"rendered":"<div id=\"fb-root\"><\/div>\n\n<h2 class=\"wp-block-heading\" id=\"temas-destacados\">Temas destacados<\/h2>\n\n\n\n<p><strong><strong>DESARROLLO SOCIAL<\/strong><\/strong><\/p>\n\n\n\n<ul class=\"wp-block-list\"><li><strong>Sodimac <\/strong>presenta la campa\u00f1a La cancha libre de estereotipos la cual busca promover la igualdad de g\u00e9nero en el campo de juego.<\/li><li><strong>Unilever <\/strong>comparte sus cinco pilares para apoyar la equidad e inclusi\u00f3n los cuales abogan por las personas con discapacidad, equidad de g\u00e9nero, edad, contexto social y diversidad sexual.<\/li><li><strong>Volkswagen <\/strong>Argentina realiza donaci\u00f3n de m\u00e1s de 700kg de alimentos durante el a\u00f1o 2021.<\/li><li><strong>Laly Coporation <\/strong>Per\u00fa hace entrega de \u00faltiles escolares a la Fundaci\u00f3n F\u00fatbol M\u00e1s Per\u00fa.<\/li><li><strong>L\u00b4Or\u00e9al y la UNESCO<\/strong> presentan Para las Mujeres en la Ciencia, premios que reconcen la labor cient\u00edfica realizada por mujeres alrededor del mundo.<\/li><li>Plataforma digital para capacitar docentes en tecnolog\u00edas de la informaci\u00f3n es presentada por <strong>Tigo Costa Rica.<\/strong><\/li><li><strong>Fundaci\u00f3n Telef\u00f3nica Movistar M\u00e9xico <\/strong>celebra la 17 edici\u00f3n del D\u00eda Internacional del Voluntariado.<\/li><li><strong>GM <\/strong>abrir\u00e1 45 vacantes laborales para personas en situaci\u00f3n de discapacidad.<\/li><\/ul>\n\n\n\n<p><\/p>\n\n\n\n<p><strong>AMBIENTAL<\/strong><\/p>\n\n\n\n<ul class=\"wp-block-list\"><li><strong>Grupo Bimbo<\/strong> recicla 95 % de sus residuos y se abastece desde 2020 con energ\u00eda limpia de Genneia.<\/li><li><strong>Microsoft <\/strong>presenta una iniciativa de investigaci\u00f3n clim\u00e1tica.<\/li><li><strong>Coca Cola <\/strong>traslada a Sierra Nevada su concientizaci\u00f3n por el medio ambiente a trav\u00e9s de una recogida de basura.<\/li><li><strong>BCI <\/strong>es la primera empresa chilena en incorporarse a la Red de Bonos Sostenibles de Nasdaq.<\/li><li><strong>Prima<\/strong> lanza nuevas bolsitas de papel reciclable para sus salsas.<\/li><li><strong>Siemens<\/strong> inaugura el Centro log\u00edstico Green M\u00f3vil en Colombia.<\/li><li><strong>Falabella Retail <\/strong>consolida estrategia +Verde y se impone la meta de lograr cero residuos al 2035.<\/li><li><strong>Vueling<\/strong> logra reducir el 72% de las emisiones de CO2 en un vuelo comercial.<\/li><li><strong>Repsol<\/strong> cierra con Kraft Heinz un acuerdo de compraventa de energ\u00eda renovable a largo plazo.<\/li><li><strong>Cabify <\/strong>presenta la primera flota VTC propulsada por hidr\u00f3geno en Espa\u00f1a con cuatro unidades del Toyota Mirai.<\/li><\/ul>\n\n\n\n<p><\/p>\n\n\n\n<p><strong>SECTOR AUTOMOTRIZ<\/strong><\/p>\n\n\n\n<ul class=\"wp-block-list\"><li><strong>Kia<\/strong> presenta su nuevo modelo Niro 2113.<\/li><li>Presentan una nueva versi\u00f3n sustentable del <strong>Alfa Romeo<\/strong> Spider Duetto Hybrid.<\/li><li><strong>Toyota<\/strong> lanza un sistema de bater\u00eda para uso residencial basado en la tecnolog\u00eda de los veh\u00edculos el\u00e9ctricos.<\/li><li>La<strong> NASA <\/strong>usar\u00e1 los veh\u00edculos el\u00e9ctricos de Canoo para transportar a los astronautas hasta la plataforma de lanzamiento de las naves espaciales.<\/li><li>Las bater\u00edas de los coches el\u00e9ctricos <strong>Audi<\/strong> usados se aprovechan para electrificar los rickshaws de la India.<\/li><li>Firma del <strong>&#8216;Pacto por la industrializaci\u00f3n Automotriz <\/strong>y la movidilidad sostenible en Colombia&#8217;..<\/li><li><strong>Nissan<\/strong> gana premio en los Auto Trader New Car Awards 2022.<\/li><li><strong>Kia<\/strong> eval\u00faa eliminar el IVA de sus autos el\u00e9ctricos para impulsar sus ventas en M\u00e9xico.<\/li><li><strong>Hyundai<\/strong> presenta el Ioniq 6, su coche el\u00e9ctrico m\u00e1s atractivo.<\/li><li><strong>Porsche<\/strong> entrar\u00eda en la F1 en 2026 pero solo lo har\u00eda con un socio fuerte.<\/li><li><strong>Silverstone<\/strong> relaiza un recorrido de m\u00e1s de 100km sin recargar bater\u00eda.<\/li><li><strong>Ford Pro<\/strong> pone a prueba una nueva tecnolog\u00eda de reducci\u00f3n autom\u00e1tica de velocidad.<\/li><li><strong>GAC <\/strong>presenta unas bater\u00edas LFP con un 20% m\u00e1s capacidad volum\u00e9trica y 1.5 millones de kil\u00f3metros de vida \u00fatil m\u00ednima.<\/li><li><strong>Cami\u00f3n aut\u00f3nomo <\/strong>que funciona sin cabina ya est\u00e1 listo para operar en las carreteras p\u00fablicas.<\/li><li>El <strong>H25<\/strong> realiz\u00f3 el primer vuelo con combustible 100% sostenible.<\/li><\/ul>\n","protected":false},"excerpt":{"rendered":"<p>DERCO CENTER |<\/p>\n","protected":false},"author":82,"featured_media":0,"comment_status":"closed","ping_status":"closed","sticky":false,"template":"","format":"standard","meta":{"_et_pb_use_builder":"off","_et_pb_old_content":"<!-- wp:heading -->\n<h2>Temas destacados<\/h2>\n<!-- \/wp:heading -->\n\n<!-- wp:paragraph -->\n<p><strong><strong>DESARROLLO SOCIAL<\/strong><\/strong><\/p>\n<!-- \/wp:paragraph -->\n\n<!-- wp:list -->\n<ul><li><strong>Scotiabank Colombia<\/strong> apunta a aumentar la participaci\u00f3n de mujeres en juntas directivas.<\/li><li><strong>Tigo <\/strong>contin\u00faa consolidando su trabajo voluntario.<\/li><li><strong>Nestl\u00e9 Guatemala<\/strong> dona productos l\u00e1cteos para ni\u00f1os en situaci\u00f3n de vulnerabilidad.<\/li><li><strong>Gripo Cenoa Argentina <\/strong>entrega donaciones para el banco de alimentos de Jujuy.<\/li><li><strong>Coca-Cola<\/strong> impulsa el empoderamiento de mujeres de Latinoam\u00e9rica mediante el apoyo a sus peque\u00f1os negocios.<\/li><li><strong>Banco de Bogot\u00e1<\/strong> anuncia que se une a Telet\u00f3n Renace.<\/li><li><strong>Banbif Per\u00fa <\/strong>realiza colecta interna para abastecer de alimentos para las familias m\u00e1s vulnerables.<\/li><li><strong>P&amp;G Espa\u00f1a <\/strong>se compromete a desarrollar 21 proyectos para abordar los desaf\u00edos relacionados con Impacto en la comunidad, Igualdad e Inclusi\u00f3n y Sostenibilidad medioambiental.<\/li><li><strong>Moderna Alimentos Ecuador<\/strong> entrega m\u00e1s de 45 mil Kg de alimentos durante el 2021.<\/li><li><strong>Coca Cola junto a Cruz Roja Argentina <\/strong>donan insumos al Hospital de ni\u00f1os Ricardo Guti\u00e9rrez.<\/li><\/ul>\n<!-- \/wp:list -->\n\n<!-- wp:paragraph -->\n<p><\/p>\n<!-- \/wp:paragraph -->\n\n<!-- wp:paragraph -->\n<p><strong>AMBIENTAL<\/strong><\/p>\n<!-- \/wp:paragraph -->\n\n<!-- wp:list -->\n<ul><li><strong>La Fundaci\u00f3n BBVA<\/strong> anuncia la convocatoria 2021 de Ayudas a Proyectos de Investigaci\u00f3n Cient\u00edfica en las \u00e1reas de Cambio Clim\u00e1tico y Ecolog\u00eda y Biolog\u00eda de la Conservaci\u00f3n.<\/li><li><strong>McDonald\u2019s<\/strong>\u00a0inaugura su primer restaurante con cero emisiones en Reino Unido.<\/li><li><strong>Repsol<\/strong> ampl\u00eda su gama de materiales de baja huella de carbono.<\/li><li><strong>Repsol <\/strong>colaborara con nuevo ecocombustible 100% renovable en Dakar 2022.<\/li><li><strong>Terpel Panam\u00e1<\/strong> y su equipo han reciclado m\u00e1s de una tonelada de materiales durante el 2021 y sembrado m\u00e1s de una docena de \u00e1rboles.<\/li><li><strong>Bancolombia <\/strong>ampli\u00f3 su l\u00ednea de financiaci\u00f3n sostenible.<\/li><li><strong>Equipetrol<\/strong> cambia su matriz en\u00e9rgica a energ\u00eda renovable como contribuci\u00f3n al medio ambiente.<\/li><li><strong>Data for life<\/strong> Espa\u00f1a crea app que permite calcular la huella de carbono.<\/li><li><strong>Grupo BBVA <\/strong>entrega 11,5 millones de tarjetas recicladas.<\/li><li><strong>Coca-Cola Argentina <\/strong>presenta sus acciones de verano para el cuidado del ambiente en diferentes centros tur\u00edsticos.<\/li><\/ul>\n<!-- \/wp:list -->\n\n<!-- wp:paragraph -->\n<p><\/p>\n<!-- \/wp:paragraph -->\n\n<!-- wp:paragraph -->\n<p><\/p>\n<!-- \/wp:paragraph -->\n\n<!-- wp:paragraph -->\n<p><\/p>\n<!-- \/wp:paragraph -->\n\n<!-- wp:paragraph -->\n<p><strong>SECTOR AUTOMOTRIZ<\/strong><\/p>\n<!-- \/wp:paragraph -->\n\n<!-- wp:list -->\n<ul><li><strong>Toyota<\/strong> c+pod se posiciona como el coche el\u00e9ctrico m\u00e1s brato del mundo.<\/li><li><strong>Hyundai <\/strong>est\u00e1 dejando de desarrollar nuevos motores de combusti\u00f3n para realizar una transici\u00f3n a los veh\u00edculos el\u00e9ctricos.<\/li><li><strong>Ford<\/strong> h\u00edbridas F150 permiten recargar otros veh\u00edculos el\u00e9ctricos.<\/li><li>En Suecia, instalan una v\u00eda que recarga veh\u00edculos el\u00e9ctricos mientras transitan por ella.<\/li><li><strong>Jac<\/strong> fue la marca m\u00e1s vendida de coches el\u00e9ctricos en M\u00e9xico.<\/li><li><strong>Jaguar <\/strong>llega a Chile con su primer auto 100% el\u00e9ctrico.<\/li><li><strong>Waymo<\/strong> anuncia colaboraci\u00f3n con Geely para Driver en nueva versi\u00f3n de Zeekr.<\/li><li><strong>Citro\u00ebn<\/strong>\u00a0presenta el nuevo coche C3 en Argentina.<\/li><li><strong>Ford<\/strong> Mustang proveer\u00e1 de autos el\u00e9ctricos a la empresa de taxis Gravity en Estados Unidos.<\/li><li><strong>Saic Motor y MG<\/strong> invierten m\u00e1s de US$45 millones en nueva movilidad.<\/li><li><strong>Tesla<\/strong> retira del mercado m\u00e1s de 475 mil autos el\u00e9ctricos por problemas de seguridad.<\/li><li>La planta de <strong>Nissan<\/strong> en Barcelona tiene nuevo due\u00f1o: se la queda el grupo liderado por QEV Technologies para fabricar coches el\u00e9ctricos.<\/li><\/ul>\n<!-- \/wp:list -->\n\n<!-- wp:paragraph -->\n<p><\/p>\n<!-- \/wp:paragraph -->","_et_gb_content_width":"","footnotes":"","_links_to":"","_links_to_target":""},"categories":[18],"tags":[],"class_list":["post-5284","post","type-post","status-publish","format-standard","hentry","category-buzz-tracker"],"jetpack_featured_media_url":"","_links":{"self":[{"href":"https:\/\/reports.eyewatch.me\/dc\/wp-json\/wp\/v2\/posts\/5284","targetHints":{"allow":["GET"]}}],"collection":[{"href":"https:\/\/reports.eyewatch.me\/dc\/wp-json\/wp\/v2\/posts"}],"about":[{"href":"https:\/\/reports.eyewatch.me\/dc\/wp-json\/wp\/v2\/types\/post"}],"author":[{"embeddable":true,"href":"https:\/\/reports.eyewatch.me\/dc\/wp-json\/wp\/v2\/users\/82"}],"replies":[{"embeddable":true,"href":"https:\/\/reports.eyewatch.me\/dc\/wp-json\/wp\/v2\/comments?post=5284"}],"version-history":[{"count":1,"href":"https:\/\/reports.eyewatch.me\/dc\/wp-json\/wp\/v2\/posts\/5284\/revisions"}],"predecessor-version":[{"id":5285,"href":"https:\/\/reports.eyewatch.me\/dc\/wp-json\/wp\/v2\/posts\/5284\/revisions\/5285"}],"wp:attachment":[{"href":"https:\/\/reports.eyewatch.me\/dc\/wp-json\/wp\/v2\/media?parent=5284"}],"wp:term":[{"taxonomy":"category","embeddable":true,"href":"https:\/\/reports.eyewatch.me\/dc\/wp-json\/wp\/v2\/categories?post=5284"},{"taxonomy":"post_tag","embeddable":true,"href":"https:\/\/reports.eyewatch.me\/dc\/wp-json\/wp\/v2\/tags?post=5284"}],"curies":[{"name":"wp","href":"https:\/\/api.w.org\/{rel}","templated":true}]}}