{"id":5236,"date":"2022-06-27T15:44:21","date_gmt":"2022-06-27T15:44:21","guid":{"rendered":"https:\/\/reports.eyewatch.me\/dc\/?p=5236"},"modified":"2022-06-27T15:44:21","modified_gmt":"2022-06-27T15:44:21","slug":"resumen-27-de-junio","status":"publish","type":"post","link":"https:\/\/reports.eyewatch.me\/dc\/resumen-27-de-junio\/","title":{"rendered":"Resumen 27 de Junio"},"content":{"rendered":"<div id=\"fb-root\"><\/div>\n\n<h2 class=\"wp-block-heading\" id=\"temas-destacados\">Temas destacados<\/h2>\n\n\n\n<p><strong><strong>DESARROLLO SOCIAL<\/strong><\/strong><\/p>\n\n\n\n<ul class=\"wp-block-list\"><li><strong>Microsoft <\/strong>financia proyectos de cambio social en la Comunidad de Madrid a trav\u00e9s del Reto Ciudadano Madrid en donde financiar\u00e1 acciones relacionadas con la sostenibilidad y las habilidades digitales.<\/li><li><strong>Coca &#8211; Cola<\/strong> presenta su campa\u00f1a &#8220;Gira Mujeres&#8221; con el objetivo de fomentar el esp\u00edritu emprendedor y la reinversi\u00f3n de sus proyectos.<\/li><li>Todos Sembramos Caf\u00e9 regresa a las tiendas de <strong>Starbucks <\/strong>en M\u00e9xico el cual tiene por objetivo contener la amenaza constante de la roya que los caficultores enfrentan.<\/li><li><strong>YPF<\/strong> Luz aporta al Hospital El Bracho de Tucum\u00e1n con la donaci\u00f3n de un grupo electr\u00f3geno.<\/li><li><strong>Sedal <\/strong>M\u00e9xico lanza una iniciativa destinada a dar formaci\u00f3n gratuita virtual a j\u00f3venes para impulsar sus habilidades y herramientas en el futuro laboral.<\/li><li><strong>Falabella<\/strong> promueve la equidad de g\u00e9nero teniendo un 43% de puestos de gerencia integrados por mujeres.<\/li><li><strong>Purina<\/strong> junto a Cenatac impulsan la segunda unidad canina de apoyo al Hospital Pedi\u00e1trico de Coyoac\u00e1n.<\/li><li><strong>Tigo <\/strong>lanza su nueva plataforma \u201cMaestr@s Conectad@s\u201d con el fin de capacitar a m\u00e1s de 250 mil docentes de Latinoam\u00e9rica.<\/li><\/ul>\n\n\n\n<p><\/p>\n\n\n\n<p><strong>AMBIENTAL<\/strong><\/p>\n\n\n\n<ul class=\"wp-block-list\"><li><strong>Google<\/strong> destinar\u00e1 30 millones de d\u00f3lares a iniciativas contra el cambio clim\u00e1tico y Google lanza una Calculadora de Carbono para Empresas.<\/li><li><strong>Nestl\u00e9 <\/strong>apuesta por fortalecer la conciencia en seguridad, salud y medioambiente de sus trabajadores.<\/li><li><strong>Mc Donals<\/strong> Argentina lanza una plataforma para inspirar a los consumidores a lograr un mundo m\u00e1s sostenible.<\/li><li><strong>Bimbo<\/strong> Argentina recicla el 95% de sus residuos y utiliza 100% de energ\u00eda renovable en sus plantas.<\/li><li><strong>BBVA <\/strong>Provincial realiza actividades a trav\u00e9s de su voluntariado corporativo, jornadas de limpieza de espacios naturales y la siembra de \u00e1rboles a nivel nacional.<\/li><li><strong>Yamaha <\/strong>contin\u00faa ampliando sus planes para conseguir una huella neutra de carbono.<\/li><li>La <strong>F\u00f3rmula 1<\/strong> busca reducir su huella de carbono para el a\u00f1o 2030.<\/li><li><strong>IDEA<\/strong> contar\u00e1 con un 40% de su flora a biog\u00e1s para el 2025.<\/li><li>El programa <strong>Samsung <\/strong>Eco-Packaging celebra el potencial de reutilizaci\u00f3n de empaques.<\/li><li><strong>Pozuelo <\/strong>reafirma su compromiso con la acci\u00f3n clim\u00e1tica participando de la iniciativa ambiental R\u00edos Limpios a trav\u00e9s del trabajo voluntario.<\/li><li><strong>HP<\/strong> redujo su huella de carbono en un 9% en comparaci\u00f3n con 2019, la meta es reducir el 50% de las emisiones de gases de efecto invernadero (GEI) para 2030 y lograr el GEI neto cero para 2040.<\/li><li><strong>Sacyr<\/strong> busca nuevas soluciones para almacenar energ\u00eda renovable.<\/li><\/ul>\n\n\n\n<p><\/p>\n\n\n\n<p><strong>SECTOR AUTOMOTRIZ<\/strong><\/p>\n\n\n\n<ul class=\"wp-block-list\"><li>El el\u00e9ctrico <strong>Skoda<\/strong> Enyaq iV es el coche m\u00e1s reciclado de la marca.<\/li><li>Se present\u00f3 el <strong>Cadillac<\/strong> LYRIQ, el primer auto el\u00e9ctrico de la marca, bater\u00eda de 100kWh, 500 km de autonom\u00eda y 340hp de potencia.<\/li><li><strong>Toyota<\/strong> retira del mercado 2.700 unidades defectuosas de su primer veh\u00edculo 100 % el\u00e9ctrico.<\/li><li><strong>Nissan<\/strong> fue anunciada como la marca ganadora del premio a la Iniciativa de sostenibilidad en la sexta edici\u00f3n de Auto Trader New Car Awards.<\/li><li><strong>Tesla<\/strong> prepara su f\u00e1brica en China para duplicar su producci\u00f3n de veh\u00edculos el\u00e9ctricos.<\/li><li><strong>Lunaz<\/strong>, la empresa que restaura veh\u00edculos y los vuelve el\u00e9ctricos. Interesante modelo de negocios.<\/li><li><strong>Tencent<\/strong> busca posicionarse como la empresa de tecnolog\u00eda de referencia de los fabricantes de autom\u00f3viles extranjeros en el mercado de autom\u00f3viles el\u00e9ctricos de China.<\/li><li>El 30 de junio se realiza el <strong>Foro de Movilidad Sostenible<\/strong> en Panam\u00e1.<\/li><li><strong>Volkswagen <\/strong>presenta su sexto coche el\u00e9ctrico y reafirma su intenci\u00f3n de superar a Tesla en 2024.<\/li><li><strong>BMW<\/strong> y el Real Madrid se asocian para desarrollar iniciativas de movilidad sostenible.<\/li><li><strong>Lexus <\/strong>UX 250h el nuevo h\u00edbrido.<\/li><li>El modelo <strong>Mercedes-Benz<\/strong> EQXX recorri\u00f3 1200 kil\u00f3metros con una carga de bater\u00eda.<\/li><li><strong>Ferrari<\/strong> se pasa a la pila de combustible de hidr\u00f3geno para fabricar sus coches.<\/li><li><strong>Citro\u00ebn<\/strong> My Ami Buggy: el cuadriciclo que se agot\u00f3 en 18 minutos.<\/li><li><strong>Seat<\/strong> estrena su divisi\u00f3n de movilidad urbana M\u00f3 con un scooter el\u00e9ctrico.<\/li><li><strong>Hyundai y Michelin <\/strong>desarrollar\u00e1n neum\u00e1ticos de nueva generaci\u00f3n para veh\u00edculos el\u00e9ctricos.<\/li><li>Primer <strong>vuelo en helic\u00f3ptero <\/strong>del mundo con <strong>combustible <\/strong>de aviaci\u00f3n <strong>100% sostenible<\/strong>.<\/li><li><strong>Repsol<\/strong> se prepara para fabricar gasolina sin petr\u00f3leo.<\/li><\/ul>\n","protected":false},"excerpt":{"rendered":"<p>DERCO CENTER |<\/p>\n","protected":false},"author":82,"featured_media":0,"comment_status":"closed","ping_status":"closed","sticky":false,"template":"","format":"standard","meta":{"_et_pb_use_builder":"off","_et_pb_old_content":"<!-- wp:heading -->\n<h2>Temas destacados<\/h2>\n<!-- \/wp:heading -->\n\n<!-- wp:paragraph -->\n<p><strong><strong>DESARROLLO SOCIAL<\/strong><\/strong><\/p>\n<!-- \/wp:paragraph -->\n\n<!-- wp:list -->\n<ul><li><strong>Scotiabank Colombia<\/strong> apunta a aumentar la participaci\u00f3n de mujeres en juntas directivas.<\/li><li><strong>Tigo <\/strong>contin\u00faa consolidando su trabajo voluntario.<\/li><li><strong>Nestl\u00e9 Guatemala<\/strong> dona productos l\u00e1cteos para ni\u00f1os en situaci\u00f3n de vulnerabilidad.<\/li><li><strong>Gripo Cenoa Argentina <\/strong>entrega donaciones para el banco de alimentos de Jujuy.<\/li><li><strong>Coca-Cola<\/strong> impulsa el empoderamiento de mujeres de Latinoam\u00e9rica mediante el apoyo a sus peque\u00f1os negocios.<\/li><li><strong>Banco de Bogot\u00e1<\/strong> anuncia que se une a Telet\u00f3n Renace.<\/li><li><strong>Banbif Per\u00fa <\/strong>realiza colecta interna para abastecer de alimentos para las familias m\u00e1s vulnerables.<\/li><li><strong>P&amp;G Espa\u00f1a <\/strong>se compromete a desarrollar 21 proyectos para abordar los desaf\u00edos relacionados con Impacto en la comunidad, Igualdad e Inclusi\u00f3n y Sostenibilidad medioambiental.<\/li><li><strong>Moderna Alimentos Ecuador<\/strong> entrega m\u00e1s de 45 mil Kg de alimentos durante el 2021.<\/li><li><strong>Coca Cola junto a Cruz Roja Argentina <\/strong>donan insumos al Hospital de ni\u00f1os Ricardo Guti\u00e9rrez.<\/li><\/ul>\n<!-- \/wp:list -->\n\n<!-- wp:paragraph -->\n<p><\/p>\n<!-- \/wp:paragraph -->\n\n<!-- wp:paragraph -->\n<p><strong>AMBIENTAL<\/strong><\/p>\n<!-- \/wp:paragraph -->\n\n<!-- wp:list -->\n<ul><li><strong>La Fundaci\u00f3n BBVA<\/strong> anuncia la convocatoria 2021 de Ayudas a Proyectos de Investigaci\u00f3n Cient\u00edfica en las \u00e1reas de Cambio Clim\u00e1tico y Ecolog\u00eda y Biolog\u00eda de la Conservaci\u00f3n.<\/li><li><strong>McDonald\u2019s<\/strong>\u00a0inaugura su primer restaurante con cero emisiones en Reino Unido.<\/li><li><strong>Repsol<\/strong> ampl\u00eda su gama de materiales de baja huella de carbono.<\/li><li><strong>Repsol <\/strong>colaborara con nuevo ecocombustible 100% renovable en Dakar 2022.<\/li><li><strong>Terpel Panam\u00e1<\/strong> y su equipo han reciclado m\u00e1s de una tonelada de materiales durante el 2021 y sembrado m\u00e1s de una docena de \u00e1rboles.<\/li><li><strong>Bancolombia <\/strong>ampli\u00f3 su l\u00ednea de financiaci\u00f3n sostenible.<\/li><li><strong>Equipetrol<\/strong> cambia su matriz en\u00e9rgica a energ\u00eda renovable como contribuci\u00f3n al medio ambiente.<\/li><li><strong>Data for life<\/strong> Espa\u00f1a crea app que permite calcular la huella de carbono.<\/li><li><strong>Grupo BBVA <\/strong>entrega 11,5 millones de tarjetas recicladas.<\/li><li><strong>Coca-Cola Argentina <\/strong>presenta sus acciones de verano para el cuidado del ambiente en diferentes centros tur\u00edsticos.<\/li><\/ul>\n<!-- \/wp:list -->\n\n<!-- wp:paragraph -->\n<p><\/p>\n<!-- \/wp:paragraph -->\n\n<!-- wp:paragraph -->\n<p><\/p>\n<!-- \/wp:paragraph -->\n\n<!-- wp:paragraph -->\n<p><\/p>\n<!-- \/wp:paragraph -->\n\n<!-- wp:paragraph -->\n<p><strong>SECTOR AUTOMOTRIZ<\/strong><\/p>\n<!-- \/wp:paragraph -->\n\n<!-- wp:list -->\n<ul><li><strong>Toyota<\/strong> c+pod se posiciona como el coche el\u00e9ctrico m\u00e1s brato del mundo.<\/li><li><strong>Hyundai <\/strong>est\u00e1 dejando de desarrollar nuevos motores de combusti\u00f3n para realizar una transici\u00f3n a los veh\u00edculos el\u00e9ctricos.<\/li><li><strong>Ford<\/strong> h\u00edbridas F150 permiten recargar otros veh\u00edculos el\u00e9ctricos.<\/li><li>En Suecia, instalan una v\u00eda que recarga veh\u00edculos el\u00e9ctricos mientras transitan por ella.<\/li><li><strong>Jac<\/strong> fue la marca m\u00e1s vendida de coches el\u00e9ctricos en M\u00e9xico.<\/li><li><strong>Jaguar <\/strong>llega a Chile con su primer auto 100% el\u00e9ctrico.<\/li><li><strong>Waymo<\/strong> anuncia colaboraci\u00f3n con Geely para Driver en nueva versi\u00f3n de Zeekr.<\/li><li><strong>Citro\u00ebn<\/strong>\u00a0presenta el nuevo coche C3 en Argentina.<\/li><li><strong>Ford<\/strong> Mustang proveer\u00e1 de autos el\u00e9ctricos a la empresa de taxis Gravity en Estados Unidos.<\/li><li><strong>Saic Motor y MG<\/strong> invierten m\u00e1s de US$45 millones en nueva movilidad.<\/li><li><strong>Tesla<\/strong> retira del mercado m\u00e1s de 475 mil autos el\u00e9ctricos por problemas de seguridad.<\/li><li>La planta de <strong>Nissan<\/strong> en Barcelona tiene nuevo due\u00f1o: se la queda el grupo liderado por QEV Technologies para fabricar coches el\u00e9ctricos.<\/li><\/ul>\n<!-- \/wp:list -->\n\n<!-- wp:paragraph -->\n<p><\/p>\n<!-- \/wp:paragraph -->","_et_gb_content_width":"","footnotes":"","_links_to":"","_links_to_target":""},"categories":[18],"tags":[],"class_list":["post-5236","post","type-post","status-publish","format-standard","hentry","category-buzz-tracker"],"jetpack_featured_media_url":"","_links":{"self":[{"href":"https:\/\/reports.eyewatch.me\/dc\/wp-json\/wp\/v2\/posts\/5236","targetHints":{"allow":["GET"]}}],"collection":[{"href":"https:\/\/reports.eyewatch.me\/dc\/wp-json\/wp\/v2\/posts"}],"about":[{"href":"https:\/\/reports.eyewatch.me\/dc\/wp-json\/wp\/v2\/types\/post"}],"author":[{"embeddable":true,"href":"https:\/\/reports.eyewatch.me\/dc\/wp-json\/wp\/v2\/users\/82"}],"replies":[{"embeddable":true,"href":"https:\/\/reports.eyewatch.me\/dc\/wp-json\/wp\/v2\/comments?post=5236"}],"version-history":[{"count":1,"href":"https:\/\/reports.eyewatch.me\/dc\/wp-json\/wp\/v2\/posts\/5236\/revisions"}],"predecessor-version":[{"id":5237,"href":"https:\/\/reports.eyewatch.me\/dc\/wp-json\/wp\/v2\/posts\/5236\/revisions\/5237"}],"wp:attachment":[{"href":"https:\/\/reports.eyewatch.me\/dc\/wp-json\/wp\/v2\/media?parent=5236"}],"wp:term":[{"taxonomy":"category","embeddable":true,"href":"https:\/\/reports.eyewatch.me\/dc\/wp-json\/wp\/v2\/categories?post=5236"},{"taxonomy":"post_tag","embeddable":true,"href":"https:\/\/reports.eyewatch.me\/dc\/wp-json\/wp\/v2\/tags?post=5236"}],"curies":[{"name":"wp","href":"https:\/\/api.w.org\/{rel}","templated":true}]}}