{"id":5192,"date":"2022-06-23T16:46:57","date_gmt":"2022-06-23T16:46:57","guid":{"rendered":"https:\/\/reports.eyewatch.me\/dc\/?p=5192"},"modified":"2022-06-23T16:47:32","modified_gmt":"2022-06-23T16:47:32","slug":"buzz-tracker-23-de-junio-2022","status":"publish","type":"post","link":"https:\/\/reports.eyewatch.me\/dc\/buzz-tracker-23-de-junio-2022\/","title":{"rendered":"Buzz Tracker | 23 de Junio 2022"},"content":{"rendered":"<div id=\"fb-root\"><\/div>\n\n<p><\/p>\n\n\n\n<div class=\"wp-block-divi-layout\">[et_pb_section fb_built=&#8221;1&#8243; admin_label=&#8221;Features&#8221; _builder_version=&#8221;4.4.2&#8243; background_size=&#8221;initial&#8221; background_position=&#8221;top_left&#8221; width=&#8221;100%&#8221; max_width=&#8221;500px&#8221; module_alignment=&#8221;left&#8221; custom_margin=&#8221;|0px||-1px|false|false&#8221; custom_padding=&#8221;0px|0px|0px|0px|false|false&#8221; saved_tabs=&#8221;all&#8221; collapsed=&#8221;off&#8221;][et_pb_row column_padding_mobile=&#8221;on&#8221; custom_padding_last_edited=&#8221;on|phone&#8221; _builder_version=&#8221;4.4.2&#8243; background_size=&#8221;initial&#8221; background_position=&#8221;top_left&#8221; background_repeat=&#8221;repeat&#8221; width=&#8221;auto&#8221; max_width=&#8221;1280px&#8221; custom_margin=&#8221;0px|0px|0px|0px|false|false&#8221; custom_padding=&#8221;10px|2px|10px|0px|false|false&#8221; custom_padding_tablet=&#8221;49px|||&#8221; custom_padding_phone=&#8221;19px|||&#8221; use_custom_width=&#8221;on&#8221; custom_width_px=&#8221;1280px&#8221;][et_pb_column type=&#8221;4_4&#8243; _builder_version=&#8221;3.25&#8243; custom_padding=&#8221;|||&#8221; custom_padding__hover=&#8221;|||&#8221;][et_pb_blurb title=&#8221;DESARROLLO SOCIAL&#8221; image=&#8221;https:\/\/reports.eyewatch.me\/pc\/wp-content\/uploads\/sites\/3\/2020\/04\/icon_Artboard-3-100.jpg&#8221; icon_placement=&#8221;left&#8221; image_max_width=&#8221;69px&#8221; _builder_version=&#8221;4.4.2&#8243; header_level=&#8221;h1&#8243; custom_margin=&#8221;|||0px|false|false&#8221; custom_padding=&#8221;|||1px|false|false&#8221;][\/et_pb_blurb][\/et_pb_column][\/et_pb_row][\/et_pb_section]<\/div>\n\n\n\n<p><em><em>Menciones en redes sociales, medios y blogs en espa\u00f1ol sobre marcas y empresas vinculadas a<\/em> voluntariados, desarrollo social, campa\u00f1as solidarias, inclusi\u00f3n, y t\u00e9rminos afines.<\/em><\/p>\n\n\n\n<hr class=\"wp-block-separator has-css-opacity\" \/>\n\n\n\n<h2 class=\"wp-block-heading\" id=\"evolucion-de-la-conversacion-ultimos-7-dias\">Evoluci\u00f3n de la conversaci\u00f3n &#8211; \u00daltimos 7 d\u00edas<\/h2>\n\n\n\n<div class=\"wp-block-columns is-layout-flex wp-container-core-columns-is-layout-9d6595d7 wp-block-columns-is-layout-flex\">\n<div class=\"wp-block-column is-layout-flow wp-block-column-is-layout-flow\">\n<h4 class=\"wp-block-heading\" id=\"1-0k-menciones\"><img loading=\"lazy\" decoding=\"async\" width=\"121\" height=\"121\" class=\"wp-image-592\" style=\"width: 40px\" src=\"https:\/\/reports.eyewatch.me\/pc\/wp-content\/uploads\/sites\/3\/2020\/04\/icon_Artboard-3@3x-1.png\" alt=\"\">1.3k MENCIONES<\/h4>\n<\/div>\n\n\n\n<div class=\"wp-block-column is-layout-flow wp-block-column-is-layout-flow\">\n<h4 class=\"has-text-align-left wp-block-heading\" id=\"291-usuarios\"> <img loading=\"lazy\" decoding=\"async\" width=\"121\" height=\"121\" class=\"wp-image-589\" style=\"width: 40px\" src=\"https:\/\/reports.eyewatch.me\/pc\/wp-content\/uploads\/sites\/3\/2020\/04\/icon_Artboard-3-copy-3@3x.png\" alt=\"\">208 uSUARIOS<br><\/h4>\n<\/div>\n<\/div>\n\n\n\n<figure class=\"wp-block-image size-full\"><img loading=\"lazy\" decoding=\"async\" width=\"815\" height=\"403\" src=\"https:\/\/reports.eyewatch.me\/dc\/wp-content\/uploads\/sites\/10\/2022\/06\/11-5.jpg\" alt=\"\" class=\"wp-image-5175\" srcset=\"https:\/\/reports.eyewatch.me\/dc\/wp-content\/uploads\/sites\/10\/2022\/06\/11-5.jpg 815w, https:\/\/reports.eyewatch.me\/dc\/wp-content\/uploads\/sites\/10\/2022\/06\/11-5-480x237.jpg 480w\" sizes=\"(min-width: 0px) and (max-width: 480px) 480px, (min-width: 481px) 815px, 100vw\" \/><\/figure>\n\n\n\n<div style=\"height:20px\" aria-hidden=\"true\" class=\"wp-block-spacer\"><\/div>\n\n\n\n<hr class=\"wp-block-separator has-css-opacity is-style-wide\" \/>\n\n\n\n<h2 class=\"wp-block-heading\" id=\"evolucion-por-categorias\">Evoluci\u00f3n por categor\u00edas<\/h2>\n\n\n\n<figure class=\"wp-block-image size-full\"><img loading=\"lazy\" decoding=\"async\" width=\"788\" height=\"402\" src=\"https:\/\/reports.eyewatch.me\/dc\/wp-content\/uploads\/sites\/10\/2022\/06\/10-5.jpg\" alt=\"\" class=\"wp-image-5174\" srcset=\"https:\/\/reports.eyewatch.me\/dc\/wp-content\/uploads\/sites\/10\/2022\/06\/10-5.jpg 788w, https:\/\/reports.eyewatch.me\/dc\/wp-content\/uploads\/sites\/10\/2022\/06\/10-5-480x245.jpg 480w\" sizes=\"(min-width: 0px) and (max-width: 480px) 480px, (min-width: 481px) 788px, 100vw\" \/><\/figure>\n\n\n\n<div style=\"height:20px\" aria-hidden=\"true\" class=\"wp-block-spacer\"><\/div>\n\n\n\n<hr class=\"wp-block-separator has-css-opacity\" \/>\n\n\n\n<h2 class=\"wp-block-heading\" id=\"temas-destacados\">Temas destacados<\/h2>\n\n\n\n<p><em> <em>\u00daltimas <em><em>96h<\/em><\/em><\/em><\/em><\/p>\n\n\n\n<ul class=\"wp-block-list\"><li><strong>Falabella <\/strong>es la primera tienda por departamento en firmar compromiso para implementar Norma chilena 3262 que promueve la equidad de\u00a0g\u00e9nero.<\/li><li><strong>Telef\u00f3nica Movistar<\/strong> se incorpora como miembro de la Comunidad de Empresas WEPs en Venezuela para promover la igualdad de g\u00e9nero.<\/li><li><strong>Barrick Per\u00fa <\/strong>entrega donaci\u00f3n de equipos e implementos de seguridad a la Compa\u00f1\u00eda de Bomberos Santiago Ant\u00fanez de Mayolo.<\/li><li><strong>CEFA Celulosa Fabril <\/strong>realiza donaci\u00f3n de juguetes a la organizaci\u00f3n Os Zagales.<\/li><li><strong>IKEA<\/strong> dise\u00f1a &#8220;espacios seguros&#8221; para ni\u00f1os y refugiados en riesgo que huyen de Ucrania.<\/li><li><strong>Tigo <\/strong>recibe Premio a la Excelencia Empresarial Paul Harris por su aporte educativo en Bolivia.<\/li><li><strong>Tigo<\/strong> con su plan Comunidades impulsa el cierre de brecha digital en la educaci\u00f3n de Honduras.<\/li><li>Plataforma educativa de <strong>McDonald\u2019s <\/strong>benefici\u00f3 a diez mil j\u00f3venes en Costa Rica.<\/li><\/ul>\n\n\n\n<div class=\"wp-block-group is-layout-flow wp-block-group-is-layout-flow\">\n<div class=\"wp-block-group is-layout-flow wp-block-group-is-layout-flow\">\n<hr class=\"wp-block-separator has-css-opacity\" \/>\n\n\n\n<h2 class=\"wp-block-heading\" id=\"contenidos-destacados-en-redes-sociales\">Contenidos destacados en redes sociales<\/h2>\n\n\n\n<p><\/p>\n<\/div>\n\n\n\n<div class=\"wp-block-columns is-layout-flex wp-container-core-columns-is-layout-9d6595d7 wp-block-columns-is-layout-flex\">\n<div class=\"wp-block-column is-layout-flow wp-block-column-is-layout-flow\">\n<figure class=\"wp-block-embed is-type-rich is-provider-twitter wp-block-embed-twitter\"><div class=\"wp-block-embed__wrapper\">\n<blockquote class=\"twitter-tweet\" data-width=\"550\" data-dnt=\"true\"><p lang=\"es\" dir=\"ltr\">Falabella es la primera tienda por departamento en firmar compromiso para implementar Norma chilena 3262 que promueve la equidad de\u00a0g\u00e9nero <a href=\"https:\/\/t.co\/FEa25GBHME\">https:\/\/t.co\/FEa25GBHME<\/a><\/p>&mdash; G5 Noticias (@g5_noticias) <a href=\"https:\/\/twitter.com\/g5_noticias\/status\/1539741678428475393?ref_src=twsrc%5Etfw\">June 22, 2022<\/a><\/blockquote><script async src=\"https:\/\/platform.twitter.com\/widgets.js\" charset=\"utf-8\"><\/script>\n<\/div><\/figure>\n<\/div>\n\n\n\n<div class=\"wp-block-column is-layout-flow wp-block-column-is-layout-flow\">\n<figure class=\"wp-block-embed is-type-rich is-provider-twitter wp-block-embed-twitter\"><div class=\"wp-block-embed__wrapper\">\n<blockquote class=\"twitter-tweet\" data-width=\"550\" data-dnt=\"true\"><p lang=\"es\" dir=\"ltr\">Telef\u00f3nica Movistar se incorpora como miembro de la Comunidad de Empresas WEPs en Venezuela para promover la igualdad de g\u00e9nero <a href=\"https:\/\/t.co\/slvGPVBtDZ\">https:\/\/t.co\/slvGPVBtDZ<\/a> <a href=\"https:\/\/twitter.com\/hashtag\/crestametalica?src=hash&amp;ref_src=twsrc%5Etfw\">#crestametalica<\/a> <a href=\"https:\/\/twitter.com\/hashtag\/lacrestaenlaola?src=hash&amp;ref_src=twsrc%5Etfw\">#lacrestaenlaola<\/a> <a href=\"https:\/\/twitter.com\/hashtag\/enlacrestadelaola?src=hash&amp;ref_src=twsrc%5Etfw\">#enlacrestadelaola<\/a> <a href=\"https:\/\/twitter.com\/hashtag\/crestametalicaproducciones?src=hash&amp;ref_src=twsrc%5Etfw\">#crestametalicaproducciones<\/a><\/p>&mdash; Cresta Metalica Producciones (@CrestaMetalica) <a href=\"https:\/\/twitter.com\/CrestaMetalica\/status\/1538944357696405506?ref_src=twsrc%5Etfw\">June 20, 2022<\/a><\/blockquote><script async src=\"https:\/\/platform.twitter.com\/widgets.js\" charset=\"utf-8\"><\/script>\n<\/div><\/figure>\n<\/div>\n<\/div>\n\n\n\n<div class=\"wp-block-columns is-layout-flex wp-container-core-columns-is-layout-9d6595d7 wp-block-columns-is-layout-flex\">\n<div class=\"wp-block-column is-layout-flow wp-block-column-is-layout-flow\">\n<figure class=\"wp-block-image size-full\"><img loading=\"lazy\" decoding=\"async\" width=\"348\" height=\"522\" src=\"https:\/\/reports.eyewatch.me\/dc\/wp-content\/uploads\/sites\/10\/2022\/06\/22-1.jpg\" alt=\"\" class=\"wp-image-5189\" srcset=\"https:\/\/reports.eyewatch.me\/dc\/wp-content\/uploads\/sites\/10\/2022\/06\/22-1.jpg 348w, https:\/\/reports.eyewatch.me\/dc\/wp-content\/uploads\/sites\/10\/2022\/06\/22-1-200x300.jpg 200w\" sizes=\"(max-width: 348px) 100vw, 348px\" \/><\/figure>\n\n\n\n<div class=\"wp-block-buttons is-layout-flex wp-block-buttons-is-layout-flex\">\n<div class=\"wp-block-button\"><a class=\"wp-block-button__link\" href=\"https:\/\/www.linkedin.com\/posts\/barrickperu_en-barrick-per%C3%BA-seguimos-comprometidos-con-activity-6945760979829813248-29Hy\/?utm_source=linkedin_share&amp;utm_medium=member_desktop_web\">IR A LA PUBLICACI\u00d3N<\/a><\/div>\n<\/div>\n<\/div>\n\n\n\n<div class=\"wp-block-column is-layout-flow wp-block-column-is-layout-flow\">\n<figure class=\"wp-block-image size-full\"><img loading=\"lazy\" decoding=\"async\" width=\"352\" height=\"833\" src=\"https:\/\/reports.eyewatch.me\/dc\/wp-content\/uploads\/sites\/10\/2022\/06\/21-1.jpg\" alt=\"\" class=\"wp-image-5188\" srcset=\"https:\/\/reports.eyewatch.me\/dc\/wp-content\/uploads\/sites\/10\/2022\/06\/21-1.jpg 352w, https:\/\/reports.eyewatch.me\/dc\/wp-content\/uploads\/sites\/10\/2022\/06\/21-1-127x300.jpg 127w\" sizes=\"(max-width: 352px) 100vw, 352px\" \/><\/figure>\n\n\n\n<div class=\"wp-block-buttons is-layout-flex wp-block-buttons-is-layout-flex\">\n<div class=\"wp-block-button\"><a class=\"wp-block-button__link\" href=\"https:\/\/www.linkedin.com\/posts\/cefa-celulosa-fabril-sa_niaeh-activity-6945645678329012224-9azC\/?utm_source=linkedin_share&amp;utm_medium=member_desktop_web\">IR A LA PUBLICACI\u00d3N<\/a><\/div>\n<\/div>\n<\/div>\n<\/div>\n\n\n\n<hr class=\"wp-block-separator has-css-opacity\" \/>\n\n\n\n<h2 class=\"wp-block-heading\" id=\"contenidos-destacados-en-medios-y-blogs\">Contenidos destacados en medios y blogs<\/h2>\n\n\n\n<div class=\"wp-block-columns is-layout-flex wp-container-core-columns-is-layout-9d6595d7 wp-block-columns-is-layout-flex\">\n<div class=\"wp-block-column is-layout-flow wp-block-column-is-layout-flow\">\n<blockquote class=\"wp-block-quote has-text-align-left is-layout-flow wp-block-quote-is-layout-flow\"><p><em>IKEA dise\u00f1a &#8220;espacios seguros&#8221; para ni\u00f1os y refugiados en riesgo que huyen de Ucrania<\/em><\/p><cite><strong>DOSSIER<\/strong><\/cite><\/blockquote>\n\n\n\n<div class=\"wp-block-buttons is-layout-flex wp-block-buttons-is-layout-flex\">\n<div class=\"wp-block-button\"><a class=\"wp-block-button__link\" href=\"https:\/\/dossierdearquitectura.com\/post\/ikea-disena-espacios-seguros-para-ninos-y-refugiados-en-riesgo-que-huyen-de-ucrania-62b243ff61ba1\">IR A LA NOTA<\/a><\/div>\n<\/div>\n<\/div>\n\n\n\n<div class=\"wp-block-column is-layout-flow wp-block-column-is-layout-flow\">\n<blockquote class=\"wp-block-quote has-text-align-left is-layout-flow wp-block-quote-is-layout-flow\"><p><em>Tigo recibe Premio a la Excelencia Empresarial Paul Harris por su aporte educativo en Bolivia<\/em><\/p><cite><strong>TECNO PYMES<\/strong><\/cite><\/blockquote>\n\n\n\n<div class=\"wp-block-buttons is-layout-flex wp-block-buttons-is-layout-flex\">\n<div class=\"wp-block-button\"><a class=\"wp-block-button__link\" href=\"https:\/\/tecnopymes.bo\/2022\/06\/21\/tigo-recibe-premio-a-la-excelencia-empresarial-paul-harris-por-su-aporte-educativo-en-bolivia\/\">IR A LA NOTA<\/a><\/div>\n<\/div>\n<\/div>\n<\/div>\n\n\n\n<div class=\"wp-block-columns is-layout-flex wp-container-core-columns-is-layout-9d6595d7 wp-block-columns-is-layout-flex\">\n<div class=\"wp-block-column is-layout-flow wp-block-column-is-layout-flow\">\n<blockquote class=\"wp-block-quote has-text-align-left is-layout-flow wp-block-quote-is-layout-flow\"><p><em>Tigo con su plan Comunidades impulsa el cierre de brecha digital en la educaci\u00f3n de Honduras<\/em><\/p><cite><strong>STN<\/strong><\/cite><\/blockquote>\n\n\n\n<div class=\"wp-block-buttons is-layout-flex wp-block-buttons-is-layout-flex\">\n<div class=\"wp-block-button\"><a class=\"wp-block-button__link\" href=\"https:\/\/stnhn.com\/tigo-con-su-plan-comunidades-impulsa-el-cierre-de-brecha-digital-en-la-educacion-de-honduras\/\">IR A LA NOTA<\/a><\/div>\n<\/div>\n<\/div>\n\n\n\n<div class=\"wp-block-column is-layout-flow wp-block-column-is-layout-flow\">\n<blockquote class=\"wp-block-quote has-text-align-left is-layout-flow wp-block-quote-is-layout-flow\"><p><em>Plataforma educativa de McDonald\u2019s benefici\u00f3 a diez mil j\u00f3venes en Costa Rica<\/em><\/p><cite><strong>LA REP\u00daBLICA<\/strong><\/cite><\/blockquote>\n\n\n\n<div class=\"wp-block-buttons is-layout-flex wp-block-buttons-is-layout-flex\">\n<div class=\"wp-block-button\"><a class=\"wp-block-button__link\" href=\"https:\/\/www.larepublica.net\/noticia\/plataforma-educativa-de-mcdonalds-beneficio-a-diez-mil-jovenes-en-costa-rica?utm_medium=Social&amp;utm_source=Twitter#Echobox=1655929695-1\">IR A LA NOTA<\/a><\/div>\n<\/div>\n<\/div>\n<\/div>\n\n\n\n<hr class=\"wp-block-separator has-css-opacity is-style-wide\" \/>\n<\/div>\n\n\n\n<div class=\"wp-block-divi-layout\">[et_pb_section fb_built=&#8221;1&#8243; admin_label=&#8221;Features&#8221; _builder_version=&#8221;4.4.2&#8243; background_size=&#8221;initial&#8221; background_position=&#8221;top_left&#8221; width=&#8221;100%&#8221; max_width=&#8221;500px&#8221; module_alignment=&#8221;left&#8221; custom_margin=&#8221;|0px||-1px|false|false&#8221; custom_padding=&#8221;0px|0px|0px|0px|false|false&#8221; saved_tabs=&#8221;all&#8221; collapsed=&#8221;off&#8221;][et_pb_row column_padding_mobile=&#8221;on&#8221; custom_padding_last_edited=&#8221;on|phone&#8221; _builder_version=&#8221;4.4.2&#8243; background_size=&#8221;initial&#8221; background_position=&#8221;top_left&#8221; background_repeat=&#8221;repeat&#8221; width=&#8221;auto&#8221; max_width=&#8221;1280px&#8221; custom_margin=&#8221;0px|0px|0px|0px|false|false&#8221; custom_padding=&#8221;10px|2px|10px|0px|false|false&#8221; custom_padding_tablet=&#8221;49px|||&#8221; custom_padding_phone=&#8221;19px|||&#8221; use_custom_width=&#8221;on&#8221; custom_width_px=&#8221;1280px&#8221;][et_pb_column type=&#8221;4_4&#8243; _builder_version=&#8221;3.25&#8243; custom_padding=&#8221;|||&#8221; custom_padding__hover=&#8221;|||&#8221;][et_pb_blurb title=&#8221;SOSTENIBILIDAD AMBIENTAL&#8221; image=&#8221;https:\/\/reports.eyewatch.me\/dc\/wp-content\/uploads\/sites\/10\/2020\/04\/icon_conversation-1.png&#8221; icon_placement=&#8221;left&#8221; image_max_width=&#8221;69px&#8221; _builder_version=&#8221;4.4.7&#8243; header_level=&#8221;h1&#8243; custom_margin=&#8221;|||0px|false|false&#8221; custom_padding=&#8221;|||1px|false|false&#8221;][\/et_pb_blurb][\/et_pb_column][\/et_pb_row][\/et_pb_section]<\/div>\n\n\n\n<p><em>Menciones en redes sociales, medios y blogs en espa\u00f1ol sobre marcas y empresas vinculadas a la protecci\u00f3n, respeto y cuidado del medio ambiente, econom\u00eda circular o azul, movilidad el\u00e9ctrica, <em>huella de carbono<\/em>, y t\u00e9rminos afines.<\/em><\/p>\n\n\n\n<hr class=\"wp-block-separator has-css-opacity\" \/>\n\n\n\n<h2 class=\"wp-block-heading\" id=\"evolucion-de-la-conversacion-ultimos-7-dias\">Evoluci\u00f3n de la conversaci\u00f3n &#8211; \u00daltimos 7 d\u00edas<\/h2>\n\n\n\n<div class=\"wp-block-group is-layout-flow wp-block-group-is-layout-flow\">\n<div class=\"wp-block-columns is-layout-flex wp-container-core-columns-is-layout-9d6595d7 wp-block-columns-is-layout-flex\">\n<div class=\"wp-block-column is-layout-flow wp-block-column-is-layout-flow\">\n<h4 class=\"wp-block-heading\" id=\"9-3k-menciones\"><img loading=\"lazy\" decoding=\"async\" width=\"121\" height=\"121\" class=\"wp-image-592\" style=\"width: 40px\" src=\"https:\/\/reports.eyewatch.me\/pc\/wp-content\/uploads\/sites\/3\/2020\/04\/icon_Artboard-3@3x-1.png\" alt=\"\"> 15.4K MENCIONES<\/h4>\n\n\n\n<p><\/p>\n<\/div>\n\n\n\n<div class=\"wp-block-column is-layout-flow wp-block-column-is-layout-flow\">\n<h4 class=\"has-text-align-left wp-block-heading\" id=\"1-4k-usuarios\"> <img loading=\"lazy\" decoding=\"async\" width=\"121\" height=\"121\" class=\"wp-image-589\" style=\"width: 40px\" src=\"https:\/\/reports.eyewatch.me\/pc\/wp-content\/uploads\/sites\/3\/2020\/04\/icon_Artboard-3-copy-3@3x.png\" alt=\"\"><strong>4.6k <\/strong>USUARIOS<br><\/h4>\n\n\n\n<p><\/p>\n<\/div>\n<\/div>\n<\/div>\n\n\n\n<figure class=\"wp-block-image size-full\"><img loading=\"lazy\" decoding=\"async\" width=\"800\" height=\"407\" src=\"https:\/\/reports.eyewatch.me\/dc\/wp-content\/uploads\/sites\/10\/2022\/06\/12-4.jpg\" alt=\"\" class=\"wp-image-5177\" srcset=\"https:\/\/reports.eyewatch.me\/dc\/wp-content\/uploads\/sites\/10\/2022\/06\/12-4.jpg 800w, https:\/\/reports.eyewatch.me\/dc\/wp-content\/uploads\/sites\/10\/2022\/06\/12-4-480x244.jpg 480w\" sizes=\"(min-width: 0px) and (max-width: 480px) 480px, (min-width: 481px) 800px, 100vw\" \/><\/figure>\n\n\n\n<hr class=\"wp-block-separator has-css-opacity\" \/>\n\n\n\n<h2 class=\"wp-block-heading\" id=\"evolucion-por-categoria\">Evoluci\u00f3n por categor\u00eda<\/h2>\n\n\n\n<figure class=\"wp-block-image size-full\"><img loading=\"lazy\" decoding=\"async\" width=\"810\" height=\"402\" src=\"https:\/\/reports.eyewatch.me\/dc\/wp-content\/uploads\/sites\/10\/2022\/06\/9-5.jpg\" alt=\"\" class=\"wp-image-5173\" srcset=\"https:\/\/reports.eyewatch.me\/dc\/wp-content\/uploads\/sites\/10\/2022\/06\/9-5.jpg 810w, https:\/\/reports.eyewatch.me\/dc\/wp-content\/uploads\/sites\/10\/2022\/06\/9-5-480x238.jpg 480w\" sizes=\"(min-width: 0px) and (max-width: 480px) 480px, (min-width: 481px) 810px, 100vw\" \/><\/figure>\n\n\n\n<hr class=\"wp-block-separator has-css-opacity\" \/>\n\n\n\n<h2 class=\"wp-block-heading\" id=\"temas-destacados\">Temas destacados<\/h2>\n\n\n\n<p><em>\u00daltimas<em><em><em><em><em><em><em><em><em><em><em><em><em><em><em><em><em><em><em><em><em><em><em><em><em><em><em><em><em><em><em><em><em><em><em><em><em><em><em><em><em><em><em><em><em><em><em><em><em><em><em><em><em><em><em><em><em><em><em><em><em><em><em><em><em><em><em><em><em><em><em><em><em><em><em><em><em><em><em><em><em><em><em><em><em><em><em><em><em><em><em><em><em><em><em><em><em><em><em><em><em><em><em><em><em><em><em><em><em><em><em><em><em><em><em><em><em><em><em><em><em><em><em><em><em><em><em><em><em><em><em><em><em><em><em><em><em><em><em><em><em><em><em><em><em><em><em><em><em><em><em><em><em><em><em><em><em><em><em><em><em><em><em><em><em><em><em><em><em><em><em><em><em><em><em><em><em><em><em><em><em><em><em><em><em><em><em><em><em><em><em><em><em><em><em><em><em><em><em><em><em><em><em><em><em><em><em><em><em><em><em><em><em><em><em><em><em><em><em><em><em><em><em><em><em><em><em><em><em><em><em><em><em><em><em><em><em><em><em><em><em><em><em><em><em><em><em><em><em><em><em><em><em><em><em><em><em><em><em><em><em><em><em><em><em><em><em><em><em><em><em><em><em><em><em><em><em><em><em><em><em><em><em><em><em><em><em><em><em><em><em><em><em><em><em><em><em><em><em><em><em><em><em><em><em><em><em><em><em><em><em><em><em><em><em><em><em><em><em><em><em><em><em><em><em><em><em><em><em><em><em><em><em><em><em><em><em><em><em><em><em><em><em><em><em><em><em><em><em><em><em><em><em><em><em><em><em><em><em><em><em><em><em><em><em><em><em><em><em><em><em><em><em><em><em><em><em><em><em><em><em><em><em><em><em><em><em><em><em><em><em><em><em><em><em><em><em><em><em><em><em><em><em><em><em><em><em><em><em><em><em><em><em><em><em><em><em><em><em><em><em><em><em><em><em><em><em><em><em><em><em><em><em><em><em><em><em><em><em><em><em><em><em><em><em><em><em><em><em><em><em><em><em><em><em><em><em><em><em><em><em><em><em><em><em><em><em><em><em><em><em><em><em><em><em><em><em><em><em><em><em><em><em><em><em><em><em><em><em><em><em><em><em><em><em><em><em><em><em><em><em><em><em><em><em><em><em><em><em><em> <\/em><em><\/em><em>96h<\/em><\/em><\/em><\/em><\/em><\/em><\/em><\/em><\/em><\/em><\/em><\/em><\/em><\/em><\/em><\/em><\/em><\/em><\/em><\/em><\/em><\/em><\/em><\/em><\/em><\/em><\/em><\/em><\/em><\/em><\/em><\/em><\/em><\/em><\/em><\/em><\/em><\/em><\/em><\/em><\/em><\/em><\/em><\/em><\/em><\/em><\/em><\/em><\/em><\/em><\/em><\/em><\/em><\/em><\/em><\/em><\/em><\/em><\/em><\/em><\/em><\/em><\/em><\/em><\/em><\/em><\/em><\/em><\/em><\/em><\/em><\/em><\/em><\/em><\/em><\/em><\/em><\/em><\/em><\/em><\/em><\/em><\/em><\/em><\/em><\/em><\/em><\/em><\/em><\/em><\/em><\/em><\/em><\/em><\/em><\/em><\/em><\/em><\/em><\/em><\/em><\/em><\/em><\/em><\/em><\/em><\/em><\/em><\/em><\/em><\/em><\/em><\/em><\/em><\/em><\/em><\/em><\/em><\/em><\/em><\/em><\/em><\/em><\/em><\/em><\/em><\/em><\/em><\/em><\/em><\/em><\/em><\/em><\/em><\/em><\/em><\/em><\/em><\/em><\/em><\/em><\/em><\/em><\/em><\/em><\/em><\/em><\/em><\/em><\/em><\/em><\/em><\/em><\/em><\/em><\/em><\/em><\/em><\/em><\/em><\/em><\/em><\/em><\/em><\/em><\/em><\/em><\/em><\/em><\/em><\/em><\/em><\/em><\/em><\/em><\/em><\/em><\/em><\/em><\/em><\/em><\/em><\/em><\/em><\/em><\/em><\/em><\/em><\/em><\/em><\/em><\/em><\/em><\/em><\/em><\/em><\/em><\/em><\/em><\/em><\/em><\/em><\/em><\/em><\/em><\/em><\/em><\/em><\/em><\/em><\/em><\/em><\/em><\/em><\/em><\/em><\/em><\/em><\/em><\/em><\/em><\/em><\/em><\/em><\/em><\/em><\/em><\/em><\/em><\/em><\/em><\/em><\/em><\/em><\/em><\/em><\/em><\/em><\/em><\/em><\/em><\/em><\/em><\/em><\/em><\/em><\/em><\/em><\/em><\/em><\/em><\/em><\/em><\/em><\/em><\/em><\/em><\/em><\/em><\/em><\/em><\/em><\/em><\/em><\/em><\/em><\/em><\/em><\/em><\/em><\/em><\/em><\/em><\/em><\/em><\/em><\/em><\/em><\/em><\/em><\/em><\/em><\/em><\/em><\/em><\/em><\/em><\/em><\/em><\/em><\/em><\/em><\/em><\/em><\/em><\/em><\/em><\/em><\/em><\/em><\/em><\/em><\/em><\/em><\/em><\/em><\/em><\/em><\/em><\/em><\/em><\/em><\/em><\/em><\/em><\/em><\/em><\/em><\/em><\/em><\/em><\/em><\/em><\/em><\/em><\/em><\/em><\/em><\/em><\/em><\/em><\/em><\/em><\/em><\/em><\/em><\/em><\/em><\/em><\/em><\/em><\/em><\/em><\/em><\/em><\/em><\/em><\/em><\/em><\/em><\/em><\/em><\/em><\/em><\/em><\/em><\/em><\/em><\/em><\/em><\/em><\/em><\/em><\/em><\/em><\/em><\/em><\/em><\/em><\/em><\/em><\/em><\/em><\/em><\/em><\/em><\/em><\/em><\/em><\/em><\/em><\/em><\/em><\/em><\/em><\/em><\/em><\/em><\/em><\/em><\/em><\/em><\/em><\/em><\/em><\/em><\/em><\/em><\/em><\/em><\/em><\/em><\/em><\/em><\/em><\/em><\/em><\/em><\/em><\/em><\/em><\/em><\/em><\/em><\/em><\/em><\/em><\/em><\/em><\/em><\/em><\/em><\/em><\/em><\/em><\/em><\/em><\/em><\/em><\/em><\/em><\/em><\/em><\/em><\/em><\/em><\/em><\/em><\/em><\/em><\/em><\/em><\/em><\/em><\/em><\/em><\/em><\/em><\/em><\/em><\/em><\/em><\/em><\/em><\/em><\/em><\/em><\/em><\/em><\/em><\/em><\/em><\/em><\/em><\/em><\/em><\/em><\/em><\/em><\/em><\/em><\/em><\/em><\/em><\/em><\/em><\/em><\/em><\/em><\/em><\/em><\/em><\/em><\/em><\/em><\/em><\/em><\/em><\/em><\/em><\/em><\/em><\/em><\/em><\/em><\/em><\/em><\/em><\/em><\/em><\/em><\/em><\/em><\/em><\/em><\/em><\/em><\/em><\/em><\/em><\/em><\/p>\n\n\n\n<ul class=\"wp-block-list\"><li><strong>Samsung <\/strong>presenta su propuesta de eficiencia energ\u00e9tica.<\/li><li><strong>BBVA<\/strong> M\u00e9xico, el primer banco privado en emitir un bono sustentable por 10,000 mdp.<\/li><li><strong>Unilever y SAP<\/strong> se asocian para implementar blockchain y token en la provisi\u00f3n responsable de aceite de palma.<\/li><li><strong>DHL Express <\/strong>marca el inicio del futuro en transporte de cargas sustentables en Paraguay.<\/li><li><strong>Claro<\/strong> impulsa el reciclaje de residuos electr\u00f3nicos.<\/li><li><strong>Eibol Ib\u00e9rica<\/strong> reduce su huella de carbono.<\/li><li><strong>Coca-Cola <\/strong>incentiva el uso de botellas retornables con acci\u00f3n de canje.<\/li><li>El programa <strong>Samsung<\/strong> Eco-Packaging celebra el potencial de reutilizaci\u00f3n de empaques.<\/li><li><strong>Tigo<\/strong> Nicaragua a trav\u00e9s del programa GO ECO promueve el reciclaje entre clientes y colaboradores.<\/li><li><strong>Ripley<\/strong> ser\u00e1 totalmente sustentable para el 2026.<\/li><li><strong>Honor <\/strong>eval\u00faa su huella de carbono a lo largo de todo el ciclo de vida y reduce el consumo de energ\u00eda.<\/li><\/ul>\n\n\n\n<hr class=\"wp-block-separator has-css-opacity\" \/>\n\n\n\n<h2 class=\"wp-block-heading\" id=\"contenidos-destacados-en-redes-sociales\">Contenidos destacados en redes sociales<\/h2>\n\n\n\n<p><em>\u00daltimas 96h<\/em><\/p>\n\n\n\n<div class=\"wp-block-columns is-layout-flex wp-container-core-columns-is-layout-9d6595d7 wp-block-columns-is-layout-flex\">\n<div class=\"wp-block-column is-layout-flow wp-block-column-is-layout-flow\">\n<figure class=\"wp-block-embed is-type-rich is-provider-twitter wp-block-embed-twitter\"><div class=\"wp-block-embed__wrapper\">\n<blockquote class=\"twitter-tweet\" data-width=\"550\" data-dnt=\"true\"><p lang=\"es\" dir=\"ltr\">Samsung ha presentado su propuesta de eficiencia energ\u00e9tica de la mano de la comunicadora Laura Madrue\u00f1o en un proyecto de casa sostenible en Madrid. <a href=\"https:\/\/t.co\/qECJJxpdTT\">https:\/\/t.co\/qECJJxpdTT<\/a><\/p>&mdash; Elle Decor Spain (@ElleDecorationE) <a href=\"https:\/\/twitter.com\/ElleDecorationE\/status\/1539949246241296384?ref_src=twsrc%5Etfw\">June 23, 2022<\/a><\/blockquote><script async src=\"https:\/\/platform.twitter.com\/widgets.js\" charset=\"utf-8\"><\/script>\n<\/div><\/figure>\n<\/div>\n\n\n\n<div class=\"wp-block-column is-layout-flow wp-block-column-is-layout-flow\">\n<figure class=\"wp-block-embed is-type-rich is-provider-twitter wp-block-embed-twitter\"><div class=\"wp-block-embed__wrapper\">\n<blockquote class=\"twitter-tweet\" data-width=\"550\" data-dnt=\"true\"><p lang=\"es\" dir=\"ltr\"><a href=\"https:\/\/twitter.com\/hashtag\/Corporativos?src=hash&amp;ref_src=twsrc%5Etfw\">#Corporativos<\/a> | BBVA M\u00e9xico, el primer banco privado en emitir un bono sustentable por 10,000 mdp<a href=\"https:\/\/t.co\/U35xpTBa2d\">https:\/\/t.co\/U35xpTBa2d<\/a> <a href=\"https:\/\/t.co\/6s8RuaRH5W\">pic.twitter.com\/6s8RuaRH5W<\/a><\/p>&mdash; Fortuna y Poder (@FortunayPoder) <a href=\"https:\/\/twitter.com\/FortunayPoder\/status\/1539659890418823169?ref_src=twsrc%5Etfw\">June 22, 2022<\/a><\/blockquote><script async src=\"https:\/\/platform.twitter.com\/widgets.js\" charset=\"utf-8\"><\/script>\n<\/div><\/figure>\n<\/div>\n<\/div>\n\n\n\n<div class=\"wp-block-columns is-layout-flex wp-container-core-columns-is-layout-9d6595d7 wp-block-columns-is-layout-flex\">\n<div class=\"wp-block-column is-layout-flow wp-block-column-is-layout-flow\">\n<figure class=\"wp-block-embed is-type-rich is-provider-twitter wp-block-embed-twitter\"><div class=\"wp-block-embed__wrapper\">\n<blockquote class=\"twitter-tweet\" data-width=\"550\" data-dnt=\"true\"><p lang=\"es\" dir=\"ltr\">Unilever y SAP se asocian para implementar blockchain y token en la provisi\u00f3n responsable de aceite de palma <a href=\"https:\/\/twitter.com\/Bioeconomia_web?ref_src=twsrc%5Etfw\">@Bioeconomia_web<\/a> <a href=\"https:\/\/t.co\/X1OnwLuuEL\">https:\/\/t.co\/X1OnwLuuEL<\/a> <a href=\"https:\/\/twitter.com\/hashtag\/agricultura?src=hash&amp;ref_src=twsrc%5Etfw\">#agricultura<\/a> <a href=\"https:\/\/twitter.com\/hashtag\/alimentos?src=hash&amp;ref_src=twsrc%5Etfw\">#alimentos<\/a> <a href=\"https:\/\/twitter.com\/hashtag\/biocosmeticos?src=hash&amp;ref_src=twsrc%5Etfw\">#biocosmeticos<\/a> <a href=\"https:\/\/twitter.com\/hashtag\/empresas?src=hash&amp;ref_src=twsrc%5Etfw\">#empresas<\/a> <a href=\"https:\/\/twitter.com\/hashtag\/medioambiente?src=hash&amp;ref_src=twsrc%5Etfw\">#medioambiente<\/a> <a href=\"https:\/\/twitter.com\/hashtag\/sustentabilidad?src=hash&amp;ref_src=twsrc%5Etfw\">#sustentabilidad<\/a> <a href=\"https:\/\/twitter.com\/hashtag\/tecnolog%C3%ADa?src=hash&amp;ref_src=twsrc%5Etfw\">#tecnolog\u00eda<\/a> <a href=\"https:\/\/t.co\/pqKbKFUue6\">pic.twitter.com\/pqKbKFUue6<\/a><\/p>&mdash; BioEconomia (@Bioeconomia_web) <a href=\"https:\/\/twitter.com\/Bioeconomia_web\/status\/1539841196889198592?ref_src=twsrc%5Etfw\">June 23, 2022<\/a><\/blockquote><script async src=\"https:\/\/platform.twitter.com\/widgets.js\" charset=\"utf-8\"><\/script>\n<\/div><\/figure>\n<\/div>\n\n\n\n<div class=\"wp-block-column is-layout-flow wp-block-column-is-layout-flow\">\n<figure class=\"wp-block-embed is-type-rich is-provider-twitter wp-block-embed-twitter\"><div class=\"wp-block-embed__wrapper\">\n<blockquote class=\"twitter-tweet\" data-width=\"550\" data-dnt=\"true\"><p lang=\"es\" dir=\"ltr\">DHL Express marca el inicio del futuro en transporte de cargas sustentables en Paraguay<a href=\"https:\/\/t.co\/tSEweRMxhH\">https:\/\/t.co\/tSEweRMxhH<\/a> <a href=\"https:\/\/t.co\/EPTJCo5JsL\">pic.twitter.com\/EPTJCo5JsL<\/a><\/p>&mdash; Patria Guarani (@PatriaGuarani_d) <a href=\"https:\/\/twitter.com\/PatriaGuarani_d\/status\/1539666802791157761?ref_src=twsrc%5Etfw\">June 22, 2022<\/a><\/blockquote><script async src=\"https:\/\/platform.twitter.com\/widgets.js\" charset=\"utf-8\"><\/script>\n<\/div><\/figure>\n<\/div>\n<\/div>\n\n\n\n<div class=\"wp-block-columns is-layout-flex wp-container-core-columns-is-layout-9d6595d7 wp-block-columns-is-layout-flex\">\n<div class=\"wp-block-column is-layout-flow wp-block-column-is-layout-flow\">\n<figure class=\"wp-block-image size-full\"><img loading=\"lazy\" decoding=\"async\" width=\"398\" height=\"527\" src=\"https:\/\/reports.eyewatch.me\/dc\/wp-content\/uploads\/sites\/10\/2022\/06\/20-1.jpg\" alt=\"\" class=\"wp-image-5187\" srcset=\"https:\/\/reports.eyewatch.me\/dc\/wp-content\/uploads\/sites\/10\/2022\/06\/20-1.jpg 398w, https:\/\/reports.eyewatch.me\/dc\/wp-content\/uploads\/sites\/10\/2022\/06\/20-1-227x300.jpg 227w\" sizes=\"(max-width: 398px) 100vw, 398px\" \/><\/figure>\n\n\n\n<div class=\"wp-block-buttons is-layout-flex wp-block-buttons-is-layout-flex\">\n<div class=\"wp-block-button\"><a class=\"wp-block-button__link\" href=\"https:\/\/www.linkedin.com\/posts\/claro-chile-s.a._reciclar-claro-activity-6945754762952765440-9F8S\/?utm_source=linkedin_share&amp;utm_medium=member_desktop_web\">IR A LA PUBLICACI\u00d3N<\/a><\/div>\n<\/div>\n<\/div>\n\n\n\n<div class=\"wp-block-column is-layout-flow wp-block-column-is-layout-flow\">\n<figure class=\"wp-block-image size-full\"><img loading=\"lazy\" decoding=\"async\" width=\"393\" height=\"748\" src=\"https:\/\/reports.eyewatch.me\/dc\/wp-content\/uploads\/sites\/10\/2022\/06\/16-3.jpg\" alt=\"\" class=\"wp-image-5186\" srcset=\"https:\/\/reports.eyewatch.me\/dc\/wp-content\/uploads\/sites\/10\/2022\/06\/16-3.jpg 393w, https:\/\/reports.eyewatch.me\/dc\/wp-content\/uploads\/sites\/10\/2022\/06\/16-3-158x300.jpg 158w\" sizes=\"(max-width: 393px) 100vw, 393px\" \/><\/figure>\n\n\n\n<div class=\"wp-block-buttons is-layout-flex wp-block-buttons-is-layout-flex\">\n<div class=\"wp-block-button\"><a class=\"wp-block-button__link\" href=\"https:\/\/www.linkedin.com\/posts\/eibol-iberica_reducci%C3%B3n-huella-de-carbono-hemos-reducido-activity-6945729762967351298-RhLP\/?utm_source=linkedin_share&amp;utm_medium=member_desktop_web\">IR A LA PUBLICACI\u00d3N<\/a><\/div>\n<\/div>\n<\/div>\n<\/div>\n\n\n\n<hr class=\"wp-block-separator has-css-opacity\" \/>\n\n\n\n<h2 class=\"wp-block-heading\" id=\"contenidos-destacados-en-medios-y-blogs\">Contenidos destacados en medios y blogs<\/h2>\n\n\n\n<div class=\"wp-block-columns is-layout-flex wp-container-core-columns-is-layout-9d6595d7 wp-block-columns-is-layout-flex\">\n<div class=\"wp-block-column is-layout-flow wp-block-column-is-layout-flow\">\n<blockquote class=\"wp-block-quote has-text-align-left is-layout-flow wp-block-quote-is-layout-flow\"><p><em>Coca-Cola incentiva el uso de botellas retornables con acci\u00f3n de canje<\/em><\/p><cite><strong>EL PA\u00cdS<\/strong><\/cite><\/blockquote>\n\n\n\n<div class=\"wp-block-buttons is-layout-flex wp-block-buttons-is-layout-flex\">\n<div class=\"wp-block-button\"><a class=\"wp-block-button__link\" href=\"https:\/\/elpais.bo\/tarija\/20220622_coca-cola-incentiva-el-uso-de-botellas-retornables-con-accion-de-canje.html\">IR A LA NOTA<\/a><\/div>\n<\/div>\n<\/div>\n\n\n\n<div class=\"wp-block-column is-layout-flow wp-block-column-is-layout-flow\">\n<blockquote class=\"wp-block-quote has-text-align-left is-layout-flow wp-block-quote-is-layout-flow\"><p><em>El programa Samsung Eco-Packaging celebra el potencial de reutilizaci\u00f3n de empaques<\/em><\/p><cite><strong>REVISTA Y UME<\/strong><\/cite><\/blockquote>\n\n\n\n<div class=\"wp-block-buttons is-layout-flex wp-block-buttons-is-layout-flex\">\n<div class=\"wp-block-button\"><a class=\"wp-block-button__link\" href=\"https:\/\/revistayume.com\/post\/el-programa-samsung-eco-packaging-celebra-el-potencial-de-reutilizacion-de-empaques\">IR A LA NOTA<\/a><\/div>\n<\/div>\n<\/div>\n<\/div>\n\n\n\n<div class=\"wp-block-columns is-layout-flex wp-container-core-columns-is-layout-9d6595d7 wp-block-columns-is-layout-flex\">\n<div class=\"wp-block-column is-layout-flow wp-block-column-is-layout-flow\">\n<blockquote class=\"wp-block-quote has-text-align-left is-layout-flow wp-block-quote-is-layout-flow\"><p><em>Tigo Nicaragua a trav\u00e9s del programa GO ECO promueve el reciclaje entre clientes y colaboradores<\/em><\/p><cite><strong>CAW TV<\/strong><\/cite><\/blockquote>\n\n\n\n<div class=\"wp-block-buttons is-layout-flex wp-block-buttons-is-layout-flex\">\n<div class=\"wp-block-button\"><a class=\"wp-block-button__link\" href=\"https:\/\/www.cawtv.net\/empresariales\/tigo-nicaragua-a-traves-del-programa-go-eco-promueve-el-reciclaje-entre-clientes-y-colaboradores\/\">IR A LA NOTA<\/a><\/div>\n<\/div>\n<\/div>\n\n\n\n<div class=\"wp-block-column is-layout-flow wp-block-column-is-layout-flow\">\n<blockquote class=\"wp-block-quote has-text-align-left is-layout-flow wp-block-quote-is-layout-flow\"><p><em>Ripley ser\u00e1 totalmente sustentable para el 2026<\/em><\/p><cite><strong>WEB RETAIL<\/strong><\/cite><\/blockquote>\n\n\n\n<div class=\"wp-block-buttons is-layout-flex wp-block-buttons-is-layout-flex\">\n<div class=\"wp-block-button\"><a class=\"wp-block-button__link\" href=\"https:\/\/www.webretail.com.ar\/ripley-sera-totalmente-sustentable\/\">IR A LA NOTA<\/a><\/div>\n<\/div>\n<\/div>\n<\/div>\n\n\n\n<div class=\"wp-block-columns is-layout-flex wp-container-core-columns-is-layout-9d6595d7 wp-block-columns-is-layout-flex\">\n<div class=\"wp-block-column is-layout-flow wp-block-column-is-layout-flow\">\n<blockquote class=\"wp-block-quote has-text-align-left is-layout-flow wp-block-quote-is-layout-flow\"><p>Honor eval\u00faa su huella de carbono a lo largo de todo el ciclo de vida y reduce el consumo de energ\u00eda<\/p><cite><strong>DCA<\/strong><\/cite><\/blockquote>\n\n\n\n<div class=\"wp-block-buttons is-layout-flex wp-block-buttons-is-layout-flex\">\n<div class=\"wp-block-button\"><a class=\"wp-block-button__link\" href=\"https:\/\/dca.gob.gt\/noticias-guatemala-diario-centro-america\/anuncian-apoyo-a-la-sostenibilidad-ambiental\/\">IR A LA NOTA<\/a><\/div>\n<\/div>\n<\/div>\n\n\n\n<div class=\"wp-block-column is-layout-flow wp-block-column-is-layout-flow\">\n<blockquote class=\"wp-block-quote has-text-align-left is-layout-flow wp-block-quote-is-layout-flow\"><p><\/p><\/blockquote>\n\n\n\n<div class=\"wp-block-buttons is-layout-flex wp-block-buttons-is-layout-flex\"><\/div>\n<\/div>\n<\/div>\n\n\n\n<hr class=\"wp-block-separator has-css-opacity\" \/>\n\n\n\n<div class=\"wp-block-divi-layout\">[et_pb_section fb_built=&#8221;1&#8243; admin_label=&#8221;Features&#8221; _builder_version=&#8221;4.4.2&#8243; background_size=&#8221;initial&#8221; background_position=&#8221;top_left&#8221; width=&#8221;100%&#8221; max_width=&#8221;500px&#8221; module_alignment=&#8221;left&#8221; custom_margin=&#8221;|0px||-1px|false|false&#8221; custom_padding=&#8221;0px|0px|0px|0px|false|false&#8221; saved_tabs=&#8221;all&#8221; collapsed=&#8221;off&#8221;][et_pb_row column_padding_mobile=&#8221;on&#8221; custom_padding_last_edited=&#8221;on|phone&#8221; _builder_version=&#8221;4.4.2&#8243; background_size=&#8221;initial&#8221; background_position=&#8221;top_left&#8221; background_repeat=&#8221;repeat&#8221; width=&#8221;auto&#8221; max_width=&#8221;1280px&#8221; custom_margin=&#8221;0px|0px|0px|0px|false|false&#8221; custom_padding=&#8221;10px|2px|10px|0px|false|false&#8221; custom_padding_tablet=&#8221;49px|||&#8221; custom_padding_phone=&#8221;19px|||&#8221; use_custom_width=&#8221;on&#8221; custom_width_px=&#8221;1280px&#8221;][et_pb_column type=&#8221;4_4&#8243; _builder_version=&#8221;3.25&#8243; custom_padding=&#8221;|||&#8221; custom_padding__hover=&#8221;|||&#8221;][et_pb_blurb title=&#8221;SECTOR AUTOMOTRIZ&#8221; image=&#8221;https:\/\/reports.eyewatch.me\/dc\/wp-content\/uploads\/sites\/10\/2020\/04\/icon_conversation-1.png&#8221; icon_placement=&#8221;left&#8221; image_max_width=&#8221;69px&#8221; _builder_version=&#8221;4.4.7&#8243; header_level=&#8221;h1&#8243; custom_margin=&#8221;|||0px|false|false&#8221; custom_padding=&#8221;|||1px|false|false&#8221;][\/et_pb_blurb][\/et_pb_column][\/et_pb_row][\/et_pb_section]<\/div>\n\n\n\n<p><em><em>Menciones en redes sociales, medios y blogs en espa\u00f1ol sobre marcas de veh\u00edculos y automotrices relacionadas con<\/em> campa\u00f1as por el medio ambiente y acci\u00f3n social.<\/em><\/p>\n\n\n\n<h2 class=\"wp-block-heading\" id=\"evolucion-de-la-conversacion-ultimos-7-dias\">Evoluci\u00f3n de la conversaci\u00f3n &#8211; \u00daltimos 7 d\u00edas<\/h2>\n\n\n\n<div class=\"wp-block-group is-layout-flow wp-block-group-is-layout-flow\">\n<div class=\"wp-block-columns is-layout-flex wp-container-core-columns-is-layout-9d6595d7 wp-block-columns-is-layout-flex\">\n<div class=\"wp-block-column is-layout-flow wp-block-column-is-layout-flow\">\n<h4 class=\"wp-block-heading\" id=\"5-1k-menciones\"><img loading=\"lazy\" decoding=\"async\" width=\"121\" height=\"121\" class=\"wp-image-592\" style=\"width: 40px\" src=\"https:\/\/reports.eyewatch.me\/pc\/wp-content\/uploads\/sites\/3\/2020\/04\/icon_Artboard-3@3x-1.png\" alt=\"\">7.6K MENCIONES<\/h4>\n\n\n\n<p><\/p>\n<\/div>\n\n\n\n<div class=\"wp-block-column is-layout-flow wp-block-column-is-layout-flow\">\n<h4 class=\"has-text-align-left wp-block-heading\" id=\"2-1k-usuarios\"><img loading=\"lazy\" decoding=\"async\" width=\"121\" height=\"121\" class=\"wp-image-589\" style=\"width: 40px\" src=\"https:\/\/reports.eyewatch.me\/pc\/wp-content\/uploads\/sites\/3\/2020\/04\/icon_Artboard-3-copy-3@3x.png\" alt=\"\">4.6K USUARIOS<br><\/h4>\n<\/div>\n<\/div>\n<\/div>\n\n\n\n<figure class=\"wp-block-image size-full\"><img loading=\"lazy\" decoding=\"async\" width=\"806\" height=\"398\" src=\"https:\/\/reports.eyewatch.me\/dc\/wp-content\/uploads\/sites\/10\/2022\/06\/13-4.jpg\" alt=\"\" class=\"wp-image-5180\" srcset=\"https:\/\/reports.eyewatch.me\/dc\/wp-content\/uploads\/sites\/10\/2022\/06\/13-4.jpg 806w, https:\/\/reports.eyewatch.me\/dc\/wp-content\/uploads\/sites\/10\/2022\/06\/13-4-480x237.jpg 480w\" sizes=\"(min-width: 0px) and (max-width: 480px) 480px, (min-width: 481px) 806px, 100vw\" \/><\/figure>\n\n\n\n<hr class=\"wp-block-separator has-css-opacity\" \/>\n\n\n\n<h2 class=\"wp-block-heading\" id=\"evolucion-por-categoria\">Evoluci\u00f3n por categor\u00eda<\/h2>\n\n\n\n<figure class=\"wp-block-image size-full\"><img loading=\"lazy\" decoding=\"async\" width=\"822\" height=\"403\" src=\"https:\/\/reports.eyewatch.me\/dc\/wp-content\/uploads\/sites\/10\/2022\/06\/8-4.jpg\" alt=\"\" class=\"wp-image-5172\" srcset=\"https:\/\/reports.eyewatch.me\/dc\/wp-content\/uploads\/sites\/10\/2022\/06\/8-4.jpg 822w, https:\/\/reports.eyewatch.me\/dc\/wp-content\/uploads\/sites\/10\/2022\/06\/8-4-480x235.jpg 480w\" sizes=\"(min-width: 0px) and (max-width: 480px) 480px, (min-width: 481px) 822px, 100vw\" \/><\/figure>\n\n\n\n<hr class=\"wp-block-separator has-css-opacity\" \/>\n\n\n\n<h2 class=\"wp-block-heading\" id=\"temas-destacados\">Temas destacados<\/h2>\n\n\n\n<p><\/p>\n\n\n\n<ul class=\"wp-block-list\"><li><strong>Nissan <\/strong>presenta su nuevo veh\u00edculo mini totalmente el\u00e9ctrico.<\/li><li><strong>Hyundai<\/strong> presenta su primer veh\u00edculo el\u00e9ctrico en Venezuela.<\/li><li><strong>Ford<\/strong> confirm\u00f3  que producir\u00e1 en Espa\u00f1a sus dos nuevos veh\u00edculos el\u00e9ctricos basados en la plataforma de el\u00e9ctricos GE2.<\/li><li>El <strong>precio<\/strong> de los <strong>materiales<\/strong> para veh\u00edculos el\u00e9ctricos se duplic\u00f3 desde 2020.<\/li><li>En <strong>Noruega<\/strong>, m\u00e1s de la mitad de los coches nuevos son el\u00e9ctricos.<\/li><li><strong>Costa Rica<\/strong> ser\u00e1 sede de Congreso de Movilidad El\u00e9ctrica.<\/li><li><strong>Ford<\/strong> prev\u00e9 importante reducci\u00f3n de empleos tras elegir Espa\u00f1a para producci\u00f3n de autos el\u00e9ctricos.<\/li><li><strong>Uber<\/strong> amplia sus servicios: autos el\u00e9ctricos y entregas por medio de robots aut\u00f3nomos.<\/li><li><strong>Peugot <\/strong>presenta su nuevo modelo 408.<\/li><li><strong>Kia<\/strong> Niro 2023 hace su aparici\u00f3n en M\u00e9xico.<\/li><li><strong>Hopium <\/strong>Machina, la berlina de hidr\u00f3geno que se presentar\u00e1 en Par\u00eds.<\/li><li><strong>McLaren<\/strong> tambi\u00e9n estar\u00eda preparando el primer SUV de su historia.<\/li><li><strong>TITO<\/strong> S5: una nueva versi\u00f3n m\u00e1s grande y con mayor autonom\u00eda.<\/li><li> <strong>Audi <\/strong>fabricar\u00e1 autos premium 100% el\u00e9ctricos en Puebla.<\/li><li><strong>Concept Integrity <\/strong>una aeronave 100% el\u00e9ctrica pensada para cubrir\u00a0vuelos de corta distancia.<\/li><li><strong>Toyota <\/strong>ya trabaja en la recogida, refabricaci\u00f3n y reciclaje de bater\u00edas para sus veh\u00edculos el\u00e9ctricos.<\/li><li>Crean una <strong>bater\u00eda <\/strong>capaz de cargar 98% de su capacidad en menos de 10 minutos.<\/li><li><strong>Automotriz <\/strong>espa\u00f1ola podr\u00eda fabricar autos el\u00e9ctricos en la ex planta uruguaya de Lifan.<\/li><li>El 85% de las reservas mundiales de litio est\u00e1n en<strong> Am\u00e9rica Latina<\/strong>.<\/li><\/ul>\n\n\n\n<hr class=\"wp-block-separator has-css-opacity\" \/>\n\n\n\n<h2 class=\"wp-block-heading\" id=\"contenidos-destacados-en-redes-sociales\">Contenidos destacados en redes sociales<\/h2>\n\n\n\n<p><em> <em>\u00daltimas 96h<\/em><\/em><\/p>\n\n\n\n<div class=\"wp-block-columns is-layout-flex wp-container-core-columns-is-layout-9d6595d7 wp-block-columns-is-layout-flex\">\n<div class=\"wp-block-column is-layout-flow wp-block-column-is-layout-flow\">\n<figure class=\"wp-block-embed is-type-rich is-provider-twitter wp-block-embed-twitter\"><div class=\"wp-block-embed__wrapper\">\n<blockquote class=\"twitter-tweet\" data-width=\"550\" data-dnt=\"true\"><p lang=\"es\" dir=\"ltr\"><a href=\"https:\/\/twitter.com\/hashtag\/PrimeNews?src=hash&amp;ref_src=twsrc%5Etfw\">#PrimeNews<\/a> Nissan presenta su nuevo veh\u00edculo mini totalmente el\u00e9ctrico &#8211; Lea mas em <a href=\"https:\/\/t.co\/QKgOxbdkxc\">https:\/\/t.co\/QKgOxbdkxc<\/a> <a href=\"https:\/\/t.co\/lNIpqKmm66\">pic.twitter.com\/lNIpqKmm66<\/a><\/p>&mdash; Prime Action M\u00e9xico (@PrimeActionMX) <a href=\"https:\/\/twitter.com\/PrimeActionMX\/status\/1539957377356660736?ref_src=twsrc%5Etfw\">June 23, 2022<\/a><\/blockquote><script async src=\"https:\/\/platform.twitter.com\/widgets.js\" charset=\"utf-8\"><\/script>\n<\/div><\/figure>\n<\/div>\n\n\n\n<div class=\"wp-block-column is-layout-flow wp-block-column-is-layout-flow\">\n<figure class=\"wp-block-embed is-type-rich is-provider-twitter wp-block-embed-twitter\"><div class=\"wp-block-embed__wrapper\">\nhttps:\/\/twitter.com\/Pabloirp25\/status\/1539977583403511809\n<\/div><\/figure>\n<\/div>\n<\/div>\n\n\n\n<div class=\"wp-block-columns is-layout-flex wp-container-core-columns-is-layout-9d6595d7 wp-block-columns-is-layout-flex\">\n<div class=\"wp-block-column is-layout-flow wp-block-column-is-layout-flow\">\n<figure class=\"wp-block-embed is-type-rich is-provider-twitter wp-block-embed-twitter\"><div class=\"wp-block-embed__wrapper\">\nhttps:\/\/twitter.com\/RevistaPLUSPY\/status\/1539981171047763969\n<\/div><\/figure>\n<\/div>\n\n\n\n<div class=\"wp-block-column is-layout-flow wp-block-column-is-layout-flow\">\n<figure class=\"wp-block-embed is-type-rich is-provider-twitter wp-block-embed-twitter\"><div class=\"wp-block-embed__wrapper\">\n<blockquote class=\"twitter-tweet\" data-width=\"550\" data-dnt=\"true\"><p lang=\"es\" dir=\"ltr\">El precio de los materiales para veh\u00edculos el\u00e9ctricos se duplic\u00f3 desde 2020 <a href=\"https:\/\/t.co\/8hlfIKRzv8\">https:\/\/t.co\/8hlfIKRzv8<\/a><\/p>&mdash; PortalAutomotriz (@Portalautomotri) <a href=\"https:\/\/twitter.com\/Portalautomotri\/status\/1539950682219761667?ref_src=twsrc%5Etfw\">June 23, 2022<\/a><\/blockquote><script async src=\"https:\/\/platform.twitter.com\/widgets.js\" charset=\"utf-8\"><\/script>\n<\/div><\/figure>\n<\/div>\n<\/div>\n\n\n\n<div class=\"wp-block-columns is-layout-flex wp-container-core-columns-is-layout-9d6595d7 wp-block-columns-is-layout-flex\">\n<div class=\"wp-block-column is-layout-flow wp-block-column-is-layout-flow\">\n<figure class=\"wp-block-embed is-type-rich is-provider-twitter wp-block-embed-twitter\"><div class=\"wp-block-embed__wrapper\">\n<blockquote class=\"twitter-tweet\" data-width=\"550\" data-dnt=\"true\"><p lang=\"es\" dir=\"ltr\">En Noruega, m\u00e1s de la mitad de los coches nuevos son el\u00e9ctricos <a href=\"https:\/\/t.co\/h6zZ5xWkcG\">https:\/\/t.co\/h6zZ5xWkcG<\/a> &gt;<\/p>&mdash; Agencia NDS (@agenciaNDS) <a href=\"https:\/\/twitter.com\/agenciaNDS\/status\/1539935623015833601?ref_src=twsrc%5Etfw\">June 23, 2022<\/a><\/blockquote><script async src=\"https:\/\/platform.twitter.com\/widgets.js\" charset=\"utf-8\"><\/script>\n<\/div><\/figure>\n<\/div>\n\n\n\n<div class=\"wp-block-column is-layout-flow wp-block-column-is-layout-flow\">\n<figure class=\"wp-block-embed is-type-rich is-provider-twitter wp-block-embed-twitter\"><div class=\"wp-block-embed__wrapper\">\n<blockquote class=\"twitter-tweet\" data-width=\"550\" data-dnt=\"true\"><p lang=\"es\" dir=\"ltr\">Costa Rica ser\u00e1 sede de Congreso de Movilidad El\u00e9ctrica San Jos\u00e9 2022. <a href=\"https:\/\/t.co\/GimDzWqkUu\">https:\/\/t.co\/GimDzWqkUu<\/a> v\u00eda <a href=\"https:\/\/twitter.com\/RE_CostaRica?ref_src=twsrc%5Etfw\">@RE_CostaRica<\/a><\/p>&mdash; Rumbo Econ\u00f3mico CR (@RE_CostaRica) <a href=\"https:\/\/twitter.com\/RE_CostaRica\/status\/1539978155284480001?ref_src=twsrc%5Etfw\">June 23, 2022<\/a><\/blockquote><script async src=\"https:\/\/platform.twitter.com\/widgets.js\" charset=\"utf-8\"><\/script>\n<\/div><\/figure>\n<\/div>\n<\/div>\n\n\n\n<div class=\"wp-block-columns is-layout-flex wp-container-core-columns-is-layout-9d6595d7 wp-block-columns-is-layout-flex\">\n<div class=\"wp-block-column is-layout-flow wp-block-column-is-layout-flow\">\n<figure class=\"wp-block-image size-full\"><img loading=\"lazy\" decoding=\"async\" width=\"398\" height=\"397\" src=\"https:\/\/reports.eyewatch.me\/dc\/wp-content\/uploads\/sites\/10\/2022\/06\/15-4.jpg\" alt=\"\" class=\"wp-image-5183\" srcset=\"https:\/\/reports.eyewatch.me\/dc\/wp-content\/uploads\/sites\/10\/2022\/06\/15-4.jpg 398w, https:\/\/reports.eyewatch.me\/dc\/wp-content\/uploads\/sites\/10\/2022\/06\/15-4-300x300.jpg 300w, https:\/\/reports.eyewatch.me\/dc\/wp-content\/uploads\/sites\/10\/2022\/06\/15-4-150x150.jpg 150w\" sizes=\"(max-width: 398px) 100vw, 398px\" \/><\/figure>\n\n\n\n<div class=\"wp-block-buttons is-layout-flex wp-block-buttons-is-layout-flex\">\n<div class=\"wp-block-button\"><a class=\"wp-block-button__link\" href=\"https:\/\/www.linkedin.com\/posts\/ulises-perez-b1015513b_ford-prev%C3%A9-importante-reducci%C3%B3n-de-empleos-activity-6945563425913671680-C_sD\/?utm_source=linkedin_share&amp;utm_medium=member_desktop_web\">IR A LA PUBLICACI\u00d3N<\/a><\/div>\n<\/div>\n<\/div>\n\n\n\n<div class=\"wp-block-column is-layout-flow wp-block-column-is-layout-flow\">\n<figure class=\"wp-block-image size-full\"><img loading=\"lazy\" decoding=\"async\" width=\"395\" height=\"445\" src=\"https:\/\/reports.eyewatch.me\/dc\/wp-content\/uploads\/sites\/10\/2022\/06\/14-4.jpg\" alt=\"\" class=\"wp-image-5182\" srcset=\"https:\/\/reports.eyewatch.me\/dc\/wp-content\/uploads\/sites\/10\/2022\/06\/14-4.jpg 395w, https:\/\/reports.eyewatch.me\/dc\/wp-content\/uploads\/sites\/10\/2022\/06\/14-4-266x300.jpg 266w\" sizes=\"(max-width: 395px) 100vw, 395px\" \/><\/figure>\n\n\n\n<div class=\"wp-block-buttons is-layout-flex wp-block-buttons-is-layout-flex\">\n<div class=\"wp-block-button\"><a class=\"wp-block-button__link\" href=\"https:\/\/www.linkedin.com\/posts\/g-sala_uber-amplia-sus-servicios-autos-el%C3%A9ctricos-activity-6945632045750484992-XXyr\/?utm_source=linkedin_share&amp;utm_medium=member_desktop_web\">IR A LA PUBLICACI\u00d3N<\/a><\/div>\n<\/div>\n<\/div>\n<\/div>\n\n\n\n<hr class=\"wp-block-separator has-css-opacity\" \/>\n\n\n\n<h2 class=\"wp-block-heading\" id=\"contenidos-destacados-en-medios-y-blogs\">Contenidos destacados en medios y blogs<\/h2>\n\n\n\n<p><em> <\/em><\/p>\n\n\n\n<div class=\"wp-block-columns is-layout-flex wp-container-core-columns-is-layout-9d6595d7 wp-block-columns-is-layout-flex\">\n<div class=\"wp-block-column is-layout-flow wp-block-column-is-layout-flow\">\n<blockquote class=\"wp-block-quote has-text-align-left is-layout-flow wp-block-quote-is-layout-flow\"><p><em>Peugot presenta su nuevo modelo 408<\/em><\/p><cite><strong>CARMAN\u00cdA<\/strong><\/cite><\/blockquote>\n\n\n\n<div class=\"wp-block-buttons is-layout-flex wp-block-buttons-is-layout-flex\">\n<div class=\"wp-block-button\"><a class=\"wp-block-button__link\" href=\"https:\/\/carmania.mx\/2022\/06\/22\/el-nuevo-peugeot-408-es-inesperado-porque-es-diferente\/\">IR A LA NOTA<\/a><\/div>\n<\/div>\n<\/div>\n\n\n\n<div class=\"wp-block-column is-layout-flow wp-block-column-is-layout-flow\">\n<blockquote class=\"wp-block-quote has-text-align-left is-layout-flow wp-block-quote-is-layout-flow\"><p><em>Kia Niro 2023 hace su aparici\u00f3n en M\u00e9xico<\/em><\/p><cite><strong>AUTO DIN\u00c1MICO<\/strong><\/cite><\/blockquote>\n\n\n\n<div class=\"wp-block-buttons is-layout-flex wp-block-buttons-is-layout-flex\">\n<div class=\"wp-block-button\"><a class=\"wp-block-button__link\" href=\"https:\/\/autodinamico.mx\/entradas\/kia-niro-2023-hace-su-aparicion-en-mexico\/\">IR A LA NOTA<\/a><\/div>\n<\/div>\n<\/div>\n<\/div>\n\n\n\n<div class=\"wp-block-columns is-layout-flex wp-container-core-columns-is-layout-9d6595d7 wp-block-columns-is-layout-flex\">\n<div class=\"wp-block-column is-layout-flow wp-block-column-is-layout-flow\">\n<blockquote class=\"wp-block-quote has-text-align-left is-layout-flow wp-block-quote-is-layout-flow\"><p><em>Hopium Machina, la berlina de hidr\u00f3geno que se presentar\u00e1 en Par\u00eds<\/em><\/p><cite><strong>DRIVING ECO<\/strong><\/cite><\/blockquote>\n\n\n\n<div class=\"wp-block-buttons is-layout-flex wp-block-buttons-is-layout-flex\">\n<div class=\"wp-block-button\"><a class=\"wp-block-button__link\" href=\"https:\/\/www.drivingeco.com\/hopium-machina-berlina-hidrogeno-presentara-paris\/\">IR A LA NOTA<\/a><\/div>\n<\/div>\n<\/div>\n\n\n\n<div class=\"wp-block-column is-layout-flow wp-block-column-is-layout-flow\">\n<blockquote class=\"wp-block-quote has-text-align-left is-layout-flow wp-block-quote-is-layout-flow\"><p><em>McLaren tambi\u00e9n estar\u00eda preparando el primer SUV de su historia<\/em><\/p><cite><strong>TN<\/strong><\/cite><\/blockquote>\n\n\n\n<div class=\"wp-block-buttons is-layout-flex wp-block-buttons-is-layout-flex\">\n<div class=\"wp-block-button\"><a class=\"wp-block-button__link\" href=\"https:\/\/tn.com.ar\/autos\/novedades\/2022\/06\/21\/como-ferrari-mclaren-tambien-estaria-preparando-el-primer-suv-de-su-historia\/\">IR A LA NOTA<\/a><\/div>\n<\/div>\n<\/div>\n<\/div>\n\n\n\n<div class=\"wp-block-columns is-layout-flex wp-container-core-columns-is-layout-9d6595d7 wp-block-columns-is-layout-flex\">\n<div class=\"wp-block-column is-layout-flow wp-block-column-is-layout-flow\">\n<blockquote class=\"wp-block-quote has-text-align-left is-layout-flow wp-block-quote-is-layout-flow\"><p><em>TITO S5: una nueva versi\u00f3n m\u00e1s grande y con mayor autonom\u00eda<\/em><\/p><cite><strong>AUTOTEST<\/strong><\/cite><\/blockquote>\n\n\n\n<div class=\"wp-block-buttons is-layout-flex wp-block-buttons-is-layout-flex\">\n<div class=\"wp-block-button\"><a class=\"wp-block-button__link\" href=\"https:\/\/autotest.com.ar\/noticias\/tito-s5-nueva-version-mas-grande-mayor-autonomia\/\">IR A LA NOTA<\/a><\/div>\n<\/div>\n<\/div>\n\n\n\n<div class=\"wp-block-column is-layout-flow wp-block-column-is-layout-flow\">\n<blockquote class=\"wp-block-quote has-text-align-left is-layout-flow wp-block-quote-is-layout-flow\"><p><em>Audi fabricar\u00e1 autos premium 100% el\u00e9ctricos en Puebla<\/em><\/p><cite><strong>PORTAL MOVILIDAD<\/strong><\/cite><\/blockquote>\n\n\n\n<div class=\"wp-block-buttons is-layout-flex wp-block-buttons-is-layout-flex\">\n<div class=\"wp-block-button\"><a class=\"wp-block-button__link\" href=\"https:\/\/portalmovilidad.com\/made-in-mexico-audi-fabricara-autos-premium-100-electricos-en-puebla\/\">IR A LA NOTA<\/a><\/div>\n<\/div>\n<\/div>\n<\/div>\n\n\n\n<div class=\"wp-block-columns is-layout-flex wp-container-core-columns-is-layout-9d6595d7 wp-block-columns-is-layout-flex\">\n<div class=\"wp-block-column is-layout-flow wp-block-column-is-layout-flow\">\n<blockquote class=\"wp-block-quote has-text-align-left is-layout-flow wp-block-quote-is-layout-flow\"><p><em>Concept Integrity una aeronave 100% el\u00e9ctrica pensada para cubrir\u00a0vuelos de corta distancia<\/em><\/p><cite><strong>MSN<\/strong><\/cite><\/blockquote>\n\n\n\n<div class=\"wp-block-buttons is-layout-flex wp-block-buttons-is-layout-flex\">\n<div class=\"wp-block-button\"><a class=\"wp-block-button__link\" href=\"https:\/\/www.msn.com\/es-pe\/autos\/noticias\/el-taxi-volador-fabricado-en-brunete-que-te-llevar%c3%a1-de-una-punta-a-otra-de-madrid-en-15-minutos\/ar-AAYLnoY\">IR A LA NOTA<\/a><\/div>\n<\/div>\n<\/div>\n\n\n\n<div class=\"wp-block-column is-layout-flow wp-block-column-is-layout-flow\">\n<blockquote class=\"wp-block-quote has-text-align-left is-layout-flow wp-block-quote-is-layout-flow\"><p><em>Toyota ya trabaja en la recogida, refabricaci\u00f3n y reciclaje de bater\u00edas para sus veh\u00edculos el\u00e9ctricos<\/em><\/p><cite><strong>H\u00cdBRIDOS Y EL\u00c9CTRICOS<\/strong><\/cite><\/blockquote>\n\n\n\n<div class=\"wp-block-buttons is-layout-flex wp-block-buttons-is-layout-flex\">\n<div class=\"wp-block-button\"><a class=\"wp-block-button__link\" href=\"https:\/\/www.hibridosyelectricos.com\/articulo\/sector\/toyota-trabaja-recogida-refabricacion-reciclaje-baterias-vehiculos-electricos\/20220622170603059467.html\">IR A LA NOTA<\/a><\/div>\n<\/div>\n<\/div>\n<\/div>\n\n\n\n<div class=\"wp-block-columns is-layout-flex wp-container-core-columns-is-layout-9d6595d7 wp-block-columns-is-layout-flex\">\n<div class=\"wp-block-column is-layout-flow wp-block-column-is-layout-flow\">\n<blockquote class=\"wp-block-quote has-text-align-left is-layout-flow wp-block-quote-is-layout-flow\"><p><em>Crean una bater\u00eda capaz de cargar 98% de su capacidad en menos de 10 minutos<\/em><\/p><cite><strong>INVDES<\/strong><\/cite><\/blockquote>\n\n\n\n<div class=\"wp-block-buttons is-layout-flex wp-block-buttons-is-layout-flex\">\n<div class=\"wp-block-button\"><a class=\"wp-block-button__link\" href=\"https:\/\/invdes.com.mx\/innovacion\/crean-una-bateria-capaz-de-cargar-98-de-su-capacidad-en-menos-de-10-minutos\/\">IR A LA NOTA<\/a><\/div>\n<\/div>\n<\/div>\n\n\n\n<div class=\"wp-block-column is-layout-flow wp-block-column-is-layout-flow\">\n<blockquote class=\"wp-block-quote has-text-align-left is-layout-flow wp-block-quote-is-layout-flow\"><p><em>Automotriz espa\u00f1ola podr\u00eda fabricar autos el\u00e9ctricos en la ex planta uruguaya de Lifan<\/em><\/p><cite><strong>AIR BAG<\/strong><\/cite><\/blockquote>\n\n\n\n<div class=\"wp-block-buttons is-layout-flex wp-block-buttons-is-layout-flex\">\n<div class=\"wp-block-button\"><a class=\"wp-block-button__link\" href=\"https:\/\/www.airbag.uy\/Airbag\/Automotriz-espanola-podria-fabricar-autos-electricos-en-la-ex-planta-uruguaya-de-Lifan-uc825396\">IR A LA NOTA<\/a><\/div>\n<\/div>\n<\/div>\n<\/div>\n\n\n\n<div class=\"wp-block-columns is-layout-flex wp-container-core-columns-is-layout-9d6595d7 wp-block-columns-is-layout-flex\">\n<div class=\"wp-block-column is-layout-flow wp-block-column-is-layout-flow\">\n<blockquote class=\"wp-block-quote has-text-align-left is-layout-flow wp-block-quote-is-layout-flow\"><p><em>El 85% de las reservas mundiales de litio est\u00e1n en Am\u00e9rica Latina<\/em><\/p><cite><strong>PRENSA<\/strong><\/cite><\/blockquote>\n\n\n\n<div class=\"wp-block-buttons is-layout-flex wp-block-buttons-is-layout-flex\">\n<div class=\"wp-block-button\"><a class=\"wp-block-button__link\" href=\"https:\/\/www.prensa.com\/economia\/el-85-de-las-reservas-mundiales-de-litio-estan-en-america-latina\/\">IR A LA NOTA<\/a><\/div>\n<\/div>\n<\/div>\n\n\n\n<div class=\"wp-block-column is-layout-flow wp-block-column-is-layout-flow\">\n<div class=\"wp-block-buttons is-layout-flex wp-block-buttons-is-layout-flex\"><\/div>\n<\/div>\n<\/div>\n\n\n\n<p><\/p>\n","protected":false},"excerpt":{"rendered":"<p>DERCO CENTER |<\/p>\n","protected":false},"author":82,"featured_media":0,"comment_status":"closed","ping_status":"closed","sticky":false,"template":"","format":"standard","meta":{"_et_pb_use_builder":"off","_et_pb_old_content":"<!-- wp:paragraph -->\n<p><\/p>\n<!-- \/wp:paragraph -->\n\n<!-- wp:divi\/layout -->\n<div class=\"wp-block-divi-layout\">[et_pb_section fb_built=\"1\" admin_label=\"Features\" _builder_version=\"4.4.2\" background_size=\"initial\" background_position=\"top_left\" width=\"100%\" max_width=\"500px\" module_alignment=\"left\" custom_margin=\"|0px||-1px|false|false\" custom_padding=\"0px|0px|0px|0px|false|false\" saved_tabs=\"all\" collapsed=\"off\"][et_pb_row column_padding_mobile=\"on\" custom_padding_last_edited=\"on|phone\" _builder_version=\"4.4.2\" background_size=\"initial\" background_position=\"top_left\" background_repeat=\"repeat\" width=\"auto\" max_width=\"1280px\" custom_margin=\"0px|0px|0px|0px|false|false\" custom_padding=\"10px|2px|10px|0px|false|false\" custom_padding_tablet=\"49px|||\" custom_padding_phone=\"19px|||\" use_custom_width=\"on\" custom_width_px=\"1280px\"][et_pb_column type=\"4_4\" _builder_version=\"3.25\" custom_padding=\"|||\" custom_padding__hover=\"|||\"][et_pb_blurb title=\"DESARROLLO SOCIAL\" image=\"https:\/\/reports.eyewatch.me\/pc\/wp-content\/uploads\/sites\/3\/2020\/04\/icon_Artboard-3-100.jpg\" icon_placement=\"left\" image_max_width=\"69px\" _builder_version=\"4.4.2\" header_level=\"h1\" custom_margin=\"|||0px|false|false\" custom_padding=\"|||1px|false|false\"][\/et_pb_blurb][\/et_pb_column][\/et_pb_row][\/et_pb_section]<\/div>\n<!-- \/wp:divi\/layout -->\n\n<!-- wp:paragraph -->\n<p><em><em>Menciones en redes sociales, medios y blogs en espa\u00f1ol sobre marcas y empresas vinculadas a<\/em> voluntariados, desarrollo social, campa\u00f1as solidarias, inclusi\u00f3n, y t\u00e9rminos afines.<\/em><\/p>\n<!-- \/wp:paragraph -->\n\n<!-- wp:separator -->\n<hr class=\"wp-block-separator\"\/>\n<!-- \/wp:separator -->\n\n<!-- wp:heading -->\n<h2>Evoluci\u00f3n de la conversaci\u00f3n - \u00faltimos 7 d\u00edas<\/h2>\n<!-- \/wp:heading -->\n\n<!-- wp:columns -->\n<div class=\"wp-block-columns\"><!-- wp:column -->\n<div class=\"wp-block-column\"><!-- wp:heading {\"level\":4} -->\n<h4><img class=\"wp-image-592\" style=\"width: 40px\" src=\"https:\/\/reports.eyewatch.me\/pc\/wp-content\/uploads\/sites\/3\/2020\/04\/icon_Artboard-3@3x-1.png\" alt=\"\">   1.1K USUARIOS<\/h4>\n<!-- \/wp:heading --><\/div>\n<!-- \/wp:column -->\n\n<!-- wp:column -->\n<div class=\"wp-block-column\"><!-- wp:heading {\"textAlign\":\"left\",\"level\":4} -->\n<h4 class=\"has-text-align-left\"> <img class=\"wp-image-589\" style=\"width: 40px\" src=\"https:\/\/reports.eyewatch.me\/pc\/wp-content\/uploads\/sites\/3\/2020\/04\/icon_Artboard-3-copy-3@3x.png\" alt=\"\">1.2K<strong> <\/strong>MENCIONES<br><\/h4>\n<!-- \/wp:heading --><\/div>\n<!-- \/wp:column --><\/div>\n<!-- \/wp:columns -->\n\n<!-- wp:image {\"id\":2312,\"sizeSlug\":\"full\",\"linkDestination\":\"none\"} -->\n<figure class=\"wp-block-image size-full\"><img src=\"https:\/\/reports.eyewatch.me\/dc\/wp-content\/uploads\/sites\/10\/2021\/09\/13.jpg\" alt=\"\" class=\"wp-image-2312\"\/><\/figure>\n<!-- \/wp:image -->\n\n<!-- wp:spacer {\"height\":20} -->\n<div style=\"height:20px\" aria-hidden=\"true\" class=\"wp-block-spacer\"><\/div>\n<!-- \/wp:spacer -->\n\n<!-- wp:separator {\"className\":\"is-style-wide\"} -->\n<hr class=\"wp-block-separator is-style-wide\"\/>\n<!-- \/wp:separator -->\n\n<!-- wp:heading -->\n<h2>Evoluci\u00f3n por categor\u00edas<\/h2>\n<!-- \/wp:heading -->\n\n<!-- wp:image {\"id\":2311,\"sizeSlug\":\"full\",\"linkDestination\":\"none\"} -->\n<figure class=\"wp-block-image size-full\"><img src=\"https:\/\/reports.eyewatch.me\/dc\/wp-content\/uploads\/sites\/10\/2021\/09\/12.jpg\" alt=\"\" class=\"wp-image-2311\"\/><\/figure>\n<!-- \/wp:image -->\n\n<!-- wp:spacer {\"height\":20} -->\n<div style=\"height:20px\" aria-hidden=\"true\" class=\"wp-block-spacer\"><\/div>\n<!-- \/wp:spacer -->\n\n<!-- wp:separator -->\n<hr class=\"wp-block-separator\"\/>\n<!-- \/wp:separator -->\n\n<!-- wp:heading -->\n<h2>Temas destacados<\/h2>\n<!-- \/wp:heading -->\n\n<!-- wp:paragraph -->\n<p><em>\u00daltimas 96hs<\/em><\/p>\n<!-- \/wp:paragraph -->\n\n<!-- wp:group -->\n<div class=\"wp-block-group\"><!-- wp:group -->\n<div class=\"wp-block-group\"><!-- wp:list -->\n<ul><li><strong><b>S<\/b>antander M\u00e9xico <\/strong>lanza tajeras LikeU en dode cada color se corresponde a una causa social y ambiental. Por cada tarjeta contratada el banco donar\u00e1 recursos a distintas causas.<\/li><li><strong>Coca-Cola  Bolivia<\/strong> junto a Embol y Pedidos Ya se suma a la campa\u00f1a global \"Para todas las mesas\" la cual busca combatir la inseguridad alimentaria y apoyar la reactivaci\u00f3n de restaurantes.<\/li><li>La plataforma interactiva desarrollada por <strong>Pharmaton<\/strong> \"Kiddi World\" que permite detectar dislexia, disgraf\u00eda y daltonismo recibe el premio Innovation CUT.<\/li><li><strong>Walmart Chile<\/strong> crea alianza con la Fundaci\u00f3n 1ko que visibiliza el trabajo de artistas y emprendedores de Bajo de Mena. La cadena de supermercados vender\u00e1 prendas de vestimentas con dise\u00f1os de los artistas de la fundaci\u00f3n.<\/li><li><strong>Bic Ecuador <\/strong>lanza campa\u00f1a sobre empat\u00eda para el regreso a clases presenciales \"Back in cool\".<\/li><li>Bumble la app de citas crea el primer programa de apoyo dirigido a v\u00edctimas de agresi\u00f3n o abuso sexual junto a la organizaci\u00f3n Chayn.<\/li><\/ul>\n<!-- \/wp:list -->\n\n<!-- wp:paragraph -->\n<p><\/p>\n<!-- \/wp:paragraph -->\n\n<!-- wp:separator -->\n<hr class=\"wp-block-separator\"\/>\n<!-- \/wp:separator -->\n\n<!-- wp:heading -->\n<h2>Contenidos destacados en redes sociales<\/h2>\n<!-- \/wp:heading -->\n\n<!-- wp:paragraph -->\n<p><em>\u00daltimas 96hs<\/em><\/p>\n<!-- \/wp:paragraph --><\/div>\n<!-- \/wp:group -->\n\n<!-- wp:separator -->\n<hr class=\"wp-block-separator\"\/>\n<!-- \/wp:separator -->\n\n<!-- wp:heading -->\n<h2>Contenidos destacados en medios y blogs<\/h2>\n<!-- \/wp:heading -->\n\n<!-- wp:paragraph -->\n<p><em>\u00daltimas 96hs<\/em><\/p>\n<!-- \/wp:paragraph -->\n\n<!-- wp:columns -->\n<div class=\"wp-block-columns\"><!-- wp:column -->\n<div class=\"wp-block-column\"><!-- wp:quote -->\n<blockquote class=\"wp-block-quote\"><p><em><em>Pampers Argentina colabora con Fundaci\u00f3n s\u00ed. Ante cada like en las redes de la marca o compra de producto, la empresa donar\u00e1 un pa\u00f1al a la fundaci\u00f3n.<\/em><\/em><\/p><cite><strong>FUNDACI\u00d3N S\u00cd<\/strong><\/cite><\/blockquote>\n<!-- \/wp:quote -->\n\n<!-- wp:buttons -->\n<div class=\"wp-block-buttons\"><!-- wp:button -->\n<div class=\"wp-block-button\"><a class=\"wp-block-button__link\" href=\"https:\/\/fundacionsi.org.ar\/junto-a-pampers-argentina-hagamos-que-mas-bebes-sigan-sonando\/\">IR A LA NOTA<\/a><\/div>\n<!-- \/wp:button --><\/div>\n<!-- \/wp:buttons --><\/div>\n<!-- \/wp:column -->\n\n<!-- wp:column -->\n<div class=\"wp-block-column\"><!-- wp:quote -->\n<blockquote class=\"wp-block-quote\"><p><em><strong>C<\/strong>ervecer\u00eda Boliviana Nacional realiza conversatorio a favor de la equidad de g\u00e9nero.<\/em><\/p><cite><strong>BOLIVIA EN TUS MANOS<\/strong><\/cite><\/blockquote>\n<!-- \/wp:quote -->\n\n<!-- wp:buttons -->\n<div class=\"wp-block-buttons\"><!-- wp:button -->\n<div class=\"wp-block-button\"><a class=\"wp-block-button__link\" href=\"https:\/\/www.boliviaentusmanos.com\/noticias\/bolivia\/381653\/cbn-comparte-sus-experiencias-en-favor-de-la-equidad-de-genero-en-un-conversatorio-del-pacto-global-bolivia.html\">IR A LA NOTA<\/a><\/div>\n<!-- \/wp:button --><\/div>\n<!-- \/wp:buttons --><\/div>\n<!-- \/wp:column -->\n\n<!-- wp:column -->\n<div class=\"wp-block-column\"><!-- wp:quote -->\n<blockquote class=\"wp-block-quote\"><p><em><em>Virgin Mobile M\u00e9xico particip\u00f3 en las conferencias sobre La equidad de g\u00e9nero en las telecomunicaciones.<\/em><\/em><\/p><cite><strong>MULTIANIME<\/strong><\/cite><\/blockquote>\n<!-- \/wp:quote -->\n\n<!-- wp:buttons -->\n<div class=\"wp-block-buttons\"><!-- wp:button -->\n<div class=\"wp-block-button\"><a class=\"wp-block-button__link\" href=\"https:\/\/multianime.com.mx\/2021\/09\/02\/virgin-mobile-equidad-de-genero-interes\/\">IR A LA NOTA<\/a><\/div>\n<!-- \/wp:button --><\/div>\n<!-- \/wp:buttons --><\/div>\n<!-- \/wp:column --><\/div>\n<!-- \/wp:columns -->\n\n<!-- wp:columns -->\n<div class=\"wp-block-columns\"><!-- wp:column -->\n<div class=\"wp-block-column\"><!-- wp:quote -->\n<blockquote class=\"wp-block-quote\"><p><em>Mary Kay Espa\u00f1a se une a Fundaci\u00f3n Stampa para reforzar el programa <em>Ponte guapa, te sentir\u00e1s mejor\u2019<\/em><\/em><\/p><cite><strong>AP NEWS<\/strong><\/cite><\/blockquote>\n<!-- \/wp:quote -->\n\n<!-- wp:buttons -->\n<div class=\"wp-block-buttons\"><!-- wp:button -->\n<div class=\"wp-block-button\"><a class=\"wp-block-button__link\" href=\"https:\/\/apnews.com\/press-release\/business-wire\/e4f01526577a4b03b270994e35e375d1\">IR A LA NOTA<\/a><\/div>\n<!-- \/wp:button --><\/div>\n<!-- \/wp:buttons --><\/div>\n<!-- \/wp:column -->\n\n<!-- wp:column -->\n<div class=\"wp-block-column\"><!-- wp:quote -->\n<blockquote class=\"wp-block-quote\"><p><em>Plaza Ses\u00e1mo Latinoamerica genera contenido para a ni\u00f1os venezolanos migrantes vulnerados<\/em><\/p><cite><strong>HEAD TOPICS<\/strong><\/cite><\/blockquote>\n<!-- \/wp:quote -->\n\n<!-- wp:buttons -->\n<div class=\"wp-block-buttons\"><!-- wp:button -->\n<div class=\"wp-block-button\"><a class=\"wp-block-button__link\" href=\"\/\/headtopics.com\/es\/personajes-de-plaza-sesamo-acompanar-n-a-ninos-migrantes-venezolanos-21604343\">IR A LA NOTA<\/a><\/div>\n<!-- \/wp:button --><\/div>\n<!-- \/wp:buttons --><\/div>\n<!-- \/wp:column -->\n\n<!-- wp:column -->\n<div class=\"wp-block-column\"><!-- wp:paragraph -->\n<p><em>Samsung Bolivia y la Escuela Militar de Ingenier\u00eda firman convenio que beneficia estudiantes<\/em><\/p>\n<!-- \/wp:paragraph -->\n\n<!-- wp:paragraph -->\n<p> <strong>MM<\/strong><\/p>\n<!-- \/wp:paragraph -->\n\n<!-- wp:buttons -->\n<div class=\"wp-block-buttons\"><!-- wp:button -->\n<div class=\"wp-block-button\"><a class=\"wp-block-button__link\" href=\"https:\/\/www.magazinemanagement.gm-bolivia.com\/samsung-y-la-emi-firman-convenio-de-cooperacion-interinstitucional\/\">IR A LA NOTA<\/a><\/div>\n<!-- \/wp:button --><\/div>\n<!-- \/wp:buttons --><\/div>\n<!-- \/wp:column --><\/div>\n<!-- \/wp:columns -->\n\n<!-- wp:separator {\"className\":\"is-style-wide\"} -->\n<hr class=\"wp-block-separator is-style-wide\"\/>\n<!-- \/wp:separator --><\/div>\n<!-- \/wp:group -->\n\n<!-- wp:spacer {\"height\":20} -->\n<div style=\"height:20px\" aria-hidden=\"true\" class=\"wp-block-spacer\"><\/div>\n<!-- \/wp:spacer -->\n\n<!-- wp:divi\/layout -->\n<div class=\"wp-block-divi-layout\">[et_pb_section fb_built=\"1\" admin_label=\"Features\" _builder_version=\"4.4.2\" background_size=\"initial\" background_position=\"top_left\" width=\"100%\" max_width=\"500px\" module_alignment=\"left\" custom_margin=\"|0px||-1px|false|false\" custom_padding=\"0px|0px|0px|0px|false|false\" saved_tabs=\"all\" collapsed=\"off\"][et_pb_row column_padding_mobile=\"on\" custom_padding_last_edited=\"on|phone\" _builder_version=\"4.4.2\" background_size=\"initial\" background_position=\"top_left\" background_repeat=\"repeat\" width=\"auto\" max_width=\"1280px\" custom_margin=\"0px|0px|0px|0px|false|false\" custom_padding=\"10px|2px|10px|0px|false|false\" custom_padding_tablet=\"49px|||\" custom_padding_phone=\"19px|||\" use_custom_width=\"on\" custom_width_px=\"1280px\"][et_pb_column type=\"4_4\" _builder_version=\"3.25\" custom_padding=\"|||\" custom_padding__hover=\"|||\"][et_pb_blurb title=\"SOSTENIBILIDAD AMBIENTAL\" image=\"https:\/\/reports.eyewatch.me\/dc\/wp-content\/uploads\/sites\/10\/2020\/04\/icon_conversation-1.png\" icon_placement=\"left\" image_max_width=\"69px\" _builder_version=\"4.4.7\" header_level=\"h1\" custom_margin=\"|||0px|false|false\" custom_padding=\"|||1px|false|false\"][\/et_pb_blurb][\/et_pb_column][\/et_pb_row][\/et_pb_section]<\/div>\n<!-- \/wp:divi\/layout -->\n\n<!-- wp:paragraph -->\n<p><em>Menciones en redes sociales, medios y blogs en espa\u00f1ol sobre marcas y empresas vinculadas a la protecci\u00f3n, respeto y cuidado del medio ambiente, econom\u00eda circular o azul, movilidad el\u00e9ctrica, <em>huella de carbono<\/em>, y t\u00e9rminos afines.<\/em><\/p>\n<!-- \/wp:paragraph -->\n\n<!-- wp:separator -->\n<hr class=\"wp-block-separator\"\/>\n<!-- \/wp:separator -->\n\n<!-- wp:heading -->\n<h2>Evoluci\u00f3n de la conversaci\u00f3n - \u00faltimos 7 d\u00edas<\/h2>\n<!-- \/wp:heading -->\n\n<!-- wp:group -->\n<div class=\"wp-block-group\"><!-- wp:columns -->\n<div class=\"wp-block-columns\"><!-- wp:column -->\n<div class=\"wp-block-column\"><!-- wp:heading {\"level\":4} -->\n<h4><img class=\"wp-image-592\" style=\"width: 40px\" src=\"https:\/\/reports.eyewatch.me\/pc\/wp-content\/uploads\/sites\/3\/2020\/04\/icon_Artboard-3@3x-1.png\" alt=\"\">     5.2K usuarios<\/h4>\n<!-- \/wp:heading --><\/div>\n<!-- \/wp:column -->\n\n<!-- wp:column -->\n<div class=\"wp-block-column\"><!-- wp:heading {\"textAlign\":\"left\",\"level\":4} -->\n<h4 class=\"has-text-align-left\"> <img class=\"wp-image-589\" style=\"width: 40px\" src=\"https:\/\/reports.eyewatch.me\/pc\/wp-content\/uploads\/sites\/3\/2020\/04\/icon_Artboard-3-copy-3@3x.png\" alt=\"\">   13.4<strong>k <\/strong>menciones<br><\/h4>\n<!-- \/wp:heading --><\/div>\n<!-- \/wp:column --><\/div>\n<!-- \/wp:columns --><\/div>\n<!-- \/wp:group -->\n\n<!-- wp:image {\"id\":2290,\"sizeSlug\":\"full\",\"linkDestination\":\"none\"} -->\n<figure class=\"wp-block-image size-full\"><img src=\"https:\/\/reports.eyewatch.me\/dc\/wp-content\/uploads\/sites\/10\/2021\/09\/75.jpg\" alt=\"\" class=\"wp-image-2290\"\/><\/figure>\n<!-- \/wp:image -->\n\n<!-- wp:separator -->\n<hr class=\"wp-block-separator\"\/>\n<!-- \/wp:separator -->\n\n<!-- wp:heading -->\n<h2>Evoluci\u00f3n por categor\u00eda<\/h2>\n<!-- \/wp:heading -->\n\n<!-- wp:image {\"id\":2310,\"sizeSlug\":\"full\",\"linkDestination\":\"none\"} -->\n<figure class=\"wp-block-image size-full\"><img src=\"https:\/\/reports.eyewatch.me\/dc\/wp-content\/uploads\/sites\/10\/2021\/09\/11.jpg\" alt=\"\" class=\"wp-image-2310\"\/><\/figure>\n<!-- \/wp:image -->\n\n<!-- wp:separator -->\n<hr class=\"wp-block-separator\"\/>\n<!-- \/wp:separator -->\n\n<!-- wp:heading -->\n<h2>Temas destacados<\/h2>\n<!-- \/wp:heading -->\n\n<!-- wp:paragraph -->\n<p><em>\u00daltimas <\/em>96<em>hs<\/em><\/p>\n<!-- \/wp:paragraph -->\n\n<!-- wp:group -->\n<div class=\"wp-block-group\"><!-- wp:group -->\n<div class=\"wp-block-group\"><!-- wp:group -->\n<div class=\"wp-block-group\"><!-- wp:list -->\n<ul><li><strong>Terpel Colom<\/strong><\/li><\/ul>\n<!-- \/wp:list -->\n\n<!-- wp:paragraph -->\n<p><\/p>\n<!-- \/wp:paragraph -->\n\n<!-- wp:separator {\"className\":\"is-style-wide\"} -->\n<hr class=\"wp-block-separator is-style-wide\"\/>\n<!-- \/wp:separator -->\n\n<!-- wp:heading -->\n<h2>Contenidos destacados en redes sociales<\/h2>\n<!-- \/wp:heading -->\n\n<!-- wp:paragraph -->\n<p><\/p>\n<!-- \/wp:paragraph --><\/div>\n<!-- \/wp:group --><\/div>\n<!-- \/wp:group -->\n\n<!-- wp:paragraph -->\n<p><em>\u00daltimas 96hs<\/em><\/p>\n<!-- \/wp:paragraph -->\n\n<!-- wp:separator -->\n<hr class=\"wp-block-separator\"\/>\n<!-- \/wp:separator -->\n\n<!-- wp:heading -->\n<h2>Contenidos destacados en medios y blogs<\/h2>\n<!-- \/wp:heading -->\n\n<!-- wp:paragraph -->\n<p><em>\u00daltimas 96hs<\/em><\/p>\n<!-- \/wp:paragraph -->\n\n<!-- wp:columns -->\n<div class=\"wp-block-columns\"><!-- wp:column -->\n<div class=\"wp-block-column\"><!-- wp:quote -->\n<blockquote class=\"wp-block-quote\"><p><em>Repsol Espa\u00f1a reforest\u00e1 bosques  <\/em><\/p><cite><strong>LNE<\/strong><\/cite><\/blockquote>\n<!-- \/wp:quote -->\n\n<!-- wp:buttons -->\n<div class=\"wp-block-buttons\"><!-- wp:button -->\n<div class=\"wp-block-button\"><a class=\"wp-block-button__link\" href=\"https:\/\/www.lne.es\/asturias\/2021\/09\/02\/repsol-contratara-700-personas-plan-56874902.html\">IR A LA NOTA<\/a><\/div>\n<!-- \/wp:button --><\/div>\n<!-- \/wp:buttons -->\n\n<!-- wp:paragraph -->\n<p><\/p>\n<!-- \/wp:paragraph --><\/div>\n<!-- \/wp:column -->\n\n<!-- wp:column -->\n<div class=\"wp-block-column\"><!-- wp:quote -->\n<blockquote class=\"wp-block-quote\"><p><em>Backus: de latas de desechosa a ollas para comedores<\/em><\/p><cite><strong>TROME<\/strong><\/cite><\/blockquote>\n<!-- \/wp:quote -->\n\n<!-- wp:buttons -->\n<div class=\"wp-block-buttons\"><!-- wp:button -->\n<div class=\"wp-block-button\"><a class=\"wp-block-button__link\" href=\"https:\/\/trome.pe\/familia\/recolectan-latas-para-convertirlas-en-ollas-y-donarlas-a-los-comedores-imp-noticia\/\">IR A LA NOTA<\/a><\/div>\n<!-- \/wp:button --><\/div>\n<!-- \/wp:buttons --><\/div>\n<!-- \/wp:column --><\/div>\n<!-- \/wp:columns -->\n\n<!-- wp:separator {\"className\":\"is-style-wide\"} -->\n<hr class=\"wp-block-separator is-style-wide\"\/>\n<!-- \/wp:separator --><\/div>\n<!-- \/wp:group -->\n\n<!-- wp:divi\/layout -->\n<div class=\"wp-block-divi-layout\">[et_pb_section fb_built=\"1\" admin_label=\"Features\" _builder_version=\"4.4.2\" background_size=\"initial\" background_position=\"top_left\" width=\"100%\" max_width=\"500px\" module_alignment=\"left\" custom_margin=\"|0px||-1px|false|false\" custom_padding=\"0px|0px|0px|0px|false|false\" saved_tabs=\"all\" collapsed=\"off\"][et_pb_row column_padding_mobile=\"on\" custom_padding_last_edited=\"on|phone\" _builder_version=\"4.4.2\" background_size=\"initial\" background_position=\"top_left\" background_repeat=\"repeat\" width=\"auto\" max_width=\"1280px\" custom_margin=\"0px|0px|0px|0px|false|false\" custom_padding=\"10px|2px|10px|0px|false|false\" custom_padding_tablet=\"49px|||\" custom_padding_phone=\"19px|||\" use_custom_width=\"on\" custom_width_px=\"1280px\"][et_pb_column type=\"4_4\" _builder_version=\"3.25\" custom_padding=\"|||\" custom_padding__hover=\"|||\"][et_pb_blurb title=\"SECTOR AUTOMOTR\u00cdZ\" image=\"https:\/\/reports.eyewatch.me\/dc\/wp-content\/uploads\/sites\/10\/2020\/04\/icon_conversation-1.png\" icon_placement=\"left\" image_max_width=\"69px\" _builder_version=\"4.4.7\" header_level=\"h1\" custom_margin=\"|||0px|false|false\" custom_padding=\"|||1px|false|false\"][\/et_pb_blurb][\/et_pb_column][\/et_pb_row][\/et_pb_section]<\/div>\n<!-- \/wp:divi\/layout -->\n\n<!-- wp:paragraph -->\n<p><em><em>Menciones en redes sociales, medios y blogs en espa\u00f1ol sobre marcas de veh\u00edculos y automotrices relacionadas con<\/em> campa\u00f1as por el medio ambiente y acci\u00f3n social.<\/em><\/p>\n<!-- \/wp:paragraph -->\n\n<!-- wp:heading -->\n<h2>Evoluci\u00f3n de la conversaci\u00f3n - \u00faltimos 7 d\u00edas<\/h2>\n<!-- \/wp:heading -->\n\n<!-- wp:group -->\n<div class=\"wp-block-group\"><!-- wp:columns -->\n<div class=\"wp-block-columns\"><!-- wp:column -->\n<div class=\"wp-block-column\"><!-- wp:heading {\"level\":4} -->\n<h4><img class=\"wp-image-592\" style=\"width: 40px\" src=\"https:\/\/reports.eyewatch.me\/pc\/wp-content\/uploads\/sites\/3\/2020\/04\/icon_Artboard-3@3x-1.png\" alt=\"\">     2.1K usuarios<\/h4>\n<!-- \/wp:heading -->\n\n<!-- wp:paragraph -->\n<p><\/p>\n<!-- \/wp:paragraph --><\/div>\n<!-- \/wp:column -->\n\n<!-- wp:column -->\n<div class=\"wp-block-column\"><!-- wp:heading {\"textAlign\":\"left\",\"level\":4} -->\n<h4 class=\"has-text-align-left\"> <img class=\"wp-image-589\" style=\"width: 40px\" src=\"https:\/\/reports.eyewatch.me\/pc\/wp-content\/uploads\/sites\/3\/2020\/04\/icon_Artboard-3-copy-3@3x.png\" alt=\"\">    4.7<strong>K <\/strong>menciones<br><\/h4>\n<!-- \/wp:heading --><\/div>\n<!-- \/wp:column --><\/div>\n<!-- \/wp:columns --><\/div>\n<!-- \/wp:group -->\n\n<!-- wp:image {\"id\":2291,\"sizeSlug\":\"full\",\"linkDestination\":\"none\"} -->\n<figure class=\"wp-block-image size-full\"><img src=\"https:\/\/reports.eyewatch.me\/dc\/wp-content\/uploads\/sites\/10\/2021\/09\/76.jpg\" alt=\"\" class=\"wp-image-2291\"\/><\/figure>\n<!-- \/wp:image -->\n\n<!-- wp:separator -->\n<hr class=\"wp-block-separator\"\/>\n<!-- \/wp:separator -->\n\n<!-- wp:heading -->\n<h2>Evoluci\u00f3n por categor\u00eda<\/h2>\n<!-- \/wp:heading -->\n\n<!-- wp:image {\"id\":2309,\"sizeSlug\":\"full\",\"linkDestination\":\"none\"} -->\n<figure class=\"wp-block-image size-full\"><img src=\"https:\/\/reports.eyewatch.me\/dc\/wp-content\/uploads\/sites\/10\/2021\/09\/10.jpg\" alt=\"\" class=\"wp-image-2309\"\/><\/figure>\n<!-- \/wp:image -->\n\n<!-- wp:separator -->\n<hr class=\"wp-block-separator\"\/>\n<!-- \/wp:separator -->\n\n<!-- wp:heading -->\n<h2>Temas destacados<\/h2>\n<!-- \/wp:heading -->\n\n<!-- wp:paragraph -->\n<p><em>\u00daltimas 96hs<\/em><\/p>\n<!-- \/wp:paragraph -->\n\n<!-- wp:paragraph -->\n<p><\/p>\n<!-- \/wp:paragraph -->\n\n<!-- wp:list -->\n<ul><li><strong>KIA Ec<\/strong>.<\/li><\/ul>\n<!-- \/wp:list -->\n\n<!-- wp:separator -->\n<hr class=\"wp-block-separator\"\/>\n<!-- \/wp:separator -->\n\n<!-- wp:heading -->\n<h2>Contenidos destacados en redes sociales<\/h2>\n<!-- \/wp:heading -->\n\n<!-- wp:paragraph -->\n<p><em>\u00daltimas 96hs<\/em><\/p>\n<!-- \/wp:paragraph -->\n\n<!-- wp:separator -->\n<hr class=\"wp-block-separator\"\/>\n<!-- \/wp:separator -->\n\n<!-- wp:heading -->\n<h2>Contenidos destacados en medios y blogs<\/h2>\n<!-- \/wp:heading -->\n\n<!-- wp:paragraph -->\n<p><em>\u00daltimas 96hs<\/em><\/p>\n<!-- \/wp:paragraph -->\n\n<!-- wp:columns -->\n<div class=\"wp-block-columns\"><!-- wp:column -->\n<div class=\"wp-block-column\"><!-- wp:quote {\"align\":\"left\"} -->\n<blockquote class=\"wp-block-quote has-text-align-left\"><p><em>Cami\u00f3n el\u00e9ctrico Futuricum logra recorrer 1.000Km con una sola carga de bater\u00eda <\/em><\/p><cite><strong>ADSL ZONE<\/strong><\/cite><\/blockquote>\n<!-- \/wp:quote -->\n\n<!-- wp:buttons -->\n<div class=\"wp-block-buttons\"><!-- wp:button -->\n<div class=\"wp-block-button\"><a class=\"wp-block-button__link\" href=\"https:\/\/www.adslzone.net\/e-movilidad\/noticias-en-marcha\/camion-electrico-1-000-km-futuricum\/\">IR A LA NOTA<\/a><\/div>\n<!-- \/wp:button --><\/div>\n<!-- \/wp:buttons --><\/div>\n<!-- \/wp:column -->\n\n<!-- wp:column -->\n<div class=\"wp-block-column\"><!-- wp:quote {\"align\":\"left\"} -->\n<blockquote class=\"wp-block-quote has-text-align-left\"><p><em>Guanajuato producir\u00e1 llanatas para veh\u00edculos el\u00e9ctricos de Tesla y Ludic Motors<\/em><\/p><cite><strong>AM<\/strong><\/cite><\/blockquote>\n<!-- \/wp:quote -->\n\n<!-- wp:buttons -->\n<div class=\"wp-block-buttons\"><!-- wp:button -->\n<div class=\"wp-block-button\"><a class=\"wp-block-button__link\" href=\"https:\/\/www.am.com.mx\/guanajuato\/valor-agregado\/Guanajuato-producira-llantas-para-vehiculos-electricos-de-Tesla-y-Lucid-Motors-20210902-0009.html\">IR A LA NOTA<\/a><\/div>\n<!-- \/wp:button --><\/div>\n<!-- \/wp:buttons --><\/div>\n<!-- \/wp:column --><\/div>\n<!-- \/wp:columns -->\n\n<!-- wp:columns -->\n<div class=\"wp-block-columns\"><!-- wp:column -->\n<div class=\"wp-block-column\"><!-- wp:quote {\"align\":\"left\"} -->\n<blockquote class=\"wp-block-quote has-text-align-left\"><p><em>Mitsubishi vende su participaci\u00f3n del Proyecto Fosfatos del Pac\u00edfico<\/em><\/p><cite><strong>EXPRESO<\/strong><\/cite><\/blockquote>\n<!-- \/wp:quote -->\n\n<!-- wp:buttons -->\n<div class=\"wp-block-buttons\"><!-- wp:button -->\n<div class=\"wp-block-button\"><a class=\"wp-block-button__link\" href=\"https:\/\/www.expreso.com.pe\/economia\/mitsubishi-se-va-del-proyecto-fosfatos-del-pacifico-en-piura\/\">IR A LA NOTA<\/a><\/div>\n<!-- \/wp:button --><\/div>\n<!-- \/wp:buttons --><\/div>\n<!-- \/wp:column -->\n\n<!-- wp:column -->\n<div class=\"wp-block-column\"><!-- wp:quote {\"align\":\"left\"} -->\n<blockquote class=\"wp-block-quote has-text-align-left\"><p><em>Plantas de ensamblaje en Espa\u00f1a comienzan a pararse ante el desabastecimiento mundial de microchips<\/em><\/p><cite><strong>EL DIARO ES<\/strong><\/cite><\/blockquote>\n<!-- \/wp:quote -->\n\n<!-- wp:buttons -->\n<div class=\"wp-block-buttons\"><!-- wp:button -->\n<div class=\"wp-block-button\"><a class=\"wp-block-button__link\" href=\"https:\/\/www.eldiario.es\/tecnologia\/crisis-chips-paraliza-sector-automovil-no-hay-coches-atender-demanda_1_8267233.html\">IR A LA NOTA<\/a><\/div>\n<!-- \/wp:button --><\/div>\n<!-- \/wp:buttons --><\/div>\n<!-- \/wp:column --><\/div>\n<!-- \/wp:columns -->","_et_gb_content_width":"","footnotes":"","_links_to":"","_links_to_target":""},"categories":[18],"tags":[],"class_list":["post-5192","post","type-post","status-publish","format-standard","hentry","category-buzz-tracker"],"jetpack_featured_media_url":"","_links":{"self":[{"href":"https:\/\/reports.eyewatch.me\/dc\/wp-json\/wp\/v2\/posts\/5192","targetHints":{"allow":["GET"]}}],"collection":[{"href":"https:\/\/reports.eyewatch.me\/dc\/wp-json\/wp\/v2\/posts"}],"about":[{"href":"https:\/\/reports.eyewatch.me\/dc\/wp-json\/wp\/v2\/types\/post"}],"author":[{"embeddable":true,"href":"https:\/\/reports.eyewatch.me\/dc\/wp-json\/wp\/v2\/users\/82"}],"replies":[{"embeddable":true,"href":"https:\/\/reports.eyewatch.me\/dc\/wp-json\/wp\/v2\/comments?post=5192"}],"version-history":[{"count":1,"href":"https:\/\/reports.eyewatch.me\/dc\/wp-json\/wp\/v2\/posts\/5192\/revisions"}],"predecessor-version":[{"id":5193,"href":"https:\/\/reports.eyewatch.me\/dc\/wp-json\/wp\/v2\/posts\/5192\/revisions\/5193"}],"wp:attachment":[{"href":"https:\/\/reports.eyewatch.me\/dc\/wp-json\/wp\/v2\/media?parent=5192"}],"wp:term":[{"taxonomy":"category","embeddable":true,"href":"https:\/\/reports.eyewatch.me\/dc\/wp-json\/wp\/v2\/categories?post=5192"},{"taxonomy":"post_tag","embeddable":true,"href":"https:\/\/reports.eyewatch.me\/dc\/wp-json\/wp\/v2\/tags?post=5192"}],"curies":[{"name":"wp","href":"https:\/\/api.w.org\/{rel}","templated":true}]}}