{"id":5162,"date":"2022-06-20T15:52:39","date_gmt":"2022-06-20T15:52:39","guid":{"rendered":"https:\/\/reports.eyewatch.me\/dc\/?p=5162"},"modified":"2022-06-20T15:52:39","modified_gmt":"2022-06-20T15:52:39","slug":"resumen-20-de-junio","status":"publish","type":"post","link":"https:\/\/reports.eyewatch.me\/dc\/resumen-20-de-junio\/","title":{"rendered":"Resumen 20 de Junio"},"content":{"rendered":"<div id=\"fb-root\"><\/div>\n\n<h2 class=\"wp-block-heading\" id=\"temas-destacados\">Temas destacados<\/h2>\n\n\n\n<p><strong><strong>DESARROLLO SOCIAL<\/strong><\/strong><\/p>\n\n\n\n<ul class=\"wp-block-list\"><li><strong>Banco Santander<\/strong> colabora con organizaciones no gubernamentales trabajan a diario con refugiados prestando apoyo psicol\u00f3gico, econ\u00f3mico y social.<\/li><li><strong>Nestl\u00e9<\/strong> M\u00e9xico brinda a sus trabajadores la posibilidad de asumir licencias por paternidad como parte de su plan de equidad de g\u00e9nero.<\/li><li><strong>Brico Dep\u00f4t<\/strong> entrega 15.000 euros a la Cruz Roja para destinar en ayuda a personas refugiadas provenientes de Ucrania.<\/li><li><strong>Mail Boxes<\/strong> colabora con la Fundaci\u00f3n Crecer Jugando lanzando una campa\u00f1a de recolecci\u00f3n de juguetes que luego se entregar\u00e1n a ni\u00f1os de pocos recursos.<\/li><li><strong>Tigo<\/strong> recibe premio a la Excelencia Empresarial Paul Harris por su aporte educativo en Bolivia.<\/li><li><strong>C\u00e1lidda y Mibanco<\/strong> promover\u00e1n educaci\u00f3n financiera en m\u00e1s de 100 comedores populares.<\/li><li><strong>Bimbo<\/strong> brinda apoyo a estudiantes de primaria en Lima junto a la organizaci\u00f3n C\u00e1ritas entregando \u00fatiles escolares.<\/li><li><strong>BBVA <\/strong>eleva apuesta por Tigo que busca conectar a m\u00e1s zonas rurales del pa\u00eds.<\/li><\/ul>\n\n\n\n<p><\/p>\n\n\n\n<p><strong>AMBIENTAL<\/strong><\/p>\n\n\n\n<ul class=\"wp-block-list\"><li><strong>CBN<\/strong> logra reducir un 25% de su consumo energ\u00e9tico a trav\u00e9s de la implementaci\u00f3n de paneles solares.<\/li><li><strong>BBVA<\/strong> firma una financiaci\u00f3n sostenible de 20M\u20ac con DEME.<\/li><li><strong>Grupo Bimbo <\/strong>da a conocer su nueva estrategia sustentable 2030 buscando alcanzar las cero emisiones netas de carbono.<\/li><li><strong>PUMA<\/strong> obtiene el t\u00edtulo como marca m\u00e1s sostenible del mundo de la moda.<\/li><li><strong>Johnnie Walker, Smirnoff, Baileys, Tanqueray y Guinness<\/strong> entre otras eliminan la caja de cart\u00f3n y buscan alternativas m\u00e1s ecol\u00f3gicas a sus botellas.<\/li><li><strong>Dole Diversified<\/strong> incorpora flota el\u00e9ctrica de camiones con el fin de reducir su huella de carbono.<\/li><li><strong>WOM <\/strong>ha rescatado m\u00e1s de 42.000kg de residuos aprovechables en su primer a\u00f1o de operaci\u00f3n.<\/li><li><strong>BBVA<\/strong> M\u00e9xico junto a la UNAM ampl\u00edan la investigaci\u00f3n en materia de financiamiento digital y proyectos productivos sostenibles.<\/li><li><strong>Ford<\/strong> donar\u00e1 miles de d\u00f3lares a mejores proyectos ambientales costarricenses.<\/li><\/ul>\n\n\n\n<p><\/p>\n\n\n\n<p><strong>SECTOR AUTOMOTRIZ<\/strong><\/p>\n\n\n\n<ul class=\"wp-block-list\"><li>Pr\u00f3ximos veh\u00edculos de <strong>Volkswagen <\/strong>contar\u00e1n con una autonom\u00eda de hasta 1000km.<\/li><li><strong>Sony Honda Mobility Inc.<\/strong> ser\u00e1 el nombre de la alianza entre las dos marcas que esperan lanzar su primer veh\u00edculo el\u00e9ctrico en 2025.<\/li><li><strong>Ferrari<\/strong> informa que para 2030 el 80% de sus autos ser\u00e1n el\u00e9ctricos o h\u00edbridos y lanzar\u00e1 el primer veh\u00edculo 100% el\u00e9ctrico 2025.<\/li><li><strong>Tesla <\/strong>podr\u00eda perder su liderazgo en los veh\u00edculos el\u00e9ctricos.<\/li><li><strong>GM<\/strong> anuncia la llegada de nuevos veh\u00edculos Chevrolet 100% el\u00e9ctricos para Sudam\u00e9rica.<\/li><li><strong>Litio,<\/strong> cobalto o n\u00edquel: crisis de \u2018commodities\u2019 pone en aprietos a la industria de veh\u00edculos el\u00e9ctricos.<\/li><li><strong>BMW<\/strong> invertir\u00e1 1.000 millones hasta 2030 en su planta de Austria para fabricar motores el\u00e9ctricos.<\/li><li>El P<strong>arlamento Europeo<\/strong> vota la prohibici\u00f3n de la venta de coches con motor de combusti\u00f3n desde 2035.<\/li><li>El fabricante chino<strong> Chery<\/strong> present\u00f3 en Brasil al iCar, su propuesta de auto urbano para la regi\u00f3n. Competir\u00e1 con los JAC E10X y Renault Kwid E-Tech.<\/li><li><strong>Lightyear <\/strong>0, el primer auto con paneles solares, comenzar\u00e1 a producirse este a\u00f1o.<\/li><li><strong>Peugot<\/strong> presenta el nuevo modelo 3008 Hybrid 4.<\/li><li><strong>Renault <\/strong>vende el primer lote de unidades 750 Kwid E-Tech.<\/li><li><strong>Renault<\/strong> presenta las \u00faltimas innovaciones en sonido para nuevos veh\u00edculos el\u00e9ctricos.<\/li><li><strong>Auto burbuja<\/strong>: una interpretaci\u00f3n de la movilidad aut\u00f3noma del futuro.<\/li><li><strong>BMW<\/strong> inaugura las nuevas instalaciones de CEVER Santa Fe.<\/li><li><strong>Scania<\/strong> M\u00e9xico impulsa la movilidad sustentable con tractocami\u00f3n a Gas Natural Licuado.<\/li><\/ul>\n","protected":false},"excerpt":{"rendered":"<p>DERCO CENTER |<\/p>\n","protected":false},"author":82,"featured_media":0,"comment_status":"closed","ping_status":"closed","sticky":false,"template":"","format":"standard","meta":{"_et_pb_use_builder":"off","_et_pb_old_content":"<!-- wp:heading -->\n<h2>Temas destacados<\/h2>\n<!-- \/wp:heading -->\n\n<!-- wp:paragraph -->\n<p><strong><strong>DESARROLLO SOCIAL<\/strong><\/strong><\/p>\n<!-- \/wp:paragraph -->\n\n<!-- wp:list -->\n<ul><li><strong>Scotiabank Colombia<\/strong> apunta a aumentar la participaci\u00f3n de mujeres en juntas directivas.<\/li><li><strong>Tigo <\/strong>contin\u00faa consolidando su trabajo voluntario.<\/li><li><strong>Nestl\u00e9 Guatemala<\/strong> dona productos l\u00e1cteos para ni\u00f1os en situaci\u00f3n de vulnerabilidad.<\/li><li><strong>Gripo Cenoa Argentina <\/strong>entrega donaciones para el banco de alimentos de Jujuy.<\/li><li><strong>Coca-Cola<\/strong> impulsa el empoderamiento de mujeres de Latinoam\u00e9rica mediante el apoyo a sus peque\u00f1os negocios.<\/li><li><strong>Banco de Bogot\u00e1<\/strong> anuncia que se une a Telet\u00f3n Renace.<\/li><li><strong>Banbif Per\u00fa <\/strong>realiza colecta interna para abastecer de alimentos para las familias m\u00e1s vulnerables.<\/li><li><strong>P&amp;G Espa\u00f1a <\/strong>se compromete a desarrollar 21 proyectos para abordar los desaf\u00edos relacionados con Impacto en la comunidad, Igualdad e Inclusi\u00f3n y Sostenibilidad medioambiental.<\/li><li><strong>Moderna Alimentos Ecuador<\/strong> entrega m\u00e1s de 45 mil Kg de alimentos durante el 2021.<\/li><li><strong>Coca Cola junto a Cruz Roja Argentina <\/strong>donan insumos al Hospital de ni\u00f1os Ricardo Guti\u00e9rrez.<\/li><\/ul>\n<!-- \/wp:list -->\n\n<!-- wp:paragraph -->\n<p><\/p>\n<!-- \/wp:paragraph -->\n\n<!-- wp:paragraph -->\n<p><strong>AMBIENTAL<\/strong><\/p>\n<!-- \/wp:paragraph -->\n\n<!-- wp:list -->\n<ul><li><strong>La Fundaci\u00f3n BBVA<\/strong> anuncia la convocatoria 2021 de Ayudas a Proyectos de Investigaci\u00f3n Cient\u00edfica en las \u00e1reas de Cambio Clim\u00e1tico y Ecolog\u00eda y Biolog\u00eda de la Conservaci\u00f3n.<\/li><li><strong>McDonald\u2019s<\/strong>\u00a0inaugura su primer restaurante con cero emisiones en Reino Unido.<\/li><li><strong>Repsol<\/strong> ampl\u00eda su gama de materiales de baja huella de carbono.<\/li><li><strong>Repsol <\/strong>colaborara con nuevo ecocombustible 100% renovable en Dakar 2022.<\/li><li><strong>Terpel Panam\u00e1<\/strong> y su equipo han reciclado m\u00e1s de una tonelada de materiales durante el 2021 y sembrado m\u00e1s de una docena de \u00e1rboles.<\/li><li><strong>Bancolombia <\/strong>ampli\u00f3 su l\u00ednea de financiaci\u00f3n sostenible.<\/li><li><strong>Equipetrol<\/strong> cambia su matriz en\u00e9rgica a energ\u00eda renovable como contribuci\u00f3n al medio ambiente.<\/li><li><strong>Data for life<\/strong> Espa\u00f1a crea app que permite calcular la huella de carbono.<\/li><li><strong>Grupo BBVA <\/strong>entrega 11,5 millones de tarjetas recicladas.<\/li><li><strong>Coca-Cola Argentina <\/strong>presenta sus acciones de verano para el cuidado del ambiente en diferentes centros tur\u00edsticos.<\/li><\/ul>\n<!-- \/wp:list -->\n\n<!-- wp:paragraph -->\n<p><\/p>\n<!-- \/wp:paragraph -->\n\n<!-- wp:paragraph -->\n<p><\/p>\n<!-- \/wp:paragraph -->\n\n<!-- wp:paragraph -->\n<p><\/p>\n<!-- \/wp:paragraph -->\n\n<!-- wp:paragraph -->\n<p><strong>SECTOR AUTOMOTRIZ<\/strong><\/p>\n<!-- \/wp:paragraph -->\n\n<!-- wp:list -->\n<ul><li><strong>Toyota<\/strong> c+pod se posiciona como el coche el\u00e9ctrico m\u00e1s brato del mundo.<\/li><li><strong>Hyundai <\/strong>est\u00e1 dejando de desarrollar nuevos motores de combusti\u00f3n para realizar una transici\u00f3n a los veh\u00edculos el\u00e9ctricos.<\/li><li><strong>Ford<\/strong> h\u00edbridas F150 permiten recargar otros veh\u00edculos el\u00e9ctricos.<\/li><li>En Suecia, instalan una v\u00eda que recarga veh\u00edculos el\u00e9ctricos mientras transitan por ella.<\/li><li><strong>Jac<\/strong> fue la marca m\u00e1s vendida de coches el\u00e9ctricos en M\u00e9xico.<\/li><li><strong>Jaguar <\/strong>llega a Chile con su primer auto 100% el\u00e9ctrico.<\/li><li><strong>Waymo<\/strong> anuncia colaboraci\u00f3n con Geely para Driver en nueva versi\u00f3n de Zeekr.<\/li><li><strong>Citro\u00ebn<\/strong>\u00a0presenta el nuevo coche C3 en Argentina.<\/li><li><strong>Ford<\/strong> Mustang proveer\u00e1 de autos el\u00e9ctricos a la empresa de taxis Gravity en Estados Unidos.<\/li><li><strong>Saic Motor y MG<\/strong> invierten m\u00e1s de US$45 millones en nueva movilidad.<\/li><li><strong>Tesla<\/strong> retira del mercado m\u00e1s de 475 mil autos el\u00e9ctricos por problemas de seguridad.<\/li><li>La planta de <strong>Nissan<\/strong> en Barcelona tiene nuevo due\u00f1o: se la queda el grupo liderado por QEV Technologies para fabricar coches el\u00e9ctricos.<\/li><\/ul>\n<!-- \/wp:list -->\n\n<!-- wp:paragraph -->\n<p><\/p>\n<!-- \/wp:paragraph -->","_et_gb_content_width":"","footnotes":"","_links_to":"","_links_to_target":""},"categories":[18],"tags":[],"class_list":["post-5162","post","type-post","status-publish","format-standard","hentry","category-buzz-tracker"],"jetpack_featured_media_url":"","_links":{"self":[{"href":"https:\/\/reports.eyewatch.me\/dc\/wp-json\/wp\/v2\/posts\/5162","targetHints":{"allow":["GET"]}}],"collection":[{"href":"https:\/\/reports.eyewatch.me\/dc\/wp-json\/wp\/v2\/posts"}],"about":[{"href":"https:\/\/reports.eyewatch.me\/dc\/wp-json\/wp\/v2\/types\/post"}],"author":[{"embeddable":true,"href":"https:\/\/reports.eyewatch.me\/dc\/wp-json\/wp\/v2\/users\/82"}],"replies":[{"embeddable":true,"href":"https:\/\/reports.eyewatch.me\/dc\/wp-json\/wp\/v2\/comments?post=5162"}],"version-history":[{"count":1,"href":"https:\/\/reports.eyewatch.me\/dc\/wp-json\/wp\/v2\/posts\/5162\/revisions"}],"predecessor-version":[{"id":5163,"href":"https:\/\/reports.eyewatch.me\/dc\/wp-json\/wp\/v2\/posts\/5162\/revisions\/5163"}],"wp:attachment":[{"href":"https:\/\/reports.eyewatch.me\/dc\/wp-json\/wp\/v2\/media?parent=5162"}],"wp:term":[{"taxonomy":"category","embeddable":true,"href":"https:\/\/reports.eyewatch.me\/dc\/wp-json\/wp\/v2\/categories?post=5162"},{"taxonomy":"post_tag","embeddable":true,"href":"https:\/\/reports.eyewatch.me\/dc\/wp-json\/wp\/v2\/tags?post=5162"}],"curies":[{"name":"wp","href":"https:\/\/api.w.org\/{rel}","templated":true}]}}