{"id":5161,"date":"2022-06-20T15:52:41","date_gmt":"2022-06-20T15:52:41","guid":{"rendered":"https:\/\/reports.eyewatch.me\/dc\/?p=5161"},"modified":"2022-06-20T15:52:41","modified_gmt":"2022-06-20T15:52:41","slug":"buzz-tracker-20-de-junio-2022","status":"publish","type":"post","link":"https:\/\/reports.eyewatch.me\/dc\/buzz-tracker-20-de-junio-2022\/","title":{"rendered":"Buzz Tracker | 20 de Junio 2022"},"content":{"rendered":"<div id=\"fb-root\"><\/div>\n\n<p><\/p>\n\n\n\n<div class=\"wp-block-divi-layout\">[et_pb_section fb_built=&#8221;1&#8243; admin_label=&#8221;Features&#8221; _builder_version=&#8221;4.4.2&#8243; background_size=&#8221;initial&#8221; background_position=&#8221;top_left&#8221; width=&#8221;100%&#8221; max_width=&#8221;500px&#8221; module_alignment=&#8221;left&#8221; custom_margin=&#8221;|0px||-1px|false|false&#8221; custom_padding=&#8221;0px|0px|0px|0px|false|false&#8221; saved_tabs=&#8221;all&#8221; collapsed=&#8221;off&#8221;][et_pb_row column_padding_mobile=&#8221;on&#8221; custom_padding_last_edited=&#8221;on|phone&#8221; _builder_version=&#8221;4.4.2&#8243; background_size=&#8221;initial&#8221; background_position=&#8221;top_left&#8221; background_repeat=&#8221;repeat&#8221; width=&#8221;auto&#8221; max_width=&#8221;1280px&#8221; custom_margin=&#8221;0px|0px|0px|0px|false|false&#8221; custom_padding=&#8221;10px|2px|10px|0px|false|false&#8221; custom_padding_tablet=&#8221;49px|||&#8221; custom_padding_phone=&#8221;19px|||&#8221; use_custom_width=&#8221;on&#8221; custom_width_px=&#8221;1280px&#8221;][et_pb_column type=&#8221;4_4&#8243; _builder_version=&#8221;3.25&#8243; custom_padding=&#8221;|||&#8221; custom_padding__hover=&#8221;|||&#8221;][et_pb_blurb title=&#8221;DESARROLLO SOCIAL&#8221; image=&#8221;https:\/\/reports.eyewatch.me\/pc\/wp-content\/uploads\/sites\/3\/2020\/04\/icon_Artboard-3-100.jpg&#8221; icon_placement=&#8221;left&#8221; image_max_width=&#8221;69px&#8221; _builder_version=&#8221;4.4.2&#8243; header_level=&#8221;h1&#8243; custom_margin=&#8221;|||0px|false|false&#8221; custom_padding=&#8221;|||1px|false|false&#8221;][\/et_pb_blurb][\/et_pb_column][\/et_pb_row][\/et_pb_section]<\/div>\n\n\n\n<p><em><em>Menciones en redes sociales, medios y blogs en espa\u00f1ol sobre marcas y empresas vinculadas a<\/em> voluntariados, desarrollo social, campa\u00f1as solidarias, inclusi\u00f3n, y t\u00e9rminos afines.<\/em><\/p>\n\n\n\n<hr class=\"wp-block-separator has-css-opacity\" \/>\n\n\n\n<h2 class=\"wp-block-heading\" id=\"evolucion-de-la-conversacion-ultimos-7-dias\">Evoluci\u00f3n de la conversaci\u00f3n &#8211; \u00daltimos 7 d\u00edas<\/h2>\n\n\n\n<div class=\"wp-block-columns is-layout-flex wp-container-core-columns-is-layout-9d6595d7 wp-block-columns-is-layout-flex\">\n<div class=\"wp-block-column is-layout-flow wp-block-column-is-layout-flow\">\n<h4 class=\"wp-block-heading\" id=\"1-0k-menciones\"><img loading=\"lazy\" decoding=\"async\" width=\"121\" height=\"121\" class=\"wp-image-592\" style=\"width: 40px\" src=\"https:\/\/reports.eyewatch.me\/pc\/wp-content\/uploads\/sites\/3\/2020\/04\/icon_Artboard-3@3x-1.png\" alt=\"\">942 MENCIONES<\/h4>\n<\/div>\n\n\n\n<div class=\"wp-block-column is-layout-flow wp-block-column-is-layout-flow\">\n<h4 class=\"has-text-align-left wp-block-heading\" id=\"291-usuarios\"> <img loading=\"lazy\" decoding=\"async\" width=\"121\" height=\"121\" class=\"wp-image-589\" style=\"width: 40px\" src=\"https:\/\/reports.eyewatch.me\/pc\/wp-content\/uploads\/sites\/3\/2020\/04\/icon_Artboard-3-copy-3@3x.png\" alt=\"\">131 uSUARIOS<br><\/h4>\n<\/div>\n<\/div>\n\n\n\n<figure class=\"wp-block-image size-full\"><img loading=\"lazy\" decoding=\"async\" width=\"801\" height=\"392\" src=\"https:\/\/reports.eyewatch.me\/dc\/wp-content\/uploads\/sites\/10\/2022\/06\/55.jpg\" alt=\"\" class=\"wp-image-5140\" srcset=\"https:\/\/reports.eyewatch.me\/dc\/wp-content\/uploads\/sites\/10\/2022\/06\/55.jpg 801w, https:\/\/reports.eyewatch.me\/dc\/wp-content\/uploads\/sites\/10\/2022\/06\/55-480x235.jpg 480w\" sizes=\"(min-width: 0px) and (max-width: 480px) 480px, (min-width: 481px) 801px, 100vw\" \/><\/figure>\n\n\n\n<div style=\"height:20px\" aria-hidden=\"true\" class=\"wp-block-spacer\"><\/div>\n\n\n\n<hr class=\"wp-block-separator has-css-opacity is-style-wide\" \/>\n\n\n\n<h2 class=\"wp-block-heading\" id=\"evolucion-por-categorias\">Evoluci\u00f3n por categor\u00edas<\/h2>\n\n\n\n<figure class=\"wp-block-image size-full\"><img loading=\"lazy\" decoding=\"async\" width=\"798\" height=\"405\" src=\"https:\/\/reports.eyewatch.me\/dc\/wp-content\/uploads\/sites\/10\/2022\/06\/54.jpg\" alt=\"\" class=\"wp-image-5139\" srcset=\"https:\/\/reports.eyewatch.me\/dc\/wp-content\/uploads\/sites\/10\/2022\/06\/54.jpg 798w, https:\/\/reports.eyewatch.me\/dc\/wp-content\/uploads\/sites\/10\/2022\/06\/54-480x244.jpg 480w\" sizes=\"(min-width: 0px) and (max-width: 480px) 480px, (min-width: 481px) 798px, 100vw\" \/><\/figure>\n\n\n\n<div style=\"height:20px\" aria-hidden=\"true\" class=\"wp-block-spacer\"><\/div>\n\n\n\n<hr class=\"wp-block-separator has-css-opacity\" \/>\n\n\n\n<h2 class=\"wp-block-heading\" id=\"temas-destacados\">Temas destacados<\/h2>\n\n\n\n<p><em> <em>\u00daltimas <em><em>96h<\/em><\/em><\/em><\/em><\/p>\n\n\n\n<ul class=\"wp-block-list\"><li><strong>Banco Santander<\/strong> colabora con organizaciones no gubernamentales trabajan a diario con refugiados prestando apoyo psicol\u00f3gico, econ\u00f3mico y social.<\/li><li><strong>Nestl\u00e9<\/strong> M\u00e9xico brinda a sus trabajadores la posibilidad de asumir licencias por paternidad como parte de su plan de equidad de g\u00e9nero.<\/li><li><strong>Brico Dep\u00f4t<\/strong> entrega 15.000 euros a la Cruz Roja para destinar en ayuda a personas refugiadas provenientes de Ucrania.<\/li><li><strong>Mail Boxes<\/strong> colabora con la Fundaci\u00f3n Crecer Jugando lanzando una campa\u00f1a de recolecci\u00f3n de juguetes que luego se entregar\u00e1n a ni\u00f1os de pocos recursos.<\/li><li><strong>Tigo<\/strong> recibe premio a la Excelencia Empresarial Paul Harris por su aporte educativo en Bolivia.<\/li><li><strong>C\u00e1lidda y Mibanco<\/strong> promover\u00e1n educaci\u00f3n financiera en m\u00e1s de 100 comedores populares.<\/li><li><strong>Bimbo<\/strong> brinda apoyo a estudiantes de primaria en Lima junto a la organizaci\u00f3n C\u00e1ritas entregando \u00fatiles escolares.<\/li><li><strong>BBVA <\/strong>eleva apuesta por Tigo que busca conectar a m\u00e1s zonas rurales del pa\u00eds.<\/li><\/ul>\n\n\n\n<div class=\"wp-block-group is-layout-flow wp-block-group-is-layout-flow\">\n<div class=\"wp-block-group is-layout-flow wp-block-group-is-layout-flow\">\n<hr class=\"wp-block-separator has-css-opacity\" \/>\n\n\n\n<h2 class=\"wp-block-heading\" id=\"contenidos-destacados-en-redes-sociales\">Contenidos destacados en redes sociales<\/h2>\n\n\n\n<p><\/p>\n<\/div>\n\n\n\n<div class=\"wp-block-columns is-layout-flex wp-container-core-columns-is-layout-9d6595d7 wp-block-columns-is-layout-flex\">\n<div class=\"wp-block-column is-layout-flow wp-block-column-is-layout-flow\">\n<figure class=\"wp-block-embed is-type-rich is-provider-twitter wp-block-embed-twitter\"><div class=\"wp-block-embed__wrapper\">\n<blockquote class=\"twitter-tweet\" data-width=\"550\" data-dnt=\"true\"><p lang=\"es\" dir=\"ltr\">Una huida hacia la supervivencia y la vida, Banco Santander colabora con organizaciones no gubernamentales trabajan a diario con refugiados prestando apoyo psicol\u00f3gico, econ\u00f3mico y social.<a href=\"https:\/\/twitter.com\/hashtag\/diamundialdelrefugiado?src=hash&amp;ref_src=twsrc%5Etfw\">#diamundialdelrefugiado<\/a><br>Contenido ofrecido por <a href=\"https:\/\/twitter.com\/santander_es?ref_src=twsrc%5Etfw\">@santander_es<\/a> <br> <a href=\"https:\/\/t.co\/ESA4XFiykS\">https:\/\/t.co\/ESA4XFiykS<\/a><\/p>&mdash; Diario C\u00d3RDOBA (@cordoba) <a href=\"https:\/\/twitter.com\/cordoba\/status\/1538839082750582786?ref_src=twsrc%5Etfw\">June 20, 2022<\/a><\/blockquote><script async src=\"https:\/\/platform.twitter.com\/widgets.js\" charset=\"utf-8\"><\/script>\n<\/div><\/figure>\n<\/div>\n\n\n\n<div class=\"wp-block-column is-layout-flow wp-block-column-is-layout-flow\">\n<figure class=\"wp-block-embed is-type-rich is-provider-twitter wp-block-embed-twitter\"><div class=\"wp-block-embed__wrapper\">\nhttps:\/\/twitter.com\/Expok\/status\/1538548096099049472\n<\/div><\/figure>\n<\/div>\n<\/div>\n\n\n\n<div class=\"wp-block-columns is-layout-flex wp-container-core-columns-is-layout-9d6595d7 wp-block-columns-is-layout-flex\">\n<div class=\"wp-block-column is-layout-flow wp-block-column-is-layout-flow\">\n<figure class=\"wp-block-image size-full\"><img loading=\"lazy\" decoding=\"async\" width=\"395\" height=\"676\" src=\"https:\/\/reports.eyewatch.me\/dc\/wp-content\/uploads\/sites\/10\/2022\/06\/64.jpg\" alt=\"\" class=\"wp-image-5158\" srcset=\"https:\/\/reports.eyewatch.me\/dc\/wp-content\/uploads\/sites\/10\/2022\/06\/64.jpg 395w, https:\/\/reports.eyewatch.me\/dc\/wp-content\/uploads\/sites\/10\/2022\/06\/64-175x300.jpg 175w\" sizes=\"(max-width: 395px) 100vw, 395px\" \/><\/figure>\n\n\n\n<div class=\"wp-block-buttons is-layout-flex wp-block-buttons-is-layout-flex\">\n<div class=\"wp-block-button\"><a class=\"wp-block-button__link\" href=\"https:\/\/www.linkedin.com\/posts\/nueva-ferreter%C3%ADa_brico-dep%C3%B4t-colabora-con-cruz-roja-para-ayudar-activity-6944652356030492672-weft\/?utm_source=linkedin_share&amp;utm_medium=member_desktop_web\">IR A LA PUBLICACI\u00d3N<\/a><\/div>\n<\/div>\n<\/div>\n\n\n\n<div class=\"wp-block-column is-layout-flow wp-block-column-is-layout-flow\">\n<figure class=\"wp-block-image size-full\"><img loading=\"lazy\" decoding=\"async\" width=\"396\" height=\"618\" src=\"https:\/\/reports.eyewatch.me\/dc\/wp-content\/uploads\/sites\/10\/2022\/06\/63.jpg\" alt=\"\" class=\"wp-image-5157\" srcset=\"https:\/\/reports.eyewatch.me\/dc\/wp-content\/uploads\/sites\/10\/2022\/06\/63.jpg 396w, https:\/\/reports.eyewatch.me\/dc\/wp-content\/uploads\/sites\/10\/2022\/06\/63-192x300.jpg 192w\" sizes=\"(max-width: 396px) 100vw, 396px\" \/><\/figure>\n\n\n\n<div class=\"wp-block-buttons is-layout-flex wp-block-buttons-is-layout-flex\">\n<div class=\"wp-block-button\"><a class=\"wp-block-button__link\" href=\"https:\/\/www.linkedin.com\/posts\/franquicia-net_mail-boxes-etc-colabora-con-la-fundaci%C3%B3n-activity-6944612945465126912-7mpb\/?utm_source=linkedin_share&amp;utm_medium=member_desktop_web\">IR A LA PUBLIACACI\u00d3N<\/a><\/div>\n<\/div>\n<\/div>\n<\/div>\n\n\n\n<hr class=\"wp-block-separator has-css-opacity\" \/>\n\n\n\n<h2 class=\"wp-block-heading\" id=\"contenidos-destacados-en-medios-y-blogs\">Contenidos destacados en medios y blogs<\/h2>\n\n\n\n<div class=\"wp-block-columns is-layout-flex wp-container-core-columns-is-layout-9d6595d7 wp-block-columns-is-layout-flex\">\n<div class=\"wp-block-column is-layout-flow wp-block-column-is-layout-flow\">\n<blockquote class=\"wp-block-quote has-text-align-left is-layout-flow wp-block-quote-is-layout-flow\"><p><em>Tigo recibe premio a la Excelencia Empresarial Paul Harris por su aporte educativo en Bolivia<\/em><\/p><cite><strong>EJU<\/strong><\/cite><\/blockquote>\n\n\n\n<div class=\"wp-block-buttons is-layout-flex wp-block-buttons-is-layout-flex\">\n<div class=\"wp-block-button\"><a class=\"wp-block-button__link\" href=\"https:\/\/eju.tv\/2022\/06\/tigo-recibe-premio-a-la-excelencia-empresarial-paul-harris-por-su-aporte-educativo-en-bolivia\/\">IR A LA NOTA<\/a><\/div>\n<\/div>\n<\/div>\n\n\n\n<div class=\"wp-block-column is-layout-flow wp-block-column-is-layout-flow\">\n<blockquote class=\"wp-block-quote has-text-align-left is-layout-flow wp-block-quote-is-layout-flow\"><p><em>C\u00e1lidda y Mibanco promover\u00e1n educaci\u00f3n financiera en m\u00e1s de 100 comedores populares<\/em><\/p><cite><strong>RUMBO ECON\u00d3MICO<\/strong><\/cite><\/blockquote>\n\n\n\n<div class=\"wp-block-buttons is-layout-flex wp-block-buttons-is-layout-flex\">\n<div class=\"wp-block-button\"><a class=\"wp-block-button__link\" href=\"https:\/\/rumboeconomico.com\/2022\/06\/17\/calidda-y-mibanco-promoveran-educacion-financiera-en-mas-de-100-comedores-populares\/\">IR A LA NOTA<\/a><\/div>\n<\/div>\n<\/div>\n<\/div>\n\n\n\n<div class=\"wp-block-columns is-layout-flex wp-container-core-columns-is-layout-9d6595d7 wp-block-columns-is-layout-flex\">\n<div class=\"wp-block-column is-layout-flow wp-block-column-is-layout-flow\">\n<blockquote class=\"wp-block-quote has-text-align-left is-layout-flow wp-block-quote-is-layout-flow\"><p><em>Bimbo brinda apoyo a estudiantes de primaria en Lima junto a la organizaci\u00f3n C\u00e1ritas entregando \u00fatiles escolares<\/em><\/p><cite><strong>PRESSPER\u00da<\/strong><\/cite><\/blockquote>\n\n\n\n<div class=\"wp-block-buttons is-layout-flex wp-block-buttons-is-layout-flex\">\n<div class=\"wp-block-button\"><a class=\"wp-block-button__link\" href=\"https:\/\/pressperu.com\/bimbo-apoyo-a-estudiantes-de-primaria-junto-a-caritas-lima\/\">IR A LA NOTA<\/a><\/div>\n<\/div>\n<\/div>\n\n\n\n<div class=\"wp-block-column is-layout-flow wp-block-column-is-layout-flow\">\n<blockquote class=\"wp-block-quote has-text-align-left is-layout-flow wp-block-quote-is-layout-flow\"><p><em>BBVA eleva apuesta por Tigo que busca conectar a m\u00e1s zonas rurales del pa\u00eds<\/em><\/p><cite><strong>EL TIEMPO<\/strong><\/cite><\/blockquote>\n\n\n\n<div class=\"wp-block-buttons is-layout-flex wp-block-buttons-is-layout-flex\">\n<div class=\"wp-block-button\"><a class=\"wp-block-button__link\" href=\"https:\/\/www.eltiempo.com\/economia\/empresas\/conozca-la-apuesta-de-tigo-y-bbva-por-llevar-internet-a-zonas-rurales-681015\">IR A LA NOTA<\/a><\/div>\n<\/div>\n<\/div>\n<\/div>\n\n\n\n<hr class=\"wp-block-separator has-css-opacity is-style-wide\" \/>\n<\/div>\n\n\n\n<div class=\"wp-block-divi-layout\">[et_pb_section fb_built=&#8221;1&#8243; admin_label=&#8221;Features&#8221; _builder_version=&#8221;4.4.2&#8243; background_size=&#8221;initial&#8221; background_position=&#8221;top_left&#8221; width=&#8221;100%&#8221; max_width=&#8221;500px&#8221; module_alignment=&#8221;left&#8221; custom_margin=&#8221;|0px||-1px|false|false&#8221; custom_padding=&#8221;0px|0px|0px|0px|false|false&#8221; saved_tabs=&#8221;all&#8221; collapsed=&#8221;off&#8221;][et_pb_row column_padding_mobile=&#8221;on&#8221; custom_padding_last_edited=&#8221;on|phone&#8221; _builder_version=&#8221;4.4.2&#8243; background_size=&#8221;initial&#8221; background_position=&#8221;top_left&#8221; background_repeat=&#8221;repeat&#8221; width=&#8221;auto&#8221; max_width=&#8221;1280px&#8221; custom_margin=&#8221;0px|0px|0px|0px|false|false&#8221; custom_padding=&#8221;10px|2px|10px|0px|false|false&#8221; custom_padding_tablet=&#8221;49px|||&#8221; custom_padding_phone=&#8221;19px|||&#8221; use_custom_width=&#8221;on&#8221; custom_width_px=&#8221;1280px&#8221;][et_pb_column type=&#8221;4_4&#8243; _builder_version=&#8221;3.25&#8243; custom_padding=&#8221;|||&#8221; custom_padding__hover=&#8221;|||&#8221;][et_pb_blurb title=&#8221;SOSTENIBILIDAD AMBIENTAL&#8221; image=&#8221;https:\/\/reports.eyewatch.me\/dc\/wp-content\/uploads\/sites\/10\/2020\/04\/icon_conversation-1.png&#8221; icon_placement=&#8221;left&#8221; image_max_width=&#8221;69px&#8221; _builder_version=&#8221;4.4.7&#8243; header_level=&#8221;h1&#8243; custom_margin=&#8221;|||0px|false|false&#8221; custom_padding=&#8221;|||1px|false|false&#8221;][\/et_pb_blurb][\/et_pb_column][\/et_pb_row][\/et_pb_section]<\/div>\n\n\n\n<p><em>Menciones en redes sociales, medios y blogs en espa\u00f1ol sobre marcas y empresas vinculadas a la protecci\u00f3n, respeto y cuidado del medio ambiente, econom\u00eda circular o azul, movilidad el\u00e9ctrica, <em>huella de carbono<\/em>, y t\u00e9rminos afines.<\/em><\/p>\n\n\n\n<hr class=\"wp-block-separator has-css-opacity\" \/>\n\n\n\n<h2 class=\"wp-block-heading\" id=\"evolucion-de-la-conversacion-ultimos-7-dias\">Evoluci\u00f3n de la conversaci\u00f3n &#8211; \u00daltimos 7 d\u00edas<\/h2>\n\n\n\n<div class=\"wp-block-group is-layout-flow wp-block-group-is-layout-flow\">\n<div class=\"wp-block-columns is-layout-flex wp-container-core-columns-is-layout-9d6595d7 wp-block-columns-is-layout-flex\">\n<div class=\"wp-block-column is-layout-flow wp-block-column-is-layout-flow\">\n<h4 class=\"wp-block-heading\" id=\"9-3k-menciones\"><img loading=\"lazy\" decoding=\"async\" width=\"121\" height=\"121\" class=\"wp-image-592\" style=\"width: 40px\" src=\"https:\/\/reports.eyewatch.me\/pc\/wp-content\/uploads\/sites\/3\/2020\/04\/icon_Artboard-3@3x-1.png\" alt=\"\"> 14.4K MENCIONES<\/h4>\n\n\n\n<p><\/p>\n<\/div>\n\n\n\n<div class=\"wp-block-column is-layout-flow wp-block-column-is-layout-flow\">\n<h4 class=\"has-text-align-left wp-block-heading\" id=\"1-4k-usuarios\"> <img loading=\"lazy\" decoding=\"async\" width=\"121\" height=\"121\" class=\"wp-image-589\" style=\"width: 40px\" src=\"https:\/\/reports.eyewatch.me\/pc\/wp-content\/uploads\/sites\/3\/2020\/04\/icon_Artboard-3-copy-3@3x.png\" alt=\"\"><strong>4.0k <\/strong>USUARIOS<br><\/h4>\n\n\n\n<p><\/p>\n<\/div>\n<\/div>\n<\/div>\n\n\n\n<figure class=\"wp-block-image size-full\"><img loading=\"lazy\" decoding=\"async\" width=\"802\" height=\"403\" src=\"https:\/\/reports.eyewatch.me\/dc\/wp-content\/uploads\/sites\/10\/2022\/06\/56.jpg\" alt=\"\" class=\"wp-image-5144\" srcset=\"https:\/\/reports.eyewatch.me\/dc\/wp-content\/uploads\/sites\/10\/2022\/06\/56.jpg 802w, https:\/\/reports.eyewatch.me\/dc\/wp-content\/uploads\/sites\/10\/2022\/06\/56-480x241.jpg 480w\" sizes=\"(min-width: 0px) and (max-width: 480px) 480px, (min-width: 481px) 802px, 100vw\" \/><\/figure>\n\n\n\n<hr class=\"wp-block-separator has-css-opacity\" \/>\n\n\n\n<h2 class=\"wp-block-heading\" id=\"evolucion-por-categoria\">Evoluci\u00f3n por categor\u00eda<\/h2>\n\n\n\n<figure class=\"wp-block-image size-full\"><img loading=\"lazy\" decoding=\"async\" width=\"786\" height=\"402\" src=\"https:\/\/reports.eyewatch.me\/dc\/wp-content\/uploads\/sites\/10\/2022\/06\/53.jpg\" alt=\"\" class=\"wp-image-5138\" srcset=\"https:\/\/reports.eyewatch.me\/dc\/wp-content\/uploads\/sites\/10\/2022\/06\/53.jpg 786w, https:\/\/reports.eyewatch.me\/dc\/wp-content\/uploads\/sites\/10\/2022\/06\/53-480x245.jpg 480w\" sizes=\"(min-width: 0px) and (max-width: 480px) 480px, (min-width: 481px) 786px, 100vw\" \/><\/figure>\n\n\n\n<hr class=\"wp-block-separator has-css-opacity\" \/>\n\n\n\n<h2 class=\"wp-block-heading\" id=\"temas-destacados\">Temas destacados<\/h2>\n\n\n\n<p><em>\u00daltimas<em><em><em><em><em><em><em><em><em><em><em><em><em><em><em><em><em><em><em><em><em><em><em><em><em><em><em><em><em><em><em><em><em><em><em><em><em><em><em><em><em><em><em><em><em><em><em><em><em><em><em><em><em><em><em><em><em><em><em><em><em><em><em><em><em><em><em><em><em><em><em><em><em><em><em><em><em><em><em><em><em><em><em><em><em><em><em><em><em><em><em><em><em><em><em><em><em><em><em><em><em><em><em><em><em><em><em><em><em><em><em><em><em><em><em><em><em><em><em><em><em><em><em><em><em><em><em><em><em><em><em><em><em><em><em><em><em><em><em><em><em><em><em><em><em><em><em><em><em><em><em><em><em><em><em><em><em><em><em><em><em><em><em><em><em><em><em><em><em><em><em><em><em><em><em><em><em><em><em><em><em><em><em><em><em><em><em><em><em><em><em><em><em><em><em><em><em><em><em><em><em><em><em><em><em><em><em><em><em><em><em><em><em><em><em><em><em><em><em><em><em><em><em><em><em><em><em><em><em><em><em><em><em><em><em><em><em><em><em><em><em><em><em><em><em><em><em><em><em><em><em><em><em><em><em><em><em><em><em><em><em><em><em><em><em><em><em><em><em><em><em><em><em><em><em><em><em><em><em><em><em><em><em><em><em><em><em><em><em><em><em><em><em><em><em><em><em><em><em><em><em><em><em><em><em><em><em><em><em><em><em><em><em><em><em><em><em><em><em><em><em><em><em><em><em><em><em><em><em><em><em><em><em><em><em><em><em><em><em><em><em><em><em><em><em><em><em><em><em><em><em><em><em><em><em><em><em><em><em><em><em><em><em><em><em><em><em><em><em><em><em><em><em><em><em><em><em><em><em><em><em><em><em><em><em><em><em><em><em><em><em><em><em><em><em><em><em><em><em><em><em><em><em><em><em><em><em><em><em><em><em><em><em><em><em><em><em><em><em><em><em><em><em><em><em><em><em><em><em><em><em><em><em><em><em><em><em><em><em><em><em><em><em><em><em><em><em><em><em><em><em><em><em><em><em><em><em><em><em><em><em><em><em><em><em><em><em><em><em><em><em><em><em><em><em><em><em><em><em><em><em><em><em><em><em><em><em><em><em><em><em><em><em><em><em><em><em><em><em><em><em><em><em><em><em><em><em><em><em><em> <\/em><em><\/em><em>96h<\/em><\/em><\/em><\/em><\/em><\/em><\/em><\/em><\/em><\/em><\/em><\/em><\/em><\/em><\/em><\/em><\/em><\/em><\/em><\/em><\/em><\/em><\/em><\/em><\/em><\/em><\/em><\/em><\/em><\/em><\/em><\/em><\/em><\/em><\/em><\/em><\/em><\/em><\/em><\/em><\/em><\/em><\/em><\/em><\/em><\/em><\/em><\/em><\/em><\/em><\/em><\/em><\/em><\/em><\/em><\/em><\/em><\/em><\/em><\/em><\/em><\/em><\/em><\/em><\/em><\/em><\/em><\/em><\/em><\/em><\/em><\/em><\/em><\/em><\/em><\/em><\/em><\/em><\/em><\/em><\/em><\/em><\/em><\/em><\/em><\/em><\/em><\/em><\/em><\/em><\/em><\/em><\/em><\/em><\/em><\/em><\/em><\/em><\/em><\/em><\/em><\/em><\/em><\/em><\/em><\/em><\/em><\/em><\/em><\/em><\/em><\/em><\/em><\/em><\/em><\/em><\/em><\/em><\/em><\/em><\/em><\/em><\/em><\/em><\/em><\/em><\/em><\/em><\/em><\/em><\/em><\/em><\/em><\/em><\/em><\/em><\/em><\/em><\/em><\/em><\/em><\/em><\/em><\/em><\/em><\/em><\/em><\/em><\/em><\/em><\/em><\/em><\/em><\/em><\/em><\/em><\/em><\/em><\/em><\/em><\/em><\/em><\/em><\/em><\/em><\/em><\/em><\/em><\/em><\/em><\/em><\/em><\/em><\/em><\/em><\/em><\/em><\/em><\/em><\/em><\/em><\/em><\/em><\/em><\/em><\/em><\/em><\/em><\/em><\/em><\/em><\/em><\/em><\/em><\/em><\/em><\/em><\/em><\/em><\/em><\/em><\/em><\/em><\/em><\/em><\/em><\/em><\/em><\/em><\/em><\/em><\/em><\/em><\/em><\/em><\/em><\/em><\/em><\/em><\/em><\/em><\/em><\/em><\/em><\/em><\/em><\/em><\/em><\/em><\/em><\/em><\/em><\/em><\/em><\/em><\/em><\/em><\/em><\/em><\/em><\/em><\/em><\/em><\/em><\/em><\/em><\/em><\/em><\/em><\/em><\/em><\/em><\/em><\/em><\/em><\/em><\/em><\/em><\/em><\/em><\/em><\/em><\/em><\/em><\/em><\/em><\/em><\/em><\/em><\/em><\/em><\/em><\/em><\/em><\/em><\/em><\/em><\/em><\/em><\/em><\/em><\/em><\/em><\/em><\/em><\/em><\/em><\/em><\/em><\/em><\/em><\/em><\/em><\/em><\/em><\/em><\/em><\/em><\/em><\/em><\/em><\/em><\/em><\/em><\/em><\/em><\/em><\/em><\/em><\/em><\/em><\/em><\/em><\/em><\/em><\/em><\/em><\/em><\/em><\/em><\/em><\/em><\/em><\/em><\/em><\/em><\/em><\/em><\/em><\/em><\/em><\/em><\/em><\/em><\/em><\/em><\/em><\/em><\/em><\/em><\/em><\/em><\/em><\/em><\/em><\/em><\/em><\/em><\/em><\/em><\/em><\/em><\/em><\/em><\/em><\/em><\/em><\/em><\/em><\/em><\/em><\/em><\/em><\/em><\/em><\/em><\/em><\/em><\/em><\/em><\/em><\/em><\/em><\/em><\/em><\/em><\/em><\/em><\/em><\/em><\/em><\/em><\/em><\/em><\/em><\/em><\/em><\/em><\/em><\/em><\/em><\/em><\/em><\/em><\/em><\/em><\/em><\/em><\/em><\/em><\/em><\/em><\/em><\/em><\/em><\/em><\/em><\/em><\/em><\/em><\/em><\/em><\/em><\/em><\/em><\/em><\/em><\/em><\/em><\/em><\/em><\/em><\/em><\/em><\/em><\/em><\/em><\/em><\/em><\/em><\/em><\/em><\/em><\/em><\/em><\/em><\/em><\/em><\/em><\/em><\/em><\/em><\/em><\/em><\/em><\/em><\/em><\/em><\/em><\/em><\/em><\/em><\/em><\/em><\/em><\/em><\/em><\/em><\/em><\/em><\/em><\/em><\/em><\/em><\/em><\/em><\/em><\/em><\/em><\/em><\/em><\/em><\/em><\/em><\/em><\/em><\/em><\/em><\/em><\/em><\/em><\/em><\/em><\/em><\/em><\/em><\/em><\/em><\/em><\/em><\/em><\/em><\/em><\/em><\/em><\/em><\/em><\/em><\/em><\/em><\/em><\/em><\/em><\/em><\/em><\/em><\/em><\/em><\/em><\/em><\/em><\/p>\n\n\n\n<ul class=\"wp-block-list\"><li><strong>CBN<\/strong> logra reducir un 25% de su consumo energ\u00e9tico a trav\u00e9s de la implementaci\u00f3n de paneles solares.<\/li><li><strong>BBVA<\/strong> firma una financiaci\u00f3n sostenible de 20M\u20ac con DEME.<\/li><li><strong>Grupo Bimbo <\/strong>da a conocer su nueva estrategia sustentable 2030 buscando alcanzar las cero emisiones netas de carbono.<\/li><li><strong>PUMA<\/strong> obtiene el t\u00edtulo como marca m\u00e1s sostenible del mundo de la moda.<\/li><li><strong>Johnnie Walker, Smirnoff, Baileys, Tanqueray y Guinness<\/strong> entre otras eliminan la caja de cart\u00f3n y buscan alternativas m\u00e1s ecol\u00f3gicas a sus botellas.<\/li><li><strong>Dole Diversified<\/strong> incorpora flota el\u00e9ctrica de camiones con el fin de reducir su huella de carbono.<\/li><li><strong>WOM <\/strong>ha rescatado m\u00e1s de 42.000kg de residuos aprovechables en su primer a\u00f1o de operaci\u00f3n.<\/li><li><strong>BBVA<\/strong> M\u00e9xico junto a la UNAM ampl\u00edan la investigaci\u00f3n en materia de financiamiento digital y proyectos productivos sostenibles.<\/li><li><strong>Ford<\/strong> donar\u00e1 miles de d\u00f3lares a mejores proyectos ambientales costarricenses.<\/li><\/ul>\n\n\n\n<hr class=\"wp-block-separator has-css-opacity\" \/>\n\n\n\n<h2 class=\"wp-block-heading\" id=\"contenidos-destacados-en-redes-sociales\">Contenidos destacados en redes sociales<\/h2>\n\n\n\n<p><em>\u00daltimas 96h<\/em><\/p>\n\n\n\n<div class=\"wp-block-columns is-layout-flex wp-container-core-columns-is-layout-9d6595d7 wp-block-columns-is-layout-flex\">\n<div class=\"wp-block-column is-layout-flow wp-block-column-is-layout-flow\">\n<figure class=\"wp-block-embed is-type-rich is-provider-twitter wp-block-embed-twitter\"><div class=\"wp-block-embed__wrapper\">\n<blockquote class=\"twitter-tweet\" data-width=\"550\" data-dnt=\"true\"><p lang=\"es\" dir=\"ltr\"><a href=\"https:\/\/twitter.com\/hashtag\/Nacional?src=hash&amp;ref_src=twsrc%5Etfw\">#Nacional<\/a> <a href=\"https:\/\/twitter.com\/hashtag\/MedioAmbiente?src=hash&amp;ref_src=twsrc%5Etfw\">#MedioAmbiente<\/a> <a href=\"https:\/\/twitter.com\/hashtag\/ElAlto?src=hash&amp;ref_src=twsrc%5Etfw\">#ElAlto<\/a> <a href=\"https:\/\/twitter.com\/hashtag\/panelessolares?src=hash&amp;ref_src=twsrc%5Etfw\">#panelessolares<\/a> <a href=\"https:\/\/twitter.com\/hashtag\/CBN?src=hash&amp;ref_src=twsrc%5Etfw\">#CBN<\/a> <br>El centro de distribuci\u00f3n de El Alto es el primer espacio de la compa\u00f1\u00eda en Bolivia en implementar el uso de energ\u00eda limpia para sus operaciones log\u00edsticas<a href=\"https:\/\/t.co\/X33lo7zsxH\">https:\/\/t.co\/X33lo7zsxH<\/a><\/p>&mdash; laoctavabo (@laoctavabo) <a href=\"https:\/\/twitter.com\/laoctavabo\/status\/1537906519399800838?ref_src=twsrc%5Etfw\">June 17, 2022<\/a><\/blockquote><script async src=\"https:\/\/platform.twitter.com\/widgets.js\" charset=\"utf-8\"><\/script>\n<\/div><\/figure>\n<\/div>\n\n\n\n<div class=\"wp-block-column is-layout-flow wp-block-column-is-layout-flow\">\n<figure class=\"wp-block-embed is-type-rich is-provider-twitter wp-block-embed-twitter\"><div class=\"wp-block-embed__wrapper\">\n<blockquote class=\"twitter-tweet\" data-width=\"550\" data-dnt=\"true\"><p lang=\"es\" dir=\"ltr\">BBVA firma una financiaci\u00f3n sostenible de 20M\u20ac con DEME <a href=\"https:\/\/t.co\/xu1slNdVt3\">https:\/\/t.co\/xu1slNdVt3<\/a> <a href=\"https:\/\/twitter.com\/BBVA_espana?ref_src=twsrc%5Etfw\">@BBVA_espana<\/a><\/p>&mdash; MurciaDiario (@Murdiario) <a href=\"https:\/\/twitter.com\/Murdiario\/status\/1538861408938500104?ref_src=twsrc%5Etfw\">June 20, 2022<\/a><\/blockquote><script async src=\"https:\/\/platform.twitter.com\/widgets.js\" charset=\"utf-8\"><\/script>\n<\/div><\/figure>\n<\/div>\n<\/div>\n\n\n\n<div class=\"wp-block-columns is-layout-flex wp-container-core-columns-is-layout-9d6595d7 wp-block-columns-is-layout-flex\">\n<div class=\"wp-block-column is-layout-flow wp-block-column-is-layout-flow\">\n<figure class=\"wp-block-embed is-type-rich is-provider-twitter wp-block-embed-twitter\"><div class=\"wp-block-embed__wrapper\">\n<blockquote class=\"twitter-tweet\" data-width=\"550\" data-dnt=\"true\"><p lang=\"es\" dir=\"ltr\">Estrategia sustentable de Grupo Bimbo 2030 <a href=\"https:\/\/t.co\/GanEz38zfg\">https:\/\/t.co\/GanEz38zfg<\/a> v\u00eda <a href=\"https:\/\/twitter.com\/El_Universal_Mx?ref_src=twsrc%5Etfw\">@El_Universal_Mx<\/a><\/p>&mdash; Cancunydf@gmail.com (@Cancunydfgmail1) <a href=\"https:\/\/twitter.com\/Cancunydfgmail1\/status\/1538873618658217987?ref_src=twsrc%5Etfw\">June 20, 2022<\/a><\/blockquote><script async src=\"https:\/\/platform.twitter.com\/widgets.js\" charset=\"utf-8\"><\/script>\n<\/div><\/figure>\n<\/div>\n\n\n\n<div class=\"wp-block-column is-layout-flow wp-block-column-is-layout-flow\">\n<figure class=\"wp-block-embed is-type-rich is-provider-twitter wp-block-embed-twitter\"><div class=\"wp-block-embed__wrapper\">\n<blockquote class=\"twitter-tweet\" data-width=\"550\" data-dnt=\"true\"><p lang=\"es\" dir=\"ltr\">PUMA obtiene el t\u00edtulo como marca m\u00e1s sostenible del mundo de la moda &#8211; Agencia Orbita <a href=\"https:\/\/t.co\/iuppt82CrZ\">https:\/\/t.co\/iuppt82CrZ<\/a><\/p>&mdash; Angelita Martinez (@elmardeangelita) <a href=\"https:\/\/twitter.com\/elmardeangelita\/status\/1538695888700223488?ref_src=twsrc%5Etfw\">June 20, 2022<\/a><\/blockquote><script async src=\"https:\/\/platform.twitter.com\/widgets.js\" charset=\"utf-8\"><\/script>\n<\/div><\/figure>\n<\/div>\n<\/div>\n\n\n\n<div class=\"wp-block-columns is-layout-flex wp-container-core-columns-is-layout-9d6595d7 wp-block-columns-is-layout-flex\">\n<div class=\"wp-block-column is-layout-flow wp-block-column-is-layout-flow\">\n<figure class=\"wp-block-embed is-type-rich is-provider-twitter wp-block-embed-twitter\"><div class=\"wp-block-embed__wrapper\">\n<blockquote class=\"twitter-tweet\" data-width=\"550\" data-dnt=\"true\"><p lang=\"es\" dir=\"ltr\">Marcas premium de whisky escoc\u00e9s eliminan la caja de cart\u00f3n y buscan alternativas m\u00e1s ecol\u00f3gicas a sus botellas <a href=\"https:\/\/twitter.com\/Bioeconomia_web?ref_src=twsrc%5Etfw\">@Bioeconomia_web<\/a> <a href=\"https:\/\/t.co\/81PsNzWWq1\">https:\/\/t.co\/81PsNzWWq1<\/a> <a href=\"https:\/\/twitter.com\/hashtag\/alimentos?src=hash&amp;ref_src=twsrc%5Etfw\">#alimentos<\/a> <a href=\"https:\/\/twitter.com\/hashtag\/biocompuestos?src=hash&amp;ref_src=twsrc%5Etfw\">#biocompuestos<\/a> <a href=\"https:\/\/twitter.com\/hashtag\/empresas?src=hash&amp;ref_src=twsrc%5Etfw\">#empresas<\/a> <a href=\"https:\/\/twitter.com\/hashtag\/medioambiente?src=hash&amp;ref_src=twsrc%5Etfw\">#medioambiente<\/a> <a href=\"https:\/\/twitter.com\/hashtag\/reciclado?src=hash&amp;ref_src=twsrc%5Etfw\">#reciclado<\/a> <a href=\"https:\/\/twitter.com\/hashtag\/sustentabilidad?src=hash&amp;ref_src=twsrc%5Etfw\">#sustentabilidad<\/a> <a href=\"https:\/\/twitter.com\/hashtag\/tecnolog%C3%ADa?src=hash&amp;ref_src=twsrc%5Etfw\">#tecnolog\u00eda<\/a> <a href=\"https:\/\/t.co\/KB01UzuGxi\">pic.twitter.com\/KB01UzuGxi<\/a><\/p>&mdash; BioEconomia (@Bioeconomia_web) <a href=\"https:\/\/twitter.com\/Bioeconomia_web\/status\/1538859729648238592?ref_src=twsrc%5Etfw\">June 20, 2022<\/a><\/blockquote><script async src=\"https:\/\/platform.twitter.com\/widgets.js\" charset=\"utf-8\"><\/script>\n<\/div><\/figure>\n<\/div>\n\n\n\n<div class=\"wp-block-column is-layout-flow wp-block-column-is-layout-flow\">\n<figure class=\"wp-block-image size-full\"><img loading=\"lazy\" decoding=\"async\" width=\"342\" height=\"808\" src=\"https:\/\/reports.eyewatch.me\/dc\/wp-content\/uploads\/sites\/10\/2022\/06\/62.jpg\" alt=\"\" class=\"wp-image-5154\" srcset=\"https:\/\/reports.eyewatch.me\/dc\/wp-content\/uploads\/sites\/10\/2022\/06\/62.jpg 342w, https:\/\/reports.eyewatch.me\/dc\/wp-content\/uploads\/sites\/10\/2022\/06\/62-127x300.jpg 127w\" sizes=\"(max-width: 342px) 100vw, 342px\" \/><\/figure>\n\n\n\n<div class=\"wp-block-buttons is-layout-flex wp-block-buttons-is-layout-flex\">\n<div class=\"wp-block-button\"><a class=\"wp-block-button__link\" href=\"https:\/\/www.linkedin.com\/posts\/dolediversified_taking-climate-action-activity-6944665323656601600-tgXa\/?utm_source=linkedin_share&amp;utm_medium=member_desktop_web\">IR A LA PUBLICACI\u00d3N<\/a><\/div>\n<\/div>\n<\/div>\n<\/div>\n\n\n\n<hr class=\"wp-block-separator has-css-opacity\" \/>\n\n\n\n<h2 class=\"wp-block-heading\" id=\"contenidos-destacados-en-medios-y-blogs\">Contenidos destacados en medios y blogs<\/h2>\n\n\n\n<div class=\"wp-block-columns is-layout-flex wp-container-core-columns-is-layout-9d6595d7 wp-block-columns-is-layout-flex\">\n<div class=\"wp-block-column is-layout-flow wp-block-column-is-layout-flow\">\n<blockquote class=\"wp-block-quote has-text-align-left is-layout-flow wp-block-quote-is-layout-flow\"><p><em>WOM ha rescatado m\u00e1s de 42.000kg de residuos aprovechables en su primer a\u00f1o de operaci\u00f3n<\/em><\/p><cite><strong>REVISTA WHATSUP<\/strong><\/cite><\/blockquote>\n\n\n\n<div class=\"wp-block-buttons is-layout-flex wp-block-buttons-is-layout-flex\">\n<div class=\"wp-block-button\"><a class=\"wp-block-button__link\" href=\"https:\/\/www.revistawhatsup.com\/2022\/06\/wom-ha-rescatado-mas-de-42000-kg-de.html\">IR A LA NOTA<\/a><\/div>\n<\/div>\n<\/div>\n\n\n\n<div class=\"wp-block-column is-layout-flow wp-block-column-is-layout-flow\">\n<blockquote class=\"wp-block-quote has-text-align-left is-layout-flow wp-block-quote-is-layout-flow\"><p><em>BBVA M\u00e9xico junto a la UNAM ampl\u00edan la investigaci\u00f3n en materia de financiamiento digital y proyectos productivos sostenibles<\/em><\/p><cite><strong>GANAR GANAR<\/strong><\/cite><\/blockquote>\n\n\n\n<div class=\"wp-block-buttons is-layout-flex wp-block-buttons-is-layout-flex\">\n<div class=\"wp-block-button\"><a class=\"wp-block-button__link\" href=\"https:\/\/ganar-ganar.mx\/2022\/06\/20\/bbva-mexico-unam-y-fundacion-unam-amplian-la-investigacion-en-materia-de-financiamiento-digital-y-proyectos-productivos-sostenibles\/\">IR A LA NOTA<\/a><\/div>\n<\/div>\n<\/div>\n<\/div>\n\n\n\n<div class=\"wp-block-columns is-layout-flex wp-container-core-columns-is-layout-9d6595d7 wp-block-columns-is-layout-flex\">\n<div class=\"wp-block-column is-layout-flow wp-block-column-is-layout-flow\">\n<blockquote class=\"wp-block-quote has-text-align-left is-layout-flow wp-block-quote-is-layout-flow\"><p>F<em>ord donar\u00e1 miles de d\u00f3lares a mejores proyectos ambientales costarricenses<\/em><\/p><cite><strong>LA REP\u00daBLICA<\/strong><\/cite><\/blockquote>\n\n\n\n<div class=\"wp-block-buttons is-layout-flex wp-block-buttons-is-layout-flex\">\n<div class=\"wp-block-button\"><a class=\"wp-block-button__link\" href=\"https:\/\/www.larepublica.net\/noticia\/ford-donara-miles-de-dolares-a-mejores-proyectos-ambientales-costarricenses\">IR A LA NOTA<\/a><\/div>\n<\/div>\n<\/div>\n\n\n\n<div class=\"wp-block-column is-layout-flow wp-block-column-is-layout-flow\">\n<blockquote class=\"wp-block-quote has-text-align-left is-layout-flow wp-block-quote-is-layout-flow\"><p><\/p><\/blockquote>\n\n\n\n<div class=\"wp-block-buttons is-layout-flex wp-block-buttons-is-layout-flex\"><\/div>\n<\/div>\n<\/div>\n\n\n\n<hr class=\"wp-block-separator has-css-opacity\" \/>\n\n\n\n<div class=\"wp-block-divi-layout\">[et_pb_section fb_built=&#8221;1&#8243; admin_label=&#8221;Features&#8221; _builder_version=&#8221;4.4.2&#8243; background_size=&#8221;initial&#8221; background_position=&#8221;top_left&#8221; width=&#8221;100%&#8221; max_width=&#8221;500px&#8221; module_alignment=&#8221;left&#8221; custom_margin=&#8221;|0px||-1px|false|false&#8221; custom_padding=&#8221;0px|0px|0px|0px|false|false&#8221; saved_tabs=&#8221;all&#8221; collapsed=&#8221;off&#8221;][et_pb_row column_padding_mobile=&#8221;on&#8221; custom_padding_last_edited=&#8221;on|phone&#8221; _builder_version=&#8221;4.4.2&#8243; background_size=&#8221;initial&#8221; background_position=&#8221;top_left&#8221; background_repeat=&#8221;repeat&#8221; width=&#8221;auto&#8221; max_width=&#8221;1280px&#8221; custom_margin=&#8221;0px|0px|0px|0px|false|false&#8221; custom_padding=&#8221;10px|2px|10px|0px|false|false&#8221; custom_padding_tablet=&#8221;49px|||&#8221; custom_padding_phone=&#8221;19px|||&#8221; use_custom_width=&#8221;on&#8221; custom_width_px=&#8221;1280px&#8221;][et_pb_column type=&#8221;4_4&#8243; _builder_version=&#8221;3.25&#8243; custom_padding=&#8221;|||&#8221; custom_padding__hover=&#8221;|||&#8221;][et_pb_blurb title=&#8221;SECTOR AUTOMOTRIZ&#8221; image=&#8221;https:\/\/reports.eyewatch.me\/dc\/wp-content\/uploads\/sites\/10\/2020\/04\/icon_conversation-1.png&#8221; icon_placement=&#8221;left&#8221; image_max_width=&#8221;69px&#8221; _builder_version=&#8221;4.4.7&#8243; header_level=&#8221;h1&#8243; custom_margin=&#8221;|||0px|false|false&#8221; custom_padding=&#8221;|||1px|false|false&#8221;][\/et_pb_blurb][\/et_pb_column][\/et_pb_row][\/et_pb_section]<\/div>\n\n\n\n<p><em><em>Menciones en redes sociales, medios y blogs en espa\u00f1ol sobre marcas de veh\u00edculos y automotrices relacionadas con<\/em> campa\u00f1as por el medio ambiente y acci\u00f3n social.<\/em><\/p>\n\n\n\n<h2 class=\"wp-block-heading\" id=\"evolucion-de-la-conversacion-ultimos-7-dias\">Evoluci\u00f3n de la conversaci\u00f3n &#8211; \u00daltimos 7 d\u00edas<\/h2>\n\n\n\n<div class=\"wp-block-group is-layout-flow wp-block-group-is-layout-flow\">\n<div class=\"wp-block-columns is-layout-flex wp-container-core-columns-is-layout-9d6595d7 wp-block-columns-is-layout-flex\">\n<div class=\"wp-block-column is-layout-flow wp-block-column-is-layout-flow\">\n<h4 class=\"wp-block-heading\" id=\"5-1k-menciones\"><img loading=\"lazy\" decoding=\"async\" width=\"121\" height=\"121\" class=\"wp-image-592\" style=\"width: 40px\" src=\"https:\/\/reports.eyewatch.me\/pc\/wp-content\/uploads\/sites\/3\/2020\/04\/icon_Artboard-3@3x-1.png\" alt=\"\">7.5K MENCIONES<\/h4>\n\n\n\n<p><\/p>\n<\/div>\n\n\n\n<div class=\"wp-block-column is-layout-flow wp-block-column-is-layout-flow\">\n<h4 class=\"has-text-align-left wp-block-heading\" id=\"2-1k-usuarios\"><img loading=\"lazy\" decoding=\"async\" width=\"121\" height=\"121\" class=\"wp-image-589\" style=\"width: 40px\" src=\"https:\/\/reports.eyewatch.me\/pc\/wp-content\/uploads\/sites\/3\/2020\/04\/icon_Artboard-3-copy-3@3x.png\" alt=\"\">4.6K USUARIOS<br><\/h4>\n<\/div>\n<\/div>\n<\/div>\n\n\n\n<figure class=\"wp-block-image size-full\"><img loading=\"lazy\" decoding=\"async\" width=\"802\" height=\"406\" src=\"https:\/\/reports.eyewatch.me\/dc\/wp-content\/uploads\/sites\/10\/2022\/06\/57.jpg\" alt=\"\" class=\"wp-image-5147\" srcset=\"https:\/\/reports.eyewatch.me\/dc\/wp-content\/uploads\/sites\/10\/2022\/06\/57.jpg 802w, https:\/\/reports.eyewatch.me\/dc\/wp-content\/uploads\/sites\/10\/2022\/06\/57-480x243.jpg 480w\" sizes=\"(min-width: 0px) and (max-width: 480px) 480px, (min-width: 481px) 802px, 100vw\" \/><\/figure>\n\n\n\n<hr class=\"wp-block-separator has-css-opacity\" \/>\n\n\n\n<h2 class=\"wp-block-heading\" id=\"evolucion-por-categoria\">Evoluci\u00f3n por categor\u00eda<\/h2>\n\n\n\n<figure class=\"wp-block-image size-full\"><img loading=\"lazy\" decoding=\"async\" width=\"797\" height=\"406\" src=\"https:\/\/reports.eyewatch.me\/dc\/wp-content\/uploads\/sites\/10\/2022\/06\/52.jpg\" alt=\"\" class=\"wp-image-5137\" srcset=\"https:\/\/reports.eyewatch.me\/dc\/wp-content\/uploads\/sites\/10\/2022\/06\/52.jpg 797w, https:\/\/reports.eyewatch.me\/dc\/wp-content\/uploads\/sites\/10\/2022\/06\/52-480x245.jpg 480w\" sizes=\"(min-width: 0px) and (max-width: 480px) 480px, (min-width: 481px) 797px, 100vw\" \/><\/figure>\n\n\n\n<hr class=\"wp-block-separator has-css-opacity\" \/>\n\n\n\n<h2 class=\"wp-block-heading\" id=\"temas-destacados\">Temas destacados<\/h2>\n\n\n\n<p><\/p>\n\n\n\n<ul class=\"wp-block-list\"><li>Pr\u00f3ximos veh\u00edculos de <strong>Volkswagen <\/strong>contar\u00e1n con una autonom\u00eda de hasta 1000km.<\/li><li><strong>Sony Honda Mobility Inc.<\/strong> ser\u00e1 el nombre de la alianza entre las dos marcas que esperan lanzar su primer veh\u00edculo el\u00e9ctrico en 2025.<\/li><li><strong>Ferrari<\/strong> informa que para  2030 el 80% de sus autos ser\u00e1n el\u00e9ctricos o h\u00edbridos y lanzar\u00e1 el primer veh\u00edculo 100% el\u00e9ctrico 2025.<\/li><li><strong>Tesla <\/strong>podr\u00eda perder su liderazgo en los veh\u00edculos el\u00e9ctricos.<\/li><li><strong>GM<\/strong> anuncia la llegada de nuevos veh\u00edculos Chevrolet 100% el\u00e9ctricos para Sudam\u00e9rica.<\/li><li><strong>Litio,<\/strong> cobalto o n\u00edquel: crisis de \u2018commodities\u2019 pone en aprietos a la industria de veh\u00edculos el\u00e9ctricos.<\/li><li><strong>BMW<\/strong> invertir\u00e1 1.000 millones hasta 2030 en su planta de Austria para fabricar motores el\u00e9ctricos.<\/li><li>El P<strong>arlamento Europeo<\/strong> vota la prohibici\u00f3n de la venta de coches con motor de combusti\u00f3n desde 2035.<\/li><li>El fabricante chino<strong> Chery<\/strong> present\u00f3 en Brasil al iCar, su propuesta de auto urbano para la regi\u00f3n. Competir\u00e1 con los JAC E10X y Renault Kwid E-Tech.<\/li><li><strong>Lightyear <\/strong>0, el primer auto con paneles solares, comenzar\u00e1 a producirse este a\u00f1o.<\/li><li><strong>Peugot<\/strong> presenta el nuevo modelo 3008 Hybrid 4.<\/li><li><strong>Renault <\/strong>vende el primer lote de unidades 750 Kwid E-Tech.<\/li><li><strong>Renault<\/strong> presenta las \u00faltimas innovaciones en sonido para nuevos veh\u00edculos el\u00e9ctricos.<\/li><li><strong>Auto burbuja<\/strong>: una interpretaci\u00f3n de la movilidad aut\u00f3noma del futuro.<\/li><li><strong>BMW<\/strong> inaugura las nuevas instalaciones de CEVER Santa Fe.<\/li><li><strong>Scania<\/strong> M\u00e9xico impulsa la movilidad sustentable con tractocami\u00f3n a Gas Natural Licuado.<\/li><\/ul>\n\n\n\n<hr class=\"wp-block-separator has-css-opacity\" \/>\n\n\n\n<h2 class=\"wp-block-heading\" id=\"contenidos-destacados-en-redes-sociales\">Contenidos destacados en redes sociales<\/h2>\n\n\n\n<p><em> <em>\u00daltimas 96h<\/em><\/em><\/p>\n\n\n\n<div class=\"wp-block-columns is-layout-flex wp-container-core-columns-is-layout-9d6595d7 wp-block-columns-is-layout-flex\">\n<div class=\"wp-block-column is-layout-flow wp-block-column-is-layout-flow\">\n<figure class=\"wp-block-embed is-type-rich is-provider-twitter wp-block-embed-twitter\"><div class=\"wp-block-embed__wrapper\">\nhttps:\/\/twitter.com\/Autocosmos\/status\/1538340795991740416\n<\/div><\/figure>\n<\/div>\n\n\n\n<div class=\"wp-block-column is-layout-flow wp-block-column-is-layout-flow\">\n<figure class=\"wp-block-embed is-type-rich is-provider-twitter wp-block-embed-twitter\"><div class=\"wp-block-embed__wrapper\">\n<blockquote class=\"twitter-tweet\" data-width=\"550\" data-dnt=\"true\"><p lang=\"es\" dir=\"ltr\"><a href=\"https:\/\/twitter.com\/hashtag\/Industria?src=hash&amp;ref_src=twsrc%5Etfw\">#Industria<\/a> <br><br>Sony Honda Mobility Inc. ser\u00e1 el nombre de la alianza entre las dos marcas que esperan lanzar su primer veh\u00edculo el\u00e9ctrico en 2025. (Imagen: Sony Vision-S Concept 2020)<a href=\"https:\/\/t.co\/XRM6aXCY35\">https:\/\/t.co\/XRM6aXCY35<\/a> <a href=\"https:\/\/t.co\/5HdYAaFly2\">pic.twitter.com\/5HdYAaFly2<\/a><\/p>&mdash; Revista Motor (@RevistaMotor) <a href=\"https:\/\/twitter.com\/RevistaMotor\/status\/1537985450127765506?ref_src=twsrc%5Etfw\">June 18, 2022<\/a><\/blockquote><script async src=\"https:\/\/platform.twitter.com\/widgets.js\" charset=\"utf-8\"><\/script>\n<\/div><\/figure>\n<\/div>\n<\/div>\n\n\n\n<div class=\"wp-block-columns is-layout-flex wp-container-core-columns-is-layout-9d6595d7 wp-block-columns-is-layout-flex\">\n<div class=\"wp-block-column is-layout-flow wp-block-column-is-layout-flow\">\n<figure class=\"wp-block-embed is-type-rich is-provider-twitter wp-block-embed-twitter\"><div class=\"wp-block-embed__wrapper\">\n<blockquote class=\"twitter-tweet\" data-width=\"550\" data-dnt=\"true\"><p lang=\"es\" dir=\"ltr\">El fabricante italiano de autos de lujo Ferrari inform\u00f3 que para 2030, el 80% de sus autos ser\u00e1n el\u00e9ctricos o h\u00edbridos. El primer veh\u00edculo 100% el\u00e9ctrico de la firma ser\u00e1 presentado en 2025. <a href=\"https:\/\/twitter.com\/hashtag\/Nm%C3%A1sPrime?src=hash&amp;ref_src=twsrc%5Etfw\">#Nm\u00e1sPrime<\/a> con\u00a0<a href=\"https:\/\/twitter.com\/Ale_Gallardo1?ref_src=twsrc%5Etfw\">@Ale_Gallardo1<\/a>\u00a0y\u00a0<a href=\"https:\/\/twitter.com\/geblancoe?ref_src=twsrc%5Etfw\">@geblancoe<\/a> <a href=\"https:\/\/t.co\/D0MBAADFBV\">pic.twitter.com\/D0MBAADFBV<\/a><\/p>&mdash; N+Media (@nmasmedia) <a href=\"https:\/\/twitter.com\/nmasmedia\/status\/1537632322203402242?ref_src=twsrc%5Etfw\">June 17, 2022<\/a><\/blockquote><script async src=\"https:\/\/platform.twitter.com\/widgets.js\" charset=\"utf-8\"><\/script>\n<\/div><\/figure>\n<\/div>\n\n\n\n<div class=\"wp-block-column is-layout-flow wp-block-column-is-layout-flow\">\n<figure class=\"wp-block-embed is-type-rich is-provider-twitter wp-block-embed-twitter\"><div class=\"wp-block-embed__wrapper\">\n<blockquote class=\"twitter-tweet\" data-width=\"550\" data-dnt=\"true\"><p lang=\"es\" dir=\"ltr\">Tesla podr\u00eda perder su liderazgo en los veh\u00edculos el\u00e9ctricos <a href=\"https:\/\/t.co\/I3oIa0qdnO\">https:\/\/t.co\/I3oIa0qdnO<\/a><\/p>&mdash; Imagen Poblana (@ImagenPoblana) <a href=\"https:\/\/twitter.com\/ImagenPoblana\/status\/1538283121027825669?ref_src=twsrc%5Etfw\">June 18, 2022<\/a><\/blockquote><script async src=\"https:\/\/platform.twitter.com\/widgets.js\" charset=\"utf-8\"><\/script>\n<\/div><\/figure>\n<\/div>\n<\/div>\n\n\n\n<div class=\"wp-block-columns is-layout-flex wp-container-core-columns-is-layout-9d6595d7 wp-block-columns-is-layout-flex\">\n<div class=\"wp-block-column is-layout-flow wp-block-column-is-layout-flow\">\n<figure class=\"wp-block-embed is-type-rich is-provider-twitter wp-block-embed-twitter\"><div class=\"wp-block-embed__wrapper\">\n<blockquote class=\"twitter-tweet\" data-width=\"550\" data-dnt=\"true\"><p lang=\"es\" dir=\"ltr\">GM anuncia la llegada de nuevos veh\u00edculos Chevrolet 100% el\u00e9ctricos para Sudam\u00e9rica <a href=\"https:\/\/t.co\/WfDLWYvEGv\">https:\/\/t.co\/WfDLWYvEGv<\/a> <a href=\"https:\/\/t.co\/D855LSHKJa\">pic.twitter.com\/D855LSHKJa<\/a><\/p>&mdash; MotorPy.com (@motorpy) <a href=\"https:\/\/twitter.com\/motorpy\/status\/1538870110143791104?ref_src=twsrc%5Etfw\">June 20, 2022<\/a><\/blockquote><script async src=\"https:\/\/platform.twitter.com\/widgets.js\" charset=\"utf-8\"><\/script>\n<\/div><\/figure>\n<\/div>\n\n\n\n<div class=\"wp-block-column is-layout-flow wp-block-column-is-layout-flow\">\n<figure class=\"wp-block-embed is-type-rich is-provider-twitter wp-block-embed-twitter\"><div class=\"wp-block-embed__wrapper\">\n<blockquote class=\"twitter-tweet\" data-width=\"550\" data-dnt=\"true\"><p lang=\"es\" dir=\"ltr\">Litio, cobalto o n\u00edquel: crisis de \u2018commodities\u2019 pone en aprietos a la industria de veh\u00edculos el\u00e9ctricos <a href=\"https:\/\/t.co\/tPWcISBt3H\">https:\/\/t.co\/tPWcISBt3H<\/a> <a href=\"https:\/\/t.co\/gMSPuMQqbo\">pic.twitter.com\/gMSPuMQqbo<\/a><\/p>&mdash; El Financiero (@elfinancierocr) <a href=\"https:\/\/twitter.com\/elfinancierocr\/status\/1538878233114025984?ref_src=twsrc%5Etfw\">June 20, 2022<\/a><\/blockquote><script async src=\"https:\/\/platform.twitter.com\/widgets.js\" charset=\"utf-8\"><\/script>\n<\/div><\/figure>\n<\/div>\n<\/div>\n\n\n\n<div class=\"wp-block-columns is-layout-flex wp-container-core-columns-is-layout-9d6595d7 wp-block-columns-is-layout-flex\">\n<div class=\"wp-block-column is-layout-flow wp-block-column-is-layout-flow\">\n<div class=\"wp-block-columns is-layout-flex wp-container-core-columns-is-layout-9d6595d7 wp-block-columns-is-layout-flex\">\n<div class=\"wp-block-column is-layout-flow wp-block-column-is-layout-flow\">\n<figure class=\"wp-block-image size-full\"><img loading=\"lazy\" decoding=\"async\" width=\"393\" height=\"605\" src=\"https:\/\/reports.eyewatch.me\/dc\/wp-content\/uploads\/sites\/10\/2022\/06\/60.jpg\" alt=\"\" class=\"wp-image-5151\" srcset=\"https:\/\/reports.eyewatch.me\/dc\/wp-content\/uploads\/sites\/10\/2022\/06\/60.jpg 393w, https:\/\/reports.eyewatch.me\/dc\/wp-content\/uploads\/sites\/10\/2022\/06\/60-195x300.jpg 195w\" sizes=\"(max-width: 393px) 100vw, 393px\" \/><\/figure>\n\n\n\n<div class=\"wp-block-buttons is-layout-flex wp-block-buttons-is-layout-flex\">\n<div class=\"wp-block-button\"><a class=\"wp-block-button__link\" href=\"https:\/\/www.linkedin.com\/posts\/constantinoabella_bmw-invertir%C3%A1-1000-millones-hasta-2030-en-activity-6944625202035056640-V8v3\/?utm_source=linkedin_share&amp;utm_medium=member_desktop_web\">IR A LA PUBLICACI\u00d3N<\/a><\/div>\n<\/div>\n<\/div>\n\n\n\n<div class=\"wp-block-column is-layout-flow wp-block-column-is-layout-flow\">\n<figure class=\"wp-block-image size-full\"><img loading=\"lazy\" decoding=\"async\" width=\"395\" height=\"707\" src=\"https:\/\/reports.eyewatch.me\/dc\/wp-content\/uploads\/sites\/10\/2022\/06\/61.jpg\" alt=\"\" class=\"wp-image-5152\" srcset=\"https:\/\/reports.eyewatch.me\/dc\/wp-content\/uploads\/sites\/10\/2022\/06\/61.jpg 395w, https:\/\/reports.eyewatch.me\/dc\/wp-content\/uploads\/sites\/10\/2022\/06\/61-168x300.jpg 168w\" sizes=\"(max-width: 395px) 100vw, 395px\" \/><\/figure>\n\n\n\n<div class=\"wp-block-buttons is-layout-flex wp-block-buttons-is-layout-flex\">\n<div class=\"wp-block-button\"><a class=\"wp-block-button__link\" href=\"https:\/\/www.linkedin.com\/posts\/partenaire-m%C3%A9xico-043833200_prohibida-la-venta-de-coches-con-motor-de-activity-6944607407490674689-9Vjz\/?utm_source=linkedin_share&amp;utm_medium=member_desktop_web\">IR A LA PUBLICACI\u00d3N<\/a><\/div>\n<\/div>\n<\/div>\n<\/div>\n<\/div>\n<\/div>\n\n\n\n<hr class=\"wp-block-separator has-css-opacity\" \/>\n\n\n\n<h2 class=\"wp-block-heading\" id=\"contenidos-destacados-en-medios-y-blogs\">Contenidos destacados en medios y blogs<\/h2>\n\n\n\n<p><em> <\/em><\/p>\n\n\n\n<div class=\"wp-block-columns is-layout-flex wp-container-core-columns-is-layout-9d6595d7 wp-block-columns-is-layout-flex\">\n<div class=\"wp-block-column is-layout-flow wp-block-column-is-layout-flow\">\n<blockquote class=\"wp-block-quote has-text-align-left is-layout-flow wp-block-quote-is-layout-flow\"><p><em>El fabricante chino Chery present\u00f3 en Brasil al iCar, su propuesta de auto urbano para la regi\u00f3n<\/em><\/p><cite><strong>EL CARRO COLOMBIANO<\/strong><\/cite><\/blockquote>\n\n\n\n<div class=\"wp-block-buttons is-layout-flex wp-block-buttons-is-layout-flex\">\n<div class=\"wp-block-button\"><a class=\"wp-block-button__link\" href=\"https:\/\/www.elcarrocolombiano.com\/autos-del-mundo\/chery-icar-eq1-pequeno-y-barato-auto-electrico-america-latina\/\">IR A LA NOTA<\/a><\/div>\n<\/div>\n<\/div>\n\n\n\n<div class=\"wp-block-column is-layout-flow wp-block-column-is-layout-flow\">\n<blockquote class=\"wp-block-quote has-text-align-left is-layout-flow wp-block-quote-is-layout-flow\"><p><em>Lightyear 0, el primer auto con paneles solares, comenzar\u00e1 a producirse este a\u00f1o<\/em><\/p><cite><strong>MILENIO<\/strong><\/cite><\/blockquote>\n\n\n\n<div class=\"wp-block-buttons is-layout-flex wp-block-buttons-is-layout-flex\">\n<div class=\"wp-block-button\"><a class=\"wp-block-button__link\" href=\"https:\/\/www.milenio.com\/negocios\/lightyear-0-auto-paneles-solares-necesita-recargarse\">IR A LA NOTA<\/a><\/div>\n<\/div>\n<\/div>\n<\/div>\n\n\n\n<div class=\"wp-block-columns is-layout-flex wp-container-core-columns-is-layout-9d6595d7 wp-block-columns-is-layout-flex\">\n<div class=\"wp-block-column is-layout-flow wp-block-column-is-layout-flow\">\n<blockquote class=\"wp-block-quote has-text-align-left is-layout-flow wp-block-quote-is-layout-flow\"><p><em>Peugot presenta el nuevo modelo 3008 Hybrid 4<\/em><\/p><cite><strong>MOTOR PY<\/strong><\/cite><\/blockquote>\n\n\n\n<div class=\"wp-block-buttons is-layout-flex wp-block-buttons-is-layout-flex\">\n<div class=\"wp-block-button\"><a class=\"wp-block-button__link\" href=\"https:\/\/www.motorpy.com\/index.php\/tecnologia\/16173-el-nuevo-peugeot-3008-hybrid4-concilia-traccion-total-altas-prestaciones-y-respeto-por-el-medio-ambiente\">IR A LA NOTA<\/a><\/div>\n<\/div>\n<\/div>\n\n\n\n<div class=\"wp-block-column is-layout-flow wp-block-column-is-layout-flow\">\n<blockquote class=\"wp-block-quote has-text-align-left is-layout-flow wp-block-quote-is-layout-flow\"><p><em>Renault vende el primer lote de unidades 750 Kwid E-Tech<\/em><\/p><cite><strong>MOTOR PY<\/strong><\/cite><\/blockquote>\n\n\n\n<div class=\"wp-block-buttons is-layout-flex wp-block-buttons-is-layout-flex\">\n<div class=\"wp-block-button\"><a class=\"wp-block-button__link\" href=\"https:\/\/www.motorpy.com\/index.php\/novedades\/16168-renault-vende-el-primer-lote-de-unidades-750-kwid-e-tech\">IR A LA NOTA<\/a><\/div>\n<\/div>\n<\/div>\n<\/div>\n\n\n\n<div class=\"wp-block-columns is-layout-flex wp-container-core-columns-is-layout-9d6595d7 wp-block-columns-is-layout-flex\">\n<div class=\"wp-block-column is-layout-flow wp-block-column-is-layout-flow\">\n<blockquote class=\"wp-block-quote has-text-align-left is-layout-flow wp-block-quote-is-layout-flow\"><p><em>Renault presenta las \u00faltimas innovaciones en sonido para nuevos veh\u00edculos el\u00e9ctricos<\/em><\/p><cite><strong>LA REP\u00daBLICA<\/strong><\/cite><\/blockquote>\n\n\n\n<div class=\"wp-block-buttons is-layout-flex wp-block-buttons-is-layout-flex\">\n<div class=\"wp-block-button\"><a class=\"wp-block-button__link\" href=\"https:\/\/www.larepublica.co\/empresas\/renault-presenta-las-ultimas-innovaciones-en-sonido-para-nuevos-vehiculos-electricos-3385941\">IR A LA NOTA<\/a><\/div>\n<\/div>\n<\/div>\n\n\n\n<div class=\"wp-block-column is-layout-flow wp-block-column-is-layout-flow\">\n<blockquote class=\"wp-block-quote has-text-align-left is-layout-flow wp-block-quote-is-layout-flow\"><p><em>Auto burbuja: una interpretaci\u00f3n de la movilidad aut\u00f3noma del futuro<\/em><\/p><cite><strong>INFOBAE<\/strong><\/cite><\/blockquote>\n\n\n\n<div class=\"wp-block-buttons is-layout-flex wp-block-buttons-is-layout-flex\">\n<div class=\"wp-block-button\"><a class=\"wp-block-button__link\" href=\"https:\/\/www.infobae.com\/autos\/2022\/06\/17\/auto-burbuja-viaje-increible-a-una-interpretacion-de-la-movilidad-autonoma-del-futuro\/\">IR A LA NOTA<\/a><\/div>\n<\/div>\n<\/div>\n<\/div>\n\n\n\n<div class=\"wp-block-columns is-layout-flex wp-container-core-columns-is-layout-9d6595d7 wp-block-columns-is-layout-flex\">\n<div class=\"wp-block-column is-layout-flow wp-block-column-is-layout-flow\">\n<blockquote class=\"wp-block-quote has-text-align-left is-layout-flow wp-block-quote-is-layout-flow\"><p><em>BMW inaugura las nuevas instalaciones de CEVER Santa Fe<\/em><\/p><cite><strong>CIO NOTICIAS<\/strong><\/cite><\/blockquote>\n\n\n\n<div class=\"wp-block-buttons is-layout-flex wp-block-buttons-is-layout-flex\">\n<div class=\"wp-block-button\"><a class=\"wp-block-button__link\" href=\"https:\/\/cionoticias.tv\/2022\/06\/17\/bmw-inaugura-las-nuevas-instalaciones-de-cever-santa-fe\/\">IR A LA NOTA<\/a><\/div>\n<\/div>\n<\/div>\n\n\n\n<div class=\"wp-block-column is-layout-flow wp-block-column-is-layout-flow\">\n<blockquote class=\"wp-block-quote has-text-align-left is-layout-flow wp-block-quote-is-layout-flow\"><p><em>Scania M\u00e9xico impulsa la movilidad sustentable con tractocami\u00f3n a Gas Natural Licuado<\/em><\/p><cite><strong>M\u00c9XICO INDUSTRY<\/strong><\/cite><\/blockquote>\n\n\n\n<div class=\"wp-block-buttons is-layout-flex wp-block-buttons-is-layout-flex\">\n<div class=\"wp-block-button\"><a class=\"wp-block-button__link\" href=\"https:\/\/mexicoindustry.com\/noticia\/scania-mexico-impulsa-la-movilidad-sustentable-con-tractocamion-a-gas-natural-licuado\">IR A LA NOTA<\/a><\/div>\n<\/div>\n<\/div>\n<\/div>\n\n\n\n<p><\/p>\n","protected":false},"excerpt":{"rendered":"<p>DERCO CENTER |<\/p>\n","protected":false},"author":82,"featured_media":0,"comment_status":"closed","ping_status":"closed","sticky":false,"template":"","format":"standard","meta":{"_et_pb_use_builder":"off","_et_pb_old_content":"<!-- wp:paragraph -->\n<p><\/p>\n<!-- \/wp:paragraph -->\n\n<!-- wp:divi\/layout -->\n<div class=\"wp-block-divi-layout\">[et_pb_section fb_built=\"1\" admin_label=\"Features\" _builder_version=\"4.4.2\" background_size=\"initial\" background_position=\"top_left\" width=\"100%\" max_width=\"500px\" module_alignment=\"left\" custom_margin=\"|0px||-1px|false|false\" custom_padding=\"0px|0px|0px|0px|false|false\" saved_tabs=\"all\" collapsed=\"off\"][et_pb_row column_padding_mobile=\"on\" custom_padding_last_edited=\"on|phone\" _builder_version=\"4.4.2\" background_size=\"initial\" background_position=\"top_left\" background_repeat=\"repeat\" width=\"auto\" max_width=\"1280px\" custom_margin=\"0px|0px|0px|0px|false|false\" custom_padding=\"10px|2px|10px|0px|false|false\" custom_padding_tablet=\"49px|||\" custom_padding_phone=\"19px|||\" use_custom_width=\"on\" custom_width_px=\"1280px\"][et_pb_column type=\"4_4\" _builder_version=\"3.25\" custom_padding=\"|||\" custom_padding__hover=\"|||\"][et_pb_blurb title=\"DESARROLLO SOCIAL\" image=\"https:\/\/reports.eyewatch.me\/pc\/wp-content\/uploads\/sites\/3\/2020\/04\/icon_Artboard-3-100.jpg\" icon_placement=\"left\" image_max_width=\"69px\" _builder_version=\"4.4.2\" header_level=\"h1\" custom_margin=\"|||0px|false|false\" custom_padding=\"|||1px|false|false\"][\/et_pb_blurb][\/et_pb_column][\/et_pb_row][\/et_pb_section]<\/div>\n<!-- \/wp:divi\/layout -->\n\n<!-- wp:paragraph -->\n<p><em><em>Menciones en redes sociales, medios y blogs en espa\u00f1ol sobre marcas y empresas vinculadas a<\/em> voluntariados, desarrollo social, campa\u00f1as solidarias, inclusi\u00f3n, y t\u00e9rminos afines.<\/em><\/p>\n<!-- \/wp:paragraph -->\n\n<!-- wp:separator -->\n<hr class=\"wp-block-separator\"\/>\n<!-- \/wp:separator -->\n\n<!-- wp:heading -->\n<h2>Evoluci\u00f3n de la conversaci\u00f3n - \u00faltimos 7 d\u00edas<\/h2>\n<!-- \/wp:heading -->\n\n<!-- wp:columns -->\n<div class=\"wp-block-columns\"><!-- wp:column -->\n<div class=\"wp-block-column\"><!-- wp:heading {\"level\":4} -->\n<h4><img class=\"wp-image-592\" style=\"width: 40px\" src=\"https:\/\/reports.eyewatch.me\/pc\/wp-content\/uploads\/sites\/3\/2020\/04\/icon_Artboard-3@3x-1.png\" alt=\"\">   1.1K USUARIOS<\/h4>\n<!-- \/wp:heading --><\/div>\n<!-- \/wp:column -->\n\n<!-- wp:column -->\n<div class=\"wp-block-column\"><!-- wp:heading {\"textAlign\":\"left\",\"level\":4} -->\n<h4 class=\"has-text-align-left\"> <img class=\"wp-image-589\" style=\"width: 40px\" src=\"https:\/\/reports.eyewatch.me\/pc\/wp-content\/uploads\/sites\/3\/2020\/04\/icon_Artboard-3-copy-3@3x.png\" alt=\"\">1.2K<strong> <\/strong>MENCIONES<br><\/h4>\n<!-- \/wp:heading --><\/div>\n<!-- \/wp:column --><\/div>\n<!-- \/wp:columns -->\n\n<!-- wp:image {\"id\":2312,\"sizeSlug\":\"full\",\"linkDestination\":\"none\"} -->\n<figure class=\"wp-block-image size-full\"><img src=\"https:\/\/reports.eyewatch.me\/dc\/wp-content\/uploads\/sites\/10\/2021\/09\/13.jpg\" alt=\"\" class=\"wp-image-2312\"\/><\/figure>\n<!-- \/wp:image -->\n\n<!-- wp:spacer {\"height\":20} -->\n<div style=\"height:20px\" aria-hidden=\"true\" class=\"wp-block-spacer\"><\/div>\n<!-- \/wp:spacer -->\n\n<!-- wp:separator {\"className\":\"is-style-wide\"} -->\n<hr class=\"wp-block-separator is-style-wide\"\/>\n<!-- \/wp:separator -->\n\n<!-- wp:heading -->\n<h2>Evoluci\u00f3n por categor\u00edas<\/h2>\n<!-- \/wp:heading -->\n\n<!-- wp:image {\"id\":2311,\"sizeSlug\":\"full\",\"linkDestination\":\"none\"} -->\n<figure class=\"wp-block-image size-full\"><img src=\"https:\/\/reports.eyewatch.me\/dc\/wp-content\/uploads\/sites\/10\/2021\/09\/12.jpg\" alt=\"\" class=\"wp-image-2311\"\/><\/figure>\n<!-- \/wp:image -->\n\n<!-- wp:spacer {\"height\":20} -->\n<div style=\"height:20px\" aria-hidden=\"true\" class=\"wp-block-spacer\"><\/div>\n<!-- \/wp:spacer -->\n\n<!-- wp:separator -->\n<hr class=\"wp-block-separator\"\/>\n<!-- \/wp:separator -->\n\n<!-- wp:heading -->\n<h2>Temas destacados<\/h2>\n<!-- \/wp:heading -->\n\n<!-- wp:paragraph -->\n<p><em>\u00daltimas 96hs<\/em><\/p>\n<!-- \/wp:paragraph -->\n\n<!-- wp:group -->\n<div class=\"wp-block-group\"><!-- wp:group -->\n<div class=\"wp-block-group\"><!-- wp:list -->\n<ul><li><strong><b>S<\/b>antander M\u00e9xico <\/strong>lanza tajeras LikeU en dode cada color se corresponde a una causa social y ambiental. Por cada tarjeta contratada el banco donar\u00e1 recursos a distintas causas.<\/li><li><strong>Coca-Cola  Bolivia<\/strong> junto a Embol y Pedidos Ya se suma a la campa\u00f1a global \"Para todas las mesas\" la cual busca combatir la inseguridad alimentaria y apoyar la reactivaci\u00f3n de restaurantes.<\/li><li>La plataforma interactiva desarrollada por <strong>Pharmaton<\/strong> \"Kiddi World\" que permite detectar dislexia, disgraf\u00eda y daltonismo recibe el premio Innovation CUT.<\/li><li><strong>Walmart Chile<\/strong> crea alianza con la Fundaci\u00f3n 1ko que visibiliza el trabajo de artistas y emprendedores de Bajo de Mena. La cadena de supermercados vender\u00e1 prendas de vestimentas con dise\u00f1os de los artistas de la fundaci\u00f3n.<\/li><li><strong>Bic Ecuador <\/strong>lanza campa\u00f1a sobre empat\u00eda para el regreso a clases presenciales \"Back in cool\".<\/li><li>Bumble la app de citas crea el primer programa de apoyo dirigido a v\u00edctimas de agresi\u00f3n o abuso sexual junto a la organizaci\u00f3n Chayn.<\/li><\/ul>\n<!-- \/wp:list -->\n\n<!-- wp:paragraph -->\n<p><\/p>\n<!-- \/wp:paragraph -->\n\n<!-- wp:separator -->\n<hr class=\"wp-block-separator\"\/>\n<!-- \/wp:separator -->\n\n<!-- wp:heading -->\n<h2>Contenidos destacados en redes sociales<\/h2>\n<!-- \/wp:heading -->\n\n<!-- wp:paragraph -->\n<p><em>\u00daltimas 96hs<\/em><\/p>\n<!-- \/wp:paragraph --><\/div>\n<!-- \/wp:group -->\n\n<!-- wp:separator -->\n<hr class=\"wp-block-separator\"\/>\n<!-- \/wp:separator -->\n\n<!-- wp:heading -->\n<h2>Contenidos destacados en medios y blogs<\/h2>\n<!-- \/wp:heading -->\n\n<!-- wp:paragraph -->\n<p><em>\u00daltimas 96hs<\/em><\/p>\n<!-- \/wp:paragraph -->\n\n<!-- wp:columns -->\n<div class=\"wp-block-columns\"><!-- wp:column -->\n<div class=\"wp-block-column\"><!-- wp:quote -->\n<blockquote class=\"wp-block-quote\"><p><em><em>Pampers Argentina colabora con Fundaci\u00f3n s\u00ed. Ante cada like en las redes de la marca o compra de producto, la empresa donar\u00e1 un pa\u00f1al a la fundaci\u00f3n.<\/em><\/em><\/p><cite><strong>FUNDACI\u00d3N S\u00cd<\/strong><\/cite><\/blockquote>\n<!-- \/wp:quote -->\n\n<!-- wp:buttons -->\n<div class=\"wp-block-buttons\"><!-- wp:button -->\n<div class=\"wp-block-button\"><a class=\"wp-block-button__link\" href=\"https:\/\/fundacionsi.org.ar\/junto-a-pampers-argentina-hagamos-que-mas-bebes-sigan-sonando\/\">IR A LA NOTA<\/a><\/div>\n<!-- \/wp:button --><\/div>\n<!-- \/wp:buttons --><\/div>\n<!-- \/wp:column -->\n\n<!-- wp:column -->\n<div class=\"wp-block-column\"><!-- wp:quote -->\n<blockquote class=\"wp-block-quote\"><p><em><strong>C<\/strong>ervecer\u00eda Boliviana Nacional realiza conversatorio a favor de la equidad de g\u00e9nero.<\/em><\/p><cite><strong>BOLIVIA EN TUS MANOS<\/strong><\/cite><\/blockquote>\n<!-- \/wp:quote -->\n\n<!-- wp:buttons -->\n<div class=\"wp-block-buttons\"><!-- wp:button -->\n<div class=\"wp-block-button\"><a class=\"wp-block-button__link\" href=\"https:\/\/www.boliviaentusmanos.com\/noticias\/bolivia\/381653\/cbn-comparte-sus-experiencias-en-favor-de-la-equidad-de-genero-en-un-conversatorio-del-pacto-global-bolivia.html\">IR A LA NOTA<\/a><\/div>\n<!-- \/wp:button --><\/div>\n<!-- \/wp:buttons --><\/div>\n<!-- \/wp:column -->\n\n<!-- wp:column -->\n<div class=\"wp-block-column\"><!-- wp:quote -->\n<blockquote class=\"wp-block-quote\"><p><em><em>Virgin Mobile M\u00e9xico particip\u00f3 en las conferencias sobre La equidad de g\u00e9nero en las telecomunicaciones.<\/em><\/em><\/p><cite><strong>MULTIANIME<\/strong><\/cite><\/blockquote>\n<!-- \/wp:quote -->\n\n<!-- wp:buttons -->\n<div class=\"wp-block-buttons\"><!-- wp:button -->\n<div class=\"wp-block-button\"><a class=\"wp-block-button__link\" href=\"https:\/\/multianime.com.mx\/2021\/09\/02\/virgin-mobile-equidad-de-genero-interes\/\">IR A LA NOTA<\/a><\/div>\n<!-- \/wp:button --><\/div>\n<!-- \/wp:buttons --><\/div>\n<!-- \/wp:column --><\/div>\n<!-- \/wp:columns -->\n\n<!-- wp:columns -->\n<div class=\"wp-block-columns\"><!-- wp:column -->\n<div class=\"wp-block-column\"><!-- wp:quote -->\n<blockquote class=\"wp-block-quote\"><p><em>Mary Kay Espa\u00f1a se une a Fundaci\u00f3n Stampa para reforzar el programa <em>Ponte guapa, te sentir\u00e1s mejor\u2019<\/em><\/em><\/p><cite><strong>AP NEWS<\/strong><\/cite><\/blockquote>\n<!-- \/wp:quote -->\n\n<!-- wp:buttons -->\n<div class=\"wp-block-buttons\"><!-- wp:button -->\n<div class=\"wp-block-button\"><a class=\"wp-block-button__link\" href=\"https:\/\/apnews.com\/press-release\/business-wire\/e4f01526577a4b03b270994e35e375d1\">IR A LA NOTA<\/a><\/div>\n<!-- \/wp:button --><\/div>\n<!-- \/wp:buttons --><\/div>\n<!-- \/wp:column -->\n\n<!-- wp:column -->\n<div class=\"wp-block-column\"><!-- wp:quote -->\n<blockquote class=\"wp-block-quote\"><p><em>Plaza Ses\u00e1mo Latinoamerica genera contenido para a ni\u00f1os venezolanos migrantes vulnerados<\/em><\/p><cite><strong>HEAD TOPICS<\/strong><\/cite><\/blockquote>\n<!-- \/wp:quote -->\n\n<!-- wp:buttons -->\n<div class=\"wp-block-buttons\"><!-- wp:button -->\n<div class=\"wp-block-button\"><a class=\"wp-block-button__link\" href=\"\/\/headtopics.com\/es\/personajes-de-plaza-sesamo-acompanar-n-a-ninos-migrantes-venezolanos-21604343\">IR A LA NOTA<\/a><\/div>\n<!-- \/wp:button --><\/div>\n<!-- \/wp:buttons --><\/div>\n<!-- \/wp:column -->\n\n<!-- wp:column -->\n<div class=\"wp-block-column\"><!-- wp:paragraph -->\n<p><em>Samsung Bolivia y la Escuela Militar de Ingenier\u00eda firman convenio que beneficia estudiantes<\/em><\/p>\n<!-- \/wp:paragraph -->\n\n<!-- wp:paragraph -->\n<p> <strong>MM<\/strong><\/p>\n<!-- \/wp:paragraph -->\n\n<!-- wp:buttons -->\n<div class=\"wp-block-buttons\"><!-- wp:button -->\n<div class=\"wp-block-button\"><a class=\"wp-block-button__link\" href=\"https:\/\/www.magazinemanagement.gm-bolivia.com\/samsung-y-la-emi-firman-convenio-de-cooperacion-interinstitucional\/\">IR A LA NOTA<\/a><\/div>\n<!-- \/wp:button --><\/div>\n<!-- \/wp:buttons --><\/div>\n<!-- \/wp:column --><\/div>\n<!-- \/wp:columns -->\n\n<!-- wp:separator {\"className\":\"is-style-wide\"} -->\n<hr class=\"wp-block-separator is-style-wide\"\/>\n<!-- \/wp:separator --><\/div>\n<!-- \/wp:group -->\n\n<!-- wp:spacer {\"height\":20} -->\n<div style=\"height:20px\" aria-hidden=\"true\" class=\"wp-block-spacer\"><\/div>\n<!-- \/wp:spacer -->\n\n<!-- wp:divi\/layout -->\n<div class=\"wp-block-divi-layout\">[et_pb_section fb_built=\"1\" admin_label=\"Features\" _builder_version=\"4.4.2\" background_size=\"initial\" background_position=\"top_left\" width=\"100%\" max_width=\"500px\" module_alignment=\"left\" custom_margin=\"|0px||-1px|false|false\" custom_padding=\"0px|0px|0px|0px|false|false\" saved_tabs=\"all\" collapsed=\"off\"][et_pb_row column_padding_mobile=\"on\" custom_padding_last_edited=\"on|phone\" _builder_version=\"4.4.2\" background_size=\"initial\" background_position=\"top_left\" background_repeat=\"repeat\" width=\"auto\" max_width=\"1280px\" custom_margin=\"0px|0px|0px|0px|false|false\" custom_padding=\"10px|2px|10px|0px|false|false\" custom_padding_tablet=\"49px|||\" custom_padding_phone=\"19px|||\" use_custom_width=\"on\" custom_width_px=\"1280px\"][et_pb_column type=\"4_4\" _builder_version=\"3.25\" custom_padding=\"|||\" custom_padding__hover=\"|||\"][et_pb_blurb title=\"SOSTENIBILIDAD AMBIENTAL\" image=\"https:\/\/reports.eyewatch.me\/dc\/wp-content\/uploads\/sites\/10\/2020\/04\/icon_conversation-1.png\" icon_placement=\"left\" image_max_width=\"69px\" _builder_version=\"4.4.7\" header_level=\"h1\" custom_margin=\"|||0px|false|false\" custom_padding=\"|||1px|false|false\"][\/et_pb_blurb][\/et_pb_column][\/et_pb_row][\/et_pb_section]<\/div>\n<!-- \/wp:divi\/layout -->\n\n<!-- wp:paragraph -->\n<p><em>Menciones en redes sociales, medios y blogs en espa\u00f1ol sobre marcas y empresas vinculadas a la protecci\u00f3n, respeto y cuidado del medio ambiente, econom\u00eda circular o azul, movilidad el\u00e9ctrica, <em>huella de carbono<\/em>, y t\u00e9rminos afines.<\/em><\/p>\n<!-- \/wp:paragraph -->\n\n<!-- wp:separator -->\n<hr class=\"wp-block-separator\"\/>\n<!-- \/wp:separator -->\n\n<!-- wp:heading -->\n<h2>Evoluci\u00f3n de la conversaci\u00f3n - \u00faltimos 7 d\u00edas<\/h2>\n<!-- \/wp:heading -->\n\n<!-- wp:group -->\n<div class=\"wp-block-group\"><!-- wp:columns -->\n<div class=\"wp-block-columns\"><!-- wp:column -->\n<div class=\"wp-block-column\"><!-- wp:heading {\"level\":4} -->\n<h4><img class=\"wp-image-592\" style=\"width: 40px\" src=\"https:\/\/reports.eyewatch.me\/pc\/wp-content\/uploads\/sites\/3\/2020\/04\/icon_Artboard-3@3x-1.png\" alt=\"\">     5.2K usuarios<\/h4>\n<!-- \/wp:heading --><\/div>\n<!-- \/wp:column -->\n\n<!-- wp:column -->\n<div class=\"wp-block-column\"><!-- wp:heading {\"textAlign\":\"left\",\"level\":4} -->\n<h4 class=\"has-text-align-left\"> <img class=\"wp-image-589\" style=\"width: 40px\" src=\"https:\/\/reports.eyewatch.me\/pc\/wp-content\/uploads\/sites\/3\/2020\/04\/icon_Artboard-3-copy-3@3x.png\" alt=\"\">   13.4<strong>k <\/strong>menciones<br><\/h4>\n<!-- \/wp:heading --><\/div>\n<!-- \/wp:column --><\/div>\n<!-- \/wp:columns --><\/div>\n<!-- \/wp:group -->\n\n<!-- wp:image {\"id\":2290,\"sizeSlug\":\"full\",\"linkDestination\":\"none\"} -->\n<figure class=\"wp-block-image size-full\"><img src=\"https:\/\/reports.eyewatch.me\/dc\/wp-content\/uploads\/sites\/10\/2021\/09\/75.jpg\" alt=\"\" class=\"wp-image-2290\"\/><\/figure>\n<!-- \/wp:image -->\n\n<!-- wp:separator -->\n<hr class=\"wp-block-separator\"\/>\n<!-- \/wp:separator -->\n\n<!-- wp:heading -->\n<h2>Evoluci\u00f3n por categor\u00eda<\/h2>\n<!-- \/wp:heading -->\n\n<!-- wp:image {\"id\":2310,\"sizeSlug\":\"full\",\"linkDestination\":\"none\"} -->\n<figure class=\"wp-block-image size-full\"><img src=\"https:\/\/reports.eyewatch.me\/dc\/wp-content\/uploads\/sites\/10\/2021\/09\/11.jpg\" alt=\"\" class=\"wp-image-2310\"\/><\/figure>\n<!-- \/wp:image -->\n\n<!-- wp:separator -->\n<hr class=\"wp-block-separator\"\/>\n<!-- \/wp:separator -->\n\n<!-- wp:heading -->\n<h2>Temas destacados<\/h2>\n<!-- \/wp:heading -->\n\n<!-- wp:paragraph -->\n<p><em>\u00daltimas <\/em>96<em>hs<\/em><\/p>\n<!-- \/wp:paragraph -->\n\n<!-- wp:group -->\n<div class=\"wp-block-group\"><!-- wp:group -->\n<div class=\"wp-block-group\"><!-- wp:group -->\n<div class=\"wp-block-group\"><!-- wp:list -->\n<ul><li><strong>Terpel Colom<\/strong><\/li><\/ul>\n<!-- \/wp:list -->\n\n<!-- wp:paragraph -->\n<p><\/p>\n<!-- \/wp:paragraph -->\n\n<!-- wp:separator {\"className\":\"is-style-wide\"} -->\n<hr class=\"wp-block-separator is-style-wide\"\/>\n<!-- \/wp:separator -->\n\n<!-- wp:heading -->\n<h2>Contenidos destacados en redes sociales<\/h2>\n<!-- \/wp:heading -->\n\n<!-- wp:paragraph -->\n<p><\/p>\n<!-- \/wp:paragraph --><\/div>\n<!-- \/wp:group --><\/div>\n<!-- \/wp:group -->\n\n<!-- wp:paragraph -->\n<p><em>\u00daltimas 96hs<\/em><\/p>\n<!-- \/wp:paragraph -->\n\n<!-- wp:separator -->\n<hr class=\"wp-block-separator\"\/>\n<!-- \/wp:separator -->\n\n<!-- wp:heading -->\n<h2>Contenidos destacados en medios y blogs<\/h2>\n<!-- \/wp:heading -->\n\n<!-- wp:paragraph -->\n<p><em>\u00daltimas 96hs<\/em><\/p>\n<!-- \/wp:paragraph -->\n\n<!-- wp:columns -->\n<div class=\"wp-block-columns\"><!-- wp:column -->\n<div class=\"wp-block-column\"><!-- wp:quote -->\n<blockquote class=\"wp-block-quote\"><p><em>Repsol Espa\u00f1a reforest\u00e1 bosques  <\/em><\/p><cite><strong>LNE<\/strong><\/cite><\/blockquote>\n<!-- \/wp:quote -->\n\n<!-- wp:buttons -->\n<div class=\"wp-block-buttons\"><!-- wp:button -->\n<div class=\"wp-block-button\"><a class=\"wp-block-button__link\" href=\"https:\/\/www.lne.es\/asturias\/2021\/09\/02\/repsol-contratara-700-personas-plan-56874902.html\">IR A LA NOTA<\/a><\/div>\n<!-- \/wp:button --><\/div>\n<!-- \/wp:buttons -->\n\n<!-- wp:paragraph -->\n<p><\/p>\n<!-- \/wp:paragraph --><\/div>\n<!-- \/wp:column -->\n\n<!-- wp:column -->\n<div class=\"wp-block-column\"><!-- wp:quote -->\n<blockquote class=\"wp-block-quote\"><p><em>Backus: de latas de desechosa a ollas para comedores<\/em><\/p><cite><strong>TROME<\/strong><\/cite><\/blockquote>\n<!-- \/wp:quote -->\n\n<!-- wp:buttons -->\n<div class=\"wp-block-buttons\"><!-- wp:button -->\n<div class=\"wp-block-button\"><a class=\"wp-block-button__link\" href=\"https:\/\/trome.pe\/familia\/recolectan-latas-para-convertirlas-en-ollas-y-donarlas-a-los-comedores-imp-noticia\/\">IR A LA NOTA<\/a><\/div>\n<!-- \/wp:button --><\/div>\n<!-- \/wp:buttons --><\/div>\n<!-- \/wp:column --><\/div>\n<!-- \/wp:columns -->\n\n<!-- wp:separator {\"className\":\"is-style-wide\"} -->\n<hr class=\"wp-block-separator is-style-wide\"\/>\n<!-- \/wp:separator --><\/div>\n<!-- \/wp:group -->\n\n<!-- wp:divi\/layout -->\n<div class=\"wp-block-divi-layout\">[et_pb_section fb_built=\"1\" admin_label=\"Features\" _builder_version=\"4.4.2\" background_size=\"initial\" background_position=\"top_left\" width=\"100%\" max_width=\"500px\" module_alignment=\"left\" custom_margin=\"|0px||-1px|false|false\" custom_padding=\"0px|0px|0px|0px|false|false\" saved_tabs=\"all\" collapsed=\"off\"][et_pb_row column_padding_mobile=\"on\" custom_padding_last_edited=\"on|phone\" _builder_version=\"4.4.2\" background_size=\"initial\" background_position=\"top_left\" background_repeat=\"repeat\" width=\"auto\" max_width=\"1280px\" custom_margin=\"0px|0px|0px|0px|false|false\" custom_padding=\"10px|2px|10px|0px|false|false\" custom_padding_tablet=\"49px|||\" custom_padding_phone=\"19px|||\" use_custom_width=\"on\" custom_width_px=\"1280px\"][et_pb_column type=\"4_4\" _builder_version=\"3.25\" custom_padding=\"|||\" custom_padding__hover=\"|||\"][et_pb_blurb title=\"SECTOR AUTOMOTR\u00cdZ\" image=\"https:\/\/reports.eyewatch.me\/dc\/wp-content\/uploads\/sites\/10\/2020\/04\/icon_conversation-1.png\" icon_placement=\"left\" image_max_width=\"69px\" _builder_version=\"4.4.7\" header_level=\"h1\" custom_margin=\"|||0px|false|false\" custom_padding=\"|||1px|false|false\"][\/et_pb_blurb][\/et_pb_column][\/et_pb_row][\/et_pb_section]<\/div>\n<!-- \/wp:divi\/layout -->\n\n<!-- wp:paragraph -->\n<p><em><em>Menciones en redes sociales, medios y blogs en espa\u00f1ol sobre marcas de veh\u00edculos y automotrices relacionadas con<\/em> campa\u00f1as por el medio ambiente y acci\u00f3n social.<\/em><\/p>\n<!-- \/wp:paragraph -->\n\n<!-- wp:heading -->\n<h2>Evoluci\u00f3n de la conversaci\u00f3n - \u00faltimos 7 d\u00edas<\/h2>\n<!-- \/wp:heading -->\n\n<!-- wp:group -->\n<div class=\"wp-block-group\"><!-- wp:columns -->\n<div class=\"wp-block-columns\"><!-- wp:column -->\n<div class=\"wp-block-column\"><!-- wp:heading {\"level\":4} -->\n<h4><img class=\"wp-image-592\" style=\"width: 40px\" src=\"https:\/\/reports.eyewatch.me\/pc\/wp-content\/uploads\/sites\/3\/2020\/04\/icon_Artboard-3@3x-1.png\" alt=\"\">     2.1K usuarios<\/h4>\n<!-- \/wp:heading -->\n\n<!-- wp:paragraph -->\n<p><\/p>\n<!-- \/wp:paragraph --><\/div>\n<!-- \/wp:column -->\n\n<!-- wp:column -->\n<div class=\"wp-block-column\"><!-- wp:heading {\"textAlign\":\"left\",\"level\":4} -->\n<h4 class=\"has-text-align-left\"> <img class=\"wp-image-589\" style=\"width: 40px\" src=\"https:\/\/reports.eyewatch.me\/pc\/wp-content\/uploads\/sites\/3\/2020\/04\/icon_Artboard-3-copy-3@3x.png\" alt=\"\">    4.7<strong>K <\/strong>menciones<br><\/h4>\n<!-- \/wp:heading --><\/div>\n<!-- \/wp:column --><\/div>\n<!-- \/wp:columns --><\/div>\n<!-- \/wp:group -->\n\n<!-- wp:image {\"id\":2291,\"sizeSlug\":\"full\",\"linkDestination\":\"none\"} -->\n<figure class=\"wp-block-image size-full\"><img src=\"https:\/\/reports.eyewatch.me\/dc\/wp-content\/uploads\/sites\/10\/2021\/09\/76.jpg\" alt=\"\" class=\"wp-image-2291\"\/><\/figure>\n<!-- \/wp:image -->\n\n<!-- wp:separator -->\n<hr class=\"wp-block-separator\"\/>\n<!-- \/wp:separator -->\n\n<!-- wp:heading -->\n<h2>Evoluci\u00f3n por categor\u00eda<\/h2>\n<!-- \/wp:heading -->\n\n<!-- wp:image {\"id\":2309,\"sizeSlug\":\"full\",\"linkDestination\":\"none\"} -->\n<figure class=\"wp-block-image size-full\"><img src=\"https:\/\/reports.eyewatch.me\/dc\/wp-content\/uploads\/sites\/10\/2021\/09\/10.jpg\" alt=\"\" class=\"wp-image-2309\"\/><\/figure>\n<!-- \/wp:image -->\n\n<!-- wp:separator -->\n<hr class=\"wp-block-separator\"\/>\n<!-- \/wp:separator -->\n\n<!-- wp:heading -->\n<h2>Temas destacados<\/h2>\n<!-- \/wp:heading -->\n\n<!-- wp:paragraph -->\n<p><em>\u00daltimas 96hs<\/em><\/p>\n<!-- \/wp:paragraph -->\n\n<!-- wp:paragraph -->\n<p><\/p>\n<!-- \/wp:paragraph -->\n\n<!-- wp:list -->\n<ul><li><strong>KIA Ec<\/strong>.<\/li><\/ul>\n<!-- \/wp:list -->\n\n<!-- wp:separator -->\n<hr class=\"wp-block-separator\"\/>\n<!-- \/wp:separator -->\n\n<!-- wp:heading -->\n<h2>Contenidos destacados en redes sociales<\/h2>\n<!-- \/wp:heading -->\n\n<!-- wp:paragraph -->\n<p><em>\u00daltimas 96hs<\/em><\/p>\n<!-- \/wp:paragraph -->\n\n<!-- wp:separator -->\n<hr class=\"wp-block-separator\"\/>\n<!-- \/wp:separator -->\n\n<!-- wp:heading -->\n<h2>Contenidos destacados en medios y blogs<\/h2>\n<!-- \/wp:heading -->\n\n<!-- wp:paragraph -->\n<p><em>\u00daltimas 96hs<\/em><\/p>\n<!-- \/wp:paragraph -->\n\n<!-- wp:columns -->\n<div class=\"wp-block-columns\"><!-- wp:column -->\n<div class=\"wp-block-column\"><!-- wp:quote {\"align\":\"left\"} -->\n<blockquote class=\"wp-block-quote has-text-align-left\"><p><em>Cami\u00f3n el\u00e9ctrico Futuricum logra recorrer 1.000Km con una sola carga de bater\u00eda <\/em><\/p><cite><strong>ADSL ZONE<\/strong><\/cite><\/blockquote>\n<!-- \/wp:quote -->\n\n<!-- wp:buttons -->\n<div class=\"wp-block-buttons\"><!-- wp:button -->\n<div class=\"wp-block-button\"><a class=\"wp-block-button__link\" href=\"https:\/\/www.adslzone.net\/e-movilidad\/noticias-en-marcha\/camion-electrico-1-000-km-futuricum\/\">IR A LA NOTA<\/a><\/div>\n<!-- \/wp:button --><\/div>\n<!-- \/wp:buttons --><\/div>\n<!-- \/wp:column -->\n\n<!-- wp:column -->\n<div class=\"wp-block-column\"><!-- wp:quote {\"align\":\"left\"} -->\n<blockquote class=\"wp-block-quote has-text-align-left\"><p><em>Guanajuato producir\u00e1 llanatas para veh\u00edculos el\u00e9ctricos de Tesla y Ludic Motors<\/em><\/p><cite><strong>AM<\/strong><\/cite><\/blockquote>\n<!-- \/wp:quote -->\n\n<!-- wp:buttons -->\n<div class=\"wp-block-buttons\"><!-- wp:button -->\n<div class=\"wp-block-button\"><a class=\"wp-block-button__link\" href=\"https:\/\/www.am.com.mx\/guanajuato\/valor-agregado\/Guanajuato-producira-llantas-para-vehiculos-electricos-de-Tesla-y-Lucid-Motors-20210902-0009.html\">IR A LA NOTA<\/a><\/div>\n<!-- \/wp:button --><\/div>\n<!-- \/wp:buttons --><\/div>\n<!-- \/wp:column --><\/div>\n<!-- \/wp:columns -->\n\n<!-- wp:columns -->\n<div class=\"wp-block-columns\"><!-- wp:column -->\n<div class=\"wp-block-column\"><!-- wp:quote {\"align\":\"left\"} -->\n<blockquote class=\"wp-block-quote has-text-align-left\"><p><em>Mitsubishi vende su participaci\u00f3n del Proyecto Fosfatos del Pac\u00edfico<\/em><\/p><cite><strong>EXPRESO<\/strong><\/cite><\/blockquote>\n<!-- \/wp:quote -->\n\n<!-- wp:buttons -->\n<div class=\"wp-block-buttons\"><!-- wp:button -->\n<div class=\"wp-block-button\"><a class=\"wp-block-button__link\" href=\"https:\/\/www.expreso.com.pe\/economia\/mitsubishi-se-va-del-proyecto-fosfatos-del-pacifico-en-piura\/\">IR A LA NOTA<\/a><\/div>\n<!-- \/wp:button --><\/div>\n<!-- \/wp:buttons --><\/div>\n<!-- \/wp:column -->\n\n<!-- wp:column -->\n<div class=\"wp-block-column\"><!-- wp:quote {\"align\":\"left\"} -->\n<blockquote class=\"wp-block-quote has-text-align-left\"><p><em>Plantas de ensamblaje en Espa\u00f1a comienzan a pararse ante el desabastecimiento mundial de microchips<\/em><\/p><cite><strong>EL DIARO ES<\/strong><\/cite><\/blockquote>\n<!-- \/wp:quote -->\n\n<!-- wp:buttons -->\n<div class=\"wp-block-buttons\"><!-- wp:button -->\n<div class=\"wp-block-button\"><a class=\"wp-block-button__link\" href=\"https:\/\/www.eldiario.es\/tecnologia\/crisis-chips-paraliza-sector-automovil-no-hay-coches-atender-demanda_1_8267233.html\">IR A LA NOTA<\/a><\/div>\n<!-- \/wp:button --><\/div>\n<!-- \/wp:buttons --><\/div>\n<!-- \/wp:column --><\/div>\n<!-- \/wp:columns -->","_et_gb_content_width":"","footnotes":"","_links_to":"","_links_to_target":""},"categories":[18],"tags":[],"class_list":["post-5161","post","type-post","status-publish","format-standard","hentry","category-buzz-tracker"],"jetpack_featured_media_url":"","_links":{"self":[{"href":"https:\/\/reports.eyewatch.me\/dc\/wp-json\/wp\/v2\/posts\/5161","targetHints":{"allow":["GET"]}}],"collection":[{"href":"https:\/\/reports.eyewatch.me\/dc\/wp-json\/wp\/v2\/posts"}],"about":[{"href":"https:\/\/reports.eyewatch.me\/dc\/wp-json\/wp\/v2\/types\/post"}],"author":[{"embeddable":true,"href":"https:\/\/reports.eyewatch.me\/dc\/wp-json\/wp\/v2\/users\/82"}],"replies":[{"embeddable":true,"href":"https:\/\/reports.eyewatch.me\/dc\/wp-json\/wp\/v2\/comments?post=5161"}],"version-history":[{"count":1,"href":"https:\/\/reports.eyewatch.me\/dc\/wp-json\/wp\/v2\/posts\/5161\/revisions"}],"predecessor-version":[{"id":5164,"href":"https:\/\/reports.eyewatch.me\/dc\/wp-json\/wp\/v2\/posts\/5161\/revisions\/5164"}],"wp:attachment":[{"href":"https:\/\/reports.eyewatch.me\/dc\/wp-json\/wp\/v2\/media?parent=5161"}],"wp:term":[{"taxonomy":"category","embeddable":true,"href":"https:\/\/reports.eyewatch.me\/dc\/wp-json\/wp\/v2\/categories?post=5161"},{"taxonomy":"post_tag","embeddable":true,"href":"https:\/\/reports.eyewatch.me\/dc\/wp-json\/wp\/v2\/tags?post=5161"}],"curies":[{"name":"wp","href":"https:\/\/api.w.org\/{rel}","templated":true}]}}