{"id":5129,"date":"2022-06-16T17:29:29","date_gmt":"2022-06-16T17:29:29","guid":{"rendered":"https:\/\/reports.eyewatch.me\/dc\/?p=5129"},"modified":"2022-06-16T17:29:29","modified_gmt":"2022-06-16T17:29:29","slug":"resumen-16-de-junio","status":"publish","type":"post","link":"https:\/\/reports.eyewatch.me\/dc\/resumen-16-de-junio\/","title":{"rendered":"Resumen 16 de Junio"},"content":{"rendered":"<div id=\"fb-root\"><\/div>\n\n<h2 class=\"wp-block-heading\" id=\"temas-destacados\">Temas destacados<\/h2>\n\n\n\n<p><strong><strong>DESARROLLO SOCIAL<\/strong><\/strong><\/p>\n\n\n\n<ul class=\"wp-block-list\"><li><strong>Banco Mundial y Microsoft <\/strong>se comprometen a obtener mejores resultados de desarrollo para las personas con discapacidad.<\/li><li><strong>Microsoft <\/strong>financia proyectos de cambio social en la Comunidad de Madrid.<\/li><li><strong>Pilas <\/strong>Espa\u00f1a dona 250 sof\u00e1s destinados a las familias damnificadas por el volc\u00e1n de La Palma.<\/li><li><strong>CGI <\/strong>realiza una donaci\u00f3n de un mill\u00f3n de d\u00f3lares destinado a la ayuda humanitaria de Ucrania.<\/li><li><strong>Tigo <\/strong>y Fundaci\u00f3n Real Madrid apoyan la digitalizaci\u00f3n de menores, mujeres y maestros en Paraguay.<\/li><li><strong>Nestl\u00e9<\/strong> presenta el primer ecosistema de sostenibilidad en Ecuador.<\/li><li>Voluntarios de <strong>WOM <\/strong>y <strong>Sodimac Homecenter <\/strong>restauran el parque recreativo Palenque de la comunidad de Kennedy.<\/li><li><strong>BBVA<\/strong> aporta 70.000 euros a Astrapace y D\u2019Genes destinados al cuidado de personas en situaci\u00f3n de discapacidad y de cuidados paliativos.<\/li><\/ul>\n\n\n\n<p><\/p>\n\n\n\n<p><strong>AMBIENTAL<\/strong><\/p>\n\n\n\n<ul class=\"wp-block-list\"><li><strong>Samsung<\/strong> impulsa una campa\u00f1a de reciclaje a trav\u00e9s de sus tiendas y Servicios T\u00e9cnico Oficiales.<\/li><li><strong>Samsung<\/strong> pone en marcha un programa para el reciclaje de residuos electr\u00f3nicos en sus centros.<\/li><li><strong>Coca Cola<\/strong> ya cuenta con el 15% de sus botellas descartables con pl\u00e1stico\u00a0reciclable.<\/li><li><strong>L\u2019Oreal y Nestl\u00e9<\/strong> hacen exhibidores sustentables con el objetivo de disminuir el efecto contaminante del pl\u00e1stico.<\/li><li><strong>BBVA <\/strong>Open Internacional Valencia, pionero en compensar su huella de carbono.<\/li><li><strong>CBN <\/strong>logra reducir 25% de su consumo energ\u00e9tico con paneles solares y montacargas el\u00e9ctricos.<\/li><li><strong>Ford <\/strong>se une a la Coalici\u00f3n First Movers y anuncia su compromiso de ayudar a comercializar tecnolog\u00edas de huella de carbono cero.<\/li><li><strong>MSC<\/strong> adopta el uso de biocombustible sostenible para lograr su total descarbonizaci\u00f3n en 2050.<\/li><li><strong>PepsiCo<\/strong> estrena un nuevo cap\u00edtulo de la serie Amor sagrado, una serie que busca concientizar sobre el cuidado medioambiental.<\/li><li><strong>BBVA<\/strong> dona 70.000 euros a dos asociaciones gallegas para iniciativas medioambientales.<\/li><li><strong>Hyundai<\/strong> lanza campa\u00f1a para promover el cuidado de los oc\u00e9anos.<\/li><li><strong>Aceites Super Fry<\/strong> lanza su primera botella hecha con pl\u00e1stico 100% reciclado.<\/li><\/ul>\n\n\n\n<p><\/p>\n\n\n\n<p><strong>SECTOR AUTOMOTRIZ<\/strong><\/p>\n\n\n\n<ul class=\"wp-block-list\"><li>El auto el\u00e9ctrico <strong>Lightyear <\/strong>podr\u00eda funcionar con una carga cada siete meses.<\/li><li><strong>Volvo<\/strong> renueva a los XC90 y XC60 en sus versiones h\u00edbridas siguiendo su plan de solo tener veh\u00edculos el\u00e9ctricos desde 2030.<\/li><li><strong>Ford <\/strong>retira 49,000 veh\u00edculos el\u00e9ctricos Mach-E por posibles p\u00e9rdidas de potencia.<\/li><li><strong>Tesla <\/strong>eval\u00faa instalar una planta en M\u00e9xico.<\/li><li><strong>Renault<\/strong> estar\u00e1 presente en Viva Tech, el mayor evento de tecnolog\u00eda de Europa.<\/li><li>Se llevan a cabo las Segundas Jornadas de Movilidad El\u00e9ctrica y Sustentable, en el marco de la C<strong>umbre Mundial de Econom\u00eda Circular.<\/strong><\/li><li>El modelo de <strong>JAC E10X<\/strong> se posiciona como un coche el\u00e9ctrico asequible para Colombia.<\/li><li><strong>\u0160KODA<\/strong> Fabria RS Rally2, el nuevo modelo de rally de la marca.<\/li><li><strong>Toyota<\/strong> Compact Cruiser EV: el nuevo 4\u00d74 totalmente el\u00e9ctrico.<\/li><li><strong>Chevrolet Bolt<\/strong> EUV ser\u00e1 el primer el\u00e9ctrico de la marca en Colombia.<\/li><li><strong>Chevrolet <\/strong>despide al Spark y alista su nueva apuesta.<\/li><li><strong>MINI<\/strong> prepara su crossover el\u00e9ctrico con un nuevo lenguaje de dise\u00f1o.<\/li><li><strong>Stellantis<\/strong> abandona la asociaci\u00f3n europea de fabricantes de coches.<\/li><\/ul>\n","protected":false},"excerpt":{"rendered":"<p>DERCO CENTER |<\/p>\n","protected":false},"author":82,"featured_media":0,"comment_status":"closed","ping_status":"closed","sticky":false,"template":"","format":"standard","meta":{"_et_pb_use_builder":"off","_et_pb_old_content":"<!-- wp:heading -->\n<h2>Temas destacados<\/h2>\n<!-- \/wp:heading -->\n\n<!-- wp:paragraph -->\n<p><strong><strong>DESARROLLO SOCIAL<\/strong><\/strong><\/p>\n<!-- \/wp:paragraph -->\n\n<!-- wp:list -->\n<ul><li><strong>Scotiabank Colombia<\/strong> apunta a aumentar la participaci\u00f3n de mujeres en juntas directivas.<\/li><li><strong>Tigo <\/strong>contin\u00faa consolidando su trabajo voluntario.<\/li><li><strong>Nestl\u00e9 Guatemala<\/strong> dona productos l\u00e1cteos para ni\u00f1os en situaci\u00f3n de vulnerabilidad.<\/li><li><strong>Gripo Cenoa Argentina <\/strong>entrega donaciones para el banco de alimentos de Jujuy.<\/li><li><strong>Coca-Cola<\/strong> impulsa el empoderamiento de mujeres de Latinoam\u00e9rica mediante el apoyo a sus peque\u00f1os negocios.<\/li><li><strong>Banco de Bogot\u00e1<\/strong> anuncia que se une a Telet\u00f3n Renace.<\/li><li><strong>Banbif Per\u00fa <\/strong>realiza colecta interna para abastecer de alimentos para las familias m\u00e1s vulnerables.<\/li><li><strong>P&amp;G Espa\u00f1a <\/strong>se compromete a desarrollar 21 proyectos para abordar los desaf\u00edos relacionados con Impacto en la comunidad, Igualdad e Inclusi\u00f3n y Sostenibilidad medioambiental.<\/li><li><strong>Moderna Alimentos Ecuador<\/strong> entrega m\u00e1s de 45 mil Kg de alimentos durante el 2021.<\/li><li><strong>Coca Cola junto a Cruz Roja Argentina <\/strong>donan insumos al Hospital de ni\u00f1os Ricardo Guti\u00e9rrez.<\/li><\/ul>\n<!-- \/wp:list -->\n\n<!-- wp:paragraph -->\n<p><\/p>\n<!-- \/wp:paragraph -->\n\n<!-- wp:paragraph -->\n<p><strong>AMBIENTAL<\/strong><\/p>\n<!-- \/wp:paragraph -->\n\n<!-- wp:list -->\n<ul><li><strong>La Fundaci\u00f3n BBVA<\/strong> anuncia la convocatoria 2021 de Ayudas a Proyectos de Investigaci\u00f3n Cient\u00edfica en las \u00e1reas de Cambio Clim\u00e1tico y Ecolog\u00eda y Biolog\u00eda de la Conservaci\u00f3n.<\/li><li><strong>McDonald\u2019s<\/strong>\u00a0inaugura su primer restaurante con cero emisiones en Reino Unido.<\/li><li><strong>Repsol<\/strong> ampl\u00eda su gama de materiales de baja huella de carbono.<\/li><li><strong>Repsol <\/strong>colaborara con nuevo ecocombustible 100% renovable en Dakar 2022.<\/li><li><strong>Terpel Panam\u00e1<\/strong> y su equipo han reciclado m\u00e1s de una tonelada de materiales durante el 2021 y sembrado m\u00e1s de una docena de \u00e1rboles.<\/li><li><strong>Bancolombia <\/strong>ampli\u00f3 su l\u00ednea de financiaci\u00f3n sostenible.<\/li><li><strong>Equipetrol<\/strong> cambia su matriz en\u00e9rgica a energ\u00eda renovable como contribuci\u00f3n al medio ambiente.<\/li><li><strong>Data for life<\/strong> Espa\u00f1a crea app que permite calcular la huella de carbono.<\/li><li><strong>Grupo BBVA <\/strong>entrega 11,5 millones de tarjetas recicladas.<\/li><li><strong>Coca-Cola Argentina <\/strong>presenta sus acciones de verano para el cuidado del ambiente en diferentes centros tur\u00edsticos.<\/li><\/ul>\n<!-- \/wp:list -->\n\n<!-- wp:paragraph -->\n<p><\/p>\n<!-- \/wp:paragraph -->\n\n<!-- wp:paragraph -->\n<p><\/p>\n<!-- \/wp:paragraph -->\n\n<!-- wp:paragraph -->\n<p><\/p>\n<!-- \/wp:paragraph -->\n\n<!-- wp:paragraph -->\n<p><strong>SECTOR AUTOMOTRIZ<\/strong><\/p>\n<!-- \/wp:paragraph -->\n\n<!-- wp:list -->\n<ul><li><strong>Toyota<\/strong> c+pod se posiciona como el coche el\u00e9ctrico m\u00e1s brato del mundo.<\/li><li><strong>Hyundai <\/strong>est\u00e1 dejando de desarrollar nuevos motores de combusti\u00f3n para realizar una transici\u00f3n a los veh\u00edculos el\u00e9ctricos.<\/li><li><strong>Ford<\/strong> h\u00edbridas F150 permiten recargar otros veh\u00edculos el\u00e9ctricos.<\/li><li>En Suecia, instalan una v\u00eda que recarga veh\u00edculos el\u00e9ctricos mientras transitan por ella.<\/li><li><strong>Jac<\/strong> fue la marca m\u00e1s vendida de coches el\u00e9ctricos en M\u00e9xico.<\/li><li><strong>Jaguar <\/strong>llega a Chile con su primer auto 100% el\u00e9ctrico.<\/li><li><strong>Waymo<\/strong> anuncia colaboraci\u00f3n con Geely para Driver en nueva versi\u00f3n de Zeekr.<\/li><li><strong>Citro\u00ebn<\/strong>\u00a0presenta el nuevo coche C3 en Argentina.<\/li><li><strong>Ford<\/strong> Mustang proveer\u00e1 de autos el\u00e9ctricos a la empresa de taxis Gravity en Estados Unidos.<\/li><li><strong>Saic Motor y MG<\/strong> invierten m\u00e1s de US$45 millones en nueva movilidad.<\/li><li><strong>Tesla<\/strong> retira del mercado m\u00e1s de 475 mil autos el\u00e9ctricos por problemas de seguridad.<\/li><li>La planta de <strong>Nissan<\/strong> en Barcelona tiene nuevo due\u00f1o: se la queda el grupo liderado por QEV Technologies para fabricar coches el\u00e9ctricos.<\/li><\/ul>\n<!-- \/wp:list -->\n\n<!-- wp:paragraph -->\n<p><\/p>\n<!-- \/wp:paragraph -->","_et_gb_content_width":"","footnotes":"","_links_to":"","_links_to_target":""},"categories":[18],"tags":[],"class_list":["post-5129","post","type-post","status-publish","format-standard","hentry","category-buzz-tracker"],"jetpack_featured_media_url":"","_links":{"self":[{"href":"https:\/\/reports.eyewatch.me\/dc\/wp-json\/wp\/v2\/posts\/5129","targetHints":{"allow":["GET"]}}],"collection":[{"href":"https:\/\/reports.eyewatch.me\/dc\/wp-json\/wp\/v2\/posts"}],"about":[{"href":"https:\/\/reports.eyewatch.me\/dc\/wp-json\/wp\/v2\/types\/post"}],"author":[{"embeddable":true,"href":"https:\/\/reports.eyewatch.me\/dc\/wp-json\/wp\/v2\/users\/82"}],"replies":[{"embeddable":true,"href":"https:\/\/reports.eyewatch.me\/dc\/wp-json\/wp\/v2\/comments?post=5129"}],"version-history":[{"count":1,"href":"https:\/\/reports.eyewatch.me\/dc\/wp-json\/wp\/v2\/posts\/5129\/revisions"}],"predecessor-version":[{"id":5130,"href":"https:\/\/reports.eyewatch.me\/dc\/wp-json\/wp\/v2\/posts\/5129\/revisions\/5130"}],"wp:attachment":[{"href":"https:\/\/reports.eyewatch.me\/dc\/wp-json\/wp\/v2\/media?parent=5129"}],"wp:term":[{"taxonomy":"category","embeddable":true,"href":"https:\/\/reports.eyewatch.me\/dc\/wp-json\/wp\/v2\/categories?post=5129"},{"taxonomy":"post_tag","embeddable":true,"href":"https:\/\/reports.eyewatch.me\/dc\/wp-json\/wp\/v2\/tags?post=5129"}],"curies":[{"name":"wp","href":"https:\/\/api.w.org\/{rel}","templated":true}]}}