{"id":5031,"date":"2022-06-06T16:13:43","date_gmt":"2022-06-06T16:13:43","guid":{"rendered":"https:\/\/reports.eyewatch.me\/dc\/?p=5031"},"modified":"2022-06-06T16:13:43","modified_gmt":"2022-06-06T16:13:43","slug":"resumen-6-de-junio","status":"publish","type":"post","link":"https:\/\/reports.eyewatch.me\/dc\/resumen-6-de-junio\/","title":{"rendered":"Resumen 6 de Junio"},"content":{"rendered":"<div id=\"fb-root\"><\/div>\n\n<h2 class=\"wp-block-heading\" id=\"temas-destacados\">Temas destacados<\/h2>\n\n\n\n<p><strong><strong>DESARROLLO SOCIAL<\/strong><\/strong><\/p>\n\n\n\n<ul class=\"wp-block-list\"><li><strong>Tigo <\/strong>lanza la plataforma gratuita \u2018Conectadas\u2019 para la capacitaci\u00f3n e inclusi\u00f3n digital de mujeres y ni\u00f1as en Colombia.<\/li><li><strong>Telef\u00f3nica Movista<\/strong>r se incorpora como miembro de la Comunidad de Empresas WEPs en Venezuela para promover la igualdad de g\u00e9nero.<\/li><li><strong>Nestl\u00e9<\/strong> M\u00e9xico implementa el Sistema Integral de control y erradicaci\u00f3n del trabajo infantil.<\/li><li><strong>Tigo <\/strong>El Salvador instala nueva antena para reducir la brecha digital.<\/li><li><strong>Telef\u00f3nica Movistar<\/strong> M\u00e9xico es reconocida por 19\u00b0 a\u00f1o consecutivo con el Distintivo de Empresa Socialmente Responsable.<\/li><li><strong>Keter<\/strong> dona electrodom\u00e9sticos e insumos varios para los campamentos de verano de ni\u00f1os de Zaragoza.<\/li><li><strong>Nestl\u00e9 <\/strong>organiza evento virtual para impulsar la empleabilidad juvenil.<\/li><li><strong>VTR <\/strong>fomenta inclusi\u00f3n digital de familias vulnerables a trav\u00e9s del programa \u201cConectados para el futuro\u201d.<\/li><li><strong>Samsung <\/strong>brinda talleres de rob\u00f3tica para promover la incorporaci\u00f3n de la tecnolog\u00eda en la educaci\u00f3n en Guatemala.<\/li><li><strong>Tigo<\/strong> promueve el emprendimiento y liderazgo profesional de mujeres.<\/li><\/ul>\n\n\n\n<p><\/p>\n\n\n\n<p><strong>AMBIENTAL<\/strong><\/p>\n\n\n\n<ul class=\"wp-block-list\"><li>La campa\u00f1a de <strong>BBVA<\/strong> sobre el c\u00e1lculo de la Huella de Carbono es reconocida por Publifestival.<\/li><li><strong>Movistar<\/strong> renueva imagen de sus Esquinas Verdes para impulsar reciclaje d celulares y cargadores en desuso en v\u00edsperas del D\u00eda Mundial del Medioambiente.<\/li><li><strong>Unilever <\/strong>desarrollar\u00e1 herramienta para ayudar a acelerar la transici\u00f3n a la agricultura regenerativa.<\/li><li>El programa <strong>Samsung<\/strong> Eco-Packaging celebra el potencial de reutilizaci\u00f3n de\u00a0empaques el cual le ha permitido transformar alrededor de 300 mil toneladas anuales de cajas de productos de la empresa en muebles y objetos de decoraci\u00f3n.\u00a0<\/li><li><strong>Coca Cola<\/strong> trae nuevamente una incre\u00edble promo que invita a los consumidores a proteger el medio ambiente.<\/li><li><strong>BBVA<\/strong> Buenos Aires ilumina su sede en conmemoraci\u00f3n al D\u00eda Mundial del Medio Ambiente.<\/li><li><strong>Routing<\/strong> Chile disminuye su huella de carbono.<\/li><li><strong>Grupo Mi Mercado Per\u00fa<\/strong> lanza campa\u00f1a para promover el reciclaje.<\/li><li><strong>L\u2019Or\u00e9al <\/strong>alcanz\u00f3 el 58% de su indicador de carbono neutralidad en sus centros de producci\u00f3n.<\/li><li><strong>Coca-Cola <\/strong>logr\u00f3 reunir una 1 Tonelada de botellas pl\u00e1sticas.<\/li><li><strong>Arca Continental<\/strong> planea invertir 150 mdd para duplicar reciclaje de PET en M\u00e9xico.<\/li><li><strong>TupTup <\/strong>apuesta por la sostenibilidad y ahorra m\u00e1s de media tonelada de pl\u00e1sticos en lo que va de a\u00f1o.<\/li><\/ul>\n\n\n\n<p><\/p>\n\n\n\n<p><strong>SECTOR AUTOMOTRIZ<\/strong><\/p>\n\n\n\n<ul class=\"wp-block-list\"><li>La <strong>Universidad Nacional de San Agust\u00edn<\/strong> (UNSA) de Arequipa present\u00f3 su primer prototipo de auto el\u00e9ctrico.<\/li><li><strong>Jujuy <\/strong>impulsa la industria del litio.<\/li><li>Comenz\u00f3 la preventa de <strong>Tito,<\/strong> el primer auto el\u00e9ctrico argentino.<\/li><li>El primer auto el\u00e9ctrico made in <strong>Misiones <\/strong>est\u00e1 listo para salir al mercado.<\/li><li>El primer auto 100% el\u00e9ctrico de <strong>Buick<\/strong> llegar\u00e1 en 2024.<\/li><li><strong>Fiat <\/strong>presenta el nuevo modelo 500, el primer y \u00fanico auto urbano el\u00e9ctrico del mundo equipado con la tecnolog\u00eda &#8220;Virtual Venues&#8221; de JBL.<\/li><li><strong>Nissan<\/strong> Leaf comenzar\u00e1 a comercializarse en Panam\u00e1.<\/li><li><strong>Renault<\/strong> renueva su gama de furgonetas el\u00e9ctricas: Kangoo Van y Master.<\/li><li><strong>Volvo<\/strong> presentar\u00e1 dos Suvs h\u00edbridos enchufables.<\/li><li>Nuevo <strong>Aiways<\/strong> U6ion, llega la revoluci\u00f3n el\u00e9ctrica.<\/li><li>Se filtra el nuevo <strong>Polestar 5.<\/strong><\/li><li>El primer <strong>auto vegetal <\/strong>de la historia ya es una realidad: est\u00e1 impreso en 3D con fibras naturales sin aluminio.<\/li><li><strong>Mercedes-Benz <\/strong>vanes celebra sus primeros 20 a\u00f1os en M\u00e9xico.<\/li><li><strong>Volvo<\/strong> se une a iniciativa para impulsar el uso de acero libre de combustibles f\u00f3siles.<\/li><li>Marruecos suministrar\u00e1 a <strong>Renault<\/strong> el cobalto de sus futuras bater\u00edas.<\/li><li>Los <strong>robotaxi <\/strong>ser\u00e1n una realidad en la ciudad de San Francisco.<\/li><\/ul>\n","protected":false},"excerpt":{"rendered":"<p>DERCO CENTER |<\/p>\n","protected":false},"author":82,"featured_media":0,"comment_status":"closed","ping_status":"closed","sticky":false,"template":"","format":"standard","meta":{"_et_pb_use_builder":"off","_et_pb_old_content":"<!-- wp:heading -->\n<h2>Temas destacados<\/h2>\n<!-- \/wp:heading -->\n\n<!-- wp:paragraph -->\n<p><strong><strong>DESARROLLO SOCIAL<\/strong><\/strong><\/p>\n<!-- \/wp:paragraph -->\n\n<!-- wp:list -->\n<ul><li><strong>Scotiabank Colombia<\/strong> apunta a aumentar la participaci\u00f3n de mujeres en juntas directivas.<\/li><li><strong>Tigo <\/strong>contin\u00faa consolidando su trabajo voluntario.<\/li><li><strong>Nestl\u00e9 Guatemala<\/strong> dona productos l\u00e1cteos para ni\u00f1os en situaci\u00f3n de vulnerabilidad.<\/li><li><strong>Gripo Cenoa Argentina <\/strong>entrega donaciones para el banco de alimentos de Jujuy.<\/li><li><strong>Coca-Cola<\/strong> impulsa el empoderamiento de mujeres de Latinoam\u00e9rica mediante el apoyo a sus peque\u00f1os negocios.<\/li><li><strong>Banco de Bogot\u00e1<\/strong> anuncia que se une a Telet\u00f3n Renace.<\/li><li><strong>Banbif Per\u00fa <\/strong>realiza colecta interna para abastecer de alimentos para las familias m\u00e1s vulnerables.<\/li><li><strong>P&amp;G Espa\u00f1a <\/strong>se compromete a desarrollar 21 proyectos para abordar los desaf\u00edos relacionados con Impacto en la comunidad, Igualdad e Inclusi\u00f3n y Sostenibilidad medioambiental.<\/li><li><strong>Moderna Alimentos Ecuador<\/strong> entrega m\u00e1s de 45 mil Kg de alimentos durante el 2021.<\/li><li><strong>Coca Cola junto a Cruz Roja Argentina <\/strong>donan insumos al Hospital de ni\u00f1os Ricardo Guti\u00e9rrez.<\/li><\/ul>\n<!-- \/wp:list -->\n\n<!-- wp:paragraph -->\n<p><\/p>\n<!-- \/wp:paragraph -->\n\n<!-- wp:paragraph -->\n<p><strong>AMBIENTAL<\/strong><\/p>\n<!-- \/wp:paragraph -->\n\n<!-- wp:list -->\n<ul><li><strong>La Fundaci\u00f3n BBVA<\/strong> anuncia la convocatoria 2021 de Ayudas a Proyectos de Investigaci\u00f3n Cient\u00edfica en las \u00e1reas de Cambio Clim\u00e1tico y Ecolog\u00eda y Biolog\u00eda de la Conservaci\u00f3n.<\/li><li><strong>McDonald\u2019s<\/strong>\u00a0inaugura su primer restaurante con cero emisiones en Reino Unido.<\/li><li><strong>Repsol<\/strong> ampl\u00eda su gama de materiales de baja huella de carbono.<\/li><li><strong>Repsol <\/strong>colaborara con nuevo ecocombustible 100% renovable en Dakar 2022.<\/li><li><strong>Terpel Panam\u00e1<\/strong> y su equipo han reciclado m\u00e1s de una tonelada de materiales durante el 2021 y sembrado m\u00e1s de una docena de \u00e1rboles.<\/li><li><strong>Bancolombia <\/strong>ampli\u00f3 su l\u00ednea de financiaci\u00f3n sostenible.<\/li><li><strong>Equipetrol<\/strong> cambia su matriz en\u00e9rgica a energ\u00eda renovable como contribuci\u00f3n al medio ambiente.<\/li><li><strong>Data for life<\/strong> Espa\u00f1a crea app que permite calcular la huella de carbono.<\/li><li><strong>Grupo BBVA <\/strong>entrega 11,5 millones de tarjetas recicladas.<\/li><li><strong>Coca-Cola Argentina <\/strong>presenta sus acciones de verano para el cuidado del ambiente en diferentes centros tur\u00edsticos.<\/li><\/ul>\n<!-- \/wp:list -->\n\n<!-- wp:paragraph -->\n<p><\/p>\n<!-- \/wp:paragraph -->\n\n<!-- wp:paragraph -->\n<p><\/p>\n<!-- \/wp:paragraph -->\n\n<!-- wp:paragraph -->\n<p><\/p>\n<!-- \/wp:paragraph -->\n\n<!-- wp:paragraph -->\n<p><strong>SECTOR AUTOMOTRIZ<\/strong><\/p>\n<!-- \/wp:paragraph -->\n\n<!-- wp:list -->\n<ul><li><strong>Toyota<\/strong> c+pod se posiciona como el coche el\u00e9ctrico m\u00e1s brato del mundo.<\/li><li><strong>Hyundai <\/strong>est\u00e1 dejando de desarrollar nuevos motores de combusti\u00f3n para realizar una transici\u00f3n a los veh\u00edculos el\u00e9ctricos.<\/li><li><strong>Ford<\/strong> h\u00edbridas F150 permiten recargar otros veh\u00edculos el\u00e9ctricos.<\/li><li>En Suecia, instalan una v\u00eda que recarga veh\u00edculos el\u00e9ctricos mientras transitan por ella.<\/li><li><strong>Jac<\/strong> fue la marca m\u00e1s vendida de coches el\u00e9ctricos en M\u00e9xico.<\/li><li><strong>Jaguar <\/strong>llega a Chile con su primer auto 100% el\u00e9ctrico.<\/li><li><strong>Waymo<\/strong> anuncia colaboraci\u00f3n con Geely para Driver en nueva versi\u00f3n de Zeekr.<\/li><li><strong>Citro\u00ebn<\/strong>\u00a0presenta el nuevo coche C3 en Argentina.<\/li><li><strong>Ford<\/strong> Mustang proveer\u00e1 de autos el\u00e9ctricos a la empresa de taxis Gravity en Estados Unidos.<\/li><li><strong>Saic Motor y MG<\/strong> invierten m\u00e1s de US$45 millones en nueva movilidad.<\/li><li><strong>Tesla<\/strong> retira del mercado m\u00e1s de 475 mil autos el\u00e9ctricos por problemas de seguridad.<\/li><li>La planta de <strong>Nissan<\/strong> en Barcelona tiene nuevo due\u00f1o: se la queda el grupo liderado por QEV Technologies para fabricar coches el\u00e9ctricos.<\/li><\/ul>\n<!-- \/wp:list -->\n\n<!-- wp:paragraph -->\n<p><\/p>\n<!-- \/wp:paragraph -->","_et_gb_content_width":"","footnotes":"","_links_to":"","_links_to_target":""},"categories":[18],"tags":[],"class_list":["post-5031","post","type-post","status-publish","format-standard","hentry","category-buzz-tracker"],"jetpack_featured_media_url":"","_links":{"self":[{"href":"https:\/\/reports.eyewatch.me\/dc\/wp-json\/wp\/v2\/posts\/5031","targetHints":{"allow":["GET"]}}],"collection":[{"href":"https:\/\/reports.eyewatch.me\/dc\/wp-json\/wp\/v2\/posts"}],"about":[{"href":"https:\/\/reports.eyewatch.me\/dc\/wp-json\/wp\/v2\/types\/post"}],"author":[{"embeddable":true,"href":"https:\/\/reports.eyewatch.me\/dc\/wp-json\/wp\/v2\/users\/82"}],"replies":[{"embeddable":true,"href":"https:\/\/reports.eyewatch.me\/dc\/wp-json\/wp\/v2\/comments?post=5031"}],"version-history":[{"count":1,"href":"https:\/\/reports.eyewatch.me\/dc\/wp-json\/wp\/v2\/posts\/5031\/revisions"}],"predecessor-version":[{"id":5032,"href":"https:\/\/reports.eyewatch.me\/dc\/wp-json\/wp\/v2\/posts\/5031\/revisions\/5032"}],"wp:attachment":[{"href":"https:\/\/reports.eyewatch.me\/dc\/wp-json\/wp\/v2\/media?parent=5031"}],"wp:term":[{"taxonomy":"category","embeddable":true,"href":"https:\/\/reports.eyewatch.me\/dc\/wp-json\/wp\/v2\/categories?post=5031"},{"taxonomy":"post_tag","embeddable":true,"href":"https:\/\/reports.eyewatch.me\/dc\/wp-json\/wp\/v2\/tags?post=5031"}],"curies":[{"name":"wp","href":"https:\/\/api.w.org\/{rel}","templated":true}]}}