{"id":4995,"date":"2022-06-02T16:29:48","date_gmt":"2022-06-02T16:29:48","guid":{"rendered":"https:\/\/reports.eyewatch.me\/dc\/?p=4995"},"modified":"2022-06-02T16:29:48","modified_gmt":"2022-06-02T16:29:48","slug":"resumen-2-de-junio","status":"publish","type":"post","link":"https:\/\/reports.eyewatch.me\/dc\/resumen-2-de-junio\/","title":{"rendered":"Resumen 2 de Junio"},"content":{"rendered":"<div id=\"fb-root\"><\/div>\n\n<h2 class=\"wp-block-heading\" id=\"temas-destacados\">Temas destacados<\/h2>\n\n\n\n<p><strong><strong>DESARROLLO SOCIAL<\/strong><\/strong><\/p>\n\n\n\n<ul class=\"wp-block-list\"><li><strong>Telef\u00f3nica Ecuador <\/strong>abre convocatoria a becas de inclusi\u00f3n digital.<\/li><li><strong>Unilever<\/strong> obtiene Distintivo ESR del Cemefi por 16 a\u00f1os consecutivos.<\/li><li><strong>Telef\u00f3nica Movistar <\/strong>se incorpora como miembro de la Comunidad de Empresas WEPs en Venezuela para promover la igualdad de g\u00e9nero.<\/li><li><strong>Banco Popular<\/strong> se suma al sello Igualando RD para seguir incrementando la igualdad de g\u00e9nero.<\/li><li><strong>AGA<\/strong> env\u00eda desde Galicia tres ec\u00f3grafos a hospitales infantiles de Ucrania.<\/li><li><strong>Dinatech <\/strong>dona tablets para la sala 50 del Hospital de Ni\u00f1os.<\/li><li><strong>Tigo <\/strong>promueve el emprendimiento y liderazgo profesional de mujeres.<\/li><li><strong>L\u2019Or\u00e9al<\/strong> invertir\u00e1 25 millones en startups de belleza dirigidas por mujeres.<\/li><\/ul>\n\n\n\n<p><\/p>\n\n\n\n<p><\/p>\n\n\n\n<p><\/p>\n\n\n\n<p><strong>AMBIENTAL<\/strong><\/p>\n\n\n\n<ul class=\"wp-block-list\"><li><strong>Samsung<\/strong> crea la primera l\u00ednea de Smartphones fabricados con redes de pesca reutilizadas en la Serie Galaxy S22.<\/li><li><strong>Iberia <\/strong>opera sus primeros vuelos con biocombustible.<\/li><li><strong>Bimbo<\/strong> Per\u00fa lograr operar con 100% energ\u00eda el\u00e9ctrica renovable.<\/li><li><strong>L\u2019Or\u00e9al <\/strong>busca reducir la huella de carbono de cada uno de sus productos al 50% en 2030, comparado con 2016.<\/li><li><strong>Sodimac y Maestro<\/strong> inauguran puntos limpios para promover el reciclaje.<\/li><li>La marca de ropa <strong>Ilusi\u00f3n <\/strong>desarrolla una fibra a base de botellas de PET recicladas para elaborar ropa interior y deportiva.<\/li><li><strong>Transportes Marva <\/strong>incorpora a su flota camiones el\u00e9ctricos lo que le permite reducir su huella de carbono.<\/li><li><strong>TNA Engineering<\/strong> obtiene el sello de Neutralizaci\u00f3n del programa Huella Chile del Ministerio de Medio Ambiente.<\/li><li><strong>Colgate<\/strong> lanza promueve el ahorro de agua y el reciclaje para lograr residuos cero.<\/li><li><strong>Nestl\u00e9<\/strong> invierte en un sistema de refrigeraci\u00f3n sostenible.<\/li><li><strong>Nestl\u00e9 <\/strong>se concentra en reducir emisiones de carbono de sus productos l\u00e1cteos.<\/li><li><strong>Kuehne+Nagel y LATAM Airlines Group<\/strong> anunciaron la compensaci\u00f3n del 100% de los embarques que realizaron juntos durante la reciente temporada del D\u00eda de la Madre.<\/li><\/ul>\n\n\n\n<p><\/p>\n\n\n\n<p><strong>SECTOR AUTOMOTRIZ<\/strong><\/p>\n\n\n\n<ul class=\"wp-block-list\"><li><strong>DeLorean <\/strong>presenta su nuevo modelo Alpha 5 EV un veh\u00edculo el\u00e9ctrico que retiene las caracter\u00edsticas puertas en forma de alas.<\/li><li>El modelo <strong>Kia<\/strong>V6 obtiene m\u00faltiples premios por su dise\u00f1o.<\/li><li><strong>Volvo <\/strong>usar\u00e1 la tecnolog\u00eda de Fortnite para presentar gr\u00e1ficos de alta calidad en sus coches el\u00e9ctricos.<\/li><li><strong>Vision-S<\/strong> el prototipo de coche el\u00e9ctrico de Sony.<\/li><li>El auto el\u00e9ctrico argentino <strong>CR-2<\/strong> que se vender\u00e1 a un precio m\u00e1s bajo que el modelo Tito.<\/li><li><strong>Volkswagen <\/strong>promueve la cadena de materia primas responsable con el medio ambiente.<\/li><li><strong>Toyota<\/strong> celebra su vig\u00e9simo quinto de producci\u00f3n en Argentina.<\/li><li><strong>Ford<\/strong> podr\u00eda recortar gastos en publicidad para aumentar ganancias.<\/li><li><strong>Volkswagen<\/strong> logra el r\u00e9cord de producci\u00f3n de veh\u00edculos el\u00e9ctricos pero no logra desplazar a Tesla del liderazgo.<\/li><li><strong>Audi <\/strong>participa del Foro Econ\u00f3mico Mundial de Davos.<\/li><li><strong>FIAT<\/strong> anuncia que a partir de julio de 2022 todos sus coches estar\u00e1n electrificados en Reino Unido.<\/li><li><strong>Lexus<\/strong> estrena el RX 2023, m\u00e1s din\u00e1mico y con tres versiones electrificadas.<\/li><li><strong>Renault <\/strong>recupera el movimiento\u00a0JASP para el Megane E-Tech el\u00e9ctrico.<\/li><li><strong>Volvo <\/strong>aument\u00f3 potencia y autonom\u00eda el\u00e9ctrica en sus XC60 y XC90 h\u00edbridos.<\/li><li><strong>Porsche<\/strong> participa en una nueva ronda de financiaci\u00f3n de\u00a0Rimac.<\/li><li><strong>Scania<\/strong>\u00a0es\u00a0premiada\u00a0por\u00a0desarrollar\u00a0un\u00a0veh\u00edculo\u00a0que\u00a0ahorra\u00a0combustible.<\/li><li><strong>CAF y Talgo <\/strong>inician las pruebas de sus trenes de hidr\u00f3geno en Zaragoza y Madrid.<\/li><li>Manej\u00f3 a 5.816 metros de altura con el auto el\u00e9ctrico<strong> VW ID.4.<\/strong> y consigui\u00f3 un <strong>R\u00e9cord Guinness.<\/strong><\/li><\/ul>\n","protected":false},"excerpt":{"rendered":"<p>DERCO CENTER |<\/p>\n","protected":false},"author":82,"featured_media":0,"comment_status":"closed","ping_status":"closed","sticky":false,"template":"","format":"standard","meta":{"_et_pb_use_builder":"off","_et_pb_old_content":"<!-- wp:heading -->\n<h2>Temas destacados<\/h2>\n<!-- \/wp:heading -->\n\n<!-- wp:paragraph -->\n<p><strong><strong>DESARROLLO SOCIAL<\/strong><\/strong><\/p>\n<!-- \/wp:paragraph -->\n\n<!-- wp:list -->\n<ul><li><strong>Scotiabank Colombia<\/strong> apunta a aumentar la participaci\u00f3n de mujeres en juntas directivas.<\/li><li><strong>Tigo <\/strong>contin\u00faa consolidando su trabajo voluntario.<\/li><li><strong>Nestl\u00e9 Guatemala<\/strong> dona productos l\u00e1cteos para ni\u00f1os en situaci\u00f3n de vulnerabilidad.<\/li><li><strong>Gripo Cenoa Argentina <\/strong>entrega donaciones para el banco de alimentos de Jujuy.<\/li><li><strong>Coca-Cola<\/strong> impulsa el empoderamiento de mujeres de Latinoam\u00e9rica mediante el apoyo a sus peque\u00f1os negocios.<\/li><li><strong>Banco de Bogot\u00e1<\/strong> anuncia que se une a Telet\u00f3n Renace.<\/li><li><strong>Banbif Per\u00fa <\/strong>realiza colecta interna para abastecer de alimentos para las familias m\u00e1s vulnerables.<\/li><li><strong>P&amp;G Espa\u00f1a <\/strong>se compromete a desarrollar 21 proyectos para abordar los desaf\u00edos relacionados con Impacto en la comunidad, Igualdad e Inclusi\u00f3n y Sostenibilidad medioambiental.<\/li><li><strong>Moderna Alimentos Ecuador<\/strong> entrega m\u00e1s de 45 mil Kg de alimentos durante el 2021.<\/li><li><strong>Coca Cola junto a Cruz Roja Argentina <\/strong>donan insumos al Hospital de ni\u00f1os Ricardo Guti\u00e9rrez.<\/li><\/ul>\n<!-- \/wp:list -->\n\n<!-- wp:paragraph -->\n<p><\/p>\n<!-- \/wp:paragraph -->\n\n<!-- wp:paragraph -->\n<p><strong>AMBIENTAL<\/strong><\/p>\n<!-- \/wp:paragraph -->\n\n<!-- wp:list -->\n<ul><li><strong>La Fundaci\u00f3n BBVA<\/strong> anuncia la convocatoria 2021 de Ayudas a Proyectos de Investigaci\u00f3n Cient\u00edfica en las \u00e1reas de Cambio Clim\u00e1tico y Ecolog\u00eda y Biolog\u00eda de la Conservaci\u00f3n.<\/li><li><strong>McDonald\u2019s<\/strong>\u00a0inaugura su primer restaurante con cero emisiones en Reino Unido.<\/li><li><strong>Repsol<\/strong> ampl\u00eda su gama de materiales de baja huella de carbono.<\/li><li><strong>Repsol <\/strong>colaborara con nuevo ecocombustible 100% renovable en Dakar 2022.<\/li><li><strong>Terpel Panam\u00e1<\/strong> y su equipo han reciclado m\u00e1s de una tonelada de materiales durante el 2021 y sembrado m\u00e1s de una docena de \u00e1rboles.<\/li><li><strong>Bancolombia <\/strong>ampli\u00f3 su l\u00ednea de financiaci\u00f3n sostenible.<\/li><li><strong>Equipetrol<\/strong> cambia su matriz en\u00e9rgica a energ\u00eda renovable como contribuci\u00f3n al medio ambiente.<\/li><li><strong>Data for life<\/strong> Espa\u00f1a crea app que permite calcular la huella de carbono.<\/li><li><strong>Grupo BBVA <\/strong>entrega 11,5 millones de tarjetas recicladas.<\/li><li><strong>Coca-Cola Argentina <\/strong>presenta sus acciones de verano para el cuidado del ambiente en diferentes centros tur\u00edsticos.<\/li><\/ul>\n<!-- \/wp:list -->\n\n<!-- wp:paragraph -->\n<p><\/p>\n<!-- \/wp:paragraph -->\n\n<!-- wp:paragraph -->\n<p><\/p>\n<!-- \/wp:paragraph -->\n\n<!-- wp:paragraph -->\n<p><\/p>\n<!-- \/wp:paragraph -->\n\n<!-- wp:paragraph -->\n<p><strong>SECTOR AUTOMOTRIZ<\/strong><\/p>\n<!-- \/wp:paragraph -->\n\n<!-- wp:list -->\n<ul><li><strong>Toyota<\/strong> c+pod se posiciona como el coche el\u00e9ctrico m\u00e1s brato del mundo.<\/li><li><strong>Hyundai <\/strong>est\u00e1 dejando de desarrollar nuevos motores de combusti\u00f3n para realizar una transici\u00f3n a los veh\u00edculos el\u00e9ctricos.<\/li><li><strong>Ford<\/strong> h\u00edbridas F150 permiten recargar otros veh\u00edculos el\u00e9ctricos.<\/li><li>En Suecia, instalan una v\u00eda que recarga veh\u00edculos el\u00e9ctricos mientras transitan por ella.<\/li><li><strong>Jac<\/strong> fue la marca m\u00e1s vendida de coches el\u00e9ctricos en M\u00e9xico.<\/li><li><strong>Jaguar <\/strong>llega a Chile con su primer auto 100% el\u00e9ctrico.<\/li><li><strong>Waymo<\/strong> anuncia colaboraci\u00f3n con Geely para Driver en nueva versi\u00f3n de Zeekr.<\/li><li><strong>Citro\u00ebn<\/strong>\u00a0presenta el nuevo coche C3 en Argentina.<\/li><li><strong>Ford<\/strong> Mustang proveer\u00e1 de autos el\u00e9ctricos a la empresa de taxis Gravity en Estados Unidos.<\/li><li><strong>Saic Motor y MG<\/strong> invierten m\u00e1s de US$45 millones en nueva movilidad.<\/li><li><strong>Tesla<\/strong> retira del mercado m\u00e1s de 475 mil autos el\u00e9ctricos por problemas de seguridad.<\/li><li>La planta de <strong>Nissan<\/strong> en Barcelona tiene nuevo due\u00f1o: se la queda el grupo liderado por QEV Technologies para fabricar coches el\u00e9ctricos.<\/li><\/ul>\n<!-- \/wp:list -->\n\n<!-- wp:paragraph -->\n<p><\/p>\n<!-- \/wp:paragraph -->","_et_gb_content_width":"","footnotes":"","_links_to":"","_links_to_target":""},"categories":[18],"tags":[],"class_list":["post-4995","post","type-post","status-publish","format-standard","hentry","category-buzz-tracker"],"jetpack_featured_media_url":"","_links":{"self":[{"href":"https:\/\/reports.eyewatch.me\/dc\/wp-json\/wp\/v2\/posts\/4995","targetHints":{"allow":["GET"]}}],"collection":[{"href":"https:\/\/reports.eyewatch.me\/dc\/wp-json\/wp\/v2\/posts"}],"about":[{"href":"https:\/\/reports.eyewatch.me\/dc\/wp-json\/wp\/v2\/types\/post"}],"author":[{"embeddable":true,"href":"https:\/\/reports.eyewatch.me\/dc\/wp-json\/wp\/v2\/users\/82"}],"replies":[{"embeddable":true,"href":"https:\/\/reports.eyewatch.me\/dc\/wp-json\/wp\/v2\/comments?post=4995"}],"version-history":[{"count":1,"href":"https:\/\/reports.eyewatch.me\/dc\/wp-json\/wp\/v2\/posts\/4995\/revisions"}],"predecessor-version":[{"id":4996,"href":"https:\/\/reports.eyewatch.me\/dc\/wp-json\/wp\/v2\/posts\/4995\/revisions\/4996"}],"wp:attachment":[{"href":"https:\/\/reports.eyewatch.me\/dc\/wp-json\/wp\/v2\/media?parent=4995"}],"wp:term":[{"taxonomy":"category","embeddable":true,"href":"https:\/\/reports.eyewatch.me\/dc\/wp-json\/wp\/v2\/categories?post=4995"},{"taxonomy":"post_tag","embeddable":true,"href":"https:\/\/reports.eyewatch.me\/dc\/wp-json\/wp\/v2\/tags?post=4995"}],"curies":[{"name":"wp","href":"https:\/\/api.w.org\/{rel}","templated":true}]}}