{"id":4953,"date":"2022-05-30T17:26:18","date_gmt":"2022-05-30T17:26:18","guid":{"rendered":"https:\/\/reports.eyewatch.me\/dc\/?p=4953"},"modified":"2022-05-30T17:26:18","modified_gmt":"2022-05-30T17:26:18","slug":"resumen-30-de-mayo","status":"publish","type":"post","link":"https:\/\/reports.eyewatch.me\/dc\/resumen-30-de-mayo\/","title":{"rendered":"Resumen 30 de Mayo"},"content":{"rendered":"<div id=\"fb-root\"><\/div>\n\n<h2 class=\"wp-block-heading\" id=\"temas-destacados\">Temas destacados<\/h2>\n\n\n\n<p><strong><strong>DESARROLLO SOCIAL<\/strong><\/strong><\/p>\n\n\n\n<ul class=\"wp-block-list\"><li><strong>VTR<\/strong> fomenta la inclusi\u00f3n digital de familias vulnerables a trav\u00e9s del programa &#8220;conectados para el futuro&#8221;.<\/li><li><strong>Surtimax <\/strong>permiti\u00f3 a madres gestantes y lactantes redimir sus bonos alimentarios; gracias al convenio entre la Fundaci\u00f3n \u00c9xito y la Gobernaci\u00f3n de Cundinamarca.<\/li><li><strong>Bancolombia <\/strong>continua ayudando a las comunidades que m\u00e1s lo necesitan debido a las lluvias en San Carlos Antioquia, Calarc\u00e1 Quind\u00edo y Sevilla, Valle del Cauca. Adem\u00e1s recibi\u00f3 la autorizaci\u00f3n.<\/li><li><strong>Galletas Guill\u00f3n<\/strong> celebra el D\u00eda de la Celiaqu\u00eda, enfoc\u00e1ndose en productos destinados a estos consumidores ofreciendo diez variedades sin gluten.<\/li><li><strong>L&#8217;Oreal <\/strong>fomenta el emprendimiento femenino invirtiendo m\u00e1s de 25 millones de euros en la iniciativa L&#8217;Oreal Bold Female Founders dirigida a apoyar startups de mujeres.<\/li><li><strong>Movistar <\/strong>anuncia nueva convocatoria para su programa de empleabilidad femenina.<\/li><li><strong>Tigo <\/strong>impulsa el acceso de internet y servicio m\u00f3vil en 160 ciudades en Honduras<strong>Banco Popular <\/strong>patrocina la segunda Feria Internacional del Libro Infantil y Juvenil<\/li><\/ul>\n\n\n\n<p><\/p>\n\n\n\n<p><\/p>\n\n\n\n<p><\/p>\n\n\n\n<p><strong>AMBIENTAL<\/strong><\/p>\n\n\n\n<ul class=\"wp-block-list\"><li><strong>CEPSA <\/strong>patrocina a CienciaULL, donde se comentan la importancia de estudios de la huella de carbono, esta vez a cargo de la Ing. Agr\u00edcola Noelia Cruz.<\/li><li><strong>Mazda <\/strong>demuestra su compromiso con la movilidad sostenible, a trav\u00e9s de su modelo h\u00edbrido enchufable CX-60. .<\/li><li><strong>Danone <\/strong>apuesta por la implementaci\u00f3n de un modelo alimentario m\u00e1s inclusivo y sostenible para todas las personas y el planeta.<\/li><li><strong>Copec <\/strong>logra la carbono neutralidad en todas sus estaciones de servicio<em>s<\/em>.<\/li><li><strong>Bimbo <\/strong>M\u00e9xico espera que para el 2030, el total de sus empaques apoyen la econom\u00eda circular y as\u00ed puedan reducir el 20% del consumo del agua y el 50% de desperdicio de alimentos en sus operaciones.<\/li><li><strong>Naturgy <\/strong>apuesta por la sostenibilidad y mantiene que el primer gran compromiso a la hora de afrontar esta transformaci\u00f3n recae directamente sobre el medio ambiente.<\/li><li><strong>Cepsa <\/strong>invertir\u00e1 en Huelva 3.500 millones en amoniaco, hidr\u00f3geno verde y biocombustibles.<\/li><li><strong>Samsung <\/strong>participa en el desarrollo de una casa accesible y sostenible que se expondr\u00e1 en SIMA.<\/li><li><strong>Repsol <\/strong>construye una planta de combustibles sint\u00e9ticos en Bilbao. El complejo producir\u00e1 2.100 toneladas de combustible a partir de CO2 capturado e hidr\u00f3geno verde para aviones, barcos y camiones.<\/li><li><strong>Tesla <\/strong>prueba una bater\u00eda de litio que funcionar\u00eda hasta por 100 a\u00f1os.<\/li><\/ul>\n\n\n\n<p><\/p>\n\n\n\n<p><strong>SECTOR AUTOMOTRIZ<\/strong><\/p>\n\n\n\n<ul class=\"wp-block-list\"><li><strong>Renault <\/strong>junto a otras empresas se unen en un proyecto que convertir\u00e1 a Espa\u00f1a en l\u00edder de la movilidad sostenible y conectada&#8221;.<\/li><li><strong>Nissan <\/strong>como marca pionera en la creaci\u00f3n y desarrollo de veh\u00edculos el\u00e9ctricos, comenzando en 1947 con el veh\u00edculo el\u00e9ctrico Tama.<\/li><li><strong>Volkswagen<\/strong> ID.4 GTX consigue el R\u00e9cord Guinness de conducci\u00f3n a mayor altura para un auto el\u00e9ctrico.<\/li><li><strong>Volvo <\/strong>anunciar\u00e1 la incorporaci\u00f3n de la nueva generaci\u00f3n de la bater\u00eda de rango extendido T8 (bater\u00eda de 3 capas) en sus modelos Volvo S60, XC60 y XC90 PHEV.<\/li><li><strong>BMW <\/strong>y su i4 M50; es un modelo de sustentabilidad con 544 hp en modo Sport Boost.<\/li><li><strong>SONY<\/strong>, presenta el prototipo de su coche el\u00e9ctrico, el Vision-S.<\/li><li><strong>Volvo <\/strong>se convierte en el primer fabricante en utilizar acero &#8220;verde&#8221; en sus camiones el\u00e9ctricos. Adem\u00e1s, el modelo C40 Recharge ha obtenido cinco estrellas en las pruebas de seguridad del programa Euro NCAP 2022<em>.<\/em><\/li><li><strong>Renault <\/strong>Kwid 2023 llega a M\u00e9xico, el auto m\u00e1s accesible del mercado se actualiza. Adem\u00e1s, el <em>Renault Oroch 2023 llega a M\u00e9xico con toda la potencia de un motor turbo<\/em>.<\/li><li><strong>Nissan<\/strong> e-POWER, la tecnolog\u00eda que revoluciona la movilidad el\u00e9ctrica.<\/li><li><strong><em>Mercedes <\/em><\/strong><em>Vision AMG, el el\u00e9ctrico deportivo desarrollado \u00edntegramente por la divisi\u00f3n deportiva de la casa de la estrella.<\/em><\/li><li><strong>Stellantis <\/strong>y Samsung se asocian para fabricar bater\u00edas de autos el\u00e9ctricos en EE.UU.<\/li><li><strong>Incrementa <\/strong>el n\u00famero de estadounidenses interesados en los veh\u00edculos el\u00e9ctricos, gracias a que empresas como Ford y General Motors contribuyen a eliminar el escepticismo en este tipo de veh\u00edculos.<\/li><\/ul>\n","protected":false},"excerpt":{"rendered":"<p>DERCO CENTER |<\/p>\n","protected":false},"author":82,"featured_media":0,"comment_status":"closed","ping_status":"closed","sticky":false,"template":"","format":"standard","meta":{"_et_pb_use_builder":"off","_et_pb_old_content":"<!-- wp:heading -->\n<h2>Temas destacados<\/h2>\n<!-- \/wp:heading -->\n\n<!-- wp:paragraph -->\n<p><strong><strong>DESARROLLO SOCIAL<\/strong><\/strong><\/p>\n<!-- \/wp:paragraph -->\n\n<!-- wp:list -->\n<ul><li><strong>Scotiabank Colombia<\/strong> apunta a aumentar la participaci\u00f3n de mujeres en juntas directivas.<\/li><li><strong>Tigo <\/strong>contin\u00faa consolidando su trabajo voluntario.<\/li><li><strong>Nestl\u00e9 Guatemala<\/strong> dona productos l\u00e1cteos para ni\u00f1os en situaci\u00f3n de vulnerabilidad.<\/li><li><strong>Gripo Cenoa Argentina <\/strong>entrega donaciones para el banco de alimentos de Jujuy.<\/li><li><strong>Coca-Cola<\/strong> impulsa el empoderamiento de mujeres de Latinoam\u00e9rica mediante el apoyo a sus peque\u00f1os negocios.<\/li><li><strong>Banco de Bogot\u00e1<\/strong> anuncia que se une a Telet\u00f3n Renace.<\/li><li><strong>Banbif Per\u00fa <\/strong>realiza colecta interna para abastecer de alimentos para las familias m\u00e1s vulnerables.<\/li><li><strong>P&amp;G Espa\u00f1a <\/strong>se compromete a desarrollar 21 proyectos para abordar los desaf\u00edos relacionados con Impacto en la comunidad, Igualdad e Inclusi\u00f3n y Sostenibilidad medioambiental.<\/li><li><strong>Moderna Alimentos Ecuador<\/strong> entrega m\u00e1s de 45 mil Kg de alimentos durante el 2021.<\/li><li><strong>Coca Cola junto a Cruz Roja Argentina <\/strong>donan insumos al Hospital de ni\u00f1os Ricardo Guti\u00e9rrez.<\/li><\/ul>\n<!-- \/wp:list -->\n\n<!-- wp:paragraph -->\n<p><\/p>\n<!-- \/wp:paragraph -->\n\n<!-- wp:paragraph -->\n<p><strong>AMBIENTAL<\/strong><\/p>\n<!-- \/wp:paragraph -->\n\n<!-- wp:list -->\n<ul><li><strong>La Fundaci\u00f3n BBVA<\/strong> anuncia la convocatoria 2021 de Ayudas a Proyectos de Investigaci\u00f3n Cient\u00edfica en las \u00e1reas de Cambio Clim\u00e1tico y Ecolog\u00eda y Biolog\u00eda de la Conservaci\u00f3n.<\/li><li><strong>McDonald\u2019s<\/strong>\u00a0inaugura su primer restaurante con cero emisiones en Reino Unido.<\/li><li><strong>Repsol<\/strong> ampl\u00eda su gama de materiales de baja huella de carbono.<\/li><li><strong>Repsol <\/strong>colaborara con nuevo ecocombustible 100% renovable en Dakar 2022.<\/li><li><strong>Terpel Panam\u00e1<\/strong> y su equipo han reciclado m\u00e1s de una tonelada de materiales durante el 2021 y sembrado m\u00e1s de una docena de \u00e1rboles.<\/li><li><strong>Bancolombia <\/strong>ampli\u00f3 su l\u00ednea de financiaci\u00f3n sostenible.<\/li><li><strong>Equipetrol<\/strong> cambia su matriz en\u00e9rgica a energ\u00eda renovable como contribuci\u00f3n al medio ambiente.<\/li><li><strong>Data for life<\/strong> Espa\u00f1a crea app que permite calcular la huella de carbono.<\/li><li><strong>Grupo BBVA <\/strong>entrega 11,5 millones de tarjetas recicladas.<\/li><li><strong>Coca-Cola Argentina <\/strong>presenta sus acciones de verano para el cuidado del ambiente en diferentes centros tur\u00edsticos.<\/li><\/ul>\n<!-- \/wp:list -->\n\n<!-- wp:paragraph -->\n<p><\/p>\n<!-- \/wp:paragraph -->\n\n<!-- wp:paragraph -->\n<p><\/p>\n<!-- \/wp:paragraph -->\n\n<!-- wp:paragraph -->\n<p><\/p>\n<!-- \/wp:paragraph -->\n\n<!-- wp:paragraph -->\n<p><strong>SECTOR AUTOMOTRIZ<\/strong><\/p>\n<!-- \/wp:paragraph -->\n\n<!-- wp:list -->\n<ul><li><strong>Toyota<\/strong> c+pod se posiciona como el coche el\u00e9ctrico m\u00e1s brato del mundo.<\/li><li><strong>Hyundai <\/strong>est\u00e1 dejando de desarrollar nuevos motores de combusti\u00f3n para realizar una transici\u00f3n a los veh\u00edculos el\u00e9ctricos.<\/li><li><strong>Ford<\/strong> h\u00edbridas F150 permiten recargar otros veh\u00edculos el\u00e9ctricos.<\/li><li>En Suecia, instalan una v\u00eda que recarga veh\u00edculos el\u00e9ctricos mientras transitan por ella.<\/li><li><strong>Jac<\/strong> fue la marca m\u00e1s vendida de coches el\u00e9ctricos en M\u00e9xico.<\/li><li><strong>Jaguar <\/strong>llega a Chile con su primer auto 100% el\u00e9ctrico.<\/li><li><strong>Waymo<\/strong> anuncia colaboraci\u00f3n con Geely para Driver en nueva versi\u00f3n de Zeekr.<\/li><li><strong>Citro\u00ebn<\/strong>\u00a0presenta el nuevo coche C3 en Argentina.<\/li><li><strong>Ford<\/strong> Mustang proveer\u00e1 de autos el\u00e9ctricos a la empresa de taxis Gravity en Estados Unidos.<\/li><li><strong>Saic Motor y MG<\/strong> invierten m\u00e1s de US$45 millones en nueva movilidad.<\/li><li><strong>Tesla<\/strong> retira del mercado m\u00e1s de 475 mil autos el\u00e9ctricos por problemas de seguridad.<\/li><li>La planta de <strong>Nissan<\/strong> en Barcelona tiene nuevo due\u00f1o: se la queda el grupo liderado por QEV Technologies para fabricar coches el\u00e9ctricos.<\/li><\/ul>\n<!-- \/wp:list -->\n\n<!-- wp:paragraph -->\n<p><\/p>\n<!-- \/wp:paragraph -->","_et_gb_content_width":"","footnotes":"","_links_to":"","_links_to_target":""},"categories":[18],"tags":[],"class_list":["post-4953","post","type-post","status-publish","format-standard","hentry","category-buzz-tracker"],"jetpack_featured_media_url":"","_links":{"self":[{"href":"https:\/\/reports.eyewatch.me\/dc\/wp-json\/wp\/v2\/posts\/4953","targetHints":{"allow":["GET"]}}],"collection":[{"href":"https:\/\/reports.eyewatch.me\/dc\/wp-json\/wp\/v2\/posts"}],"about":[{"href":"https:\/\/reports.eyewatch.me\/dc\/wp-json\/wp\/v2\/types\/post"}],"author":[{"embeddable":true,"href":"https:\/\/reports.eyewatch.me\/dc\/wp-json\/wp\/v2\/users\/82"}],"replies":[{"embeddable":true,"href":"https:\/\/reports.eyewatch.me\/dc\/wp-json\/wp\/v2\/comments?post=4953"}],"version-history":[{"count":2,"href":"https:\/\/reports.eyewatch.me\/dc\/wp-json\/wp\/v2\/posts\/4953\/revisions"}],"predecessor-version":[{"id":4955,"href":"https:\/\/reports.eyewatch.me\/dc\/wp-json\/wp\/v2\/posts\/4953\/revisions\/4955"}],"wp:attachment":[{"href":"https:\/\/reports.eyewatch.me\/dc\/wp-json\/wp\/v2\/media?parent=4953"}],"wp:term":[{"taxonomy":"category","embeddable":true,"href":"https:\/\/reports.eyewatch.me\/dc\/wp-json\/wp\/v2\/categories?post=4953"},{"taxonomy":"post_tag","embeddable":true,"href":"https:\/\/reports.eyewatch.me\/dc\/wp-json\/wp\/v2\/tags?post=4953"}],"curies":[{"name":"wp","href":"https:\/\/api.w.org\/{rel}","templated":true}]}}