{"id":4936,"date":"2022-05-26T20:01:13","date_gmt":"2022-05-26T20:01:13","guid":{"rendered":"https:\/\/reports.eyewatch.me\/dc\/?p=4936"},"modified":"2022-05-26T20:03:10","modified_gmt":"2022-05-26T20:03:10","slug":"resumen-26-de-mayo","status":"publish","type":"post","link":"https:\/\/reports.eyewatch.me\/dc\/resumen-26-de-mayo\/","title":{"rendered":"Resumen 26 de Mayo"},"content":{"rendered":"<div id=\"fb-root\"><\/div>\n\n<h2 class=\"wp-block-heading\" id=\"temas-destacados\">Temas destacados<\/h2>\n\n\n\n<p><strong><strong>DESARROLLO SOCIAL<\/strong><\/strong><\/p>\n\n\n\n<ul class=\"wp-block-list\"><li><strong>F<\/strong><\/li><\/ul>\n\n\n\n<ul class=\"wp-block-list\"><li><strong>Movista<\/strong>r <strong>El Salvador<\/strong> busca generar espacios que impulsen la igualdad y el empoderamiento de la mujer como parte de los objetivos de la empresa a nivel global .<\/li><li><strong>Bancolombia<\/strong> proporciona ayuda humanitaria a comunidades que quedaron damnificadas en Antioquia, Quind\u00edo y el Valle del Cauca. <\/li><li><strong>Fundaci\u00f3n Telef\u00f3nica M\u00e9xico <\/strong> invita a postular a la Beca Inclusi\u00f3n Digital en comunidades rurales de Latinoam\u00e9rica.<\/li><li><strong>Nestl\u00e9 <\/strong>Panam\u00e1 realiz\u00f3 una donaci\u00f3n de una ambulancia al cuerpo de bomberos de Nat\u00e1 de los Caballeros.<\/li><li><strong>Galletas Guill\u00f3n<\/strong> a trav\u00e9s de sus autoridades se re\u00fane con representantes de las comunidades aut\u00f3nomas de Cantabria y Castilla y Le\u00f3n para conversar el impacto de la despoblaci\u00f3n, la infraestructura y la econom\u00eda de la galletera en la zona.<\/li><li><strong>Google <\/strong>nombra a Laura Allen como Jefa de la Estrategia de Accesibilidad e Inclusi\u00f3n de la Discapacidad; su principal objetivo es mejorar la accesibilidad de los productos y procesos de la empresa.<\/li><li><strong>Tigo <\/strong>impulsa la educaci\u00f3n digital a trav\u00e9s de innovadores programas<\/li><li><strong>Bimbo <\/strong>Per\u00fa anuncia que todas sus operaciones ser\u00e1n realizadas con energ\u00eda renovable a trav\u00e9s de paneles solares que surten a toda la planta de Carmen de la Legua, en el Callao.<\/li><\/ul>\n\n\n\n<p><\/p>\n\n\n\n<p><\/p>\n\n\n\n<p><strong>AMBIENTAL<\/strong><\/p>\n\n\n\n<ul class=\"wp-block-list\"><li><strong>BBVA<\/strong> es el primer banco que calcula la huella de carbono de sus clientes para vender cr\u00e9ditos verdes.<\/li><li><strong>Bimbo<\/strong> plantea que para 2025 todos sus empaques sean reciclables o biodegradables y para 2050 plantea bajar a cero las emisiones de netas de carbono. <\/li><li><strong>BBVA Colombia <\/strong>a trav\u00e9s de su Presidente entreg\u00f3 kits educativos, afirmando que la educaci\u00f3n es muy importante para construir una sociedad justa y sostenible.<\/li><li><strong>Microsoft <\/strong>fabrica un mouse hecho con 20% de pl\u00e1stico reciclado del oc\u00e9ano. <em>Adem\u00e1s, tiene programas que ayudan a las empresas a medir cu\u00e1n sostenibles son sus operaciones<\/em><\/li><li><strong>Unilever<\/strong> Argentina apuesta por el pl\u00e1stico reciclado nacional para sus envases.<\/li><li><strong>Banco Kutxabank <\/strong>forma parte de los organizadores del encuentro &#8220;Transformaci\u00f3n Energ\u00e9tica y Digital: la hoja de ruta hacia una Euskadi sostenible&#8221; .<\/li><li><strong>Puma <\/strong>busca convertirse en una marca 100% sustentable; adem\u00e1s presenta la <em>segunda temporada de RE: Collection hecha de materiales reciclados<\/em><\/li><li><strong>Coca Cola<\/strong><em>, <\/em>Enka y Eko Red se unen para lanzar \u201cReciclave Santander&#8221;.<\/li><\/ul>\n\n\n\n<p><\/p>\n\n\n\n<p><strong>SECTOR AUTOMOTRIZ<\/strong><\/p>\n\n\n\n<ul class=\"wp-block-list\"><li><strong>Renault <\/strong>Scenic Vision es un auto 95% reciclable, incluyendo la bater\u00eda y los materiales que est\u00e1n 100% contacto con los pasajeros.<\/li><li><strong>Honda <\/strong>M\u00e9xico presenta Prologue, el cual es un auto el\u00e9ctrico que ser\u00e1 el primero en utilizar la plataforma Ultium desarrollada por General Motors.<\/li><li><strong>Toyota <\/strong>tiene disponible la pre-venta de su primer coche el\u00e9ctrico el Toyota bZ4X.<\/li><li><strong>Hyundai <\/strong>anunci\u00f3 que va a invertir US$ 5.000 millones adicionales en Estados Unidos a estudios de rob\u00f3tica y tecnolog\u00edas de conducci\u00f3n aut\u00f3nomas para su planta de choches el\u00e9ctricos. <\/li><li><strong>Solar Beat<\/strong> presenta el JAC E10X con una carga del 30% al 80% en 45 min.<\/li><li><strong>BMW  <\/strong>asegura que los autos el\u00e9ctricos que tengan la plataforma &#8220;Neue Klasse&#8221; ser\u00e1n tan rentables como los de combusti\u00f3n interna. <\/li><li><strong>Nissan<\/strong>, presenta un miniveh\u00edculo totalmente el\u00e9ctrico en Jap\u00f3n. <em>Adem\u00e1s, el Nissan Ariya se embarcar\u00e1 en la primera expedici\u00f3n mundial del Polo Norte al Polo Sur<\/em>. <\/li><li><strong>Lexus <\/strong>llega a M\u00e9xico para abrirse paso hacia el futuro de los autos h\u00edbridos<em>.<\/em><\/li><li><strong>Peugeot <\/strong>3008 Plug-in Hybrid 4 combina lo mejor de dos mundos, ofreciendo una experiencia de manejo h\u00edbrida a su conductor. <\/li><li><strong>Tesla <\/strong>Model M muestra como lucir\u00eda una motocicleta el\u00e9ctrica inspirada en la Cybertruck, tras la muestra un video conceptual de \u00e9sta.<\/li><li><strong>Toyota<\/strong><em>, apuesta por los autos h\u00edbridos para la reducci\u00f3n del carbono.<\/em><\/li><li><strong>Volkswagen <\/strong><em>muestra a Ministros del G7 su transformaci\u00f3n a la movilidad el\u00e9ctrica<\/em>.<\/li><li><strong>Ventas <\/strong>globales de autos el\u00e9ctricos se duplicaron en 2021 a 6,6 millones.<\/li><\/ul>\n","protected":false},"excerpt":{"rendered":"<p>DERCO CENTER |<\/p>\n","protected":false},"author":82,"featured_media":0,"comment_status":"closed","ping_status":"closed","sticky":false,"template":"","format":"standard","meta":{"_et_pb_use_builder":"off","_et_pb_old_content":"<!-- wp:heading -->\n<h2>Temas destacados<\/h2>\n<!-- \/wp:heading -->\n\n<!-- wp:paragraph -->\n<p><strong><strong>DESARROLLO SOCIAL<\/strong><\/strong><\/p>\n<!-- \/wp:paragraph -->\n\n<!-- wp:list -->\n<ul><li><strong>Scotiabank Colombia<\/strong> apunta a aumentar la participaci\u00f3n de mujeres en juntas directivas.<\/li><li><strong>Tigo <\/strong>contin\u00faa consolidando su trabajo voluntario.<\/li><li><strong>Nestl\u00e9 Guatemala<\/strong> dona productos l\u00e1cteos para ni\u00f1os en situaci\u00f3n de vulnerabilidad.<\/li><li><strong>Gripo Cenoa Argentina <\/strong>entrega donaciones para el banco de alimentos de Jujuy.<\/li><li><strong>Coca-Cola<\/strong> impulsa el empoderamiento de mujeres de Latinoam\u00e9rica mediante el apoyo a sus peque\u00f1os negocios.<\/li><li><strong>Banco de Bogot\u00e1<\/strong> anuncia que se une a Telet\u00f3n Renace.<\/li><li><strong>Banbif Per\u00fa <\/strong>realiza colecta interna para abastecer de alimentos para las familias m\u00e1s vulnerables.<\/li><li><strong>P&amp;G Espa\u00f1a <\/strong>se compromete a desarrollar 21 proyectos para abordar los desaf\u00edos relacionados con Impacto en la comunidad, Igualdad e Inclusi\u00f3n y Sostenibilidad medioambiental.<\/li><li><strong>Moderna Alimentos Ecuador<\/strong> entrega m\u00e1s de 45 mil Kg de alimentos durante el 2021.<\/li><li><strong>Coca Cola junto a Cruz Roja Argentina <\/strong>donan insumos al Hospital de ni\u00f1os Ricardo Guti\u00e9rrez.<\/li><\/ul>\n<!-- \/wp:list -->\n\n<!-- wp:paragraph -->\n<p><\/p>\n<!-- \/wp:paragraph -->\n\n<!-- wp:paragraph -->\n<p><strong>AMBIENTAL<\/strong><\/p>\n<!-- \/wp:paragraph -->\n\n<!-- wp:list -->\n<ul><li><strong>La Fundaci\u00f3n BBVA<\/strong> anuncia la convocatoria 2021 de Ayudas a Proyectos de Investigaci\u00f3n Cient\u00edfica en las \u00e1reas de Cambio Clim\u00e1tico y Ecolog\u00eda y Biolog\u00eda de la Conservaci\u00f3n.<\/li><li><strong>McDonald\u2019s<\/strong>\u00a0inaugura su primer restaurante con cero emisiones en Reino Unido.<\/li><li><strong>Repsol<\/strong> ampl\u00eda su gama de materiales de baja huella de carbono.<\/li><li><strong>Repsol <\/strong>colaborara con nuevo ecocombustible 100% renovable en Dakar 2022.<\/li><li><strong>Terpel Panam\u00e1<\/strong> y su equipo han reciclado m\u00e1s de una tonelada de materiales durante el 2021 y sembrado m\u00e1s de una docena de \u00e1rboles.<\/li><li><strong>Bancolombia <\/strong>ampli\u00f3 su l\u00ednea de financiaci\u00f3n sostenible.<\/li><li><strong>Equipetrol<\/strong> cambia su matriz en\u00e9rgica a energ\u00eda renovable como contribuci\u00f3n al medio ambiente.<\/li><li><strong>Data for life<\/strong> Espa\u00f1a crea app que permite calcular la huella de carbono.<\/li><li><strong>Grupo BBVA <\/strong>entrega 11,5 millones de tarjetas recicladas.<\/li><li><strong>Coca-Cola Argentina <\/strong>presenta sus acciones de verano para el cuidado del ambiente en diferentes centros tur\u00edsticos.<\/li><\/ul>\n<!-- \/wp:list -->\n\n<!-- wp:paragraph -->\n<p><\/p>\n<!-- \/wp:paragraph -->\n\n<!-- wp:paragraph -->\n<p><\/p>\n<!-- \/wp:paragraph -->\n\n<!-- wp:paragraph -->\n<p><\/p>\n<!-- \/wp:paragraph -->\n\n<!-- wp:paragraph -->\n<p><strong>SECTOR AUTOMOTRIZ<\/strong><\/p>\n<!-- \/wp:paragraph -->\n\n<!-- wp:list -->\n<ul><li><strong>Toyota<\/strong> c+pod se posiciona como el coche el\u00e9ctrico m\u00e1s brato del mundo.<\/li><li><strong>Hyundai <\/strong>est\u00e1 dejando de desarrollar nuevos motores de combusti\u00f3n para realizar una transici\u00f3n a los veh\u00edculos el\u00e9ctricos.<\/li><li><strong>Ford<\/strong> h\u00edbridas F150 permiten recargar otros veh\u00edculos el\u00e9ctricos.<\/li><li>En Suecia, instalan una v\u00eda que recarga veh\u00edculos el\u00e9ctricos mientras transitan por ella.<\/li><li><strong>Jac<\/strong> fue la marca m\u00e1s vendida de coches el\u00e9ctricos en M\u00e9xico.<\/li><li><strong>Jaguar <\/strong>llega a Chile con su primer auto 100% el\u00e9ctrico.<\/li><li><strong>Waymo<\/strong> anuncia colaboraci\u00f3n con Geely para Driver en nueva versi\u00f3n de Zeekr.<\/li><li><strong>Citro\u00ebn<\/strong>\u00a0presenta el nuevo coche C3 en Argentina.<\/li><li><strong>Ford<\/strong> Mustang proveer\u00e1 de autos el\u00e9ctricos a la empresa de taxis Gravity en Estados Unidos.<\/li><li><strong>Saic Motor y MG<\/strong> invierten m\u00e1s de US$45 millones en nueva movilidad.<\/li><li><strong>Tesla<\/strong> retira del mercado m\u00e1s de 475 mil autos el\u00e9ctricos por problemas de seguridad.<\/li><li>La planta de <strong>Nissan<\/strong> en Barcelona tiene nuevo due\u00f1o: se la queda el grupo liderado por QEV Technologies para fabricar coches el\u00e9ctricos.<\/li><\/ul>\n<!-- \/wp:list -->\n\n<!-- wp:paragraph -->\n<p><\/p>\n<!-- \/wp:paragraph -->","_et_gb_content_width":"","footnotes":"","_links_to":"","_links_to_target":""},"categories":[18],"tags":[],"class_list":["post-4936","post","type-post","status-publish","format-standard","hentry","category-buzz-tracker"],"jetpack_featured_media_url":"","_links":{"self":[{"href":"https:\/\/reports.eyewatch.me\/dc\/wp-json\/wp\/v2\/posts\/4936","targetHints":{"allow":["GET"]}}],"collection":[{"href":"https:\/\/reports.eyewatch.me\/dc\/wp-json\/wp\/v2\/posts"}],"about":[{"href":"https:\/\/reports.eyewatch.me\/dc\/wp-json\/wp\/v2\/types\/post"}],"author":[{"embeddable":true,"href":"https:\/\/reports.eyewatch.me\/dc\/wp-json\/wp\/v2\/users\/82"}],"replies":[{"embeddable":true,"href":"https:\/\/reports.eyewatch.me\/dc\/wp-json\/wp\/v2\/comments?post=4936"}],"version-history":[{"count":2,"href":"https:\/\/reports.eyewatch.me\/dc\/wp-json\/wp\/v2\/posts\/4936\/revisions"}],"predecessor-version":[{"id":4938,"href":"https:\/\/reports.eyewatch.me\/dc\/wp-json\/wp\/v2\/posts\/4936\/revisions\/4938"}],"wp:attachment":[{"href":"https:\/\/reports.eyewatch.me\/dc\/wp-json\/wp\/v2\/media?parent=4936"}],"wp:term":[{"taxonomy":"category","embeddable":true,"href":"https:\/\/reports.eyewatch.me\/dc\/wp-json\/wp\/v2\/categories?post=4936"},{"taxonomy":"post_tag","embeddable":true,"href":"https:\/\/reports.eyewatch.me\/dc\/wp-json\/wp\/v2\/tags?post=4936"}],"curies":[{"name":"wp","href":"https:\/\/api.w.org\/{rel}","templated":true}]}}