{"id":4906,"date":"2022-05-23T16:56:13","date_gmt":"2022-05-23T16:56:13","guid":{"rendered":"https:\/\/reports.eyewatch.me\/dc\/?p=4906"},"modified":"2022-05-23T16:56:13","modified_gmt":"2022-05-23T16:56:13","slug":"resumen-23-de-mayo","status":"publish","type":"post","link":"https:\/\/reports.eyewatch.me\/dc\/resumen-23-de-mayo\/","title":{"rendered":"Resumen 23 de Mayo"},"content":{"rendered":"<div id=\"fb-root\"><\/div>\n\n<h2 class=\"wp-block-heading\" id=\"temas-destacados\">Temas destacados<\/h2>\n\n\n\n<p><strong><strong>DESARROLLO SOCIAL<\/strong><\/strong><\/p>\n\n\n\n<ul class=\"wp-block-list\"><li><strong>Fundaci\u00f3n Telef\u00f3nica Movistar <\/strong>Chile realiza talleres de ciberseguridad en colegios secundarios.<\/li><li><strong>Microsoft<\/strong> Latinoam\u00e9rica ofrece cursos y capacitaciones gratuitas para promover la adquisici\u00f3n de habilidades sobre econom\u00eda digital.<\/li><li><strong>BBVA<\/strong> Per\u00fa lanza campa\u00f1a de recolecci\u00f3n de fondos para pacientes con c\u00e1ncer.<\/li><li><strong>Galletas Guill\u00f3n<\/strong> se compromete a la donaci\u00f3n de producto a la Asociaci\u00f3n Hermandad de Donantes de Sangre de Cantabria.<\/li><li><strong>Nestl\u00e9<\/strong> Panam\u00e1 realiza donaci\u00f3n de una ambulancia para los bomberos de la zona de Nat\u00e1.<\/li><li><strong>PepsiCo<\/strong> lanza cursos 100% virtuales gratuitos para apoyar a emprendedoras.<\/li><\/ul>\n\n\n\n<p><\/p>\n\n\n\n<p><\/p>\n\n\n\n<p><strong>AMBIENTAL<\/strong><\/p>\n\n\n\n<ul class=\"wp-block-list\"><li><strong>Google <\/strong>prohibir\u00e1 anuncios que nieguen el cambio clim\u00e1tico.<\/li><li><strong>Unilever<\/strong> busca recolectar y procesar m\u00e1s envases de pl\u00e1stico de los que coloca en el mercado.<\/li><li><strong>Nestl\u00e9 <\/strong>lleva a cabo una jornada de limpieza de costas por el D\u00eda del Reciclaje.<\/li><li><strong>BBVA<\/strong> lanz\u00f3 nueva tarjeta de cr\u00e9dito Visa Infinite Bbva, elaborada en pl\u00e1stico reciclable.<\/li><li><strong>Nespresso<\/strong> se asocia con Z\u00e8ta, una startup especializada en moda de \u201cresiduo cero\u201d, para lanzar una colecci\u00f3n de zapatillas elaboradas con posos de caf\u00e9 reciclado.<\/li><li><strong>Banco Kutxabank <\/strong>emitir\u00e1 tarjetas con pl\u00e1stico reciclado.<\/li><li><strong>Grupo\u00a0Bimbo<\/strong>\u00a0anuncia\u00a0todas\u00a0sus\u00a0operaciones\u00a0con\u00a0energ\u00eda\u00a0renovable.<\/li><li>La nueva tapa de las botellas de <strong>Coca-Cola<\/strong> no se desprende para facilitar los procesos de reciclaje.<\/li><li><strong>Grupo Modelo<\/strong> M\u00e9xico recicla m\u00e1s de 140 millones de botellas de cerveza.<\/li><li><strong>Puma<\/strong> presenta su nueva l\u00ednea de productos confeccionadas con materiales reciclados.<\/li><\/ul>\n\n\n\n<p><\/p>\n\n\n\n<p><strong>SECTOR AUTOMOTRIZ<\/strong><\/p>\n\n\n\n<ul class=\"wp-block-list\"><li><strong>BMW<\/strong> iX cuenta con un enfoque centrado en la sustentabilidad elaborado con madera certificada FSC y con alta proporci\u00f3n de aluminio reutilizado.<\/li><li><strong>Lyriq<\/strong>, el coche el\u00e9ctrico que tiene garant\u00eda.<\/li><li><strong>Hyundai <\/strong>construir\u00e1 una nueva planta de veh\u00edculos y bater\u00edas el\u00e9ctricos en la ciudad norteamericana de Georgia.<\/li><li><strong>Stellantis<\/strong> quiere inyectar 266 millones de euros en sus f\u00e1bricas espa\u00f1olas para asegurar su gama &#8216;made in Spain&#8217; de coches el\u00e9ctricos.<\/li><li><strong>Tito<\/strong>, el auto el\u00e9ctrico argentino logra una autonom\u00eda de 100km.<\/li><li><strong>\u0160KODA<\/strong> inicia la producci\u00f3n de sistemas de bater\u00eda MEB en Rep\u00fablica Checa.<\/li><li><strong>Nissan<\/strong> presenta un miniveh\u00edculo totalmente el\u00e9ctrico en Jap\u00f3n.<\/li><li>El nuevo superdeportivo <strong>Maserati <\/strong>MC20 se presenta en Puerto Rico.<\/li><li><strong>Polestar <\/strong>reduce en un 6% las emisiones de la producci\u00f3n por cada coche el\u00e9ctrico.<\/li><li><strong>Mercedes-Benz <\/strong>espera revivir toda su l\u00ednea con modelos el\u00e9ctricos.<\/li><li>Tecnolog\u00eda de asistencia a la conducci\u00f3n de <strong>Volkswagen <\/strong>supera pruebas de seguridad de autoridades europeas.<\/li><li>Red de producci\u00f3n global de <strong>Volkswagen<\/strong> para veh\u00edculos el\u00e9ctricos crece con una segunda planta en Alemania.<\/li><li>Avanza en <strong>EEUU <\/strong>el desarrollo de motores de combusti\u00f3n interna de hidr\u00f3geno para 2027.<\/li><li><strong>Ventas <\/strong>globales de autos el\u00e9ctricos se duplicaron en 2021 a 6,6 millones.<\/li><\/ul>\n","protected":false},"excerpt":{"rendered":"<p>DERCO CENTER |<\/p>\n","protected":false},"author":82,"featured_media":0,"comment_status":"closed","ping_status":"closed","sticky":false,"template":"","format":"standard","meta":{"_et_pb_use_builder":"off","_et_pb_old_content":"<!-- wp:heading -->\n<h2>Temas destacados<\/h2>\n<!-- \/wp:heading -->\n\n<!-- wp:paragraph -->\n<p><strong><strong>DESARROLLO SOCIAL<\/strong><\/strong><\/p>\n<!-- \/wp:paragraph -->\n\n<!-- wp:list -->\n<ul><li><strong>Scotiabank Colombia<\/strong> apunta a aumentar la participaci\u00f3n de mujeres en juntas directivas.<\/li><li><strong>Tigo <\/strong>contin\u00faa consolidando su trabajo voluntario.<\/li><li><strong>Nestl\u00e9 Guatemala<\/strong> dona productos l\u00e1cteos para ni\u00f1os en situaci\u00f3n de vulnerabilidad.<\/li><li><strong>Gripo Cenoa Argentina <\/strong>entrega donaciones para el banco de alimentos de Jujuy.<\/li><li><strong>Coca-Cola<\/strong> impulsa el empoderamiento de mujeres de Latinoam\u00e9rica mediante el apoyo a sus peque\u00f1os negocios.<\/li><li><strong>Banco de Bogot\u00e1<\/strong> anuncia que se une a Telet\u00f3n Renace.<\/li><li><strong>Banbif Per\u00fa <\/strong>realiza colecta interna para abastecer de alimentos para las familias m\u00e1s vulnerables.<\/li><li><strong>P&amp;G Espa\u00f1a <\/strong>se compromete a desarrollar 21 proyectos para abordar los desaf\u00edos relacionados con Impacto en la comunidad, Igualdad e Inclusi\u00f3n y Sostenibilidad medioambiental.<\/li><li><strong>Moderna Alimentos Ecuador<\/strong> entrega m\u00e1s de 45 mil Kg de alimentos durante el 2021.<\/li><li><strong>Coca Cola junto a Cruz Roja Argentina <\/strong>donan insumos al Hospital de ni\u00f1os Ricardo Guti\u00e9rrez.<\/li><\/ul>\n<!-- \/wp:list -->\n\n<!-- wp:paragraph -->\n<p><\/p>\n<!-- \/wp:paragraph -->\n\n<!-- wp:paragraph -->\n<p><strong>AMBIENTAL<\/strong><\/p>\n<!-- \/wp:paragraph -->\n\n<!-- wp:list -->\n<ul><li><strong>La Fundaci\u00f3n BBVA<\/strong> anuncia la convocatoria 2021 de Ayudas a Proyectos de Investigaci\u00f3n Cient\u00edfica en las \u00e1reas de Cambio Clim\u00e1tico y Ecolog\u00eda y Biolog\u00eda de la Conservaci\u00f3n.<\/li><li><strong>McDonald\u2019s<\/strong>\u00a0inaugura su primer restaurante con cero emisiones en Reino Unido.<\/li><li><strong>Repsol<\/strong> ampl\u00eda su gama de materiales de baja huella de carbono.<\/li><li><strong>Repsol <\/strong>colaborara con nuevo ecocombustible 100% renovable en Dakar 2022.<\/li><li><strong>Terpel Panam\u00e1<\/strong> y su equipo han reciclado m\u00e1s de una tonelada de materiales durante el 2021 y sembrado m\u00e1s de una docena de \u00e1rboles.<\/li><li><strong>Bancolombia <\/strong>ampli\u00f3 su l\u00ednea de financiaci\u00f3n sostenible.<\/li><li><strong>Equipetrol<\/strong> cambia su matriz en\u00e9rgica a energ\u00eda renovable como contribuci\u00f3n al medio ambiente.<\/li><li><strong>Data for life<\/strong> Espa\u00f1a crea app que permite calcular la huella de carbono.<\/li><li><strong>Grupo BBVA <\/strong>entrega 11,5 millones de tarjetas recicladas.<\/li><li><strong>Coca-Cola Argentina <\/strong>presenta sus acciones de verano para el cuidado del ambiente en diferentes centros tur\u00edsticos.<\/li><\/ul>\n<!-- \/wp:list -->\n\n<!-- wp:paragraph -->\n<p><\/p>\n<!-- \/wp:paragraph -->\n\n<!-- wp:paragraph -->\n<p><\/p>\n<!-- \/wp:paragraph -->\n\n<!-- wp:paragraph -->\n<p><\/p>\n<!-- \/wp:paragraph -->\n\n<!-- wp:paragraph -->\n<p><strong>SECTOR AUTOMOTRIZ<\/strong><\/p>\n<!-- \/wp:paragraph -->\n\n<!-- wp:list -->\n<ul><li><strong>Toyota<\/strong> c+pod se posiciona como el coche el\u00e9ctrico m\u00e1s brato del mundo.<\/li><li><strong>Hyundai <\/strong>est\u00e1 dejando de desarrollar nuevos motores de combusti\u00f3n para realizar una transici\u00f3n a los veh\u00edculos el\u00e9ctricos.<\/li><li><strong>Ford<\/strong> h\u00edbridas F150 permiten recargar otros veh\u00edculos el\u00e9ctricos.<\/li><li>En Suecia, instalan una v\u00eda que recarga veh\u00edculos el\u00e9ctricos mientras transitan por ella.<\/li><li><strong>Jac<\/strong> fue la marca m\u00e1s vendida de coches el\u00e9ctricos en M\u00e9xico.<\/li><li><strong>Jaguar <\/strong>llega a Chile con su primer auto 100% el\u00e9ctrico.<\/li><li><strong>Waymo<\/strong> anuncia colaboraci\u00f3n con Geely para Driver en nueva versi\u00f3n de Zeekr.<\/li><li><strong>Citro\u00ebn<\/strong>\u00a0presenta el nuevo coche C3 en Argentina.<\/li><li><strong>Ford<\/strong> Mustang proveer\u00e1 de autos el\u00e9ctricos a la empresa de taxis Gravity en Estados Unidos.<\/li><li><strong>Saic Motor y MG<\/strong> invierten m\u00e1s de US$45 millones en nueva movilidad.<\/li><li><strong>Tesla<\/strong> retira del mercado m\u00e1s de 475 mil autos el\u00e9ctricos por problemas de seguridad.<\/li><li>La planta de <strong>Nissan<\/strong> en Barcelona tiene nuevo due\u00f1o: se la queda el grupo liderado por QEV Technologies para fabricar coches el\u00e9ctricos.<\/li><\/ul>\n<!-- \/wp:list -->\n\n<!-- wp:paragraph -->\n<p><\/p>\n<!-- \/wp:paragraph -->","_et_gb_content_width":"","footnotes":"","_links_to":"","_links_to_target":""},"categories":[18],"tags":[],"class_list":["post-4906","post","type-post","status-publish","format-standard","hentry","category-buzz-tracker"],"jetpack_featured_media_url":"","_links":{"self":[{"href":"https:\/\/reports.eyewatch.me\/dc\/wp-json\/wp\/v2\/posts\/4906","targetHints":{"allow":["GET"]}}],"collection":[{"href":"https:\/\/reports.eyewatch.me\/dc\/wp-json\/wp\/v2\/posts"}],"about":[{"href":"https:\/\/reports.eyewatch.me\/dc\/wp-json\/wp\/v2\/types\/post"}],"author":[{"embeddable":true,"href":"https:\/\/reports.eyewatch.me\/dc\/wp-json\/wp\/v2\/users\/82"}],"replies":[{"embeddable":true,"href":"https:\/\/reports.eyewatch.me\/dc\/wp-json\/wp\/v2\/comments?post=4906"}],"version-history":[{"count":1,"href":"https:\/\/reports.eyewatch.me\/dc\/wp-json\/wp\/v2\/posts\/4906\/revisions"}],"predecessor-version":[{"id":4907,"href":"https:\/\/reports.eyewatch.me\/dc\/wp-json\/wp\/v2\/posts\/4906\/revisions\/4907"}],"wp:attachment":[{"href":"https:\/\/reports.eyewatch.me\/dc\/wp-json\/wp\/v2\/media?parent=4906"}],"wp:term":[{"taxonomy":"category","embeddable":true,"href":"https:\/\/reports.eyewatch.me\/dc\/wp-json\/wp\/v2\/categories?post=4906"},{"taxonomy":"post_tag","embeddable":true,"href":"https:\/\/reports.eyewatch.me\/dc\/wp-json\/wp\/v2\/tags?post=4906"}],"curies":[{"name":"wp","href":"https:\/\/api.w.org\/{rel}","templated":true}]}}