{"id":4870,"date":"2022-05-19T17:10:25","date_gmt":"2022-05-19T17:10:25","guid":{"rendered":"https:\/\/reports.eyewatch.me\/dc\/?p=4870"},"modified":"2022-05-19T17:10:26","modified_gmt":"2022-05-19T17:10:26","slug":"resumen-19-de-mayo","status":"publish","type":"post","link":"https:\/\/reports.eyewatch.me\/dc\/resumen-19-de-mayo\/","title":{"rendered":"Resumen 19 de Mayo"},"content":{"rendered":"<div id=\"fb-root\"><\/div>\n\n<h2 class=\"wp-block-heading\" id=\"temas-destacados\">Temas destacados<\/h2>\n\n\n\n<p><strong><strong>DESARROLLO SOCIAL<\/strong><\/strong><\/p>\n\n\n\n<ul class=\"wp-block-list\"><li><strong>Nestl\u00e9 <\/strong>promueve la equidad de g\u00e9nero e implementa un Sistema Integral de control y erradicaci\u00f3n del trabajo infantil.<\/li><li><strong>Samsung <\/strong>programa sus tel\u00e9fonos para que desaparezca el rastro de las llamadas a las L\u00edneas de Ayuda ANAR para ni\u00f1os, ni\u00f1as y adolescentes en riesgo.<\/li><li><strong>Yazaki <\/strong>Paraguay entrega donaci\u00f3n de mobiliario a bomberos y escuela primaria de la ciudad de Mariano Roque Alonso.<\/li><li><strong>Aldesa<\/strong> M\u00e9xico env\u00eda donaciones a los afectados de ucrania obtenido a trav\u00e9s de su campa\u00f1a &#8220;Solidarity to Ukraine&#8221;.<\/li><li><strong>Movistar<\/strong> brinda conectividad gratuita a 136 escuelas y hospitales en Venezuela.<\/li><li><strong>Nestl\u00e9 <\/strong>organiza evento virtual para impulsar la empleabilidad juvenil.<\/li><li><strong>Cosentino <\/strong>se une a Fundaci\u00f3n Once para fomentar el empleo de las personas con discapacidad.<\/li><\/ul>\n\n\n\n<p><\/p>\n\n\n\n<p><\/p>\n\n\n\n<p><strong>AMBIENTAL<\/strong><\/p>\n\n\n\n<ul class=\"wp-block-list\"><li><strong>BBVA <\/strong>es premiado por su calculadora de huella de carbono.<\/li><li>El voluntariado de las empresas <strong>Indra-Minsait y Adidas, <\/strong>realizaron dos inmersiones en el puerto pesquero, con el fin de extraer residuos del fondo del mar.<\/li><li><strong>Nestl\u00e9 <\/strong>Ecuador se suma a la firma del Pacto de la Industria por el reciclaje inclusivo en la Econom\u00eda Circular.<\/li><li><strong>Ketchup Heinz<\/strong>, trabaja en una nueva botella hecha en papel reciclable.<\/li><li><strong>Latam Airlines <\/strong>alinea sus esfuerzos para el financiamiento de Aniquem a trav\u00e9s del programa \u201cReciclar para ayudar\u201d.<\/li><li><strong>L\u2019Or\u00e9al <\/strong>refuerza su compromiso contra el cambio clim\u00e1tico en el d\u00eda internacional del\u00a0reciclaje.<\/li><li><strong>Unilever<\/strong> apuesta por reducir la huella de carbono de las granjas lecheras.<\/li><li><strong>Railsider<\/strong> reduce su huella de carbono.<\/li><li><strong>P&amp;G <\/strong>busca reponer el agua en 18 \u00e1reas con escasez h\u00eddrica en el mundo.<\/li><li><strong>Bimbo <\/strong>se compromete a que sus empaques contribuyan a econom\u00eda circular para 2030.<\/li><li><strong>Walmart <\/strong>de M\u00e9xico y Centroam\u00e9rica convoca a sus aliados a trabajar para la regeneraci\u00f3n del planeta a trav\u00e9s de la celebraci\u00f3n de la primera edici\u00f3n de la cumbre \u201cHacia una empresa regenerativa\u201d.<\/li><li><strong>Arca Continental <\/strong>planea invertir 150 mdd para duplicar reciclaje de PET en M\u00e9xico.<\/li><li><strong>Mowi<\/strong> implementar\u00e1 la primera ruta de carbono neutral a trav\u00e9s de Latam Airlines.<\/li><li><strong>Feelm<\/strong> se compromete a alcanzar el nivel cero emisiones de carbono en 2050.<\/li><\/ul>\n\n\n\n<p><\/p>\n\n\n\n<p><strong>SECTOR AUTOMOTRIZ<\/strong><\/p>\n\n\n\n<ul class=\"wp-block-list\"><li>El modelo ePower de <strong>Nissan<\/strong> se carga a trav\u00e9s de su propio movimiento.<\/li><li>Los revestimientos para pisos y tapetes del <strong>BMW<\/strong> iX son hechos de redes de pesca recicladas.<\/li><li><strong>Squad<\/strong> es un peque\u00f1o auto el\u00e9ctrico con paneles solares en el techo para su recarga.<\/li><li><strong>Toyota <\/strong>Tehuac\u00e1n reduce un 22% de energ\u00eda en la fabricaci\u00f3n de cada veh\u00edculo Toyota.<\/li><li><strong>Hamelbot<\/strong>, el primer auto el\u00e9ctrico made in Misiones que se prepara para salir al mercado.<\/li><li><strong>\u0160KODA<\/strong> comienza la producci\u00f3n de sistemas de bater\u00edas destinados a veh\u00edculos el\u00e9ctricos de la plataforma MEB de \u0160KODA y de otras marcas del Grupo Volkswagen.<\/li><li><strong>Tesla<\/strong> Model 3 y Model Y contendr\u00e1n patallas multimedia giratorias.<\/li><li><strong>Renault<\/strong> Sc\u00e9nic renace como un futuro SUV a hidr\u00f3geno.<\/li><li><strong>Honda <\/strong>presenta avances del suv el\u00e9ctrico Prologue que llegar\u00e1 en 2024.<\/li><li>El <strong>Mini Cooper<\/strong> cl\u00e1sico regresar\u00e1 en versi\u00f3n el\u00e9ctrica.<\/li><li>El <strong>primer veh\u00edculo el\u00e9ctrico impreso en 3D <\/strong>de Espa\u00f1a se comercializar\u00e1 tambi\u00e9n en Portugal.<\/li><li><strong>Hyundai<\/strong> lanzar\u00e1 veh\u00edculos pesados impulsados por hidr\u00f3geno en Norteam\u00e9rica.<\/li><li><strong>Ford<\/strong> apoya prohibir la venta de autos de combusti\u00f3n en 2035.<\/li><li><strong>Kia<\/strong> construir\u00e1 una f\u00e1brica espec\u00edfica para veh\u00edculos utilitarios el\u00e9ctricos en Corea del Sur.<\/li><li><strong>Tesla<\/strong> abre 116 supercargadores en Espa\u00f1a a todo auto el\u00e9ctrico.<\/li><\/ul>\n","protected":false},"excerpt":{"rendered":"<p>DERCO CENTER |<\/p>\n","protected":false},"author":82,"featured_media":0,"comment_status":"closed","ping_status":"closed","sticky":false,"template":"","format":"standard","meta":{"_et_pb_use_builder":"off","_et_pb_old_content":"<!-- wp:heading -->\n<h2>Temas destacados<\/h2>\n<!-- \/wp:heading -->\n\n<!-- wp:paragraph -->\n<p><strong><strong>DESARROLLO SOCIAL<\/strong><\/strong><\/p>\n<!-- \/wp:paragraph -->\n\n<!-- wp:list -->\n<ul><li><strong>Scotiabank Colombia<\/strong> apunta a aumentar la participaci\u00f3n de mujeres en juntas directivas.<\/li><li><strong>Tigo <\/strong>contin\u00faa consolidando su trabajo voluntario.<\/li><li><strong>Nestl\u00e9 Guatemala<\/strong> dona productos l\u00e1cteos para ni\u00f1os en situaci\u00f3n de vulnerabilidad.<\/li><li><strong>Gripo Cenoa Argentina <\/strong>entrega donaciones para el banco de alimentos de Jujuy.<\/li><li><strong>Coca-Cola<\/strong> impulsa el empoderamiento de mujeres de Latinoam\u00e9rica mediante el apoyo a sus peque\u00f1os negocios.<\/li><li><strong>Banco de Bogot\u00e1<\/strong> anuncia que se une a Telet\u00f3n Renace.<\/li><li><strong>Banbif Per\u00fa <\/strong>realiza colecta interna para abastecer de alimentos para las familias m\u00e1s vulnerables.<\/li><li><strong>P&amp;G Espa\u00f1a <\/strong>se compromete a desarrollar 21 proyectos para abordar los desaf\u00edos relacionados con Impacto en la comunidad, Igualdad e Inclusi\u00f3n y Sostenibilidad medioambiental.<\/li><li><strong>Moderna Alimentos Ecuador<\/strong> entrega m\u00e1s de 45 mil Kg de alimentos durante el 2021.<\/li><li><strong>Coca Cola junto a Cruz Roja Argentina <\/strong>donan insumos al Hospital de ni\u00f1os Ricardo Guti\u00e9rrez.<\/li><\/ul>\n<!-- \/wp:list -->\n\n<!-- wp:paragraph -->\n<p><\/p>\n<!-- \/wp:paragraph -->\n\n<!-- wp:paragraph -->\n<p><strong>AMBIENTAL<\/strong><\/p>\n<!-- \/wp:paragraph -->\n\n<!-- wp:list -->\n<ul><li><strong>La Fundaci\u00f3n BBVA<\/strong> anuncia la convocatoria 2021 de Ayudas a Proyectos de Investigaci\u00f3n Cient\u00edfica en las \u00e1reas de Cambio Clim\u00e1tico y Ecolog\u00eda y Biolog\u00eda de la Conservaci\u00f3n.<\/li><li><strong>McDonald\u2019s<\/strong>\u00a0inaugura su primer restaurante con cero emisiones en Reino Unido.<\/li><li><strong>Repsol<\/strong> ampl\u00eda su gama de materiales de baja huella de carbono.<\/li><li><strong>Repsol <\/strong>colaborara con nuevo ecocombustible 100% renovable en Dakar 2022.<\/li><li><strong>Terpel Panam\u00e1<\/strong> y su equipo han reciclado m\u00e1s de una tonelada de materiales durante el 2021 y sembrado m\u00e1s de una docena de \u00e1rboles.<\/li><li><strong>Bancolombia <\/strong>ampli\u00f3 su l\u00ednea de financiaci\u00f3n sostenible.<\/li><li><strong>Equipetrol<\/strong> cambia su matriz en\u00e9rgica a energ\u00eda renovable como contribuci\u00f3n al medio ambiente.<\/li><li><strong>Data for life<\/strong> Espa\u00f1a crea app que permite calcular la huella de carbono.<\/li><li><strong>Grupo BBVA <\/strong>entrega 11,5 millones de tarjetas recicladas.<\/li><li><strong>Coca-Cola Argentina <\/strong>presenta sus acciones de verano para el cuidado del ambiente en diferentes centros tur\u00edsticos.<\/li><\/ul>\n<!-- \/wp:list -->\n\n<!-- wp:paragraph -->\n<p><\/p>\n<!-- \/wp:paragraph -->\n\n<!-- wp:paragraph -->\n<p><\/p>\n<!-- \/wp:paragraph -->\n\n<!-- wp:paragraph -->\n<p><\/p>\n<!-- \/wp:paragraph -->\n\n<!-- wp:paragraph -->\n<p><strong>SECTOR AUTOMOTRIZ<\/strong><\/p>\n<!-- \/wp:paragraph -->\n\n<!-- wp:list -->\n<ul><li><strong>Toyota<\/strong> c+pod se posiciona como el coche el\u00e9ctrico m\u00e1s brato del mundo.<\/li><li><strong>Hyundai <\/strong>est\u00e1 dejando de desarrollar nuevos motores de combusti\u00f3n para realizar una transici\u00f3n a los veh\u00edculos el\u00e9ctricos.<\/li><li><strong>Ford<\/strong> h\u00edbridas F150 permiten recargar otros veh\u00edculos el\u00e9ctricos.<\/li><li>En Suecia, instalan una v\u00eda que recarga veh\u00edculos el\u00e9ctricos mientras transitan por ella.<\/li><li><strong>Jac<\/strong> fue la marca m\u00e1s vendida de coches el\u00e9ctricos en M\u00e9xico.<\/li><li><strong>Jaguar <\/strong>llega a Chile con su primer auto 100% el\u00e9ctrico.<\/li><li><strong>Waymo<\/strong> anuncia colaboraci\u00f3n con Geely para Driver en nueva versi\u00f3n de Zeekr.<\/li><li><strong>Citro\u00ebn<\/strong>\u00a0presenta el nuevo coche C3 en Argentina.<\/li><li><strong>Ford<\/strong> Mustang proveer\u00e1 de autos el\u00e9ctricos a la empresa de taxis Gravity en Estados Unidos.<\/li><li><strong>Saic Motor y MG<\/strong> invierten m\u00e1s de US$45 millones en nueva movilidad.<\/li><li><strong>Tesla<\/strong> retira del mercado m\u00e1s de 475 mil autos el\u00e9ctricos por problemas de seguridad.<\/li><li>La planta de <strong>Nissan<\/strong> en Barcelona tiene nuevo due\u00f1o: se la queda el grupo liderado por QEV Technologies para fabricar coches el\u00e9ctricos.<\/li><\/ul>\n<!-- \/wp:list -->\n\n<!-- wp:paragraph -->\n<p><\/p>\n<!-- \/wp:paragraph -->","_et_gb_content_width":"","footnotes":"","_links_to":"","_links_to_target":""},"categories":[18],"tags":[],"class_list":["post-4870","post","type-post","status-publish","format-standard","hentry","category-buzz-tracker"],"jetpack_featured_media_url":"","_links":{"self":[{"href":"https:\/\/reports.eyewatch.me\/dc\/wp-json\/wp\/v2\/posts\/4870","targetHints":{"allow":["GET"]}}],"collection":[{"href":"https:\/\/reports.eyewatch.me\/dc\/wp-json\/wp\/v2\/posts"}],"about":[{"href":"https:\/\/reports.eyewatch.me\/dc\/wp-json\/wp\/v2\/types\/post"}],"author":[{"embeddable":true,"href":"https:\/\/reports.eyewatch.me\/dc\/wp-json\/wp\/v2\/users\/82"}],"replies":[{"embeddable":true,"href":"https:\/\/reports.eyewatch.me\/dc\/wp-json\/wp\/v2\/comments?post=4870"}],"version-history":[{"count":1,"href":"https:\/\/reports.eyewatch.me\/dc\/wp-json\/wp\/v2\/posts\/4870\/revisions"}],"predecessor-version":[{"id":4871,"href":"https:\/\/reports.eyewatch.me\/dc\/wp-json\/wp\/v2\/posts\/4870\/revisions\/4871"}],"wp:attachment":[{"href":"https:\/\/reports.eyewatch.me\/dc\/wp-json\/wp\/v2\/media?parent=4870"}],"wp:term":[{"taxonomy":"category","embeddable":true,"href":"https:\/\/reports.eyewatch.me\/dc\/wp-json\/wp\/v2\/categories?post=4870"},{"taxonomy":"post_tag","embeddable":true,"href":"https:\/\/reports.eyewatch.me\/dc\/wp-json\/wp\/v2\/tags?post=4870"}],"curies":[{"name":"wp","href":"https:\/\/api.w.org\/{rel}","templated":true}]}}