{"id":4831,"date":"2022-05-16T16:44:33","date_gmt":"2022-05-16T16:44:33","guid":{"rendered":"https:\/\/reports.eyewatch.me\/dc\/?p=4831"},"modified":"2022-05-16T16:44:33","modified_gmt":"2022-05-16T16:44:33","slug":"buzz-tracker-16-de-mayo-2022","status":"publish","type":"post","link":"https:\/\/reports.eyewatch.me\/dc\/buzz-tracker-16-de-mayo-2022\/","title":{"rendered":"Buzz Tracker | 16 de Mayo 2022"},"content":{"rendered":"<div id=\"fb-root\"><\/div>\n\n<p><\/p>\n\n\n\n<div class=\"wp-block-divi-layout\">[et_pb_section fb_built=&#8221;1&#8243; admin_label=&#8221;Features&#8221; _builder_version=&#8221;4.4.2&#8243; background_size=&#8221;initial&#8221; background_position=&#8221;top_left&#8221; width=&#8221;100%&#8221; max_width=&#8221;500px&#8221; module_alignment=&#8221;left&#8221; custom_margin=&#8221;|0px||-1px|false|false&#8221; custom_padding=&#8221;0px|0px|0px|0px|false|false&#8221; saved_tabs=&#8221;all&#8221; collapsed=&#8221;off&#8221;][et_pb_row column_padding_mobile=&#8221;on&#8221; custom_padding_last_edited=&#8221;on|phone&#8221; _builder_version=&#8221;4.4.2&#8243; background_size=&#8221;initial&#8221; background_position=&#8221;top_left&#8221; background_repeat=&#8221;repeat&#8221; width=&#8221;auto&#8221; max_width=&#8221;1280px&#8221; custom_margin=&#8221;0px|0px|0px|0px|false|false&#8221; custom_padding=&#8221;10px|2px|10px|0px|false|false&#8221; custom_padding_tablet=&#8221;49px|||&#8221; custom_padding_phone=&#8221;19px|||&#8221; use_custom_width=&#8221;on&#8221; custom_width_px=&#8221;1280px&#8221;][et_pb_column type=&#8221;4_4&#8243; _builder_version=&#8221;3.25&#8243; custom_padding=&#8221;|||&#8221; custom_padding__hover=&#8221;|||&#8221;][et_pb_blurb title=&#8221;DESARROLLO SOCIAL&#8221; image=&#8221;https:\/\/reports.eyewatch.me\/pc\/wp-content\/uploads\/sites\/3\/2020\/04\/icon_Artboard-3-100.jpg&#8221; icon_placement=&#8221;left&#8221; image_max_width=&#8221;69px&#8221; _builder_version=&#8221;4.4.2&#8243; header_level=&#8221;h1&#8243; custom_margin=&#8221;|||0px|false|false&#8221; custom_padding=&#8221;|||1px|false|false&#8221;][\/et_pb_blurb][\/et_pb_column][\/et_pb_row][\/et_pb_section]<\/div>\n\n\n\n<p><em><em>Menciones en redes sociales, medios y blogs en espa\u00f1ol sobre marcas y empresas vinculadas a<\/em> voluntariados, desarrollo social, campa\u00f1as solidarias, inclusi\u00f3n, y t\u00e9rminos afines.<\/em><\/p>\n\n\n\n<hr class=\"wp-block-separator\" \/>\n\n\n\n<h2 class=\"wp-block-heading\" id=\"evolucion-de-la-conversacion-ultimos-7-dias\">Evoluci\u00f3n de la conversaci\u00f3n &#8211; \u00daltimos 7 d\u00edas<\/h2>\n\n\n\n<div class=\"wp-block-columns is-layout-flex wp-container-core-columns-is-layout-9d6595d7 wp-block-columns-is-layout-flex\">\n<div class=\"wp-block-column is-layout-flow wp-block-column-is-layout-flow\">\n<h4 class=\"wp-block-heading\" id=\"1-0k-menciones\"><img loading=\"lazy\" decoding=\"async\" width=\"121\" height=\"121\" class=\"wp-image-592\" style=\"width: 40px\" src=\"https:\/\/reports.eyewatch.me\/pc\/wp-content\/uploads\/sites\/3\/2020\/04\/icon_Artboard-3@3x-1.png\" alt=\"\">1.2k MENCIONES<\/h4>\n<\/div>\n\n\n\n<div class=\"wp-block-column is-layout-flow wp-block-column-is-layout-flow\">\n<h4 class=\"has-text-align-left wp-block-heading\" id=\"291-usuarios\"> <img loading=\"lazy\" decoding=\"async\" width=\"121\" height=\"121\" class=\"wp-image-589\" style=\"width: 40px\" src=\"https:\/\/reports.eyewatch.me\/pc\/wp-content\/uploads\/sites\/3\/2020\/04\/icon_Artboard-3-copy-3@3x.png\" alt=\"\">160 uSUARIOS<br><\/h4>\n<\/div>\n<\/div>\n\n\n\n<figure class=\"wp-block-image size-full\"><img loading=\"lazy\" decoding=\"async\" width=\"812\" height=\"402\" src=\"https:\/\/reports.eyewatch.me\/dc\/wp-content\/uploads\/sites\/10\/2022\/05\/13-3.jpg\" alt=\"\" class=\"wp-image-4811\" srcset=\"https:\/\/reports.eyewatch.me\/dc\/wp-content\/uploads\/sites\/10\/2022\/05\/13-3.jpg 812w, https:\/\/reports.eyewatch.me\/dc\/wp-content\/uploads\/sites\/10\/2022\/05\/13-3-480x238.jpg 480w\" sizes=\"(min-width: 0px) and (max-width: 480px) 480px, (min-width: 481px) 812px, 100vw\" \/><\/figure>\n\n\n\n<div style=\"height:20px\" aria-hidden=\"true\" class=\"wp-block-spacer\"><\/div>\n\n\n\n<hr class=\"wp-block-separator is-style-wide\" \/>\n\n\n\n<h2 class=\"wp-block-heading\" id=\"evolucion-por-categorias\">Evoluci\u00f3n por categor\u00edas<\/h2>\n\n\n\n<figure class=\"wp-block-image size-full\"><img loading=\"lazy\" decoding=\"async\" width=\"757\" height=\"445\" src=\"https:\/\/reports.eyewatch.me\/dc\/wp-content\/uploads\/sites\/10\/2022\/05\/12-3.jpg\" alt=\"\" class=\"wp-image-4809\" srcset=\"https:\/\/reports.eyewatch.me\/dc\/wp-content\/uploads\/sites\/10\/2022\/05\/12-3.jpg 757w, https:\/\/reports.eyewatch.me\/dc\/wp-content\/uploads\/sites\/10\/2022\/05\/12-3-480x282.jpg 480w\" sizes=\"(min-width: 0px) and (max-width: 480px) 480px, (min-width: 481px) 757px, 100vw\" \/><\/figure>\n\n\n\n<div style=\"height:20px\" aria-hidden=\"true\" class=\"wp-block-spacer\"><\/div>\n\n\n\n<hr class=\"wp-block-separator\" \/>\n\n\n\n<h2 class=\"wp-block-heading\" id=\"temas-destacados\">Temas destacados<\/h2>\n\n\n\n<p><em> <em>\u00daltimas <em><em>96h<\/em><\/em><\/em><\/em><\/p>\n\n\n\n<ul class=\"wp-block-list\"><li><strong>Tigo<\/strong> lanza su nueva plataforma \u201cConectadas\u201d para la capacitaci\u00f3n e inclusi\u00f3n digital de mujeres y ni\u00f1as en Am\u00e9rica Latina.<\/li><li><strong>Movistar<\/strong> Per\u00fa reconoce a proyectos que impulsan el desarrollo de las comunidades rurales a trav\u00e9s del uso de la tecnolog\u00eda.<\/li><li><strong>Tigo<\/strong> El Salvador instala una nueva antena para reducir al brecha digital en la comunidad de El Pedregal.<\/li><li><strong>Sitel Group<\/strong> entrega computadores a estudiantes de Santa Marta Bogot\u00e1.<\/li><li><strong>Tigo<\/strong> lidera alianza para\u00a0impulsar y fortalecer el emprendimiento femenino en Panam\u00e1.<\/li><li><strong>Gucci <\/strong>publica una declaraci\u00f3n en la que apoya los derechos reproductivos de las mujeres.<\/li><li><strong>Tiktok<\/strong> es el patrocinador oficial de la Eurocopa de f\u00fatbol femenino 2022.<\/li><\/ul>\n\n\n\n<div class=\"wp-block-group is-layout-flow wp-block-group-is-layout-flow\">\n<div class=\"wp-block-group is-layout-flow wp-block-group-is-layout-flow\">\n<hr class=\"wp-block-separator\" \/>\n\n\n\n<h2 class=\"wp-block-heading\" id=\"contenidos-destacados-en-redes-sociales\">Contenidos destacados en redes sociales<\/h2>\n\n\n\n<p><\/p>\n<\/div>\n\n\n\n<div class=\"wp-block-columns is-layout-flex wp-container-core-columns-is-layout-9d6595d7 wp-block-columns-is-layout-flex\">\n<div class=\"wp-block-column is-layout-flow wp-block-column-is-layout-flow\">\n<figure class=\"wp-block-embed is-type-rich is-provider-twitter wp-block-embed-twitter\"><div class=\"wp-block-embed__wrapper\">\n<blockquote class=\"twitter-tweet\" data-width=\"550\" data-dnt=\"true\"><p lang=\"es\" dir=\"ltr\">Tigo lanza su nueva plataforma \u201cConectadas\u201d para la capacitaci\u00f3n e inclusi\u00f3n digital de mujeres y ni\u00f1as en Am\u00e9rica Latina <a href=\"https:\/\/t.co\/n9vuiIbpEf\">https:\/\/t.co\/n9vuiIbpEf<\/a> <a href=\"https:\/\/twitter.com\/hashtag\/vidadigital?src=hash&amp;ref_src=twsrc%5Etfw\">#vidadigital<\/a><\/p>&mdash; Vida Digital con Alex Neuman (@VidaDigital) <a href=\"https:\/\/twitter.com\/VidaDigital\/status\/1525271510033760257?ref_src=twsrc%5Etfw\">May 14, 2022<\/a><\/blockquote><script async src=\"https:\/\/platform.twitter.com\/widgets.js\" charset=\"utf-8\"><\/script>\n<\/div><\/figure>\n<\/div>\n\n\n\n<div class=\"wp-block-column is-layout-flow wp-block-column-is-layout-flow\">\n<figure class=\"wp-block-embed is-type-rich is-provider-twitter wp-block-embed-twitter\"><div class=\"wp-block-embed__wrapper\">\nhttps:\/\/twitter.com\/comsmovistarpe\/status\/1525120221090131972\n<\/div><\/figure>\n<\/div>\n<\/div>\n\n\n\n<div class=\"wp-block-columns is-layout-flex wp-container-core-columns-is-layout-9d6595d7 wp-block-columns-is-layout-flex\">\n<div class=\"wp-block-column is-layout-flow wp-block-column-is-layout-flow\">\n<figure class=\"wp-block-embed is-type-rich is-provider-twitter wp-block-embed-twitter\"><div class=\"wp-block-embed__wrapper\">\n<blockquote class=\"twitter-tweet\" data-width=\"550\" data-dnt=\"true\"><p lang=\"es\" dir=\"ltr\">El Salvador | <a href=\"https:\/\/twitter.com\/TigoElSalvador?ref_src=twsrc%5Etfw\">@TigoElSalvador<\/a> instal\u00f3 una nueva antena para reducir la <a href=\"https:\/\/twitter.com\/hashtag\/BrechaDigital?src=hash&amp;ref_src=twsrc%5Etfw\">#BrechaDigital<\/a> y permitir el acceso igualitario a la informaci\u00f3n y al conocimiento, gesti\u00f3n que abrir\u00e1 oportunidades de desarrollo para la comunidad El Pedregal, Rosario. <a href=\"https:\/\/twitter.com\/Millicom?ref_src=twsrc%5Etfw\">@Millicom<\/a> <a href=\"https:\/\/twitter.com\/hashtag\/tigo?src=hash&amp;ref_src=twsrc%5Etfw\">#tigo<\/a> <a href=\"https:\/\/t.co\/OjcwJB9JqR\">pic.twitter.com\/OjcwJB9JqR<\/a><\/p>&mdash; ASIET (@asiet_lat) <a href=\"https:\/\/twitter.com\/asiet_lat\/status\/1524844908518985728?ref_src=twsrc%5Etfw\">May 12, 2022<\/a><\/blockquote><script async src=\"https:\/\/platform.twitter.com\/widgets.js\" charset=\"utf-8\"><\/script>\n<\/div><\/figure>\n<\/div>\n\n\n\n<div class=\"wp-block-column is-layout-flow wp-block-column-is-layout-flow\">\n\n\n<div class=\"wp-block-buttons is-layout-flex wp-block-buttons-is-layout-flex\">\n<div class=\"wp-block-button\"><a class=\"wp-block-button__link\" href=\"https:\/\/www.linkedin.com\/posts\/educam%C3%A1s_donaciones-altruismo-ayudar-activity-6931993860273287168-3Wma\/?utm_source=linkedin_share&amp;utm_medium=member_desktop_web\">IR A LA PUBLICACI\u00d3N<\/a><\/div>\n<\/div>\n<\/div>\n<\/div>\n\n\n\n<hr class=\"wp-block-separator\" \/>\n\n\n\n<h2 class=\"wp-block-heading\" id=\"contenidos-destacados-en-medios-y-blogs\">Contenidos destacados en medios y blogs<\/h2>\n\n\n\n<div class=\"wp-block-columns is-layout-flex wp-container-core-columns-is-layout-9d6595d7 wp-block-columns-is-layout-flex\">\n<div class=\"wp-block-column is-layout-flow wp-block-column-is-layout-flow\">\n<blockquote class=\"wp-block-quote has-text-align-left is-layout-flow wp-block-quote-is-layout-flow\"><p><em>Tigo lidera alianza para\u00a0impulsar y fortalecer el emprendimiento femenino en Panam\u00e1.<\/em><\/p><cite><strong>PANAM\u00c1 24 HORAS<\/strong><\/cite><\/blockquote>\n\n\n\n<div class=\"wp-block-buttons is-layout-flex wp-block-buttons-is-layout-flex\">\n<div class=\"wp-block-button\"><a class=\"wp-block-button__link\" href=\"https:\/\/www.panama24horas.com.pa\/empresas\/tigo-lidera-alianza-para-impulsar-y-fortalecer-el-emprendimiento-femenino-en-panama\/\">IR A LA NOTA<\/a><\/div>\n<\/div>\n<\/div>\n\n\n\n<div class=\"wp-block-column is-layout-flow wp-block-column-is-layout-flow\">\n<blockquote class=\"wp-block-quote has-text-align-left is-layout-flow wp-block-quote-is-layout-flow\"><p><em>Gucci publica una declaraci\u00f3n en la que apoya los derechos reproductivos de las mujeres<\/em><\/p><cite><strong>FASHION NETWORK<\/strong><\/cite><\/blockquote>\n\n\n\n<div class=\"wp-block-buttons is-layout-flex wp-block-buttons-is-layout-flex\">\n<div class=\"wp-block-button\"><a class=\"wp-block-button__link\" href=\"https:\/\/pe.fashionnetwork.com\/news\/Gucci-publica-una-declaracion-en-la-que-apoya-los-derechos-reproductivos-de-las-mujeres,1405707.html\">IR A LA NOTA<\/a><\/div>\n<\/div>\n<\/div>\n<\/div>\n\n\n\n<div class=\"wp-block-columns is-layout-flex wp-container-core-columns-is-layout-9d6595d7 wp-block-columns-is-layout-flex\">\n<div class=\"wp-block-column is-layout-flow wp-block-column-is-layout-flow\">\n<blockquote class=\"wp-block-quote has-text-align-left is-layout-flow wp-block-quote-is-layout-flow\"><p><em>Tiktok es el patrocinador oficial de la Eurocopa de f\u00fatbol femenino 2022<\/em><\/p><cite><strong>MERCADO NEGRO<\/strong><\/cite><\/blockquote>\n\n\n\n<div class=\"wp-block-buttons is-layout-flex wp-block-buttons-is-layout-flex\">\n<div class=\"wp-block-button\"><a class=\"wp-block-button__link\" href=\"https:\/\/www.mercadonegro.pe\/marketing\/marketing-digital\/marcas\/tiktok-patrocinador-eurocopa-futbol-femenino-2022\/\">IR A LA NOTA<\/a><\/div>\n<\/div>\n<\/div>\n\n\n\n<div class=\"wp-block-column is-layout-flow wp-block-column-is-layout-flow\">\n<blockquote class=\"wp-block-quote has-text-align-left is-layout-flow wp-block-quote-is-layout-flow\"><p><\/p><\/blockquote>\n<\/div>\n<\/div>\n\n\n\n<hr class=\"wp-block-separator is-style-wide\" \/>\n<\/div>\n\n\n\n<div class=\"wp-block-divi-layout\">[et_pb_section fb_built=&#8221;1&#8243; admin_label=&#8221;Features&#8221; _builder_version=&#8221;4.4.2&#8243; background_size=&#8221;initial&#8221; background_position=&#8221;top_left&#8221; width=&#8221;100%&#8221; max_width=&#8221;500px&#8221; module_alignment=&#8221;left&#8221; custom_margin=&#8221;|0px||-1px|false|false&#8221; custom_padding=&#8221;0px|0px|0px|0px|false|false&#8221; saved_tabs=&#8221;all&#8221; collapsed=&#8221;off&#8221;][et_pb_row column_padding_mobile=&#8221;on&#8221; custom_padding_last_edited=&#8221;on|phone&#8221; _builder_version=&#8221;4.4.2&#8243; background_size=&#8221;initial&#8221; background_position=&#8221;top_left&#8221; background_repeat=&#8221;repeat&#8221; width=&#8221;auto&#8221; max_width=&#8221;1280px&#8221; custom_margin=&#8221;0px|0px|0px|0px|false|false&#8221; custom_padding=&#8221;10px|2px|10px|0px|false|false&#8221; custom_padding_tablet=&#8221;49px|||&#8221; custom_padding_phone=&#8221;19px|||&#8221; use_custom_width=&#8221;on&#8221; custom_width_px=&#8221;1280px&#8221;][et_pb_column type=&#8221;4_4&#8243; _builder_version=&#8221;3.25&#8243; custom_padding=&#8221;|||&#8221; custom_padding__hover=&#8221;|||&#8221;][et_pb_blurb title=&#8221;SOSTENIBILIDAD AMBIENTAL&#8221; image=&#8221;https:\/\/reports.eyewatch.me\/dc\/wp-content\/uploads\/sites\/10\/2020\/04\/icon_conversation-1.png&#8221; icon_placement=&#8221;left&#8221; image_max_width=&#8221;69px&#8221; _builder_version=&#8221;4.4.7&#8243; header_level=&#8221;h1&#8243; custom_margin=&#8221;|||0px|false|false&#8221; custom_padding=&#8221;|||1px|false|false&#8221;][\/et_pb_blurb][\/et_pb_column][\/et_pb_row][\/et_pb_section]<\/div>\n\n\n\n<p><em>Menciones en redes sociales, medios y blogs en espa\u00f1ol sobre marcas y empresas vinculadas a la protecci\u00f3n, respeto y cuidado del medio ambiente, econom\u00eda circular o azul, movilidad el\u00e9ctrica, <em>huella de carbono<\/em>, y t\u00e9rminos afines.<\/em><\/p>\n\n\n\n<hr class=\"wp-block-separator\" \/>\n\n\n\n<h2 class=\"wp-block-heading\" id=\"evolucion-de-la-conversacion-ultimos-7-dias\">Evoluci\u00f3n de la conversaci\u00f3n &#8211; \u00daltimos 7 d\u00edas<\/h2>\n\n\n\n<div class=\"wp-block-group is-layout-flow wp-block-group-is-layout-flow\">\n<div class=\"wp-block-columns is-layout-flex wp-container-core-columns-is-layout-9d6595d7 wp-block-columns-is-layout-flex\">\n<div class=\"wp-block-column is-layout-flow wp-block-column-is-layout-flow\">\n<h4 class=\"wp-block-heading\" id=\"9-3k-menciones\"><img loading=\"lazy\" decoding=\"async\" width=\"121\" height=\"121\" class=\"wp-image-592\" style=\"width: 40px\" src=\"https:\/\/reports.eyewatch.me\/pc\/wp-content\/uploads\/sites\/3\/2020\/04\/icon_Artboard-3@3x-1.png\" alt=\"\">12.2K MENCIONES<\/h4>\n\n\n\n<p><\/p>\n<\/div>\n\n\n\n<div class=\"wp-block-column is-layout-flow wp-block-column-is-layout-flow\">\n<h4 class=\"has-text-align-left wp-block-heading\" id=\"1-4k-usuarios\"> <img loading=\"lazy\" decoding=\"async\" width=\"121\" height=\"121\" class=\"wp-image-589\" style=\"width: 40px\" src=\"https:\/\/reports.eyewatch.me\/pc\/wp-content\/uploads\/sites\/3\/2020\/04\/icon_Artboard-3-copy-3@3x.png\" alt=\"\"><strong>1.2k <\/strong>USUARIOS<br><\/h4>\n\n\n\n<p><\/p>\n<\/div>\n<\/div>\n<\/div>\n\n\n\n<figure class=\"wp-block-image size-full\"><img loading=\"lazy\" decoding=\"async\" width=\"801\" height=\"397\" src=\"https:\/\/reports.eyewatch.me\/dc\/wp-content\/uploads\/sites\/10\/2022\/05\/14-3.jpg\" alt=\"\" class=\"wp-image-4815\" srcset=\"https:\/\/reports.eyewatch.me\/dc\/wp-content\/uploads\/sites\/10\/2022\/05\/14-3.jpg 801w, https:\/\/reports.eyewatch.me\/dc\/wp-content\/uploads\/sites\/10\/2022\/05\/14-3-480x238.jpg 480w\" sizes=\"(min-width: 0px) and (max-width: 480px) 480px, (min-width: 481px) 801px, 100vw\" \/><\/figure>\n\n\n\n<hr class=\"wp-block-separator\" \/>\n\n\n\n<h2 class=\"wp-block-heading\" id=\"evolucion-por-categoria\">Evoluci\u00f3n por categor\u00eda<\/h2>\n\n\n\n<figure class=\"wp-block-image size-full\"><img loading=\"lazy\" decoding=\"async\" width=\"761\" height=\"462\" src=\"https:\/\/reports.eyewatch.me\/dc\/wp-content\/uploads\/sites\/10\/2022\/05\/11-3.jpg\" alt=\"\" class=\"wp-image-4808\" srcset=\"https:\/\/reports.eyewatch.me\/dc\/wp-content\/uploads\/sites\/10\/2022\/05\/11-3.jpg 761w, https:\/\/reports.eyewatch.me\/dc\/wp-content\/uploads\/sites\/10\/2022\/05\/11-3-480x291.jpg 480w\" sizes=\"(min-width: 0px) and (max-width: 480px) 480px, (min-width: 481px) 761px, 100vw\" \/><\/figure>\n\n\n\n<hr class=\"wp-block-separator\" \/>\n\n\n\n<h2 class=\"wp-block-heading\" id=\"temas-destacados\">Temas destacados<\/h2>\n\n\n\n<p><em>\u00daltimas<em><em><em><em><em><em><em><em><em><em><em><em><em><em><em><em><em><em><em><em><em><em><em><em><em><em><em><em><em><em><em><em><em><em><em><em><em><em><em><em><em><em><em><em><em><em><em><em><em><em><em><em><em><em><em><em><em><em><em><em><em><em><em><em><em><em><em><em><em><em><em><em><em><em><em><em><em><em><em><em><em><em><em><em><em><em><em><em><em><em><em><em><em><em><em><em><em><em><em><em><em><em><em><em><em><em><em><em><em><em><em><em><em><em><em><em><em><em><em><em><em><em><em><em><em><em><em><em><em><em><em><em><em><em><em><em><em><em><em><em><em><em><em><em><em><em><em><em><em><em><em><em><em><em><em><em><em><em><em><em><em><em><em><em><em><em><em><em><em><em><em><em><em><em><em><em><em><em><em><em><em><em><em><em><em><em><em><em><em><em><em><em><em><em><em><em><em><em><em><em><em><em><em><em><em><em><em><em><em><em><em><em><em><em><em><em><em><em><em><em><em><em><em><em><em><em><em><em><em><em><em><em><em><em><em><em><em><em><em><em><em><em><em><em><em><em><em><em><em><em><em><em><em><em><em><em><em><em><em><em><em><em><em><em><em><em><em><em><em><em><em><em><em><em><em><em><em><em><em><em><em><em><em><em><em><em><em><em><em><em><em><em><em><em><em><em><em><em><em><em><em><em><em><em><em><em><em><em><em><em><em><em><em><em><em><em><em><em><em><em><em><em><em><em><em><em><em><em><em><em><em><em><em><em><em><em><em><em><em><em><em><em><em><em><em><em><em><em><em><em><em><em><em><em><em><em><em><em><em><em><em><em><em><em><em><em><em><em><em><em><em><em><em><em><em><em><em><em><em><em><em><em><em><em><em><em><em><em><em><em><em><em><em><em><em><em><em><em><em><em><em><em><em><em><em><em><em><em><em><em><em><em><em><em><em><em><em><em><em><em><em><em><em><em><em><em><em><em><em><em><em><em><em><em><em><em><em><em><em><em><em><em><em><em><em><em><em><em><em><em><em><em><em><em><em><em><em><em><em><em><em><em><em><em><em><em><em><em><em><em><em><em><em><em><em><em><em><em><em><em><em><em><em><em><em><em><em><em><em><em><em><em><em><em><em><em><em><em><em><em><em><em><em><em><em><em><em><em><em><em> <\/em><em><\/em><em>96h<\/em><\/em><\/em><\/em><\/em><\/em><\/em><\/em><\/em><\/em><\/em><\/em><\/em><\/em><\/em><\/em><\/em><\/em><\/em><\/em><\/em><\/em><\/em><\/em><\/em><\/em><\/em><\/em><\/em><\/em><\/em><\/em><\/em><\/em><\/em><\/em><\/em><\/em><\/em><\/em><\/em><\/em><\/em><\/em><\/em><\/em><\/em><\/em><\/em><\/em><\/em><\/em><\/em><\/em><\/em><\/em><\/em><\/em><\/em><\/em><\/em><\/em><\/em><\/em><\/em><\/em><\/em><\/em><\/em><\/em><\/em><\/em><\/em><\/em><\/em><\/em><\/em><\/em><\/em><\/em><\/em><\/em><\/em><\/em><\/em><\/em><\/em><\/em><\/em><\/em><\/em><\/em><\/em><\/em><\/em><\/em><\/em><\/em><\/em><\/em><\/em><\/em><\/em><\/em><\/em><\/em><\/em><\/em><\/em><\/em><\/em><\/em><\/em><\/em><\/em><\/em><\/em><\/em><\/em><\/em><\/em><\/em><\/em><\/em><\/em><\/em><\/em><\/em><\/em><\/em><\/em><\/em><\/em><\/em><\/em><\/em><\/em><\/em><\/em><\/em><\/em><\/em><\/em><\/em><\/em><\/em><\/em><\/em><\/em><\/em><\/em><\/em><\/em><\/em><\/em><\/em><\/em><\/em><\/em><\/em><\/em><\/em><\/em><\/em><\/em><\/em><\/em><\/em><\/em><\/em><\/em><\/em><\/em><\/em><\/em><\/em><\/em><\/em><\/em><\/em><\/em><\/em><\/em><\/em><\/em><\/em><\/em><\/em><\/em><\/em><\/em><\/em><\/em><\/em><\/em><\/em><\/em><\/em><\/em><\/em><\/em><\/em><\/em><\/em><\/em><\/em><\/em><\/em><\/em><\/em><\/em><\/em><\/em><\/em><\/em><\/em><\/em><\/em><\/em><\/em><\/em><\/em><\/em><\/em><\/em><\/em><\/em><\/em><\/em><\/em><\/em><\/em><\/em><\/em><\/em><\/em><\/em><\/em><\/em><\/em><\/em><\/em><\/em><\/em><\/em><\/em><\/em><\/em><\/em><\/em><\/em><\/em><\/em><\/em><\/em><\/em><\/em><\/em><\/em><\/em><\/em><\/em><\/em><\/em><\/em><\/em><\/em><\/em><\/em><\/em><\/em><\/em><\/em><\/em><\/em><\/em><\/em><\/em><\/em><\/em><\/em><\/em><\/em><\/em><\/em><\/em><\/em><\/em><\/em><\/em><\/em><\/em><\/em><\/em><\/em><\/em><\/em><\/em><\/em><\/em><\/em><\/em><\/em><\/em><\/em><\/em><\/em><\/em><\/em><\/em><\/em><\/em><\/em><\/em><\/em><\/em><\/em><\/em><\/em><\/em><\/em><\/em><\/em><\/em><\/em><\/em><\/em><\/em><\/em><\/em><\/em><\/em><\/em><\/em><\/em><\/em><\/em><\/em><\/em><\/em><\/em><\/em><\/em><\/em><\/em><\/em><\/em><\/em><\/em><\/em><\/em><\/em><\/em><\/em><\/em><\/em><\/em><\/em><\/em><\/em><\/em><\/em><\/em><\/em><\/em><\/em><\/em><\/em><\/em><\/em><\/em><\/em><\/em><\/em><\/em><\/em><\/em><\/em><\/em><\/em><\/em><\/em><\/em><\/em><\/em><\/em><\/em><\/em><\/em><\/em><\/em><\/em><\/em><\/em><\/em><\/em><\/em><\/em><\/em><\/em><\/em><\/em><\/em><\/em><\/em><\/em><\/em><\/em><\/em><\/em><\/em><\/em><\/em><\/em><\/em><\/em><\/em><\/em><\/em><\/em><\/em><\/em><\/em><\/em><\/em><\/em><\/em><\/em><\/em><\/em><\/em><\/em><\/em><\/em><\/em><\/em><\/em><\/em><\/em><\/em><\/em><\/em><\/em><\/em><\/em><\/em><\/em><\/em><\/em><\/em><\/em><\/em><\/em><\/em><\/em><\/em><\/em><\/em><\/em><\/em><\/em><\/em><\/em><\/em><\/em><\/em><\/em><\/em><\/em><\/em><\/em><\/em><\/em><\/em><\/em><\/em><\/em><\/em><\/em><\/em><\/em><\/em><\/em><\/em><\/em><\/em><\/em><\/em><\/em><\/em><\/em><\/em><\/em><\/em><\/em><\/em><\/em><\/em><\/em><\/em><\/em><\/em><\/em><\/em><\/em><\/em><\/em><\/em><\/em><\/em><\/em><\/p>\n\n\n\n<ul class=\"wp-block-list\"><li><strong>Google y Naci<\/strong>ones Unidas muestran el impacto del cambio clim\u00e1tico a trav\u00e9s de obras art\u00edsticas.<\/li><li><strong>AXA y Unilever,<\/strong> junto a Tikehau Capital, crean un fondo de inversi\u00f3n destinado a impulsar un modelo agr\u00edcola m\u00e1s responsable, sostenible y en armonia con la naturaleza.<\/li><li>El <strong>BBVA <\/strong>Open Internacional de Valencia se convertir\u00e1 en el primer torneo WTA en compensar su huella de carbono.<\/li><li><strong>Nestl\u00e9 <\/strong>Reino Unido migra su flota a camiones con biocombustibles.<\/li><li><strong>FedEx<\/strong> repartir\u00e1 los paquetes con carros el\u00e9ctricos para ahorrar y reducir la huella de carbono.<\/li><li><strong>Avianca<\/strong> brinda la posibilidad de que sus usuarios calculen su huella de carbono.<\/li><li><strong>Danacol <\/strong>elimina las etiquetas de sus envases para reducir pl\u00e1sticos..<\/li><li>Red de Puntos Limpios de<strong> Sodimac <\/strong>que promueve el reciclaje super\u00f3 las cuatro millones de visitas desde su creaci\u00f3n.<\/li><li><strong>Coca-Cola <\/strong>logr\u00f3 reunir una 1 Tonelada de botellas pl\u00e1sticas en la jornada de reciclaje realizada en Santa Cruz.<\/li><li><strong>Real Madrid <\/strong>presenta su nueva camiseta hecha con materiales reciclados.<\/li><li><strong>JAC<\/strong> junto a Rioaseo, la Defensa Civil y la Subsecretar\u00eda Ambiental,  poda, siembra de \u00e1rboles y recolecta residuos.<\/li><li><strong>MAPFRE <\/strong>compensa 15.400 toneladas de CO2 en un proyecto de energ\u00eda e\u00f3lica en M\u00e9xico.<\/li><\/ul>\n\n\n\n<hr class=\"wp-block-separator\" \/>\n\n\n\n<h2 class=\"wp-block-heading\" id=\"contenidos-destacados-en-redes-sociales\">Contenidos destacados en redes sociales<\/h2>\n\n\n\n<p><em>\u00daltimas 96h<\/em><\/p>\n\n\n\n<div class=\"wp-block-columns is-layout-flex wp-container-core-columns-is-layout-9d6595d7 wp-block-columns-is-layout-flex\">\n<div class=\"wp-block-column is-layout-flow wp-block-column-is-layout-flow\">\n<figure class=\"wp-block-embed is-type-rich is-provider-twitter wp-block-embed-twitter\"><div class=\"wp-block-embed__wrapper\">\n<blockquote class=\"twitter-tweet\" data-width=\"550\" data-dnt=\"true\"><p lang=\"es\" dir=\"ltr\">Google y Naciones Unidas muestran el impacto del cambio clim\u00e1tico a trav\u00e9s de obras art\u00edsticas <a href=\"https:\/\/t.co\/ptxwtOzm5y\">https:\/\/t.co\/ptxwtOzm5y<\/a><\/p>&mdash; Cambio Global (@cambioglobal3) <a href=\"https:\/\/twitter.com\/cambioglobal3\/status\/1525318820205764608?ref_src=twsrc%5Etfw\">May 14, 2022<\/a><\/blockquote><script async src=\"https:\/\/platform.twitter.com\/widgets.js\" charset=\"utf-8\"><\/script>\n<\/div><\/figure>\n<\/div>\n\n\n\n<div class=\"wp-block-column is-layout-flow wp-block-column-is-layout-flow\">\n<figure class=\"wp-block-embed is-type-rich is-provider-twitter wp-block-embed-twitter\"><div class=\"wp-block-embed__wrapper\">\n<blockquote class=\"twitter-tweet\" data-width=\"550\" data-dnt=\"true\"><p lang=\"es\" dir=\"ltr\">AXA y Unilever, junto a Tikehau Capital, crean un fondo de inversi\u00f3n destinado a impulsar un modelo agr\u00edcola m\u00e1s responsable, sostenible y en armonia con la naturaleza<a href=\"https:\/\/t.co\/MSZGNB4bTN\">https:\/\/t.co\/MSZGNB4bTN<\/a><\/p>&mdash; El Confidencial (@elconfidencial) <a href=\"https:\/\/twitter.com\/elconfidencial\/status\/1525876913448792064?ref_src=twsrc%5Etfw\">May 15, 2022<\/a><\/blockquote><script async src=\"https:\/\/platform.twitter.com\/widgets.js\" charset=\"utf-8\"><\/script>\n<\/div><\/figure>\n<\/div>\n<\/div>\n\n\n\n<div class=\"wp-block-columns is-layout-flex wp-container-core-columns-is-layout-9d6595d7 wp-block-columns-is-layout-flex\">\n<div class=\"wp-block-column is-layout-flow wp-block-column-is-layout-flow\">\n<figure class=\"wp-block-embed is-type-rich is-provider-twitter wp-block-embed-twitter\"><div class=\"wp-block-embed__wrapper\">\n<blockquote class=\"twitter-tweet\" data-width=\"550\" data-dnt=\"true\"><p lang=\"es\" dir=\"ltr\"><a href=\"https:\/\/twitter.com\/hashtag\/Tenis?src=hash&amp;ref_src=twsrc%5Etfw\">#Tenis<\/a> | El BBVA Open Internacional de Valencia se convertir\u00e1 en el primer torneo WTA en compensar su huella de carbono <a href=\"https:\/\/t.co\/J2MBiDvLuL\">https:\/\/t.co\/J2MBiDvLuL<\/a><\/p>&mdash; Plaza Deportiva (@plazadeportiva_) <a href=\"https:\/\/twitter.com\/plazadeportiva_\/status\/1525574202899812357?ref_src=twsrc%5Etfw\">May 14, 2022<\/a><\/blockquote><script async src=\"https:\/\/platform.twitter.com\/widgets.js\" charset=\"utf-8\"><\/script>\n<\/div><\/figure>\n<\/div>\n\n\n\n<div class=\"wp-block-column is-layout-flow wp-block-column-is-layout-flow\">\n<figure class=\"wp-block-embed is-type-rich is-provider-twitter wp-block-embed-twitter\"><div class=\"wp-block-embed__wrapper\">\n<blockquote class=\"twitter-tweet\" data-width=\"550\" data-dnt=\"true\"><p lang=\"es\" dir=\"ltr\">Reino Unido: la flota de camiones de Nestl\u00e9 abandona los f\u00f3siles y migra a biocombustibles <a href=\"https:\/\/twitter.com\/Bioeconomia_web?ref_src=twsrc%5Etfw\">@Bioeconomia_web<\/a> <a href=\"https:\/\/t.co\/xgl3qhD17d\">https:\/\/t.co\/xgl3qhD17d<\/a> <a href=\"https:\/\/twitter.com\/hashtag\/biocombustiblesavanzados?src=hash&amp;ref_src=twsrc%5Etfw\">#biocombustiblesavanzados<\/a> <a href=\"https:\/\/twitter.com\/hashtag\/biogas?src=hash&amp;ref_src=twsrc%5Etfw\">#biogas<\/a> <a href=\"https:\/\/twitter.com\/hashtag\/empresas?src=hash&amp;ref_src=twsrc%5Etfw\">#empresas<\/a> <a href=\"https:\/\/twitter.com\/hashtag\/mercados?src=hash&amp;ref_src=twsrc%5Etfw\">#mercados<\/a> <a href=\"https:\/\/twitter.com\/hashtag\/movilidad?src=hash&amp;ref_src=twsrc%5Etfw\">#movilidad<\/a> <a href=\"https:\/\/twitter.com\/hashtag\/sustentabilidad?src=hash&amp;ref_src=twsrc%5Etfw\">#sustentabilidad<\/a> <a href=\"https:\/\/t.co\/pveDUvJuSp\">pic.twitter.com\/pveDUvJuSp<\/a><\/p>&mdash; BioEconomia (@Bioeconomia_web) <a href=\"https:\/\/twitter.com\/Bioeconomia_web\/status\/1525058790252589056?ref_src=twsrc%5Etfw\">May 13, 2022<\/a><\/blockquote><script async src=\"https:\/\/platform.twitter.com\/widgets.js\" charset=\"utf-8\"><\/script>\n<\/div><\/figure>\n<\/div>\n<\/div>\n\n\n\n<div class=\"wp-block-columns is-layout-flex wp-container-core-columns-is-layout-9d6595d7 wp-block-columns-is-layout-flex\">\n<div class=\"wp-block-column is-layout-flow wp-block-column-is-layout-flow\">\n<figure class=\"wp-block-embed is-type-rich is-provider-twitter wp-block-embed-twitter\"><div class=\"wp-block-embed__wrapper\">\n<blockquote class=\"twitter-tweet\" data-width=\"550\" data-dnt=\"true\"><p lang=\"es\" dir=\"ltr\">FedEx marca el futuro de la log\u00edstica: repartir\u00e1 los paquetes con carros el\u00e9ctricos para ahorrar y reducir la huella de carbono<a href=\"https:\/\/t.co\/XY7MhGP26u\">https:\/\/t.co\/XY7MhGP26u<\/a><\/p>&mdash; elEconomista.es (@elEconomistaes) <a href=\"https:\/\/twitter.com\/elEconomistaes\/status\/1525401783383646208?ref_src=twsrc%5Etfw\">May 14, 2022<\/a><\/blockquote><script async src=\"https:\/\/platform.twitter.com\/widgets.js\" charset=\"utf-8\"><\/script>\n<\/div><\/figure>\n<\/div>\n\n\n\n<div class=\"wp-block-column is-layout-flow wp-block-column-is-layout-flow\">\n<figure class=\"wp-block-embed is-type-rich is-provider-twitter wp-block-embed-twitter\"><div class=\"wp-block-embed__wrapper\">\nhttps:\/\/twitter.com\/toryto_007\/status\/1525263575295590400\n<\/div><\/figure>\n<\/div>\n<\/div>\n\n\n\n<div class=\"wp-block-columns is-layout-flex wp-container-core-columns-is-layout-9d6595d7 wp-block-columns-is-layout-flex\">\n<div class=\"wp-block-column is-layout-flow wp-block-column-is-layout-flow\">\n<figure class=\"wp-block-embed is-type-rich is-provider-twitter wp-block-embed-twitter\"><div class=\"wp-block-embed__wrapper\">\n<blockquote class=\"twitter-tweet\" data-width=\"550\" data-dnt=\"true\"><p lang=\"es\" dir=\"ltr\">Danacol elimina las etiquetas de sus envases para reducir pl\u00e1sticos.<br>Esta iniciativa es parte del compromiso de Danone, grupo al que pertenece la marca, con la econom\u00eda circular y su objetivo de que todos sus envases sean reciclables, reutilizables o compostables para 2025. <a href=\"https:\/\/t.co\/QgqYzjMu8s\">pic.twitter.com\/QgqYzjMu8s<\/a><\/p>&mdash; ACENTA (@ACENTA_13) <a href=\"https:\/\/twitter.com\/ACENTA_13\/status\/1525256151385899008?ref_src=twsrc%5Etfw\">May 13, 2022<\/a><\/blockquote><script async src=\"https:\/\/platform.twitter.com\/widgets.js\" charset=\"utf-8\"><\/script>\n<\/div><\/figure>\n<\/div>\n\n\n\n<div class=\"wp-block-column is-layout-flow wp-block-column-is-layout-flow\">\n<figure class=\"wp-block-embed is-type-rich is-provider-twitter wp-block-embed-twitter\"><div class=\"wp-block-embed__wrapper\">\n<blockquote class=\"twitter-tweet\" data-width=\"550\" data-dnt=\"true\"><p lang=\"es\" dir=\"ltr\">Red de Puntos Limpios de Sodimac super\u00f3 las cuatro millones de visitas desde su creaci\u00f3n<a href=\"https:\/\/t.co\/zrPPTrfnIo\">https:\/\/t.co\/zrPPTrfnIo<\/a><a href=\"https:\/\/twitter.com\/MMAChile?ref_src=twsrc%5Etfw\">@MMAChile<\/a> <a href=\"https:\/\/twitter.com\/hashtag\/energ%C3%ADasrenovables?src=hash&amp;ref_src=twsrc%5Etfw\">#energ\u00edasrenovables<\/a> <a href=\"https:\/\/twitter.com\/hashtag\/chile?src=hash&amp;ref_src=twsrc%5Etfw\">#chile<\/a> <a href=\"https:\/\/twitter.com\/hashtag\/medioambiente?src=hash&amp;ref_src=twsrc%5Etfw\">#medioambiente<\/a> <a href=\"https:\/\/twitter.com\/hashtag\/cambioclimatico?src=hash&amp;ref_src=twsrc%5Etfw\">#cambioclimatico<\/a> <a href=\"https:\/\/twitter.com\/hashtag\/reciclaje?src=hash&amp;ref_src=twsrc%5Etfw\">#reciclaje<\/a> <a href=\"https:\/\/twitter.com\/hashtag\/ods9?src=hash&amp;ref_src=twsrc%5Etfw\">#ods9<\/a> <a href=\"https:\/\/twitter.com\/hashtag\/accionclimatica?src=hash&amp;ref_src=twsrc%5Etfw\">#accionclimatica<\/a> <a href=\"https:\/\/twitter.com\/hashtag\/desarrollosostenible?src=hash&amp;ref_src=twsrc%5Etfw\">#desarrollosostenible<\/a> <a href=\"https:\/\/twitter.com\/hashtag\/concienciaambiental?src=hash&amp;ref_src=twsrc%5Etfw\">#concienciaambiental<\/a> <a href=\"https:\/\/twitter.com\/hashtag\/estrategia?src=hash&amp;ref_src=twsrc%5Etfw\">#estrategia<\/a> <a href=\"https:\/\/t.co\/SWJPVQ3nro\">pic.twitter.com\/SWJPVQ3nro<\/a><\/p>&mdash; Reporte Sostenible (@ReporteSos) <a href=\"https:\/\/twitter.com\/ReporteSos\/status\/1525156326233587713?ref_src=twsrc%5Etfw\">May 13, 2022<\/a><\/blockquote><script async src=\"https:\/\/platform.twitter.com\/widgets.js\" charset=\"utf-8\"><\/script>\n<\/div><\/figure>\n<\/div>\n<\/div>\n\n\n\n<div class=\"wp-block-columns is-layout-flex wp-container-core-columns-is-layout-9d6595d7 wp-block-columns-is-layout-flex\">\n<div class=\"wp-block-column is-layout-flow wp-block-column-is-layout-flow\">\n<figure class=\"wp-block-embed is-provider-twitter wp-block-embed-twitter\"><div class=\"wp-block-embed__wrapper\">\nhttps:\/\/twitter.com\/AlcRionegro\/status\/1525911302954274816\n<\/div><\/figure>\n<\/div>\n\n\n\n<div class=\"wp-block-column is-layout-flow wp-block-column-is-layout-flow\"><\/div>\n<\/div>\n\n\n\n<div class=\"wp-block-columns is-layout-flex wp-container-core-columns-is-layout-9d6595d7 wp-block-columns-is-layout-flex\">\n<div class=\"wp-block-column is-layout-flow wp-block-column-is-layout-flow\"><\/div>\n\n\n\n<div class=\"wp-block-column is-layout-flow wp-block-column-is-layout-flow\">\n<div class=\"wp-block-buttons is-layout-flex wp-block-buttons-is-layout-flex\">\n<div class=\"wp-block-button\"><a class=\"wp-block-button__link\" href=\"https:\/\/www.linkedin.com\/posts\/juan-battaner-8376a762_mapfre-15400-toneladas-co2-proyecto-energ%C3%ADa-activity-6931933195433086976-MfGl\/?utm_source=linkedin_share&amp;utm_medium=member_desktop_web\">IR A LA PUBLICACI\u00d3N<\/a><\/div>\n<\/div>\n<\/div>\n<\/div>\n\n\n\n<hr class=\"wp-block-separator\" \/>\n\n\n\n<h2 class=\"wp-block-heading\" id=\"contenidos-destacados-en-medios-y-blogs\">Contenidos destacados en medios y blogs<\/h2>\n\n\n\n<div class=\"wp-block-columns is-layout-flex wp-container-core-columns-is-layout-9d6595d7 wp-block-columns-is-layout-flex\">\n<div class=\"wp-block-column is-layout-flow wp-block-column-is-layout-flow\">\n<blockquote class=\"wp-block-quote has-text-align-left is-layout-flow wp-block-quote-is-layout-flow\"><p><em>Coca-Cola logr\u00f3 reunir una 1 Tonelada de botellas pl\u00e1sticas en la jornada de reciclaje realizada en Santa Cruz<\/em><\/p><cite><strong>COCA- COLA<\/strong><\/cite><\/blockquote>\n\n\n\n<div class=\"wp-block-buttons is-layout-flex wp-block-buttons-is-layout-flex\">\n<div class=\"wp-block-button\"><a class=\"wp-block-button__link\" href=\"https:\/\/eju.tv\/2022\/05\/coca-cola-logro-reunir-una-1-tonelada-de-botellas-plasticas\/\">IR A LA NOTA<\/a><\/div>\n<\/div>\n<\/div>\n\n\n\n<div class=\"wp-block-column is-layout-flow wp-block-column-is-layout-flow\">\n<blockquote class=\"wp-block-quote has-text-align-left is-layout-flow wp-block-quote-is-layout-flow\"><p><em>Real Madrid presenta su nueva camiseta hecha con materiales reciclados<\/em><\/p><cite><strong>EL PA\u00cdS<\/strong><\/cite><\/blockquote>\n\n\n\n<div class=\"wp-block-buttons is-layout-flex wp-block-buttons-is-layout-flex\">\n<div class=\"wp-block-button\"><a class=\"wp-block-button__link\" href=\"https:\/\/www.elpais.com.uy\/ovacion\/futbol\/real-madrid-presento-nueva-camiseta-diseno-clasico-responsable-medio-ambiente.html\">IR A LA NOTA<\/a><\/div>\n<\/div>\n<\/div>\n<\/div>\n\n\n\n<hr class=\"wp-block-separator\" \/>\n\n\n\n<div class=\"wp-block-divi-layout\">[et_pb_section fb_built=&#8221;1&#8243; admin_label=&#8221;Features&#8221; _builder_version=&#8221;4.4.2&#8243; background_size=&#8221;initial&#8221; background_position=&#8221;top_left&#8221; width=&#8221;100%&#8221; max_width=&#8221;500px&#8221; module_alignment=&#8221;left&#8221; custom_margin=&#8221;|0px||-1px|false|false&#8221; custom_padding=&#8221;0px|0px|0px|0px|false|false&#8221; saved_tabs=&#8221;all&#8221; collapsed=&#8221;off&#8221;][et_pb_row column_padding_mobile=&#8221;on&#8221; custom_padding_last_edited=&#8221;on|phone&#8221; _builder_version=&#8221;4.4.2&#8243; background_size=&#8221;initial&#8221; background_position=&#8221;top_left&#8221; background_repeat=&#8221;repeat&#8221; width=&#8221;auto&#8221; max_width=&#8221;1280px&#8221; custom_margin=&#8221;0px|0px|0px|0px|false|false&#8221; custom_padding=&#8221;10px|2px|10px|0px|false|false&#8221; custom_padding_tablet=&#8221;49px|||&#8221; custom_padding_phone=&#8221;19px|||&#8221; use_custom_width=&#8221;on&#8221; custom_width_px=&#8221;1280px&#8221;][et_pb_column type=&#8221;4_4&#8243; _builder_version=&#8221;3.25&#8243; custom_padding=&#8221;|||&#8221; custom_padding__hover=&#8221;|||&#8221;][et_pb_blurb title=&#8221;SECTOR AUTOMOTRIZ&#8221; image=&#8221;https:\/\/reports.eyewatch.me\/dc\/wp-content\/uploads\/sites\/10\/2020\/04\/icon_conversation-1.png&#8221; icon_placement=&#8221;left&#8221; image_max_width=&#8221;69px&#8221; _builder_version=&#8221;4.4.7&#8243; header_level=&#8221;h1&#8243; custom_margin=&#8221;|||0px|false|false&#8221; custom_padding=&#8221;|||1px|false|false&#8221;][\/et_pb_blurb][\/et_pb_column][\/et_pb_row][\/et_pb_section]<\/div>\n\n\n\n<p><em><em>Menciones en redes sociales, medios y blogs en espa\u00f1ol sobre marcas de veh\u00edculos y automotrices relacionadas con<\/em> campa\u00f1as por el medio ambiente y acci\u00f3n social.<\/em><\/p>\n\n\n\n<h2 class=\"wp-block-heading\" id=\"evolucion-de-la-conversacion-ultimos-7-dias\">Evoluci\u00f3n de la conversaci\u00f3n &#8211; \u00daltimos 7 d\u00edas<\/h2>\n\n\n\n<div class=\"wp-block-group is-layout-flow wp-block-group-is-layout-flow\">\n<div class=\"wp-block-columns is-layout-flex wp-container-core-columns-is-layout-9d6595d7 wp-block-columns-is-layout-flex\">\n<div class=\"wp-block-column is-layout-flow wp-block-column-is-layout-flow\">\n<h4 class=\"wp-block-heading\" id=\"5-1k-menciones\"><img loading=\"lazy\" decoding=\"async\" width=\"121\" height=\"121\" class=\"wp-image-592\" style=\"width: 40px\" src=\"https:\/\/reports.eyewatch.me\/pc\/wp-content\/uploads\/sites\/3\/2020\/04\/icon_Artboard-3@3x-1.png\" alt=\"\">4.1K MENCIONES<\/h4>\n\n\n\n<p><\/p>\n<\/div>\n\n\n\n<div class=\"wp-block-column is-layout-flow wp-block-column-is-layout-flow\">\n<h4 class=\"has-text-align-left wp-block-heading\" id=\"2-1k-usuarios\"><img loading=\"lazy\" decoding=\"async\" width=\"121\" height=\"121\" class=\"wp-image-589\" style=\"width: 40px\" src=\"https:\/\/reports.eyewatch.me\/pc\/wp-content\/uploads\/sites\/3\/2020\/04\/icon_Artboard-3-copy-3@3x.png\" alt=\"\">1.7K USUARIOS<br><\/h4>\n<\/div>\n<\/div>\n<\/div>\n\n\n\n<figure class=\"wp-block-image size-full\"><img loading=\"lazy\" decoding=\"async\" width=\"805\" height=\"396\" src=\"https:\/\/reports.eyewatch.me\/dc\/wp-content\/uploads\/sites\/10\/2022\/05\/15-2.jpg\" alt=\"\" class=\"wp-image-4819\" srcset=\"https:\/\/reports.eyewatch.me\/dc\/wp-content\/uploads\/sites\/10\/2022\/05\/15-2.jpg 805w, https:\/\/reports.eyewatch.me\/dc\/wp-content\/uploads\/sites\/10\/2022\/05\/15-2-480x236.jpg 480w\" sizes=\"(min-width: 0px) and (max-width: 480px) 480px, (min-width: 481px) 805px, 100vw\" \/><\/figure>\n\n\n\n<hr class=\"wp-block-separator\" \/>\n\n\n\n<h2 class=\"wp-block-heading\" id=\"evolucion-por-categoria\">Evoluci\u00f3n por categor\u00eda<\/h2>\n\n\n\n<figure class=\"wp-block-image size-full\"><img loading=\"lazy\" decoding=\"async\" width=\"765\" height=\"445\" src=\"https:\/\/reports.eyewatch.me\/dc\/wp-content\/uploads\/sites\/10\/2022\/05\/10-3.jpg\" alt=\"\" class=\"wp-image-4807\" srcset=\"https:\/\/reports.eyewatch.me\/dc\/wp-content\/uploads\/sites\/10\/2022\/05\/10-3.jpg 765w, https:\/\/reports.eyewatch.me\/dc\/wp-content\/uploads\/sites\/10\/2022\/05\/10-3-480x279.jpg 480w\" sizes=\"(min-width: 0px) and (max-width: 480px) 480px, (min-width: 481px) 765px, 100vw\" \/><\/figure>\n\n\n\n<hr class=\"wp-block-separator\" \/>\n\n\n\n<h2 class=\"wp-block-heading\" id=\"temas-destacados\">Temas destacados<\/h2>\n\n\n\n<p><\/p>\n\n\n\n<ul class=\"wp-block-list\"><li><strong>Honda<\/strong> quiere colaborar con otros fabricantes para desarrollar coches\u00a0el\u00e9ctricos.<\/li><li><strong>JAC<\/strong> E10X el auto el\u00e9ctrico m\u00e1s barato de M\u00e9xico.<\/li><li><strong>Subaru<\/strong> construir\u00e1 f\u00e1brica de veh\u00edculos el\u00e9ctricos para satisfacer demanda de Am\u00e9rica del Norte.<\/li><li><strong>Fiat <\/strong>presenta un nuevo modelo el\u00e9ctrico equipado con la tecnolog\u00eda &#8220;Virtual Venues&#8221; de JBL.<\/li><li><strong>BYD<\/strong> ha reducido 11.223.853.383 kg de emisiones de carbono.<\/li><li><strong>Ventas <\/strong>de vehiculos electricos aumentaron 60% en EEUU.<\/li><li><strong>KIA<\/strong> EV6 nombrado \u201cMejor veh\u00edculo el\u00e9ctrico 2022.<\/li><li><strong>Nissan <\/strong>estudia crear tercera planta en EE.UU. para hacer frente a demanda de autos el\u00e9ctricos.<\/li><li><strong>Porsche<\/strong> 718 Cayman GT4 el\u00e9ctrico tiene 1.000 CV y carga su bater\u00eda del 5 al 80 % en 15 minutos.<\/li><li><strong>McLaren Racing <\/strong>participar\u00e1 en el ABB FIA Formula E World Championship\u00a0.<\/li><li>Crecen <strong>ventas<\/strong> de autos el\u00e9ctricos e h\u00edbridos en Argentina.<\/li><li><strong>Scania <\/strong>ampl\u00eda su gama de camiones de biog\u00e1s.<\/li><li><strong>Cummins<\/strong> lanza motor a hidr\u00f3geno de 15 litros para camiones pesados.<\/li><li><strong>Volkswagen<\/strong> ID.5, el nuevo SUV el\u00e9ctrico de estilo coup\u00e9.<\/li><li><strong>BMW<\/strong> trabaja en la nueva generaci\u00f3n del modelo X1 que tendr\u00e1 su variante el\u00e9ctrica.<\/li><li><strong>Mercedes Benz<\/strong> abre una nueva planta de fabricaci\u00f3n en Alabama.<\/li><\/ul>\n\n\n\n<hr class=\"wp-block-separator\" \/>\n\n\n\n<h2 class=\"wp-block-heading\" id=\"contenidos-destacados-en-redes-sociales\">Contenidos destacados en redes sociales<\/h2>\n\n\n\n<p><em> <em>\u00daltimas 96h<\/em><\/em><\/p>\n\n\n\n<div class=\"wp-block-columns is-layout-flex wp-container-core-columns-is-layout-9d6595d7 wp-block-columns-is-layout-flex\">\n<div class=\"wp-block-column is-layout-flow wp-block-column-is-layout-flow\">\n<figure class=\"wp-block-embed is-type-rich is-provider-twitter wp-block-embed-twitter\"><div class=\"wp-block-embed__wrapper\">\n<blockquote class=\"twitter-tweet\" data-width=\"550\" data-dnt=\"true\"><p lang=\"es\" dir=\"ltr\">Honda quiere colaborar con otros fabricantes para desarrollar coches\u00a0el\u00e9ctricos <a href=\"https:\/\/t.co\/VbW2o1v6iA\">https:\/\/t.co\/VbW2o1v6iA<\/a><\/p>&mdash; Revolucion Web (@Revolucion_Web) <a href=\"https:\/\/twitter.com\/Revolucion_Web\/status\/1524978526356746240?ref_src=twsrc%5Etfw\">May 13, 2022<\/a><\/blockquote><script async src=\"https:\/\/platform.twitter.com\/widgets.js\" charset=\"utf-8\"><\/script>\n<\/div><\/figure>\n<\/div>\n\n\n\n<div class=\"wp-block-column is-layout-flow wp-block-column-is-layout-flow\">\n<figure class=\"wp-block-embed is-type-rich is-provider-twitter wp-block-embed-twitter\"><div class=\"wp-block-embed__wrapper\">\n<blockquote class=\"twitter-tweet\" data-width=\"550\" data-dnt=\"true\"><p lang=\"es\" dir=\"ltr\"><a href=\"https:\/\/twitter.com\/hashtag\/PrimeNews?src=hash&amp;ref_src=twsrc%5Etfw\">#PrimeNews<\/a> JAC E10X: qu\u00e9 s\u00ed y qu\u00e9 no del auto el\u00e9ctrico m\u00e1s barato de M\u00e9xico &#8211; Lea mas em <a href=\"https:\/\/t.co\/q7hIMxRLlI\">https:\/\/t.co\/q7hIMxRLlI<\/a> <a href=\"https:\/\/t.co\/7y9kx9XTzu\">pic.twitter.com\/7y9kx9XTzu<\/a><\/p>&mdash; Prime Action M\u00e9xico (@PrimeActionMX) <a href=\"https:\/\/twitter.com\/PrimeActionMX\/status\/1525101324173561859?ref_src=twsrc%5Etfw\">May 13, 2022<\/a><\/blockquote><script async src=\"https:\/\/platform.twitter.com\/widgets.js\" charset=\"utf-8\"><\/script>\n<\/div><\/figure>\n<\/div>\n<\/div>\n\n\n\n<div class=\"wp-block-columns is-layout-flex wp-container-core-columns-is-layout-9d6595d7 wp-block-columns-is-layout-flex\">\n<div class=\"wp-block-column is-layout-flow wp-block-column-is-layout-flow\">\n<figure class=\"wp-block-embed is-type-rich is-provider-twitter wp-block-embed-twitter\"><div class=\"wp-block-embed__wrapper\">\nhttps:\/\/twitter.com\/ReportAcero\/status\/1525175774336139264\n<\/div><\/figure>\n<\/div>\n\n\n\n<div class=\"wp-block-column is-layout-flow wp-block-column-is-layout-flow\">\n<figure class=\"wp-block-embed is-type-rich is-provider-twitter wp-block-embed-twitter\"><div class=\"wp-block-embed__wrapper\">\nhttps:\/\/twitter.com\/Autocosmos\/status\/1525657221576609792\n<\/div><\/figure>\n<\/div>\n<\/div>\n\n\n\n<div class=\"wp-block-columns is-layout-flex wp-container-core-columns-is-layout-9d6595d7 wp-block-columns-is-layout-flex\">\n<div class=\"wp-block-column is-layout-flow wp-block-column-is-layout-flow\">\n<figure class=\"wp-block-embed is-type-rich is-provider-twitter wp-block-embed-twitter\"><div class=\"wp-block-embed__wrapper\">\n<blockquote class=\"twitter-tweet\" data-width=\"550\" data-dnt=\"true\"><p lang=\"es\" dir=\"ltr\">A mayo 2022, BYD ha reducido 11.223.853.383 kg de emisiones de carbono \u267b. Siempre desarrollaremos innovaciones tecnol\u00f3gicas para una vida mejor. <a href=\"https:\/\/twitter.com\/hashtag\/BYD?src=hash&amp;ref_src=twsrc%5Etfw\">#BYD<\/a> <a href=\"https:\/\/twitter.com\/hashtag\/BuildYourDreams?src=hash&amp;ref_src=twsrc%5Etfw\">#BuildYourDreams<\/a> <a href=\"https:\/\/twitter.com\/hashtag\/tecnolog%C3%ADa?src=hash&amp;ref_src=twsrc%5Etfw\">#tecnolog\u00eda<\/a> <a href=\"https:\/\/twitter.com\/hashtag\/verde?src=hash&amp;ref_src=twsrc%5Etfw\">#verde<\/a> <a href=\"https:\/\/twitter.com\/hashtag\/futuro?src=hash&amp;ref_src=twsrc%5Etfw\">#futuro<\/a> <a href=\"https:\/\/twitter.com\/hashtag\/movilidad?src=hash&amp;ref_src=twsrc%5Etfw\">#movilidad<\/a> <a href=\"https:\/\/twitter.com\/hashtag\/innovaci%C3%B3n?src=hash&amp;ref_src=twsrc%5Etfw\">#innovaci\u00f3n<\/a> <a href=\"https:\/\/twitter.com\/hashtag\/el%C3%A9ctrico?src=hash&amp;ref_src=twsrc%5Etfw\">#el\u00e9ctrico<\/a> <a href=\"https:\/\/twitter.com\/hashtag\/sostenible?src=hash&amp;ref_src=twsrc%5Etfw\">#sostenible<\/a> <a href=\"https:\/\/twitter.com\/hashtag\/tecnolog%C3%ADa?src=hash&amp;ref_src=twsrc%5Etfw\">#tecnolog\u00eda<\/a> <a href=\"https:\/\/twitter.com\/hashtag\/EnfriarLaTierraEnUnGrado?src=hash&amp;ref_src=twsrc%5Etfw\">#EnfriarLaTierraEnUnGrado<\/a> <a href=\"https:\/\/t.co\/aZmhzQIgQw\">pic.twitter.com\/aZmhzQIgQw<\/a><\/p>&mdash; BYD Chile (@ChileBYD) <a href=\"https:\/\/twitter.com\/ChileBYD\/status\/1525097815206158336?ref_src=twsrc%5Etfw\">May 13, 2022<\/a><\/blockquote><script async src=\"https:\/\/platform.twitter.com\/widgets.js\" charset=\"utf-8\"><\/script>\n<\/div><\/figure>\n<\/div>\n\n\n\n<div class=\"wp-block-column is-layout-flow wp-block-column-is-layout-flow\">\n<figure class=\"wp-block-embed is-type-rich is-provider-twitter wp-block-embed-twitter\"><div class=\"wp-block-embed__wrapper\">\nhttps:\/\/twitter.com\/balmore7506\/status\/1525612848826798081{\n<\/div><\/figure>\n<\/div>\n<\/div>\n\n\n\n<div class=\"wp-block-columns is-layout-flex wp-container-core-columns-is-layout-9d6595d7 wp-block-columns-is-layout-flex\">\n<div class=\"wp-block-column is-layout-flow wp-block-column-is-layout-flow\">\n<figure class=\"wp-block-image size-full\"><img loading=\"lazy\" decoding=\"async\" width=\"327\" height=\"708\" src=\"https:\/\/reports.eyewatch.me\/dc\/wp-content\/uploads\/sites\/10\/2022\/05\/17-2.jpg\" alt=\"\" class=\"wp-image-4826\" srcset=\"https:\/\/reports.eyewatch.me\/dc\/wp-content\/uploads\/sites\/10\/2022\/05\/17-2.jpg 327w, https:\/\/reports.eyewatch.me\/dc\/wp-content\/uploads\/sites\/10\/2022\/05\/17-2-139x300.jpg 139w\" sizes=\"(max-width: 327px) 100vw, 327px\" \/><\/figure>\n\n\n\n<div class=\"wp-block-buttons is-layout-flex wp-block-buttons-is-layout-flex\">\n<div class=\"wp-block-button\"><a class=\"wp-block-button__link\" href=\"https:\/\/www.linkedin.com\/posts\/%C3%A1frica-films_africafilmsnews-noticias-industriaautomotriz-activity-6931740622672273409-VEVk\/?utm_source=linkedin_share&amp;utm_medium=member_desktop_web\">IR A LA PUBLICACI\u00d3N<\/a><\/div>\n<\/div>\n<\/div>\n\n\n\n<div class=\"wp-block-column is-layout-flow wp-block-column-is-layout-flow\">\n<figure class=\"wp-block-image size-full\"><img loading=\"lazy\" decoding=\"async\" width=\"330\" height=\"837\" src=\"https:\/\/reports.eyewatch.me\/dc\/wp-content\/uploads\/sites\/10\/2022\/05\/16-2.jpg\" alt=\"\" class=\"wp-image-4825\" srcset=\"https:\/\/reports.eyewatch.me\/dc\/wp-content\/uploads\/sites\/10\/2022\/05\/16-2.jpg 330w, https:\/\/reports.eyewatch.me\/dc\/wp-content\/uploads\/sites\/10\/2022\/05\/16-2-118x300.jpg 118w\" sizes=\"(max-width: 330px) 100vw, 330px\" \/><\/figure>\n\n\n\n<div class=\"wp-block-buttons is-layout-flex wp-block-buttons-is-layout-flex\">\n<div class=\"wp-block-button\"><a class=\"wp-block-button__link\" href=\"https:\/\/www.linkedin.com\/posts\/mercedes-benz-m%C3%A9xico_mercedesbenz-abri%C3%B3-en-bibb-county-alabama-activity-6930924729478344704-2X4P\/?utm_source=linkedin_share&amp;utm_medium=member_desktop_web\">IR A LA PUBLICACI\u00d3N<\/a><\/div>\n<\/div>\n<\/div>\n<\/div>\n\n\n\n<hr class=\"wp-block-separator\" \/>\n\n\n\n<h2 class=\"wp-block-heading\" id=\"contenidos-destacados-en-medios-y-blogs\">Contenidos destacados en medios y blogs<\/h2>\n\n\n\n<p><em> <\/em><\/p>\n\n\n\n<div class=\"wp-block-columns is-layout-flex wp-container-core-columns-is-layout-9d6595d7 wp-block-columns-is-layout-flex\">\n<div class=\"wp-block-column is-layout-flow wp-block-column-is-layout-flow\">\n<blockquote class=\"wp-block-quote has-text-align-left is-layout-flow wp-block-quote-is-layout-flow\"><p><em>KIA EV6 nombrado \u201cMejor veh\u00edculo el\u00e9ctrico 2022<\/em><\/p><cite><strong>AGENDA SUSTENTABLE<\/strong><\/cite><\/blockquote>\n\n\n\n<div class=\"wp-block-buttons is-layout-flex wp-block-buttons-is-layout-flex\">\n<div class=\"wp-block-button\"><a class=\"wp-block-button__link\" href=\"https:\/\/www.agendasustentable.cl\/kia-ev6-nombrado-mejor-vehiculo-electrico-2022\/\">IR A LA NOTA<\/a><\/div>\n<\/div>\n<\/div>\n\n\n\n<div class=\"wp-block-column is-layout-flow wp-block-column-is-layout-flow\">\n<blockquote class=\"wp-block-quote has-text-align-left is-layout-flow wp-block-quote-is-layout-flow\"><p><em>Nissan estudia crear tercera planta en EE.UU. para hacer frente a demanda de autos el\u00e9ctricos<\/em><\/p><cite><strong>LA OPINI\u00d3N<\/strong><\/cite><\/blockquote>\n\n\n\n<div class=\"wp-block-buttons is-layout-flex wp-block-buttons-is-layout-flex\">\n<div class=\"wp-block-button\"><a class=\"wp-block-button__link\" href=\"https:\/\/laopinion.com\/2022\/05\/16\/nissan-estudia-crear-tercera-planta-en-ee-uu-para-hacer-frente-a-demanda-de-autos-electricos\/\">IR A LA NOTA<\/a><\/div>\n<\/div>\n<\/div>\n<\/div>\n\n\n\n<div class=\"wp-block-columns is-layout-flex wp-container-core-columns-is-layout-9d6595d7 wp-block-columns-is-layout-flex\">\n<div class=\"wp-block-column is-layout-flow wp-block-column-is-layout-flow\">\n<blockquote class=\"wp-block-quote has-text-align-left is-layout-flow wp-block-quote-is-layout-flow\"><p><em>Porsche 718 Cayman GT4 el\u00e9ctrico tiene 1.000 CV y carga su bater\u00eda del 5 al 80 % en 15 minutos<\/em><\/p><cite><strong>H\u00cdBRIDOS Y EL\u00c9CTRICOS<\/strong><\/cite><\/blockquote>\n\n\n\n<div class=\"wp-block-buttons is-layout-flex wp-block-buttons-is-layout-flex\">\n<div class=\"wp-block-button\"><a class=\"wp-block-button__link\" href=\"https:\/\/www.hibridosyelectricos.com\/articulo\/actualidad\/porsche-electrico-carga-bateria-5-80-por-ciento-15-minutos\/20220516160550057936.html\">IR A LA NOTA<\/a><\/div>\n<\/div>\n<\/div>\n\n\n\n<div class=\"wp-block-column is-layout-flow wp-block-column-is-layout-flow\">\n<blockquote class=\"wp-block-quote has-text-align-left is-layout-flow wp-block-quote-is-layout-flow\"><p><em>McLaren Racing participar\u00e1 en el ABB FIA Formula E World Championship\u00a0<\/em><\/p><cite><strong>CARMANIA<\/strong><\/cite><\/blockquote>\n\n\n\n<div class=\"wp-block-buttons is-layout-flex wp-block-buttons-is-layout-flex\">\n<div class=\"wp-block-button\"><a class=\"wp-block-button__link\" href=\"https:\/\/carmania.mx\/2022\/05\/16\/mclaren-racing-participara-en-el-abb-fia-formula-e-world-championship\/\">IR A LA NOTA<\/a><\/div>\n<\/div>\n<\/div>\n<\/div>\n\n\n\n<div class=\"wp-block-columns is-layout-flex wp-container-core-columns-is-layout-9d6595d7 wp-block-columns-is-layout-flex\">\n<div class=\"wp-block-column is-layout-flow wp-block-column-is-layout-flow\">\n<blockquote class=\"wp-block-quote has-text-align-left is-layout-flow wp-block-quote-is-layout-flow\"><p><em>Crecen ventas de autos el\u00e9ctricos e h\u00edbridos en Argentina<\/em><\/p><cite><strong>BLOOMBERG<\/strong><\/cite><\/blockquote>\n\n\n\n<div class=\"wp-block-buttons is-layout-flex wp-block-buttons-is-layout-flex\">\n<div class=\"wp-block-button\"><a class=\"wp-block-button__link\" href=\"https:\/\/www.bloomberglinea.com\/2022\/05\/16\/crecen-ventas-de-autos-electricos-e-hibridos-en-argentina-y-sumaran-nuevas-tecnologias-en-2023\/\">IR A LA NOTA<\/a><\/div>\n<\/div>\n<\/div>\n\n\n\n<div class=\"wp-block-column is-layout-flow wp-block-column-is-layout-flow\">\n<blockquote class=\"wp-block-quote has-text-align-left is-layout-flow wp-block-quote-is-layout-flow\"><p><em>Scania ampl\u00eda su gama de camiones de biog\u00e1s<\/em><\/p><cite><strong>CAMI\u00d3N ACTUALIDAD<\/strong><\/cite><\/blockquote>\n\n\n\n<div class=\"wp-block-buttons is-layout-flex wp-block-buttons-is-layout-flex\">\n<div class=\"wp-block-button\"><a class=\"wp-block-button__link\" href=\"https:\/\/www.camionactualidad.es\/ultimas-noticias\/item\/8876-scania-amplia-su-gama-de-camiones-de-biogas\">IR A LA NOTA<\/a><\/div>\n<\/div>\n<\/div>\n<\/div>\n\n\n\n<div class=\"wp-block-columns is-layout-flex wp-container-core-columns-is-layout-9d6595d7 wp-block-columns-is-layout-flex\">\n<div class=\"wp-block-column is-layout-flow wp-block-column-is-layout-flow\">\n<blockquote class=\"wp-block-quote has-text-align-left is-layout-flow wp-block-quote-is-layout-flow\"><p><em>Cummins lanza motor a hidr\u00f3geno de 15 litros para camiones pesados<\/em><\/p><cite><strong>NGV JOURNAL<\/strong><\/cite><\/blockquote>\n\n\n\n<div class=\"wp-block-buttons is-layout-flex wp-block-buttons-is-layout-flex\">\n<div class=\"wp-block-button\"><a class=\"wp-block-button__link\" href=\"http:\/\/www.ngvjournal.com\/noticias\/productos\/cummins-presenta-motor-a-hidrogeno-de-15-litros\/?lang=es\">IR A LA NOTA<\/a><\/div>\n<\/div>\n<\/div>\n\n\n\n<div class=\"wp-block-column is-layout-flow wp-block-column-is-layout-flow\">\n<blockquote class=\"wp-block-quote has-text-align-left is-layout-flow wp-block-quote-is-layout-flow\"><p><em>Volkswagen ID.5, el nuevo SUV el\u00e9ctrico de estilo coup\u00e9s<\/em><\/p><cite><strong>LA VANGUARDIA<\/strong><\/cite><\/blockquote>\n\n\n\n<div class=\"wp-block-buttons is-layout-flex wp-block-buttons-is-layout-flex\">\n<div class=\"wp-block-button\"><a class=\"wp-block-button__link\" href=\"https:\/\/www.lavanguardia.com\/motor\/vehiculos\/coches\/20220516\/8265213\/nuevo-volkswagen-id-5-silueta-cupe-nuevo-suv-electrico.html\">IR A LA NOTA<\/a><\/div>\n<\/div>\n<\/div>\n<\/div>\n\n\n\n<p><\/p>\n","protected":false},"excerpt":{"rendered":"<p>DERCO CENTER |<\/p>\n","protected":false},"author":82,"featured_media":0,"comment_status":"closed","ping_status":"closed","sticky":false,"template":"","format":"standard","meta":{"_et_pb_use_builder":"off","_et_pb_old_content":"<!-- wp:paragraph -->\n<p><\/p>\n<!-- \/wp:paragraph -->\n\n<!-- wp:divi\/layout -->\n<div class=\"wp-block-divi-layout\">[et_pb_section fb_built=\"1\" admin_label=\"Features\" _builder_version=\"4.4.2\" background_size=\"initial\" background_position=\"top_left\" width=\"100%\" max_width=\"500px\" module_alignment=\"left\" custom_margin=\"|0px||-1px|false|false\" custom_padding=\"0px|0px|0px|0px|false|false\" saved_tabs=\"all\" collapsed=\"off\"][et_pb_row column_padding_mobile=\"on\" custom_padding_last_edited=\"on|phone\" _builder_version=\"4.4.2\" background_size=\"initial\" background_position=\"top_left\" background_repeat=\"repeat\" width=\"auto\" max_width=\"1280px\" custom_margin=\"0px|0px|0px|0px|false|false\" custom_padding=\"10px|2px|10px|0px|false|false\" custom_padding_tablet=\"49px|||\" custom_padding_phone=\"19px|||\" use_custom_width=\"on\" custom_width_px=\"1280px\"][et_pb_column type=\"4_4\" _builder_version=\"3.25\" custom_padding=\"|||\" custom_padding__hover=\"|||\"][et_pb_blurb title=\"DESARROLLO SOCIAL\" image=\"https:\/\/reports.eyewatch.me\/pc\/wp-content\/uploads\/sites\/3\/2020\/04\/icon_Artboard-3-100.jpg\" icon_placement=\"left\" image_max_width=\"69px\" _builder_version=\"4.4.2\" header_level=\"h1\" custom_margin=\"|||0px|false|false\" custom_padding=\"|||1px|false|false\"][\/et_pb_blurb][\/et_pb_column][\/et_pb_row][\/et_pb_section]<\/div>\n<!-- \/wp:divi\/layout -->\n\n<!-- wp:paragraph -->\n<p><em><em>Menciones en redes sociales, medios y blogs en espa\u00f1ol sobre marcas y empresas vinculadas a<\/em> voluntariados, desarrollo social, campa\u00f1as solidarias, inclusi\u00f3n, y t\u00e9rminos afines.<\/em><\/p>\n<!-- \/wp:paragraph -->\n\n<!-- wp:separator -->\n<hr class=\"wp-block-separator\"\/>\n<!-- \/wp:separator -->\n\n<!-- wp:heading -->\n<h2>Evoluci\u00f3n de la conversaci\u00f3n - \u00faltimos 7 d\u00edas<\/h2>\n<!-- \/wp:heading -->\n\n<!-- wp:columns -->\n<div class=\"wp-block-columns\"><!-- wp:column -->\n<div class=\"wp-block-column\"><!-- wp:heading {\"level\":4} -->\n<h4><img class=\"wp-image-592\" style=\"width: 40px\" src=\"https:\/\/reports.eyewatch.me\/pc\/wp-content\/uploads\/sites\/3\/2020\/04\/icon_Artboard-3@3x-1.png\" alt=\"\">   1.1K USUARIOS<\/h4>\n<!-- \/wp:heading --><\/div>\n<!-- \/wp:column -->\n\n<!-- wp:column -->\n<div class=\"wp-block-column\"><!-- wp:heading {\"textAlign\":\"left\",\"level\":4} -->\n<h4 class=\"has-text-align-left\"> <img class=\"wp-image-589\" style=\"width: 40px\" src=\"https:\/\/reports.eyewatch.me\/pc\/wp-content\/uploads\/sites\/3\/2020\/04\/icon_Artboard-3-copy-3@3x.png\" alt=\"\">1.2K<strong> <\/strong>MENCIONES<br><\/h4>\n<!-- \/wp:heading --><\/div>\n<!-- \/wp:column --><\/div>\n<!-- \/wp:columns -->\n\n<!-- wp:image {\"id\":2312,\"sizeSlug\":\"full\",\"linkDestination\":\"none\"} -->\n<figure class=\"wp-block-image size-full\"><img src=\"https:\/\/reports.eyewatch.me\/dc\/wp-content\/uploads\/sites\/10\/2021\/09\/13.jpg\" alt=\"\" class=\"wp-image-2312\"\/><\/figure>\n<!-- \/wp:image -->\n\n<!-- wp:spacer {\"height\":20} -->\n<div style=\"height:20px\" aria-hidden=\"true\" class=\"wp-block-spacer\"><\/div>\n<!-- \/wp:spacer -->\n\n<!-- wp:separator {\"className\":\"is-style-wide\"} -->\n<hr class=\"wp-block-separator is-style-wide\"\/>\n<!-- \/wp:separator -->\n\n<!-- wp:heading -->\n<h2>Evoluci\u00f3n por categor\u00edas<\/h2>\n<!-- \/wp:heading -->\n\n<!-- wp:image {\"id\":2311,\"sizeSlug\":\"full\",\"linkDestination\":\"none\"} -->\n<figure class=\"wp-block-image size-full\"><img src=\"https:\/\/reports.eyewatch.me\/dc\/wp-content\/uploads\/sites\/10\/2021\/09\/12.jpg\" alt=\"\" class=\"wp-image-2311\"\/><\/figure>\n<!-- \/wp:image -->\n\n<!-- wp:spacer {\"height\":20} -->\n<div style=\"height:20px\" aria-hidden=\"true\" class=\"wp-block-spacer\"><\/div>\n<!-- \/wp:spacer -->\n\n<!-- wp:separator -->\n<hr class=\"wp-block-separator\"\/>\n<!-- \/wp:separator -->\n\n<!-- wp:heading -->\n<h2>Temas destacados<\/h2>\n<!-- \/wp:heading -->\n\n<!-- wp:paragraph -->\n<p><em>\u00daltimas 96hs<\/em><\/p>\n<!-- \/wp:paragraph -->\n\n<!-- wp:group -->\n<div class=\"wp-block-group\"><!-- wp:group -->\n<div class=\"wp-block-group\"><!-- wp:list -->\n<ul><li><strong><b>S<\/b>antander M\u00e9xico <\/strong>lanza tajeras LikeU en dode cada color se corresponde a una causa social y ambiental. Por cada tarjeta contratada el banco donar\u00e1 recursos a distintas causas.<\/li><li><strong>Coca-Cola  Bolivia<\/strong> junto a Embol y Pedidos Ya se suma a la campa\u00f1a global \"Para todas las mesas\" la cual busca combatir la inseguridad alimentaria y apoyar la reactivaci\u00f3n de restaurantes.<\/li><li>La plataforma interactiva desarrollada por <strong>Pharmaton<\/strong> \"Kiddi World\" que permite detectar dislexia, disgraf\u00eda y daltonismo recibe el premio Innovation CUT.<\/li><li><strong>Walmart Chile<\/strong> crea alianza con la Fundaci\u00f3n 1ko que visibiliza el trabajo de artistas y emprendedores de Bajo de Mena. La cadena de supermercados vender\u00e1 prendas de vestimentas con dise\u00f1os de los artistas de la fundaci\u00f3n.<\/li><li><strong>Bic Ecuador <\/strong>lanza campa\u00f1a sobre empat\u00eda para el regreso a clases presenciales \"Back in cool\".<\/li><li>Bumble la app de citas crea el primer programa de apoyo dirigido a v\u00edctimas de agresi\u00f3n o abuso sexual junto a la organizaci\u00f3n Chayn.<\/li><\/ul>\n<!-- \/wp:list -->\n\n<!-- wp:paragraph -->\n<p><\/p>\n<!-- \/wp:paragraph -->\n\n<!-- wp:separator -->\n<hr class=\"wp-block-separator\"\/>\n<!-- \/wp:separator -->\n\n<!-- wp:heading -->\n<h2>Contenidos destacados en redes sociales<\/h2>\n<!-- \/wp:heading -->\n\n<!-- wp:paragraph -->\n<p><em>\u00daltimas 96hs<\/em><\/p>\n<!-- \/wp:paragraph --><\/div>\n<!-- \/wp:group -->\n\n<!-- wp:separator -->\n<hr class=\"wp-block-separator\"\/>\n<!-- \/wp:separator -->\n\n<!-- wp:heading -->\n<h2>Contenidos destacados en medios y blogs<\/h2>\n<!-- \/wp:heading -->\n\n<!-- wp:paragraph -->\n<p><em>\u00daltimas 96hs<\/em><\/p>\n<!-- \/wp:paragraph -->\n\n<!-- wp:columns -->\n<div class=\"wp-block-columns\"><!-- wp:column -->\n<div class=\"wp-block-column\"><!-- wp:quote -->\n<blockquote class=\"wp-block-quote\"><p><em><em>Pampers Argentina colabora con Fundaci\u00f3n s\u00ed. Ante cada like en las redes de la marca o compra de producto, la empresa donar\u00e1 un pa\u00f1al a la fundaci\u00f3n.<\/em><\/em><\/p><cite><strong>FUNDACI\u00d3N S\u00cd<\/strong><\/cite><\/blockquote>\n<!-- \/wp:quote -->\n\n<!-- wp:buttons -->\n<div class=\"wp-block-buttons\"><!-- wp:button -->\n<div class=\"wp-block-button\"><a class=\"wp-block-button__link\" href=\"https:\/\/fundacionsi.org.ar\/junto-a-pampers-argentina-hagamos-que-mas-bebes-sigan-sonando\/\">IR A LA NOTA<\/a><\/div>\n<!-- \/wp:button --><\/div>\n<!-- \/wp:buttons --><\/div>\n<!-- \/wp:column -->\n\n<!-- wp:column -->\n<div class=\"wp-block-column\"><!-- wp:quote -->\n<blockquote class=\"wp-block-quote\"><p><em><strong>C<\/strong>ervecer\u00eda Boliviana Nacional realiza conversatorio a favor de la equidad de g\u00e9nero.<\/em><\/p><cite><strong>BOLIVIA EN TUS MANOS<\/strong><\/cite><\/blockquote>\n<!-- \/wp:quote -->\n\n<!-- wp:buttons -->\n<div class=\"wp-block-buttons\"><!-- wp:button -->\n<div class=\"wp-block-button\"><a class=\"wp-block-button__link\" href=\"https:\/\/www.boliviaentusmanos.com\/noticias\/bolivia\/381653\/cbn-comparte-sus-experiencias-en-favor-de-la-equidad-de-genero-en-un-conversatorio-del-pacto-global-bolivia.html\">IR A LA NOTA<\/a><\/div>\n<!-- \/wp:button --><\/div>\n<!-- \/wp:buttons --><\/div>\n<!-- \/wp:column -->\n\n<!-- wp:column -->\n<div class=\"wp-block-column\"><!-- wp:quote -->\n<blockquote class=\"wp-block-quote\"><p><em><em>Virgin Mobile M\u00e9xico particip\u00f3 en las conferencias sobre La equidad de g\u00e9nero en las telecomunicaciones.<\/em><\/em><\/p><cite><strong>MULTIANIME<\/strong><\/cite><\/blockquote>\n<!-- \/wp:quote -->\n\n<!-- wp:buttons -->\n<div class=\"wp-block-buttons\"><!-- wp:button -->\n<div class=\"wp-block-button\"><a class=\"wp-block-button__link\" href=\"https:\/\/multianime.com.mx\/2021\/09\/02\/virgin-mobile-equidad-de-genero-interes\/\">IR A LA NOTA<\/a><\/div>\n<!-- \/wp:button --><\/div>\n<!-- \/wp:buttons --><\/div>\n<!-- \/wp:column --><\/div>\n<!-- \/wp:columns -->\n\n<!-- wp:columns -->\n<div class=\"wp-block-columns\"><!-- wp:column -->\n<div class=\"wp-block-column\"><!-- wp:quote -->\n<blockquote class=\"wp-block-quote\"><p><em>Mary Kay Espa\u00f1a se une a Fundaci\u00f3n Stampa para reforzar el programa <em>Ponte guapa, te sentir\u00e1s mejor\u2019<\/em><\/em><\/p><cite><strong>AP NEWS<\/strong><\/cite><\/blockquote>\n<!-- \/wp:quote -->\n\n<!-- wp:buttons -->\n<div class=\"wp-block-buttons\"><!-- wp:button -->\n<div class=\"wp-block-button\"><a class=\"wp-block-button__link\" href=\"https:\/\/apnews.com\/press-release\/business-wire\/e4f01526577a4b03b270994e35e375d1\">IR A LA NOTA<\/a><\/div>\n<!-- \/wp:button --><\/div>\n<!-- \/wp:buttons --><\/div>\n<!-- \/wp:column -->\n\n<!-- wp:column -->\n<div class=\"wp-block-column\"><!-- wp:quote -->\n<blockquote class=\"wp-block-quote\"><p><em>Plaza Ses\u00e1mo Latinoamerica genera contenido para a ni\u00f1os venezolanos migrantes vulnerados<\/em><\/p><cite><strong>HEAD TOPICS<\/strong><\/cite><\/blockquote>\n<!-- \/wp:quote -->\n\n<!-- wp:buttons -->\n<div class=\"wp-block-buttons\"><!-- wp:button -->\n<div class=\"wp-block-button\"><a class=\"wp-block-button__link\" href=\"\/\/headtopics.com\/es\/personajes-de-plaza-sesamo-acompanar-n-a-ninos-migrantes-venezolanos-21604343\">IR A LA NOTA<\/a><\/div>\n<!-- \/wp:button --><\/div>\n<!-- \/wp:buttons --><\/div>\n<!-- \/wp:column -->\n\n<!-- wp:column -->\n<div class=\"wp-block-column\"><!-- wp:paragraph -->\n<p><em>Samsung Bolivia y la Escuela Militar de Ingenier\u00eda firman convenio que beneficia estudiantes<\/em><\/p>\n<!-- \/wp:paragraph -->\n\n<!-- wp:paragraph -->\n<p> <strong>MM<\/strong><\/p>\n<!-- \/wp:paragraph -->\n\n<!-- wp:buttons -->\n<div class=\"wp-block-buttons\"><!-- wp:button -->\n<div class=\"wp-block-button\"><a class=\"wp-block-button__link\" href=\"https:\/\/www.magazinemanagement.gm-bolivia.com\/samsung-y-la-emi-firman-convenio-de-cooperacion-interinstitucional\/\">IR A LA NOTA<\/a><\/div>\n<!-- \/wp:button --><\/div>\n<!-- \/wp:buttons --><\/div>\n<!-- \/wp:column --><\/div>\n<!-- \/wp:columns -->\n\n<!-- wp:separator {\"className\":\"is-style-wide\"} -->\n<hr class=\"wp-block-separator is-style-wide\"\/>\n<!-- \/wp:separator --><\/div>\n<!-- \/wp:group -->\n\n<!-- wp:spacer {\"height\":20} -->\n<div style=\"height:20px\" aria-hidden=\"true\" class=\"wp-block-spacer\"><\/div>\n<!-- \/wp:spacer -->\n\n<!-- wp:divi\/layout -->\n<div class=\"wp-block-divi-layout\">[et_pb_section fb_built=\"1\" admin_label=\"Features\" _builder_version=\"4.4.2\" background_size=\"initial\" background_position=\"top_left\" width=\"100%\" max_width=\"500px\" module_alignment=\"left\" custom_margin=\"|0px||-1px|false|false\" custom_padding=\"0px|0px|0px|0px|false|false\" saved_tabs=\"all\" collapsed=\"off\"][et_pb_row column_padding_mobile=\"on\" custom_padding_last_edited=\"on|phone\" _builder_version=\"4.4.2\" background_size=\"initial\" background_position=\"top_left\" background_repeat=\"repeat\" width=\"auto\" max_width=\"1280px\" custom_margin=\"0px|0px|0px|0px|false|false\" custom_padding=\"10px|2px|10px|0px|false|false\" custom_padding_tablet=\"49px|||\" custom_padding_phone=\"19px|||\" use_custom_width=\"on\" custom_width_px=\"1280px\"][et_pb_column type=\"4_4\" _builder_version=\"3.25\" custom_padding=\"|||\" custom_padding__hover=\"|||\"][et_pb_blurb title=\"SOSTENIBILIDAD AMBIENTAL\" image=\"https:\/\/reports.eyewatch.me\/dc\/wp-content\/uploads\/sites\/10\/2020\/04\/icon_conversation-1.png\" icon_placement=\"left\" image_max_width=\"69px\" _builder_version=\"4.4.7\" header_level=\"h1\" custom_margin=\"|||0px|false|false\" custom_padding=\"|||1px|false|false\"][\/et_pb_blurb][\/et_pb_column][\/et_pb_row][\/et_pb_section]<\/div>\n<!-- \/wp:divi\/layout -->\n\n<!-- wp:paragraph -->\n<p><em>Menciones en redes sociales, medios y blogs en espa\u00f1ol sobre marcas y empresas vinculadas a la protecci\u00f3n, respeto y cuidado del medio ambiente, econom\u00eda circular o azul, movilidad el\u00e9ctrica, <em>huella de carbono<\/em>, y t\u00e9rminos afines.<\/em><\/p>\n<!-- \/wp:paragraph -->\n\n<!-- wp:separator -->\n<hr class=\"wp-block-separator\"\/>\n<!-- \/wp:separator -->\n\n<!-- wp:heading -->\n<h2>Evoluci\u00f3n de la conversaci\u00f3n - \u00faltimos 7 d\u00edas<\/h2>\n<!-- \/wp:heading -->\n\n<!-- wp:group -->\n<div class=\"wp-block-group\"><!-- wp:columns -->\n<div class=\"wp-block-columns\"><!-- wp:column -->\n<div class=\"wp-block-column\"><!-- wp:heading {\"level\":4} -->\n<h4><img class=\"wp-image-592\" style=\"width: 40px\" src=\"https:\/\/reports.eyewatch.me\/pc\/wp-content\/uploads\/sites\/3\/2020\/04\/icon_Artboard-3@3x-1.png\" alt=\"\">     5.2K usuarios<\/h4>\n<!-- \/wp:heading --><\/div>\n<!-- \/wp:column -->\n\n<!-- wp:column -->\n<div class=\"wp-block-column\"><!-- wp:heading {\"textAlign\":\"left\",\"level\":4} -->\n<h4 class=\"has-text-align-left\"> <img class=\"wp-image-589\" style=\"width: 40px\" src=\"https:\/\/reports.eyewatch.me\/pc\/wp-content\/uploads\/sites\/3\/2020\/04\/icon_Artboard-3-copy-3@3x.png\" alt=\"\">   13.4<strong>k <\/strong>menciones<br><\/h4>\n<!-- \/wp:heading --><\/div>\n<!-- \/wp:column --><\/div>\n<!-- \/wp:columns --><\/div>\n<!-- \/wp:group -->\n\n<!-- wp:image {\"id\":2290,\"sizeSlug\":\"full\",\"linkDestination\":\"none\"} -->\n<figure class=\"wp-block-image size-full\"><img src=\"https:\/\/reports.eyewatch.me\/dc\/wp-content\/uploads\/sites\/10\/2021\/09\/75.jpg\" alt=\"\" class=\"wp-image-2290\"\/><\/figure>\n<!-- \/wp:image -->\n\n<!-- wp:separator -->\n<hr class=\"wp-block-separator\"\/>\n<!-- \/wp:separator -->\n\n<!-- wp:heading -->\n<h2>Evoluci\u00f3n por categor\u00eda<\/h2>\n<!-- \/wp:heading -->\n\n<!-- wp:image {\"id\":2310,\"sizeSlug\":\"full\",\"linkDestination\":\"none\"} -->\n<figure class=\"wp-block-image size-full\"><img src=\"https:\/\/reports.eyewatch.me\/dc\/wp-content\/uploads\/sites\/10\/2021\/09\/11.jpg\" alt=\"\" class=\"wp-image-2310\"\/><\/figure>\n<!-- \/wp:image -->\n\n<!-- wp:separator -->\n<hr class=\"wp-block-separator\"\/>\n<!-- \/wp:separator -->\n\n<!-- wp:heading -->\n<h2>Temas destacados<\/h2>\n<!-- \/wp:heading -->\n\n<!-- wp:paragraph -->\n<p><em>\u00daltimas <\/em>96<em>hs<\/em><\/p>\n<!-- \/wp:paragraph -->\n\n<!-- wp:group -->\n<div class=\"wp-block-group\"><!-- wp:group -->\n<div class=\"wp-block-group\"><!-- wp:group -->\n<div class=\"wp-block-group\"><!-- wp:list -->\n<ul><li><strong>Terpel Colom<\/strong><\/li><\/ul>\n<!-- \/wp:list -->\n\n<!-- wp:paragraph -->\n<p><\/p>\n<!-- \/wp:paragraph -->\n\n<!-- wp:separator {\"className\":\"is-style-wide\"} -->\n<hr class=\"wp-block-separator is-style-wide\"\/>\n<!-- \/wp:separator -->\n\n<!-- wp:heading -->\n<h2>Contenidos destacados en redes sociales<\/h2>\n<!-- \/wp:heading -->\n\n<!-- wp:paragraph -->\n<p><\/p>\n<!-- \/wp:paragraph --><\/div>\n<!-- \/wp:group --><\/div>\n<!-- \/wp:group -->\n\n<!-- wp:paragraph -->\n<p><em>\u00daltimas 96hs<\/em><\/p>\n<!-- \/wp:paragraph -->\n\n<!-- wp:separator -->\n<hr class=\"wp-block-separator\"\/>\n<!-- \/wp:separator -->\n\n<!-- wp:heading -->\n<h2>Contenidos destacados en medios y blogs<\/h2>\n<!-- \/wp:heading -->\n\n<!-- wp:paragraph -->\n<p><em>\u00daltimas 96hs<\/em><\/p>\n<!-- \/wp:paragraph -->\n\n<!-- wp:columns -->\n<div class=\"wp-block-columns\"><!-- wp:column -->\n<div class=\"wp-block-column\"><!-- wp:quote -->\n<blockquote class=\"wp-block-quote\"><p><em>Repsol Espa\u00f1a reforest\u00e1 bosques  <\/em><\/p><cite><strong>LNE<\/strong><\/cite><\/blockquote>\n<!-- \/wp:quote -->\n\n<!-- wp:buttons -->\n<div class=\"wp-block-buttons\"><!-- wp:button -->\n<div class=\"wp-block-button\"><a class=\"wp-block-button__link\" href=\"https:\/\/www.lne.es\/asturias\/2021\/09\/02\/repsol-contratara-700-personas-plan-56874902.html\">IR A LA NOTA<\/a><\/div>\n<!-- \/wp:button --><\/div>\n<!-- \/wp:buttons -->\n\n<!-- wp:paragraph -->\n<p><\/p>\n<!-- \/wp:paragraph --><\/div>\n<!-- \/wp:column -->\n\n<!-- wp:column -->\n<div class=\"wp-block-column\"><!-- wp:quote -->\n<blockquote class=\"wp-block-quote\"><p><em>Backus: de latas de desechosa a ollas para comedores<\/em><\/p><cite><strong>TROME<\/strong><\/cite><\/blockquote>\n<!-- \/wp:quote -->\n\n<!-- wp:buttons -->\n<div class=\"wp-block-buttons\"><!-- wp:button -->\n<div class=\"wp-block-button\"><a class=\"wp-block-button__link\" href=\"https:\/\/trome.pe\/familia\/recolectan-latas-para-convertirlas-en-ollas-y-donarlas-a-los-comedores-imp-noticia\/\">IR A LA NOTA<\/a><\/div>\n<!-- \/wp:button --><\/div>\n<!-- \/wp:buttons --><\/div>\n<!-- \/wp:column --><\/div>\n<!-- \/wp:columns -->\n\n<!-- wp:separator {\"className\":\"is-style-wide\"} -->\n<hr class=\"wp-block-separator is-style-wide\"\/>\n<!-- \/wp:separator --><\/div>\n<!-- \/wp:group -->\n\n<!-- wp:divi\/layout -->\n<div class=\"wp-block-divi-layout\">[et_pb_section fb_built=\"1\" admin_label=\"Features\" _builder_version=\"4.4.2\" background_size=\"initial\" background_position=\"top_left\" width=\"100%\" max_width=\"500px\" module_alignment=\"left\" custom_margin=\"|0px||-1px|false|false\" custom_padding=\"0px|0px|0px|0px|false|false\" saved_tabs=\"all\" collapsed=\"off\"][et_pb_row column_padding_mobile=\"on\" custom_padding_last_edited=\"on|phone\" _builder_version=\"4.4.2\" background_size=\"initial\" background_position=\"top_left\" background_repeat=\"repeat\" width=\"auto\" max_width=\"1280px\" custom_margin=\"0px|0px|0px|0px|false|false\" custom_padding=\"10px|2px|10px|0px|false|false\" custom_padding_tablet=\"49px|||\" custom_padding_phone=\"19px|||\" use_custom_width=\"on\" custom_width_px=\"1280px\"][et_pb_column type=\"4_4\" _builder_version=\"3.25\" custom_padding=\"|||\" custom_padding__hover=\"|||\"][et_pb_blurb title=\"SECTOR AUTOMOTR\u00cdZ\" image=\"https:\/\/reports.eyewatch.me\/dc\/wp-content\/uploads\/sites\/10\/2020\/04\/icon_conversation-1.png\" icon_placement=\"left\" image_max_width=\"69px\" _builder_version=\"4.4.7\" header_level=\"h1\" custom_margin=\"|||0px|false|false\" custom_padding=\"|||1px|false|false\"][\/et_pb_blurb][\/et_pb_column][\/et_pb_row][\/et_pb_section]<\/div>\n<!-- \/wp:divi\/layout -->\n\n<!-- wp:paragraph -->\n<p><em><em>Menciones en redes sociales, medios y blogs en espa\u00f1ol sobre marcas de veh\u00edculos y automotrices relacionadas con<\/em> campa\u00f1as por el medio ambiente y acci\u00f3n social.<\/em><\/p>\n<!-- \/wp:paragraph -->\n\n<!-- wp:heading -->\n<h2>Evoluci\u00f3n de la conversaci\u00f3n - \u00faltimos 7 d\u00edas<\/h2>\n<!-- \/wp:heading -->\n\n<!-- wp:group -->\n<div class=\"wp-block-group\"><!-- wp:columns -->\n<div class=\"wp-block-columns\"><!-- wp:column -->\n<div class=\"wp-block-column\"><!-- wp:heading {\"level\":4} -->\n<h4><img class=\"wp-image-592\" style=\"width: 40px\" src=\"https:\/\/reports.eyewatch.me\/pc\/wp-content\/uploads\/sites\/3\/2020\/04\/icon_Artboard-3@3x-1.png\" alt=\"\">     2.1K usuarios<\/h4>\n<!-- \/wp:heading -->\n\n<!-- wp:paragraph -->\n<p><\/p>\n<!-- \/wp:paragraph --><\/div>\n<!-- \/wp:column -->\n\n<!-- wp:column -->\n<div class=\"wp-block-column\"><!-- wp:heading {\"textAlign\":\"left\",\"level\":4} -->\n<h4 class=\"has-text-align-left\"> <img class=\"wp-image-589\" style=\"width: 40px\" src=\"https:\/\/reports.eyewatch.me\/pc\/wp-content\/uploads\/sites\/3\/2020\/04\/icon_Artboard-3-copy-3@3x.png\" alt=\"\">    4.7<strong>K <\/strong>menciones<br><\/h4>\n<!-- \/wp:heading --><\/div>\n<!-- \/wp:column --><\/div>\n<!-- \/wp:columns --><\/div>\n<!-- \/wp:group -->\n\n<!-- wp:image {\"id\":2291,\"sizeSlug\":\"full\",\"linkDestination\":\"none\"} -->\n<figure class=\"wp-block-image size-full\"><img src=\"https:\/\/reports.eyewatch.me\/dc\/wp-content\/uploads\/sites\/10\/2021\/09\/76.jpg\" alt=\"\" class=\"wp-image-2291\"\/><\/figure>\n<!-- \/wp:image -->\n\n<!-- wp:separator -->\n<hr class=\"wp-block-separator\"\/>\n<!-- \/wp:separator -->\n\n<!-- wp:heading -->\n<h2>Evoluci\u00f3n por categor\u00eda<\/h2>\n<!-- \/wp:heading -->\n\n<!-- wp:image {\"id\":2309,\"sizeSlug\":\"full\",\"linkDestination\":\"none\"} -->\n<figure class=\"wp-block-image size-full\"><img src=\"https:\/\/reports.eyewatch.me\/dc\/wp-content\/uploads\/sites\/10\/2021\/09\/10.jpg\" alt=\"\" class=\"wp-image-2309\"\/><\/figure>\n<!-- \/wp:image -->\n\n<!-- wp:separator -->\n<hr class=\"wp-block-separator\"\/>\n<!-- \/wp:separator -->\n\n<!-- wp:heading -->\n<h2>Temas destacados<\/h2>\n<!-- \/wp:heading -->\n\n<!-- wp:paragraph -->\n<p><em>\u00daltimas 96hs<\/em><\/p>\n<!-- \/wp:paragraph -->\n\n<!-- wp:paragraph -->\n<p><\/p>\n<!-- \/wp:paragraph -->\n\n<!-- wp:list -->\n<ul><li><strong>KIA Ec<\/strong>.<\/li><\/ul>\n<!-- \/wp:list -->\n\n<!-- wp:separator -->\n<hr class=\"wp-block-separator\"\/>\n<!-- \/wp:separator -->\n\n<!-- wp:heading -->\n<h2>Contenidos destacados en redes sociales<\/h2>\n<!-- \/wp:heading -->\n\n<!-- wp:paragraph -->\n<p><em>\u00daltimas 96hs<\/em><\/p>\n<!-- \/wp:paragraph -->\n\n<!-- wp:separator -->\n<hr class=\"wp-block-separator\"\/>\n<!-- \/wp:separator -->\n\n<!-- wp:heading -->\n<h2>Contenidos destacados en medios y blogs<\/h2>\n<!-- \/wp:heading -->\n\n<!-- wp:paragraph -->\n<p><em>\u00daltimas 96hs<\/em><\/p>\n<!-- \/wp:paragraph -->\n\n<!-- wp:columns -->\n<div class=\"wp-block-columns\"><!-- wp:column -->\n<div class=\"wp-block-column\"><!-- wp:quote {\"align\":\"left\"} -->\n<blockquote class=\"wp-block-quote has-text-align-left\"><p><em>Cami\u00f3n el\u00e9ctrico Futuricum logra recorrer 1.000Km con una sola carga de bater\u00eda <\/em><\/p><cite><strong>ADSL ZONE<\/strong><\/cite><\/blockquote>\n<!-- \/wp:quote -->\n\n<!-- wp:buttons -->\n<div class=\"wp-block-buttons\"><!-- wp:button -->\n<div class=\"wp-block-button\"><a class=\"wp-block-button__link\" href=\"https:\/\/www.adslzone.net\/e-movilidad\/noticias-en-marcha\/camion-electrico-1-000-km-futuricum\/\">IR A LA NOTA<\/a><\/div>\n<!-- \/wp:button --><\/div>\n<!-- \/wp:buttons --><\/div>\n<!-- \/wp:column -->\n\n<!-- wp:column -->\n<div class=\"wp-block-column\"><!-- wp:quote {\"align\":\"left\"} -->\n<blockquote class=\"wp-block-quote has-text-align-left\"><p><em>Guanajuato producir\u00e1 llanatas para veh\u00edculos el\u00e9ctricos de Tesla y Ludic Motors<\/em><\/p><cite><strong>AM<\/strong><\/cite><\/blockquote>\n<!-- \/wp:quote -->\n\n<!-- wp:buttons -->\n<div class=\"wp-block-buttons\"><!-- wp:button -->\n<div class=\"wp-block-button\"><a class=\"wp-block-button__link\" href=\"https:\/\/www.am.com.mx\/guanajuato\/valor-agregado\/Guanajuato-producira-llantas-para-vehiculos-electricos-de-Tesla-y-Lucid-Motors-20210902-0009.html\">IR A LA NOTA<\/a><\/div>\n<!-- \/wp:button --><\/div>\n<!-- \/wp:buttons --><\/div>\n<!-- \/wp:column --><\/div>\n<!-- \/wp:columns -->\n\n<!-- wp:columns -->\n<div class=\"wp-block-columns\"><!-- wp:column -->\n<div class=\"wp-block-column\"><!-- wp:quote {\"align\":\"left\"} -->\n<blockquote class=\"wp-block-quote has-text-align-left\"><p><em>Mitsubishi vende su participaci\u00f3n del Proyecto Fosfatos del Pac\u00edfico<\/em><\/p><cite><strong>EXPRESO<\/strong><\/cite><\/blockquote>\n<!-- \/wp:quote -->\n\n<!-- wp:buttons -->\n<div class=\"wp-block-buttons\"><!-- wp:button -->\n<div class=\"wp-block-button\"><a class=\"wp-block-button__link\" href=\"https:\/\/www.expreso.com.pe\/economia\/mitsubishi-se-va-del-proyecto-fosfatos-del-pacifico-en-piura\/\">IR A LA NOTA<\/a><\/div>\n<!-- \/wp:button --><\/div>\n<!-- \/wp:buttons --><\/div>\n<!-- \/wp:column -->\n\n<!-- wp:column -->\n<div class=\"wp-block-column\"><!-- wp:quote {\"align\":\"left\"} -->\n<blockquote class=\"wp-block-quote has-text-align-left\"><p><em>Plantas de ensamblaje en Espa\u00f1a comienzan a pararse ante el desabastecimiento mundial de microchips<\/em><\/p><cite><strong>EL DIARO ES<\/strong><\/cite><\/blockquote>\n<!-- \/wp:quote -->\n\n<!-- wp:buttons -->\n<div class=\"wp-block-buttons\"><!-- wp:button -->\n<div class=\"wp-block-button\"><a class=\"wp-block-button__link\" href=\"https:\/\/www.eldiario.es\/tecnologia\/crisis-chips-paraliza-sector-automovil-no-hay-coches-atender-demanda_1_8267233.html\">IR A LA NOTA<\/a><\/div>\n<!-- \/wp:button --><\/div>\n<!-- \/wp:buttons --><\/div>\n<!-- \/wp:column --><\/div>\n<!-- \/wp:columns -->","_et_gb_content_width":"","footnotes":"","_links_to":"","_links_to_target":""},"categories":[18],"tags":[],"class_list":["post-4831","post","type-post","status-publish","format-standard","hentry","category-buzz-tracker"],"jetpack_featured_media_url":"","_links":{"self":[{"href":"https:\/\/reports.eyewatch.me\/dc\/wp-json\/wp\/v2\/posts\/4831","targetHints":{"allow":["GET"]}}],"collection":[{"href":"https:\/\/reports.eyewatch.me\/dc\/wp-json\/wp\/v2\/posts"}],"about":[{"href":"https:\/\/reports.eyewatch.me\/dc\/wp-json\/wp\/v2\/types\/post"}],"author":[{"embeddable":true,"href":"https:\/\/reports.eyewatch.me\/dc\/wp-json\/wp\/v2\/users\/82"}],"replies":[{"embeddable":true,"href":"https:\/\/reports.eyewatch.me\/dc\/wp-json\/wp\/v2\/comments?post=4831"}],"version-history":[{"count":1,"href":"https:\/\/reports.eyewatch.me\/dc\/wp-json\/wp\/v2\/posts\/4831\/revisions"}],"predecessor-version":[{"id":4834,"href":"https:\/\/reports.eyewatch.me\/dc\/wp-json\/wp\/v2\/posts\/4831\/revisions\/4834"}],"wp:attachment":[{"href":"https:\/\/reports.eyewatch.me\/dc\/wp-json\/wp\/v2\/media?parent=4831"}],"wp:term":[{"taxonomy":"category","embeddable":true,"href":"https:\/\/reports.eyewatch.me\/dc\/wp-json\/wp\/v2\/categories?post=4831"},{"taxonomy":"post_tag","embeddable":true,"href":"https:\/\/reports.eyewatch.me\/dc\/wp-json\/wp\/v2\/tags?post=4831"}],"curies":[{"name":"wp","href":"https:\/\/api.w.org\/{rel}","templated":true}]}}