{"id":4800,"date":"2022-05-12T17:12:37","date_gmt":"2022-05-12T17:12:37","guid":{"rendered":"https:\/\/reports.eyewatch.me\/dc\/?p=4800"},"modified":"2022-05-12T17:12:37","modified_gmt":"2022-05-12T17:12:37","slug":"resumen-12-de-mayo","status":"publish","type":"post","link":"https:\/\/reports.eyewatch.me\/dc\/resumen-12-de-mayo\/","title":{"rendered":"Resumen 12 de Mayo"},"content":{"rendered":"<div id=\"fb-root\"><\/div>\n\n<h2 class=\"wp-block-heading\" id=\"temas-destacados\">Temas destacados<\/h2>\n\n\n\n<p><strong><strong>DESARROLLO SOCIAL<\/strong><\/strong><\/p>\n\n\n\n<ul class=\"wp-block-list\"><li><strong>Nestl\u00e9 <\/strong>apoyar\u00e1 a ni\u00f1os y j\u00f3venes de M\u00e9xico a trav\u00e9s de los programas Nestl\u00e9 por Ni\u00f1os Saludables e Iniciativa por los j\u00f3venes.<\/li><li><strong>Telef\u00f3nica<\/strong> Madrid impulsa a j\u00f3venes l\u00edderes que trabajan para fomentar la conectividad inclusiva en comunidades rurales con la Beca Inclusi\u00f3n Digital.<\/li><li><strong>Samsung <\/strong>promueve la incorporaci\u00f3n de la tecnolog\u00eda en la educaci\u00f3n junto a la Fundaci\u00f3n Glasswing mediante el dictado de talleres sobre TICs en Guatemala.<\/li><li><strong>El Banco de Bogot\u00e1 <\/strong>se enfoca en la equidad de g\u00e9nero para impulsar el desarrollo sostenible.<\/li><li><strong>Netwoks <\/strong>Colombia dona dispositivos electr\u00f3nicos para apoyar a la educaci\u00f3n de ni\u00f1os de bajos recursos.<\/li><li><strong>Natural Optics Group<\/strong> entrega donaci\u00f3n de dinero destinado a las v\u00edctimas de Ucrania.<\/li><li><strong>Microsoft <\/strong>introduce nuevos accesorios adaptativos y funciones de accesibilidad para personas en situaci\u00f3n de discapacidad.<\/li><li><strong>Meridianbet<\/strong> Per\u00fa realiza donaciones a pacientes con C\u00e1ncer de Neopl\u00e1sicas mediante el suministro de medicinas y kits de aseo.<\/li><li><strong>Tonicorp<\/strong> Ecuador genera lazos con instituciones p\u00fablicas y otras empresas privadas para disminuir la brecha de mal nutrici\u00f3n en la poblaci\u00f3n agr\u00edcola de la provincia de Bol\u00edvar.<\/li><li><strong>Silbon <\/strong>donar\u00e1 50.000 euros a los afectados por el volc\u00e1n de Cumbre Vieja en La Palma.<\/li><\/ul>\n\n\n\n<p><\/p>\n\n\n\n<p><\/p>\n\n\n\n<p><strong>AMBIENTAL<\/strong><\/p>\n\n\n\n<ul class=\"wp-block-list\"><li><strong>Samsung<\/strong> comparte con sus usuarios soluciones para tomar acci\u00f3n en el cuidado del medio ambiente y reducir el impacto de los productos tecnol\u00f3gicos promoviendo la compra de dispositivos eco amigables; reutilizando los empaques de manera creativa, etc.<\/li><li><strong>Unilever, Axa y Tikehau<\/strong> Capital fomentan la agricultura regenerativa.<\/li><li><strong>Repsol <\/strong>se al\u00eda con Pulpo para impulsar una gesti\u00f3n de flotas m\u00e1s eficiente y\u00a0sostenible.<\/li><li><strong>BBVA<\/strong> posibilita a sus clientes de Garanti conocer su huella de carbono.<\/li><li><strong>Bezoya<\/strong>, la marca de agua mineral de Pascual, obtiene el Sello Aenor 100% Pl\u00e1stico Reciclado.<\/li><li><strong>Coca &#8211; Cola<\/strong> apuesta por el ahorro de agua y fertilizantes en el cultivo de c\u00edtricos en Espa\u00f1a en el marco de su programa Cr\u00edticos Sostenibles.<\/li><li><strong>Nespresso<\/strong> crea unas zapatillas hechas con posos de caf\u00e9 reciclados.<\/li><li><strong>Schweppes<\/strong> presenta sus envases de PET 100% reciclado.<\/li><li><strong>Johnnie Walker<\/strong> deja de lanzar sus productos con cajas de cart\u00f3n en el marco de su estrategia Society 2030 que busca generar una operaci\u00f3n 100 % libre de residuos.<\/li><li><strong>Bimbo<\/strong> apuesta por las energ\u00edas renovables en sus operaciones a nivel mundial.<\/li><li><strong>Grupo Green <\/strong>apuesta por la energ\u00eda solar.<\/li><li><strong>Switch<\/strong> se propone disminuir las emisiones de CO<sub>2<\/sub>\u00a0de Alcance 1 y 2 en un 50 % en 2030.<\/li><\/ul>\n\n\n\n<p><\/p>\n\n\n\n<p><strong>SECTOR AUTOMOTRIZ<\/strong><\/p>\n\n\n\n<ul class=\"wp-block-list\"><li><strong>Renault <\/strong>presentar\u00e1 su nuevo concept-car fabricado con un 70% de materiales reciclados y un 95% de materiales reciclables.<\/li><li><strong>Tesla <\/strong>Shanghai exporta primer lote de veh\u00edculos el\u00e9ctricos despu\u00e9s de reanudar la producci\u00f3n tras la cuarentena.<\/li><li><strong>VW<\/strong> quiere revivir la marca Scout en EE.UU. para producir veh\u00edculos el\u00e9ctricos.<\/li><li>Se agotan veh\u00edculos el\u00e9ctricos de<strong> Mercedes Benz<\/strong>.<\/li><li><strong>Audi <\/strong>reporta ca\u00edda en las ventas generales y subida en los coches el\u00e9ctricos.<\/li><li><strong>DS Automobiles <\/strong>trabaja en veh\u00edculos el\u00e9ctricos sin frenos convencionales.<\/li><li>El nuevo modelo el\u00e9ctrico de <strong>Mercedes Benz <\/strong>logra con una sola carga ir desde Alemania hasta la Riviera francesa.<\/li><li>Comienza la preventa de <strong>Tito<\/strong>, el primer auto el\u00e9ctrico argentino.<\/li><li>Presentan a &#8216;<strong>Mictl\u00e1n<\/strong>&#8216;, primer auto el\u00e9ctrico fabricado en la <strong>UNAM.<\/strong><\/li><li><strong>VW<\/strong> eleva a US$10.600 millones su plan de inversi\u00f3n en autos el\u00e9ctricos en Espa\u00f1a.<\/li><li><strong>Renault <\/strong>vende a Geely el 34% de su filial en Corea para producir autos h\u00edbridos.<\/li><li><strong>Volvo<\/strong> implementa nuevo centro de distribuci\u00f3n con DHL en el Per\u00fa.<\/li><li>La <strong>Comisi\u00f3n de Medio Ambiente de la UE<\/strong> aprueba prohibir los coches di\u00e9sel y de gasolina en 2035.<\/li><li><strong>China y Corea del Sur<\/strong> siguen posicion\u00e1ndose como los principales fabricantes de bater\u00edas.<\/li><\/ul>\n","protected":false},"excerpt":{"rendered":"<p>DERCO CENTER |<\/p>\n","protected":false},"author":82,"featured_media":0,"comment_status":"closed","ping_status":"closed","sticky":false,"template":"","format":"standard","meta":{"_et_pb_use_builder":"off","_et_pb_old_content":"<!-- wp:heading -->\n<h2>Temas destacados<\/h2>\n<!-- \/wp:heading -->\n\n<!-- wp:paragraph -->\n<p><strong><strong>DESARROLLO SOCIAL<\/strong><\/strong><\/p>\n<!-- \/wp:paragraph -->\n\n<!-- wp:list -->\n<ul><li><strong>Scotiabank Colombia<\/strong> apunta a aumentar la participaci\u00f3n de mujeres en juntas directivas.<\/li><li><strong>Tigo <\/strong>contin\u00faa consolidando su trabajo voluntario.<\/li><li><strong>Nestl\u00e9 Guatemala<\/strong> dona productos l\u00e1cteos para ni\u00f1os en situaci\u00f3n de vulnerabilidad.<\/li><li><strong>Gripo Cenoa Argentina <\/strong>entrega donaciones para el banco de alimentos de Jujuy.<\/li><li><strong>Coca-Cola<\/strong> impulsa el empoderamiento de mujeres de Latinoam\u00e9rica mediante el apoyo a sus peque\u00f1os negocios.<\/li><li><strong>Banco de Bogot\u00e1<\/strong> anuncia que se une a Telet\u00f3n Renace.<\/li><li><strong>Banbif Per\u00fa <\/strong>realiza colecta interna para abastecer de alimentos para las familias m\u00e1s vulnerables.<\/li><li><strong>P&amp;G Espa\u00f1a <\/strong>se compromete a desarrollar 21 proyectos para abordar los desaf\u00edos relacionados con Impacto en la comunidad, Igualdad e Inclusi\u00f3n y Sostenibilidad medioambiental.<\/li><li><strong>Moderna Alimentos Ecuador<\/strong> entrega m\u00e1s de 45 mil Kg de alimentos durante el 2021.<\/li><li><strong>Coca Cola junto a Cruz Roja Argentina <\/strong>donan insumos al Hospital de ni\u00f1os Ricardo Guti\u00e9rrez.<\/li><\/ul>\n<!-- \/wp:list -->\n\n<!-- wp:paragraph -->\n<p><\/p>\n<!-- \/wp:paragraph -->\n\n<!-- wp:paragraph -->\n<p><strong>AMBIENTAL<\/strong><\/p>\n<!-- \/wp:paragraph -->\n\n<!-- wp:list -->\n<ul><li><strong>La Fundaci\u00f3n BBVA<\/strong> anuncia la convocatoria 2021 de Ayudas a Proyectos de Investigaci\u00f3n Cient\u00edfica en las \u00e1reas de Cambio Clim\u00e1tico y Ecolog\u00eda y Biolog\u00eda de la Conservaci\u00f3n.<\/li><li><strong>McDonald\u2019s<\/strong>\u00a0inaugura su primer restaurante con cero emisiones en Reino Unido.<\/li><li><strong>Repsol<\/strong> ampl\u00eda su gama de materiales de baja huella de carbono.<\/li><li><strong>Repsol <\/strong>colaborara con nuevo ecocombustible 100% renovable en Dakar 2022.<\/li><li><strong>Terpel Panam\u00e1<\/strong> y su equipo han reciclado m\u00e1s de una tonelada de materiales durante el 2021 y sembrado m\u00e1s de una docena de \u00e1rboles.<\/li><li><strong>Bancolombia <\/strong>ampli\u00f3 su l\u00ednea de financiaci\u00f3n sostenible.<\/li><li><strong>Equipetrol<\/strong> cambia su matriz en\u00e9rgica a energ\u00eda renovable como contribuci\u00f3n al medio ambiente.<\/li><li><strong>Data for life<\/strong> Espa\u00f1a crea app que permite calcular la huella de carbono.<\/li><li><strong>Grupo BBVA <\/strong>entrega 11,5 millones de tarjetas recicladas.<\/li><li><strong>Coca-Cola Argentina <\/strong>presenta sus acciones de verano para el cuidado del ambiente en diferentes centros tur\u00edsticos.<\/li><\/ul>\n<!-- \/wp:list -->\n\n<!-- wp:paragraph -->\n<p><\/p>\n<!-- \/wp:paragraph -->\n\n<!-- wp:paragraph -->\n<p><\/p>\n<!-- \/wp:paragraph -->\n\n<!-- wp:paragraph -->\n<p><\/p>\n<!-- \/wp:paragraph -->\n\n<!-- wp:paragraph -->\n<p><strong>SECTOR AUTOMOTRIZ<\/strong><\/p>\n<!-- \/wp:paragraph -->\n\n<!-- wp:list -->\n<ul><li><strong>Toyota<\/strong> c+pod se posiciona como el coche el\u00e9ctrico m\u00e1s brato del mundo.<\/li><li><strong>Hyundai <\/strong>est\u00e1 dejando de desarrollar nuevos motores de combusti\u00f3n para realizar una transici\u00f3n a los veh\u00edculos el\u00e9ctricos.<\/li><li><strong>Ford<\/strong> h\u00edbridas F150 permiten recargar otros veh\u00edculos el\u00e9ctricos.<\/li><li>En Suecia, instalan una v\u00eda que recarga veh\u00edculos el\u00e9ctricos mientras transitan por ella.<\/li><li><strong>Jac<\/strong> fue la marca m\u00e1s vendida de coches el\u00e9ctricos en M\u00e9xico.<\/li><li><strong>Jaguar <\/strong>llega a Chile con su primer auto 100% el\u00e9ctrico.<\/li><li><strong>Waymo<\/strong> anuncia colaboraci\u00f3n con Geely para Driver en nueva versi\u00f3n de Zeekr.<\/li><li><strong>Citro\u00ebn<\/strong>\u00a0presenta el nuevo coche C3 en Argentina.<\/li><li><strong>Ford<\/strong> Mustang proveer\u00e1 de autos el\u00e9ctricos a la empresa de taxis Gravity en Estados Unidos.<\/li><li><strong>Saic Motor y MG<\/strong> invierten m\u00e1s de US$45 millones en nueva movilidad.<\/li><li><strong>Tesla<\/strong> retira del mercado m\u00e1s de 475 mil autos el\u00e9ctricos por problemas de seguridad.<\/li><li>La planta de <strong>Nissan<\/strong> en Barcelona tiene nuevo due\u00f1o: se la queda el grupo liderado por QEV Technologies para fabricar coches el\u00e9ctricos.<\/li><\/ul>\n<!-- \/wp:list -->\n\n<!-- wp:paragraph -->\n<p><\/p>\n<!-- \/wp:paragraph -->","_et_gb_content_width":"","footnotes":"","_links_to":"","_links_to_target":""},"categories":[18],"tags":[],"class_list":["post-4800","post","type-post","status-publish","format-standard","hentry","category-buzz-tracker"],"jetpack_featured_media_url":"","_links":{"self":[{"href":"https:\/\/reports.eyewatch.me\/dc\/wp-json\/wp\/v2\/posts\/4800","targetHints":{"allow":["GET"]}}],"collection":[{"href":"https:\/\/reports.eyewatch.me\/dc\/wp-json\/wp\/v2\/posts"}],"about":[{"href":"https:\/\/reports.eyewatch.me\/dc\/wp-json\/wp\/v2\/types\/post"}],"author":[{"embeddable":true,"href":"https:\/\/reports.eyewatch.me\/dc\/wp-json\/wp\/v2\/users\/82"}],"replies":[{"embeddable":true,"href":"https:\/\/reports.eyewatch.me\/dc\/wp-json\/wp\/v2\/comments?post=4800"}],"version-history":[{"count":1,"href":"https:\/\/reports.eyewatch.me\/dc\/wp-json\/wp\/v2\/posts\/4800\/revisions"}],"predecessor-version":[{"id":4801,"href":"https:\/\/reports.eyewatch.me\/dc\/wp-json\/wp\/v2\/posts\/4800\/revisions\/4801"}],"wp:attachment":[{"href":"https:\/\/reports.eyewatch.me\/dc\/wp-json\/wp\/v2\/media?parent=4800"}],"wp:term":[{"taxonomy":"category","embeddable":true,"href":"https:\/\/reports.eyewatch.me\/dc\/wp-json\/wp\/v2\/categories?post=4800"},{"taxonomy":"post_tag","embeddable":true,"href":"https:\/\/reports.eyewatch.me\/dc\/wp-json\/wp\/v2\/tags?post=4800"}],"curies":[{"name":"wp","href":"https:\/\/api.w.org\/{rel}","templated":true}]}}