{"id":4763,"date":"2022-05-09T13:37:26","date_gmt":"2022-05-09T13:37:26","guid":{"rendered":"https:\/\/reports.eyewatch.me\/dc\/?p=4763"},"modified":"2022-05-09T13:37:26","modified_gmt":"2022-05-09T13:37:26","slug":"resumen-09-de-mayo","status":"publish","type":"post","link":"https:\/\/reports.eyewatch.me\/dc\/resumen-09-de-mayo\/","title":{"rendered":"Resumen 09 de Mayo"},"content":{"rendered":"<div id=\"fb-root\"><\/div>\n\n<h2 class=\"wp-block-heading\" id=\"temas-destacados\">Temas destacados<\/h2>\n\n\n\n<p><strong><strong>DESARROLLO SOCIAL<\/strong><\/strong><\/p>\n\n\n\n<ul class=\"wp-block-list\"><li><strong><strong><strong><strong>BBVA Colombia<\/strong><\/strong><\/strong><\/strong>\u00a0lanz\u00f3 el primer fondo solidario que busca aportar a la preservaci\u00f3n de p\u00e1ramos.<\/li><li><strong><strong><strong><strong>BBVA Espa\u00f1a<\/strong><\/strong><\/strong><\/strong>\u00a0convoca una nueva edici\u00f3n de nuestros Cursos de Verano.<\/li><li><strong><strong><strong><strong>Empresa Minerva Foods <\/strong><\/strong><\/strong><\/strong>y otras,\u00a0colaboran en tareas de limpieza en el barrio de Mburicao.<\/li><li><strong><strong><strong><strong>Empresa Portuaria Antofagasta\u00a0<\/strong><\/strong><\/strong><\/strong>desarrolla un Comit\u00e9 de Equidad de G\u00e9nero, que tiene por objetivo principal cumplir con la iniciativa de paridad de g\u00e9nero.<\/li><li><strong><strong><strong><strong>Vista Energy (M\u00e9xico)\u00a0<\/strong><\/strong><\/strong><\/strong>don\u00f3 juguetes en varios centros escolares.<\/li><li><strong><strong><strong><strong>Grupo Prima<\/strong>\u00a0<\/strong><\/strong><\/strong>inaugura residencia universitaria donada por empresa exportadora para j\u00f3venes de zonas rurales.<\/li><\/ul>\n\n\n\n<p><\/p>\n\n\n\n<p><\/p>\n\n\n\n<p><strong>AMBIENTAL<\/strong><\/p>\n\n\n\n<ul class=\"wp-block-list\"><li><strong><strong><strong><strong><strong><strong><strong><strong><strong><strong>Bancolombia<\/strong>\u00a0<\/strong><\/strong><\/strong><\/strong><\/strong><\/strong><\/strong><\/strong><\/strong>invierte en la construcci\u00f3n del parque Brisas Solar en Huila.<\/li><li><strong><strong><strong><strong><strong><strong><strong><strong><strong><strong>Colombiana<\/strong>,<\/strong><\/strong><\/strong><\/strong><\/strong><\/strong><\/strong><\/strong><\/strong> marca de bebidas gaseosas, lanz\u00f3 una edici\u00f3n limitada de 30 gafas hechas con las tapas recicladas de las botellas que comercializa.<\/li><li><strong><strong><strong><strong><strong><strong><strong><strong><strong><strong>BMW\u00a0<\/strong><\/strong><\/strong><\/strong><\/strong><\/strong><\/strong><\/strong><\/strong><\/strong>colabora con Coldplay con 40 bater\u00edas reciclables para los conciertos del grupo.<\/li><li><strong><strong><strong><strong><strong><strong><strong><strong><strong><strong>Avianca\u00a0<\/strong><\/strong><\/strong><\/strong><\/strong><\/strong><\/strong><\/strong><\/strong><\/strong>desarrolla una nueva plataforma para compensar la huella de carbono de los vuelos.<\/li><li><strong><strong><strong><strong><strong><strong><strong><strong><strong><strong>Wallbox\u00a0<\/strong><\/strong><\/strong><\/strong><\/strong><\/strong><\/strong><\/strong><\/strong><\/strong>se compromete a alcanzar las cero emisiones de gases de efecto invernadero en 2030.<\/li><li><strong><strong><strong><strong><strong><strong><strong><strong><strong><strong>Cannondale\u00a0<\/strong><\/strong><\/strong><\/strong><\/strong><\/strong><\/strong><\/strong><\/strong><\/strong>idea soluci\u00f3n para evitar desperdicio de bidones de agua en carreras ciclistas.<\/li><li><strong><strong><strong><strong><strong><strong><strong><strong><strong><strong>J\u00f3venes arequipe\u00f1o<\/strong>s <\/strong><\/strong><\/strong><\/strong><\/strong><\/strong><\/strong><\/strong><\/strong>desarrollan emprendimiento ecol\u00f3gico y difusi\u00f3n de cultura peruana.<\/li><li><strong><strong><strong><strong><strong><strong><strong><strong><strong><strong>Cencosud Per\u00fa<\/strong>\u00a0<\/strong><\/strong><\/strong><\/strong><\/strong><\/strong><\/strong><\/strong><\/strong>obtiene certificaci\u00f3n internacional por reducir emisiones de CO2.<\/li><\/ul>\n\n\n\n<p><\/p>\n\n\n\n<p><strong>SECTOR AUTOMOTRIZ<\/strong><\/p>\n\n\n\n<ul class=\"wp-block-list\"><li><strong>La futura gigafactor\u00eda de bater\u00edas <\/strong>para veh\u00edculos el\u00e9ctricos de\u00a0<strong><strong>Volkswagen\u00a0<\/strong><\/strong>en Sagunto (Espa\u00f1a) necesita una inversi\u00f3n de 3.000 millones de euros.<\/li><li><strong><strong>Renault<\/strong>\u00a0<\/strong>presentar\u00e1 su nuevo \u2018concept car\u2019 fabricado con un 70% de materiales reciclados.<\/li><li><strong>Expertos <\/strong>apuestan por la <strong>pir\u00f3lisis <\/strong>para el futuro del <strong>reciclaje de neum\u00e1ticos<\/strong> fuera de uso.<\/li><li><strong><strong>Pirelli\u00a0<\/strong><\/strong>anuncia inversi\u00f3n de 15 mdd para centro de tecnolog\u00eda avanzada en Guanajuato.<\/li><li><strong><strong>Seat\u00a0<\/strong><\/strong>presenta alianza de 62 empresas para convertir a Espa\u00f1a en una plataforma de veh\u00edculos el\u00e9ctricos.<\/li><li>Hay un <strong>boom <\/strong>de venta de\u00a0<strong>motos\u00a0<\/strong>para ahorrar costos y como inversi\u00f3n segura.<\/li><\/ul>\n\n\n\n<p><\/p>\n","protected":false},"excerpt":{"rendered":"<p>DERCO CENTER |<\/p>\n","protected":false},"author":72,"featured_media":0,"comment_status":"closed","ping_status":"closed","sticky":false,"template":"","format":"standard","meta":{"_et_pb_use_builder":"off","_et_pb_old_content":"<!-- wp:heading -->\n<h2>Temas destacados<\/h2>\n<!-- \/wp:heading -->\n\n<!-- wp:paragraph -->\n<p><strong><strong>DESARROLLO SOCIAL<\/strong><\/strong><\/p>\n<!-- \/wp:paragraph -->\n\n<!-- wp:list -->\n<ul><li><strong>Scotiabank Colombia<\/strong> apunta a aumentar la participaci\u00f3n de mujeres en juntas directivas.<\/li><li><strong>Tigo <\/strong>contin\u00faa consolidando su trabajo voluntario.<\/li><li><strong>Nestl\u00e9 Guatemala<\/strong> dona productos l\u00e1cteos para ni\u00f1os en situaci\u00f3n de vulnerabilidad.<\/li><li><strong>Gripo Cenoa Argentina <\/strong>entrega donaciones para el banco de alimentos de Jujuy.<\/li><li><strong>Coca-Cola<\/strong> impulsa el empoderamiento de mujeres de Latinoam\u00e9rica mediante el apoyo a sus peque\u00f1os negocios.<\/li><li><strong>Banco de Bogot\u00e1<\/strong> anuncia que se une a Telet\u00f3n Renace.<\/li><li><strong>Banbif Per\u00fa <\/strong>realiza colecta interna para abastecer de alimentos para las familias m\u00e1s vulnerables.<\/li><li><strong>P&amp;G Espa\u00f1a <\/strong>se compromete a desarrollar 21 proyectos para abordar los desaf\u00edos relacionados con Impacto en la comunidad, Igualdad e Inclusi\u00f3n y Sostenibilidad medioambiental.<\/li><li><strong>Moderna Alimentos Ecuador<\/strong> entrega m\u00e1s de 45 mil Kg de alimentos durante el 2021.<\/li><li><strong>Coca Cola junto a Cruz Roja Argentina <\/strong>donan insumos al Hospital de ni\u00f1os Ricardo Guti\u00e9rrez.<\/li><\/ul>\n<!-- \/wp:list -->\n\n<!-- wp:paragraph -->\n<p><\/p>\n<!-- \/wp:paragraph -->\n\n<!-- wp:paragraph -->\n<p><strong>AMBIENTAL<\/strong><\/p>\n<!-- \/wp:paragraph -->\n\n<!-- wp:list -->\n<ul><li><strong>La Fundaci\u00f3n BBVA<\/strong> anuncia la convocatoria 2021 de Ayudas a Proyectos de Investigaci\u00f3n Cient\u00edfica en las \u00e1reas de Cambio Clim\u00e1tico y Ecolog\u00eda y Biolog\u00eda de la Conservaci\u00f3n.<\/li><li><strong>McDonald\u2019s<\/strong>\u00a0inaugura su primer restaurante con cero emisiones en Reino Unido.<\/li><li><strong>Repsol<\/strong> ampl\u00eda su gama de materiales de baja huella de carbono.<\/li><li><strong>Repsol <\/strong>colaborara con nuevo ecocombustible 100% renovable en Dakar 2022.<\/li><li><strong>Terpel Panam\u00e1<\/strong> y su equipo han reciclado m\u00e1s de una tonelada de materiales durante el 2021 y sembrado m\u00e1s de una docena de \u00e1rboles.<\/li><li><strong>Bancolombia <\/strong>ampli\u00f3 su l\u00ednea de financiaci\u00f3n sostenible.<\/li><li><strong>Equipetrol<\/strong> cambia su matriz en\u00e9rgica a energ\u00eda renovable como contribuci\u00f3n al medio ambiente.<\/li><li><strong>Data for life<\/strong> Espa\u00f1a crea app que permite calcular la huella de carbono.<\/li><li><strong>Grupo BBVA <\/strong>entrega 11,5 millones de tarjetas recicladas.<\/li><li><strong>Coca-Cola Argentina <\/strong>presenta sus acciones de verano para el cuidado del ambiente en diferentes centros tur\u00edsticos.<\/li><\/ul>\n<!-- \/wp:list -->\n\n<!-- wp:paragraph -->\n<p><\/p>\n<!-- \/wp:paragraph -->\n\n<!-- wp:paragraph -->\n<p><\/p>\n<!-- \/wp:paragraph -->\n\n<!-- wp:paragraph -->\n<p><\/p>\n<!-- \/wp:paragraph -->\n\n<!-- wp:paragraph -->\n<p><strong>SECTOR AUTOMOTRIZ<\/strong><\/p>\n<!-- \/wp:paragraph -->\n\n<!-- wp:list -->\n<ul><li><strong>Toyota<\/strong> c+pod se posiciona como el coche el\u00e9ctrico m\u00e1s brato del mundo.<\/li><li><strong>Hyundai <\/strong>est\u00e1 dejando de desarrollar nuevos motores de combusti\u00f3n para realizar una transici\u00f3n a los veh\u00edculos el\u00e9ctricos.<\/li><li><strong>Ford<\/strong> h\u00edbridas F150 permiten recargar otros veh\u00edculos el\u00e9ctricos.<\/li><li>En Suecia, instalan una v\u00eda que recarga veh\u00edculos el\u00e9ctricos mientras transitan por ella.<\/li><li><strong>Jac<\/strong> fue la marca m\u00e1s vendida de coches el\u00e9ctricos en M\u00e9xico.<\/li><li><strong>Jaguar <\/strong>llega a Chile con su primer auto 100% el\u00e9ctrico.<\/li><li><strong>Waymo<\/strong> anuncia colaboraci\u00f3n con Geely para Driver en nueva versi\u00f3n de Zeekr.<\/li><li><strong>Citro\u00ebn<\/strong>\u00a0presenta el nuevo coche C3 en Argentina.<\/li><li><strong>Ford<\/strong> Mustang proveer\u00e1 de autos el\u00e9ctricos a la empresa de taxis Gravity en Estados Unidos.<\/li><li><strong>Saic Motor y MG<\/strong> invierten m\u00e1s de US$45 millones en nueva movilidad.<\/li><li><strong>Tesla<\/strong> retira del mercado m\u00e1s de 475 mil autos el\u00e9ctricos por problemas de seguridad.<\/li><li>La planta de <strong>Nissan<\/strong> en Barcelona tiene nuevo due\u00f1o: se la queda el grupo liderado por QEV Technologies para fabricar coches el\u00e9ctricos.<\/li><\/ul>\n<!-- \/wp:list -->\n\n<!-- wp:paragraph -->\n<p><\/p>\n<!-- \/wp:paragraph -->","_et_gb_content_width":"","footnotes":"","_links_to":"","_links_to_target":""},"categories":[18],"tags":[],"class_list":["post-4763","post","type-post","status-publish","format-standard","hentry","category-buzz-tracker"],"jetpack_featured_media_url":"","_links":{"self":[{"href":"https:\/\/reports.eyewatch.me\/dc\/wp-json\/wp\/v2\/posts\/4763","targetHints":{"allow":["GET"]}}],"collection":[{"href":"https:\/\/reports.eyewatch.me\/dc\/wp-json\/wp\/v2\/posts"}],"about":[{"href":"https:\/\/reports.eyewatch.me\/dc\/wp-json\/wp\/v2\/types\/post"}],"author":[{"embeddable":true,"href":"https:\/\/reports.eyewatch.me\/dc\/wp-json\/wp\/v2\/users\/72"}],"replies":[{"embeddable":true,"href":"https:\/\/reports.eyewatch.me\/dc\/wp-json\/wp\/v2\/comments?post=4763"}],"version-history":[{"count":1,"href":"https:\/\/reports.eyewatch.me\/dc\/wp-json\/wp\/v2\/posts\/4763\/revisions"}],"predecessor-version":[{"id":4764,"href":"https:\/\/reports.eyewatch.me\/dc\/wp-json\/wp\/v2\/posts\/4763\/revisions\/4764"}],"wp:attachment":[{"href":"https:\/\/reports.eyewatch.me\/dc\/wp-json\/wp\/v2\/media?parent=4763"}],"wp:term":[{"taxonomy":"category","embeddable":true,"href":"https:\/\/reports.eyewatch.me\/dc\/wp-json\/wp\/v2\/categories?post=4763"},{"taxonomy":"post_tag","embeddable":true,"href":"https:\/\/reports.eyewatch.me\/dc\/wp-json\/wp\/v2\/tags?post=4763"}],"curies":[{"name":"wp","href":"https:\/\/api.w.org\/{rel}","templated":true}]}}