{"id":4703,"date":"2022-05-02T17:32:37","date_gmt":"2022-05-02T17:32:37","guid":{"rendered":"https:\/\/reports.eyewatch.me\/dc\/?p=4703"},"modified":"2022-05-02T17:32:37","modified_gmt":"2022-05-02T17:32:37","slug":"resumen-2-de-mayo","status":"publish","type":"post","link":"https:\/\/reports.eyewatch.me\/dc\/resumen-2-de-mayo\/","title":{"rendered":"Resumen 2 de Mayo"},"content":{"rendered":"<div id=\"fb-root\"><\/div>\n\n<h2 class=\"wp-block-heading\" id=\"temas-destacados\">Temas destacados<\/h2>\n\n\n\n<p><strong><strong>DESARROLLO SOCIAL<\/strong><\/strong><\/p>\n\n\n\n<ul class=\"wp-block-list\"><li><strong>Tigo<\/strong> Bolivia lanzar\u00e1 su nueva plataforma \u201cConectadas\u201d para la capacitaci\u00f3n e inclusi\u00f3n digital de mujeres y ni\u00f1as en Am\u00e9rica Latina.<\/li><li><strong>Grove Soluciones <\/strong>dona el 5% de sus ventas a Seno Salud Europa quienes se encargan de hacer la compra de medicamentos relacionados al c\u00e1ncer de mama y enviarlos a Venezuela.<\/li><li><strong>IMC Toys<\/strong> Espa\u00f1a hace entrega de juguetes destinados a las Fundaciones Aladina y So\u00f1ar Despierto las cuales celebrar\u00e1n el d\u00eda del ni\u00f1o.<\/li><li><strong>Talkual<\/strong> Espa\u00f1a realiza donaci\u00f3n de alimentos a YMCA quienes trabajan con familias en riesgo de exclusi\u00f3n social.<\/li><li><strong>L\u00b4Or\u00e9al <\/strong>Paris lanza campa\u00f1a contra el acoso callejero en Per\u00fa.<\/li><\/ul>\n\n\n\n<p><\/p>\n\n\n\n<p><\/p>\n\n\n\n<p><strong>AMBIENTAL<\/strong><\/p>\n\n\n\n<ul class=\"wp-block-list\"><li><strong>Unilever<\/strong> apuesta a la conservaci\u00f3n de agua y a reducir el uso de pl\u00e1sticos.<\/li><li><strong>Repsol<\/strong> firma convenio de colaboraci\u00f3n con la cooperativa de mujeres pescadoras \u201cProductoras de Ostiones Buenavista\u201d para apoyar el desarrollo de alternativas sustentables de acuicultura en la Laguna Madre con perspectiva de g\u00e9nero.<\/li><li><strong>C&amp;A<\/strong> utiliza poli\u00e9ster reciclado para la producci\u00f3n de gafas y logra reducir sus emisiones de CO2.<\/li><li><strong>Arcos dorados<\/strong> Chile trabaja en conjunto con recicladores como parte de su programa de gesti\u00f3n y reducci\u00f3n de residuos.<\/li><li><strong>Mc\u00b4Donals<\/strong> utiliza energ\u00eda renovables en sus locales de Guatemala, El Salvador y Honduras.<\/li><li><strong>Nike<\/strong> anuncia la reducci\u00f3n de cart\u00f3n en su packaging de env\u00edos.<\/li><li><strong>Dell <\/strong>lanza un nuevo modelo de computador realizado con 71% de materiales reciclables y renovables.<\/li><li><strong>Volvo <\/strong>Espa\u00f1a usar\u00e1 energ\u00edas renovables en su nuevas instalaciones.<\/li><\/ul>\n\n\n\n<p><\/p>\n\n\n\n<p><strong>SECTOR AUTOMOTRIZ<\/strong><\/p>\n\n\n\n<ul class=\"wp-block-list\"><li><strong>General Motors <\/strong>presenta el modelo Cisco Ultra-Reliable Wireless Backhaul.<\/li><li><strong>GAC Time Concept<\/strong>, el auto futurista que ser\u00e1 lanzado por China.<\/li><li>La serie de producci\u00f3n de <strong>Audi e-Tron<\/strong> podr\u00eda tener vidrio reciclado pr\u00f3ximamente.<\/li><li><strong>Espa\u00f1a<\/strong> eval\u00faa emitir un carnet de conducir a partir de los 16 a\u00f1os para los coches el\u00e9ctricos.<\/li><li><strong>Volvo<\/strong> apuesta por su <em>C40 Recharge Pure<\/em> <em>Electric<\/em> 100% sustentable.<\/li><li><strong>GM<\/strong> producir\u00e1 un Chevrolet Corvette electrificado el pr\u00f3ximo a\u00f1o.<\/li><li><strong>Bentley<\/strong> anuncia que presentar\u00e1 un nuevo modelo este mes.<\/li><li><strong>Fiat 500 <\/strong>La Prima by Bocelli, promete una experiencia auditiva premium de la mano de JBL.<\/li><li><strong>Lincoln<\/strong>\u00a0 lanza el Corsair Grand Touring.<\/li><li><strong>Daimler <\/strong>vender\u00e1 en Europa a partir del 2030 autobuses urbanos s\u00f3lo el\u00e9ctricos.<\/li><li><strong>Volkswagen<\/strong> confirma la participaci\u00f3n de Porsche y Audi en la F1.<\/li><li>El nuevo crossover el\u00e9ctrico <strong>Nissan <\/strong>Ariya gana el premio Red Dot Design Award en Alemania.<\/li><li>Nueva edici\u00f3n del <strong>Sal\u00f3n Internacional del Autom\u00f3vil<\/strong> de Nueva York.<\/li><\/ul>\n\n\n\n<p><\/p>\n","protected":false},"excerpt":{"rendered":"<p>DERCO CENTER |<\/p>\n","protected":false},"author":82,"featured_media":0,"comment_status":"closed","ping_status":"closed","sticky":false,"template":"","format":"standard","meta":{"_et_pb_use_builder":"off","_et_pb_old_content":"<!-- wp:heading -->\n<h2>Temas destacados<\/h2>\n<!-- \/wp:heading -->\n\n<!-- wp:paragraph -->\n<p><strong><strong>DESARROLLO SOCIAL<\/strong><\/strong><\/p>\n<!-- \/wp:paragraph -->\n\n<!-- wp:list -->\n<ul><li><strong>Scotiabank Colombia<\/strong> apunta a aumentar la participaci\u00f3n de mujeres en juntas directivas.<\/li><li><strong>Tigo <\/strong>contin\u00faa consolidando su trabajo voluntario.<\/li><li><strong>Nestl\u00e9 Guatemala<\/strong> dona productos l\u00e1cteos para ni\u00f1os en situaci\u00f3n de vulnerabilidad.<\/li><li><strong>Gripo Cenoa Argentina <\/strong>entrega donaciones para el banco de alimentos de Jujuy.<\/li><li><strong>Coca-Cola<\/strong> impulsa el empoderamiento de mujeres de Latinoam\u00e9rica mediante el apoyo a sus peque\u00f1os negocios.<\/li><li><strong>Banco de Bogot\u00e1<\/strong> anuncia que se une a Telet\u00f3n Renace.<\/li><li><strong>Banbif Per\u00fa <\/strong>realiza colecta interna para abastecer de alimentos para las familias m\u00e1s vulnerables.<\/li><li><strong>P&amp;G Espa\u00f1a <\/strong>se compromete a desarrollar 21 proyectos para abordar los desaf\u00edos relacionados con Impacto en la comunidad, Igualdad e Inclusi\u00f3n y Sostenibilidad medioambiental.<\/li><li><strong>Moderna Alimentos Ecuador<\/strong> entrega m\u00e1s de 45 mil Kg de alimentos durante el 2021.<\/li><li><strong>Coca Cola junto a Cruz Roja Argentina <\/strong>donan insumos al Hospital de ni\u00f1os Ricardo Guti\u00e9rrez.<\/li><\/ul>\n<!-- \/wp:list -->\n\n<!-- wp:paragraph -->\n<p><\/p>\n<!-- \/wp:paragraph -->\n\n<!-- wp:paragraph -->\n<p><strong>AMBIENTAL<\/strong><\/p>\n<!-- \/wp:paragraph -->\n\n<!-- wp:list -->\n<ul><li><strong>La Fundaci\u00f3n BBVA<\/strong> anuncia la convocatoria 2021 de Ayudas a Proyectos de Investigaci\u00f3n Cient\u00edfica en las \u00e1reas de Cambio Clim\u00e1tico y Ecolog\u00eda y Biolog\u00eda de la Conservaci\u00f3n.<\/li><li><strong>McDonald\u2019s<\/strong>\u00a0inaugura su primer restaurante con cero emisiones en Reino Unido.<\/li><li><strong>Repsol<\/strong> ampl\u00eda su gama de materiales de baja huella de carbono.<\/li><li><strong>Repsol <\/strong>colaborara con nuevo ecocombustible 100% renovable en Dakar 2022.<\/li><li><strong>Terpel Panam\u00e1<\/strong> y su equipo han reciclado m\u00e1s de una tonelada de materiales durante el 2021 y sembrado m\u00e1s de una docena de \u00e1rboles.<\/li><li><strong>Bancolombia <\/strong>ampli\u00f3 su l\u00ednea de financiaci\u00f3n sostenible.<\/li><li><strong>Equipetrol<\/strong> cambia su matriz en\u00e9rgica a energ\u00eda renovable como contribuci\u00f3n al medio ambiente.<\/li><li><strong>Data for life<\/strong> Espa\u00f1a crea app que permite calcular la huella de carbono.<\/li><li><strong>Grupo BBVA <\/strong>entrega 11,5 millones de tarjetas recicladas.<\/li><li><strong>Coca-Cola Argentina <\/strong>presenta sus acciones de verano para el cuidado del ambiente en diferentes centros tur\u00edsticos.<\/li><\/ul>\n<!-- \/wp:list -->\n\n<!-- wp:paragraph -->\n<p><\/p>\n<!-- \/wp:paragraph -->\n\n<!-- wp:paragraph -->\n<p><\/p>\n<!-- \/wp:paragraph -->\n\n<!-- wp:paragraph -->\n<p><\/p>\n<!-- \/wp:paragraph -->\n\n<!-- wp:paragraph -->\n<p><strong>SECTOR AUTOMOTRIZ<\/strong><\/p>\n<!-- \/wp:paragraph -->\n\n<!-- wp:list -->\n<ul><li><strong>Toyota<\/strong> c+pod se posiciona como el coche el\u00e9ctrico m\u00e1s brato del mundo.<\/li><li><strong>Hyundai <\/strong>est\u00e1 dejando de desarrollar nuevos motores de combusti\u00f3n para realizar una transici\u00f3n a los veh\u00edculos el\u00e9ctricos.<\/li><li><strong>Ford<\/strong> h\u00edbridas F150 permiten recargar otros veh\u00edculos el\u00e9ctricos.<\/li><li>En Suecia, instalan una v\u00eda que recarga veh\u00edculos el\u00e9ctricos mientras transitan por ella.<\/li><li><strong>Jac<\/strong> fue la marca m\u00e1s vendida de coches el\u00e9ctricos en M\u00e9xico.<\/li><li><strong>Jaguar <\/strong>llega a Chile con su primer auto 100% el\u00e9ctrico.<\/li><li><strong>Waymo<\/strong> anuncia colaboraci\u00f3n con Geely para Driver en nueva versi\u00f3n de Zeekr.<\/li><li><strong>Citro\u00ebn<\/strong>\u00a0presenta el nuevo coche C3 en Argentina.<\/li><li><strong>Ford<\/strong> Mustang proveer\u00e1 de autos el\u00e9ctricos a la empresa de taxis Gravity en Estados Unidos.<\/li><li><strong>Saic Motor y MG<\/strong> invierten m\u00e1s de US$45 millones en nueva movilidad.<\/li><li><strong>Tesla<\/strong> retira del mercado m\u00e1s de 475 mil autos el\u00e9ctricos por problemas de seguridad.<\/li><li>La planta de <strong>Nissan<\/strong> en Barcelona tiene nuevo due\u00f1o: se la queda el grupo liderado por QEV Technologies para fabricar coches el\u00e9ctricos.<\/li><\/ul>\n<!-- \/wp:list -->\n\n<!-- wp:paragraph -->\n<p><\/p>\n<!-- \/wp:paragraph -->","_et_gb_content_width":"","footnotes":"","_links_to":"","_links_to_target":""},"categories":[18],"tags":[],"class_list":["post-4703","post","type-post","status-publish","format-standard","hentry","category-buzz-tracker"],"jetpack_featured_media_url":"","_links":{"self":[{"href":"https:\/\/reports.eyewatch.me\/dc\/wp-json\/wp\/v2\/posts\/4703","targetHints":{"allow":["GET"]}}],"collection":[{"href":"https:\/\/reports.eyewatch.me\/dc\/wp-json\/wp\/v2\/posts"}],"about":[{"href":"https:\/\/reports.eyewatch.me\/dc\/wp-json\/wp\/v2\/types\/post"}],"author":[{"embeddable":true,"href":"https:\/\/reports.eyewatch.me\/dc\/wp-json\/wp\/v2\/users\/82"}],"replies":[{"embeddable":true,"href":"https:\/\/reports.eyewatch.me\/dc\/wp-json\/wp\/v2\/comments?post=4703"}],"version-history":[{"count":1,"href":"https:\/\/reports.eyewatch.me\/dc\/wp-json\/wp\/v2\/posts\/4703\/revisions"}],"predecessor-version":[{"id":4704,"href":"https:\/\/reports.eyewatch.me\/dc\/wp-json\/wp\/v2\/posts\/4703\/revisions\/4704"}],"wp:attachment":[{"href":"https:\/\/reports.eyewatch.me\/dc\/wp-json\/wp\/v2\/media?parent=4703"}],"wp:term":[{"taxonomy":"category","embeddable":true,"href":"https:\/\/reports.eyewatch.me\/dc\/wp-json\/wp\/v2\/categories?post=4703"},{"taxonomy":"post_tag","embeddable":true,"href":"https:\/\/reports.eyewatch.me\/dc\/wp-json\/wp\/v2\/tags?post=4703"}],"curies":[{"name":"wp","href":"https:\/\/api.w.org\/{rel}","templated":true}]}}