{"id":4673,"date":"2022-04-28T14:47:24","date_gmt":"2022-04-28T14:47:24","guid":{"rendered":"https:\/\/reports.eyewatch.me\/dc\/?p=4673"},"modified":"2022-04-28T14:47:24","modified_gmt":"2022-04-28T14:47:24","slug":"resumen-28-de-abril","status":"publish","type":"post","link":"https:\/\/reports.eyewatch.me\/dc\/resumen-28-de-abril\/","title":{"rendered":"Resumen 28 de Abril"},"content":{"rendered":"<div id=\"fb-root\"><\/div>\n\n<h2 class=\"wp-block-heading\" id=\"temas-destacados\">Temas destacados<\/h2>\n\n\n\n<p><strong><strong>DESARROLLO SOCIAL<\/strong><\/strong><\/p>\n\n\n\n<ul class=\"wp-block-list\"><li><strong>BBVA <\/strong>M\u00e9xico firma acuerdo con La Liga del patrocinio que englobar\u00e1 la parte econ\u00f3mica, inclusi\u00f3n, equidad, responsabilidad social y de desarrollo.<\/li><li><strong>Unilever <\/strong>y el SSI se unen a la Red Mundial de Empresas y Discapacidad de la Organizaci\u00f3n Internacional del Trabajo.<\/li><li><strong>Telef\u00f3nica Movistar <\/strong>y Fundaci\u00f3n PAS promueven entornos digitales m\u00e1s seguros para los menores.<\/li><li><strong>C&amp;A<\/strong> reconocida por implementar el Protocolo de no violencia y rechazar la violencia de g\u00e9nero.<\/li><li><strong>Cabot Financial<\/strong> Espa\u00f1a realiza una donaci\u00f3n de dinero y de art\u00edculos de primera necesidad para los refugiados ucranianos.<\/li><li><strong>Buzl <\/strong>hace entrega de vasos que permitir\u00e1n ofrecer bebidas a los usuarios del programa de la Asociaci\u00f3n Candelita.<\/li><li><strong>Tigo<\/strong> Nicaragua presenta su nueva plataforma virtual \u201cConectadas\u201d para educar digitalmente a mujeres.<\/li><li><strong>Fundaci\u00f3n Telef\u00f3nica<\/strong> Colombia cumple 15 a\u00f1os y celebra haber brindado educaci\u00f3n digital a m\u00e1s de seis millones de ni\u00f1os y ni\u00f1as.<\/li><li><strong>Fundaci\u00f3n Telef\u00f3nica <\/strong>Uruguay firma convenio de cooperaci\u00f3n con el Instituto del Ni\u00f1o y Adolescente del Uruguay para brindar oportunidades educativas y laborales.<\/li><li><strong>Rappi <\/strong>junto a Platzi entregar\u00e1n m\u00e1s de mil becas de ingl\u00e9s a repartidores en Costa Rica.<\/li><\/ul>\n\n\n\n<p><\/p>\n\n\n\n<p><\/p>\n\n\n\n<p><strong>AMBIENTAL<\/strong><\/p>\n\n\n\n<ul class=\"wp-block-list\"><li><strong>Garnier<\/strong> logra emitir productos con un 91% de biodegradabilidad.<\/li><li><strong>Nestl\u00e9 <\/strong>impulsa la agricultura regenerativa con sus productores, promueve el reciclaje con sus consumidores e impulsa estructuras de reciclaje y transformaci\u00f3n de pl\u00e1stico mediante la campa\u00f1a denominada RE.<\/li><li><strong>Nestl\u00e9 <\/strong>se compromete a ser cero emisiones netas.<\/li><li><strong>Repsol<\/strong> junto a Geregras posibilitan transformar el aceite usado en biocombustible.<\/li><li><strong>Villavicencio <\/strong>lanza agua en envase 100% reciclable y con una reducci\u00f3n de un 21% en la huella de carbono durante su proceso de producci\u00f3n.<\/li><li><strong>Arcos Dorados<\/strong> lanza campa\u00f1a anunciando su compromiso de reducir su huella de carbono a lo largo de toda la cadena de abastecimiento.<\/li><li><strong>L\u00b4Oreal<\/strong> lanza un fondo de innovaci\u00f3n circular con el objetivo de apoyar a empresas que est\u00e9n desarrollando el uso circular de los recursos en diversos sectores.<\/li><li><strong>DHL<\/strong> incorpora 20 camiones Shacman a Gas Natural Comprimido.<\/li><li><strong>Samsung <\/strong>logra certificaci\u00f3n de reducci\u00f3n de carbono en sus televisores.<\/li><li><strong>Beko <\/strong>busca soluciones que impulsen la sostenibilidad del planeta a trav\u00e9s de un hackathon.<\/li><\/ul>\n\n\n\n<p><\/p>\n\n\n\n<p><strong>SECTOR AUTOMOTRIZ<\/strong><\/p>\n\n\n\n<ul class=\"wp-block-list\"><li><strong>Wiesman<\/strong> present\u00f3 su primer auto totalmente el\u00e9ctrico denominado &#8216;Thunderball&#8217;.<\/li><li><strong>BMW <\/strong>ante la alta demanda de sus veh\u00edculos el\u00e9ctricos planea la posibilidad de producir en su planta de San Luis Potos\u00ed su modelo X3.<\/li><li><strong>GM<\/strong> presenta su nueva camioneta Ultium Energy Recovery con un sistema de recupera y reutiliza la energ\u00eda residual de la bater\u00eda para aumentar la autonom\u00eda.<\/li><li><strong>Ford <\/strong>tuvo unas p\u00e9rdidas netas de 3.119 millones de d\u00f3lares en el primer trimestre del a\u00f1o como consecuencia de la devaluaci\u00f3n de su participaci\u00f3n en el fabricante de veh\u00edculos el\u00e9ctricos Rivian.<\/li><li><strong>FIA<\/strong> introducir\u00e1 para el a\u00f1o 2023 el uso de combustibles 100% sostenibles.<\/li><li><strong>Airbus e ITA Airways<\/strong> se asocian para desarrollar la movilidad a\u00e9rea urbana en Italia.<\/li><li><strong>Ford <\/strong>comenz\u00f3 la producci\u00f3n de la F-150 el\u00e9ctrica que competir\u00e1 contra la pick up de Tesla.<\/li><li><strong>Porsche <\/strong>comenzar\u00e1 a comercializar en Colombia su modelo Taycan GTS.<\/li><li>Un <strong>escarabajo <\/strong>modelo 1982 fue reconvertido en auto el\u00e9ctrico.<\/li><li><strong>Panam\u00e1 <\/strong>sanciona ley que incentiva la movilidad el\u00e9ctrica en el transporte.<\/li><li><strong>Ford <\/strong>presenta la reformulaci\u00f3n de su modelo Taurus que ser\u00e1 lanzada en Oriente Medio.<\/li><li><strong>Mini<\/strong> lanza en Argentina los actualizados Hatch de tres y cinco puertas.<\/li><li><strong>Scania<\/strong> M\u00e9xico lanza al mercado su primer tractocami\u00f3n 100% el\u00e9ctrico.<\/li><li><strong>BMW <\/strong>Group utilizar\u00e1 llantas de aluminio producidas de forma sostenible a partir de 2024.<\/li><li><strong>KIA<\/strong> presenta en Colombia su modelo EV6 completamente el\u00e9ctrico.<\/li><li><strong>Ford<\/strong> lanza una soluci\u00f3n de carga integral para ayudar a los clientes a aumentar la productividad de las flotas electrificadas.<\/li><li>Crean <strong>bater\u00edas <\/strong>que se cargan en 5 minutos y dan 160 km de autonom\u00eda.<\/li><li>Escasez del<strong> litio.<\/strong><\/li><\/ul>\n\n\n\n<p><\/p>\n","protected":false},"excerpt":{"rendered":"<p>DERCO CENTER |<\/p>\n","protected":false},"author":82,"featured_media":0,"comment_status":"closed","ping_status":"closed","sticky":false,"template":"","format":"standard","meta":{"_et_pb_use_builder":"off","_et_pb_old_content":"<!-- wp:heading -->\n<h2>Temas destacados<\/h2>\n<!-- \/wp:heading -->\n\n<!-- wp:paragraph -->\n<p><strong><strong>DESARROLLO SOCIAL<\/strong><\/strong><\/p>\n<!-- \/wp:paragraph -->\n\n<!-- wp:list -->\n<ul><li><strong>Scotiabank Colombia<\/strong> apunta a aumentar la participaci\u00f3n de mujeres en juntas directivas.<\/li><li><strong>Tigo <\/strong>contin\u00faa consolidando su trabajo voluntario.<\/li><li><strong>Nestl\u00e9 Guatemala<\/strong> dona productos l\u00e1cteos para ni\u00f1os en situaci\u00f3n de vulnerabilidad.<\/li><li><strong>Gripo Cenoa Argentina <\/strong>entrega donaciones para el banco de alimentos de Jujuy.<\/li><li><strong>Coca-Cola<\/strong> impulsa el empoderamiento de mujeres de Latinoam\u00e9rica mediante el apoyo a sus peque\u00f1os negocios.<\/li><li><strong>Banco de Bogot\u00e1<\/strong> anuncia que se une a Telet\u00f3n Renace.<\/li><li><strong>Banbif Per\u00fa <\/strong>realiza colecta interna para abastecer de alimentos para las familias m\u00e1s vulnerables.<\/li><li><strong>P&amp;G Espa\u00f1a <\/strong>se compromete a desarrollar 21 proyectos para abordar los desaf\u00edos relacionados con Impacto en la comunidad, Igualdad e Inclusi\u00f3n y Sostenibilidad medioambiental.<\/li><li><strong>Moderna Alimentos Ecuador<\/strong> entrega m\u00e1s de 45 mil Kg de alimentos durante el 2021.<\/li><li><strong>Coca Cola junto a Cruz Roja Argentina <\/strong>donan insumos al Hospital de ni\u00f1os Ricardo Guti\u00e9rrez.<\/li><\/ul>\n<!-- \/wp:list -->\n\n<!-- wp:paragraph -->\n<p><\/p>\n<!-- \/wp:paragraph -->\n\n<!-- wp:paragraph -->\n<p><strong>AMBIENTAL<\/strong><\/p>\n<!-- \/wp:paragraph -->\n\n<!-- wp:list -->\n<ul><li><strong>La Fundaci\u00f3n BBVA<\/strong> anuncia la convocatoria 2021 de Ayudas a Proyectos de Investigaci\u00f3n Cient\u00edfica en las \u00e1reas de Cambio Clim\u00e1tico y Ecolog\u00eda y Biolog\u00eda de la Conservaci\u00f3n.<\/li><li><strong>McDonald\u2019s<\/strong>\u00a0inaugura su primer restaurante con cero emisiones en Reino Unido.<\/li><li><strong>Repsol<\/strong> ampl\u00eda su gama de materiales de baja huella de carbono.<\/li><li><strong>Repsol <\/strong>colaborara con nuevo ecocombustible 100% renovable en Dakar 2022.<\/li><li><strong>Terpel Panam\u00e1<\/strong> y su equipo han reciclado m\u00e1s de una tonelada de materiales durante el 2021 y sembrado m\u00e1s de una docena de \u00e1rboles.<\/li><li><strong>Bancolombia <\/strong>ampli\u00f3 su l\u00ednea de financiaci\u00f3n sostenible.<\/li><li><strong>Equipetrol<\/strong> cambia su matriz en\u00e9rgica a energ\u00eda renovable como contribuci\u00f3n al medio ambiente.<\/li><li><strong>Data for life<\/strong> Espa\u00f1a crea app que permite calcular la huella de carbono.<\/li><li><strong>Grupo BBVA <\/strong>entrega 11,5 millones de tarjetas recicladas.<\/li><li><strong>Coca-Cola Argentina <\/strong>presenta sus acciones de verano para el cuidado del ambiente en diferentes centros tur\u00edsticos.<\/li><\/ul>\n<!-- \/wp:list -->\n\n<!-- wp:paragraph -->\n<p><\/p>\n<!-- \/wp:paragraph -->\n\n<!-- wp:paragraph -->\n<p><\/p>\n<!-- \/wp:paragraph -->\n\n<!-- wp:paragraph -->\n<p><\/p>\n<!-- \/wp:paragraph -->\n\n<!-- wp:paragraph -->\n<p><strong>SECTOR AUTOMOTRIZ<\/strong><\/p>\n<!-- \/wp:paragraph -->\n\n<!-- wp:list -->\n<ul><li><strong>Toyota<\/strong> c+pod se posiciona como el coche el\u00e9ctrico m\u00e1s brato del mundo.<\/li><li><strong>Hyundai <\/strong>est\u00e1 dejando de desarrollar nuevos motores de combusti\u00f3n para realizar una transici\u00f3n a los veh\u00edculos el\u00e9ctricos.<\/li><li><strong>Ford<\/strong> h\u00edbridas F150 permiten recargar otros veh\u00edculos el\u00e9ctricos.<\/li><li>En Suecia, instalan una v\u00eda que recarga veh\u00edculos el\u00e9ctricos mientras transitan por ella.<\/li><li><strong>Jac<\/strong> fue la marca m\u00e1s vendida de coches el\u00e9ctricos en M\u00e9xico.<\/li><li><strong>Jaguar <\/strong>llega a Chile con su primer auto 100% el\u00e9ctrico.<\/li><li><strong>Waymo<\/strong> anuncia colaboraci\u00f3n con Geely para Driver en nueva versi\u00f3n de Zeekr.<\/li><li><strong>Citro\u00ebn<\/strong>\u00a0presenta el nuevo coche C3 en Argentina.<\/li><li><strong>Ford<\/strong> Mustang proveer\u00e1 de autos el\u00e9ctricos a la empresa de taxis Gravity en Estados Unidos.<\/li><li><strong>Saic Motor y MG<\/strong> invierten m\u00e1s de US$45 millones en nueva movilidad.<\/li><li><strong>Tesla<\/strong> retira del mercado m\u00e1s de 475 mil autos el\u00e9ctricos por problemas de seguridad.<\/li><li>La planta de <strong>Nissan<\/strong> en Barcelona tiene nuevo due\u00f1o: se la queda el grupo liderado por QEV Technologies para fabricar coches el\u00e9ctricos.<\/li><\/ul>\n<!-- \/wp:list -->\n\n<!-- wp:paragraph -->\n<p><\/p>\n<!-- \/wp:paragraph -->","_et_gb_content_width":"","footnotes":"","_links_to":"","_links_to_target":""},"categories":[18],"tags":[],"class_list":["post-4673","post","type-post","status-publish","format-standard","hentry","category-buzz-tracker"],"jetpack_featured_media_url":"","_links":{"self":[{"href":"https:\/\/reports.eyewatch.me\/dc\/wp-json\/wp\/v2\/posts\/4673","targetHints":{"allow":["GET"]}}],"collection":[{"href":"https:\/\/reports.eyewatch.me\/dc\/wp-json\/wp\/v2\/posts"}],"about":[{"href":"https:\/\/reports.eyewatch.me\/dc\/wp-json\/wp\/v2\/types\/post"}],"author":[{"embeddable":true,"href":"https:\/\/reports.eyewatch.me\/dc\/wp-json\/wp\/v2\/users\/82"}],"replies":[{"embeddable":true,"href":"https:\/\/reports.eyewatch.me\/dc\/wp-json\/wp\/v2\/comments?post=4673"}],"version-history":[{"count":1,"href":"https:\/\/reports.eyewatch.me\/dc\/wp-json\/wp\/v2\/posts\/4673\/revisions"}],"predecessor-version":[{"id":4674,"href":"https:\/\/reports.eyewatch.me\/dc\/wp-json\/wp\/v2\/posts\/4673\/revisions\/4674"}],"wp:attachment":[{"href":"https:\/\/reports.eyewatch.me\/dc\/wp-json\/wp\/v2\/media?parent=4673"}],"wp:term":[{"taxonomy":"category","embeddable":true,"href":"https:\/\/reports.eyewatch.me\/dc\/wp-json\/wp\/v2\/categories?post=4673"},{"taxonomy":"post_tag","embeddable":true,"href":"https:\/\/reports.eyewatch.me\/dc\/wp-json\/wp\/v2\/tags?post=4673"}],"curies":[{"name":"wp","href":"https:\/\/api.w.org\/{rel}","templated":true}]}}