{"id":4596,"date":"2022-04-21T16:43:03","date_gmt":"2022-04-21T16:43:03","guid":{"rendered":"https:\/\/reports.eyewatch.me\/dc\/?p=4596"},"modified":"2022-04-21T16:47:01","modified_gmt":"2022-04-21T16:47:01","slug":"resumen-21-de-abril","status":"publish","type":"post","link":"https:\/\/reports.eyewatch.me\/dc\/resumen-21-de-abril\/","title":{"rendered":"Resumen 21 de Abril"},"content":{"rendered":"<div id=\"fb-root\"><\/div>\n\n<h2 class=\"wp-block-heading\" id=\"temas-destacados\">Temas destacados<\/h2>\n\n\n\n<p><strong><strong>DESARROLLO SOCIAL<\/strong><\/strong><\/p>\n\n\n\n<ul class=\"wp-block-list\"><li><strong>Instagram <\/strong>ha anunciado que su opci\u00f3n para crear\u00a0campa\u00f1as de recogidas de fondos y hacer donaciones\u00a0a trav\u00e9s de los Reels.<\/li><li><strong>Aeropuerto Internacional Palonegro de\u00a0Lebrija y Aeropuertos de Oriente S.A.S.<\/strong> realiz\u00f3 la donaci\u00f3n e instalaci\u00f3n de un parque infantil a la Instituci\u00f3n Educativa Palonegro.<\/li><li><strong>JYRSA<\/strong>\u00a0 realiz\u00f3 la donaci\u00f3n de cobertores\u00a0con destino a Casa Monarca que colabora con personas migrantes de escasos recursos.<\/li><li><strong>Transfesa Logistics<\/strong> coordina el segundo tren humanitario con destino a Ucrania.<\/li><li><strong>Google <\/strong>otorga 25,000 becas para reducir la brecha de g\u00e9nero en tecnolog\u00eda.<\/li><li><strong>L\u00b4Or\u00e9al <\/strong>Paris inicia la campa\u00f1a Stand UP contra el acoso callejero en Panam\u00e1 y Guatemala.<\/li><\/ul>\n\n\n\n<p><\/p>\n\n\n\n<p><\/p>\n\n\n\n<p><strong>AMBIENTAL<\/strong><\/p>\n\n\n\n<ul class=\"wp-block-list\"><li><strong>Nestl\u00e9 <\/strong>invita a emprendedores a participar en el concurso de econom\u00eda circular y reciclaje inclusivo de Latitud\u00a0R.<\/li><li><strong>Hyundai <\/strong>lanza una campa\u00f1a ambiental en el marco del patrocinio a la Copa Mundial 2022.<\/li><li><strong>Algramo y Sodimac<\/strong> anuncian alianza para aumentar la reutilizaci\u00f3n de envases y disminuir residuos pl\u00e1sticos.<\/li><li>\u00a0<strong>G&amp;L<\/strong> reduce un 70% el uso de papeles en sus oficinas.<\/li><li>Las marcas <strong>Samsung, Jeep, Krystal <\/strong>junto a otras, se comprometen a plantar 10 millones de \u00e1rboles con motivo del D\u00eda de la Tierra.<\/li><li><strong>Nestl\u00e9<\/strong> firma acuerdo con BayWa para comenzar a utilizar energ\u00eda solar.<\/li><li><strong>Intel<\/strong> se compromete a no emitir gases de efecto invernadero en sus operaciones mundiales para 2040.<\/li><li><strong>P&amp;G <\/strong>ha reducido un\u00a025% el consumo de agua, 80% el consumo de gas natural y 30% del consumo de energ\u00eda el\u00e9ctrica.<\/li><\/ul>\n\n\n\n<p><\/p>\n\n\n\n<p><strong>SECTOR AUTOMOTRIZ<\/strong><\/p>\n\n\n\n<ul class=\"wp-block-list\"><li><strong>Ford<\/strong> Pro revelar\u00e1 el segundo veh\u00edculo comercial totalmente el\u00e9ctrico para clientes en Europa.<\/li><li><strong>Jeep 4xe <\/strong>premia a los clientes por sus h\u00e1bitos de conducci\u00f3n sostenible.<\/li><li><strong>BMW <\/strong>incorpora una pantalla t\u00e1ctil a su coche 7 e i7.<\/li><li><strong>Tesla<\/strong> alimenta expectativas en el sector minero para obtener m\u00e1s proveedores de n\u00edquel y litio.<\/li><li><strong>Skoda<\/strong> presenta un nuevo prototipo 100% el\u00e9ctrico llamado Enyaq.<\/li><li><strong>Hyundai<\/strong> IONIQ 5 se consagra como Coche Mundial del A\u00f1o.<\/li><li><strong>Lexus<\/strong> lanza el RZ 450e presenta un nuevo SUV 100 % el\u00e9ctrico con un volante similar al de un avi\u00f3n.<\/li><li><strong>Lamborghini<\/strong> lanzar\u00e1 un coche el\u00e9ctrico de lujo tipo GT y una gama electrificada para el a\u00f1o 2025.<\/li><li><strong>Ferrari <\/strong>ampl\u00eda su oferta de h\u00edbridos enchufables.<\/li><li><strong>Audi <\/strong>presenta su modelo Urbansphere Concept con 750 km de autonom\u00eda.<\/li><li><strong>Toyota y Volkswagen<\/strong> desisten del acuerdo que pondr\u00eda fin a los autos de combusti\u00f3n.<\/li><li><strong>Chevrolet <\/strong>Joy se ensamblar\u00e1 en Colombia.<\/li><\/ul>\n\n\n\n<p><\/p>\n","protected":false},"excerpt":{"rendered":"<p>DERCO CENTER |<\/p>\n","protected":false},"author":82,"featured_media":0,"comment_status":"closed","ping_status":"closed","sticky":false,"template":"","format":"standard","meta":{"_et_pb_use_builder":"off","_et_pb_old_content":"<!-- wp:heading -->\n<h2>Temas destacados<\/h2>\n<!-- \/wp:heading -->\n\n<!-- wp:paragraph -->\n<p><strong><strong>DESARROLLO SOCIAL<\/strong><\/strong><\/p>\n<!-- \/wp:paragraph -->\n\n<!-- wp:list -->\n<ul><li><strong>Scotiabank Colombia<\/strong> apunta a aumentar la participaci\u00f3n de mujeres en juntas directivas.<\/li><li><strong>Tigo <\/strong>contin\u00faa consolidando su trabajo voluntario.<\/li><li><strong>Nestl\u00e9 Guatemala<\/strong> dona productos l\u00e1cteos para ni\u00f1os en situaci\u00f3n de vulnerabilidad.<\/li><li><strong>Gripo Cenoa Argentina <\/strong>entrega donaciones para el banco de alimentos de Jujuy.<\/li><li><strong>Coca-Cola<\/strong> impulsa el empoderamiento de mujeres de Latinoam\u00e9rica mediante el apoyo a sus peque\u00f1os negocios.<\/li><li><strong>Banco de Bogot\u00e1<\/strong> anuncia que se une a Telet\u00f3n Renace.<\/li><li><strong>Banbif Per\u00fa <\/strong>realiza colecta interna para abastecer de alimentos para las familias m\u00e1s vulnerables.<\/li><li><strong>P&amp;G Espa\u00f1a <\/strong>se compromete a desarrollar 21 proyectos para abordar los desaf\u00edos relacionados con Impacto en la comunidad, Igualdad e Inclusi\u00f3n y Sostenibilidad medioambiental.<\/li><li><strong>Moderna Alimentos Ecuador<\/strong> entrega m\u00e1s de 45 mil Kg de alimentos durante el 2021.<\/li><li><strong>Coca Cola junto a Cruz Roja Argentina <\/strong>donan insumos al Hospital de ni\u00f1os Ricardo Guti\u00e9rrez.<\/li><\/ul>\n<!-- \/wp:list -->\n\n<!-- wp:paragraph -->\n<p><\/p>\n<!-- \/wp:paragraph -->\n\n<!-- wp:paragraph -->\n<p><strong>AMBIENTAL<\/strong><\/p>\n<!-- \/wp:paragraph -->\n\n<!-- wp:list -->\n<ul><li><strong>La Fundaci\u00f3n BBVA<\/strong> anuncia la convocatoria 2021 de Ayudas a Proyectos de Investigaci\u00f3n Cient\u00edfica en las \u00e1reas de Cambio Clim\u00e1tico y Ecolog\u00eda y Biolog\u00eda de la Conservaci\u00f3n.<\/li><li><strong>McDonald\u2019s<\/strong>\u00a0inaugura su primer restaurante con cero emisiones en Reino Unido.<\/li><li><strong>Repsol<\/strong> ampl\u00eda su gama de materiales de baja huella de carbono.<\/li><li><strong>Repsol <\/strong>colaborara con nuevo ecocombustible 100% renovable en Dakar 2022.<\/li><li><strong>Terpel Panam\u00e1<\/strong> y su equipo han reciclado m\u00e1s de una tonelada de materiales durante el 2021 y sembrado m\u00e1s de una docena de \u00e1rboles.<\/li><li><strong>Bancolombia <\/strong>ampli\u00f3 su l\u00ednea de financiaci\u00f3n sostenible.<\/li><li><strong>Equipetrol<\/strong> cambia su matriz en\u00e9rgica a energ\u00eda renovable como contribuci\u00f3n al medio ambiente.<\/li><li><strong>Data for life<\/strong> Espa\u00f1a crea app que permite calcular la huella de carbono.<\/li><li><strong>Grupo BBVA <\/strong>entrega 11,5 millones de tarjetas recicladas.<\/li><li><strong>Coca-Cola Argentina <\/strong>presenta sus acciones de verano para el cuidado del ambiente en diferentes centros tur\u00edsticos.<\/li><\/ul>\n<!-- \/wp:list -->\n\n<!-- wp:paragraph -->\n<p><\/p>\n<!-- \/wp:paragraph -->\n\n<!-- wp:paragraph -->\n<p><\/p>\n<!-- \/wp:paragraph -->\n\n<!-- wp:paragraph -->\n<p><\/p>\n<!-- \/wp:paragraph -->\n\n<!-- wp:paragraph -->\n<p><strong>SECTOR AUTOMOTRIZ<\/strong><\/p>\n<!-- \/wp:paragraph -->\n\n<!-- wp:list -->\n<ul><li><strong>Toyota<\/strong> c+pod se posiciona como el coche el\u00e9ctrico m\u00e1s brato del mundo.<\/li><li><strong>Hyundai <\/strong>est\u00e1 dejando de desarrollar nuevos motores de combusti\u00f3n para realizar una transici\u00f3n a los veh\u00edculos el\u00e9ctricos.<\/li><li><strong>Ford<\/strong> h\u00edbridas F150 permiten recargar otros veh\u00edculos el\u00e9ctricos.<\/li><li>En Suecia, instalan una v\u00eda que recarga veh\u00edculos el\u00e9ctricos mientras transitan por ella.<\/li><li><strong>Jac<\/strong> fue la marca m\u00e1s vendida de coches el\u00e9ctricos en M\u00e9xico.<\/li><li><strong>Jaguar <\/strong>llega a Chile con su primer auto 100% el\u00e9ctrico.<\/li><li><strong>Waymo<\/strong> anuncia colaboraci\u00f3n con Geely para Driver en nueva versi\u00f3n de Zeekr.<\/li><li><strong>Citro\u00ebn<\/strong>\u00a0presenta el nuevo coche C3 en Argentina.<\/li><li><strong>Ford<\/strong> Mustang proveer\u00e1 de autos el\u00e9ctricos a la empresa de taxis Gravity en Estados Unidos.<\/li><li><strong>Saic Motor y MG<\/strong> invierten m\u00e1s de US$45 millones en nueva movilidad.<\/li><li><strong>Tesla<\/strong> retira del mercado m\u00e1s de 475 mil autos el\u00e9ctricos por problemas de seguridad.<\/li><li>La planta de <strong>Nissan<\/strong> en Barcelona tiene nuevo due\u00f1o: se la queda el grupo liderado por QEV Technologies para fabricar coches el\u00e9ctricos.<\/li><\/ul>\n<!-- \/wp:list -->\n\n<!-- wp:paragraph -->\n<p><\/p>\n<!-- \/wp:paragraph -->","_et_gb_content_width":"","footnotes":"","_links_to":"","_links_to_target":""},"categories":[18],"tags":[],"class_list":["post-4596","post","type-post","status-publish","format-standard","hentry","category-buzz-tracker"],"jetpack_featured_media_url":"","_links":{"self":[{"href":"https:\/\/reports.eyewatch.me\/dc\/wp-json\/wp\/v2\/posts\/4596","targetHints":{"allow":["GET"]}}],"collection":[{"href":"https:\/\/reports.eyewatch.me\/dc\/wp-json\/wp\/v2\/posts"}],"about":[{"href":"https:\/\/reports.eyewatch.me\/dc\/wp-json\/wp\/v2\/types\/post"}],"author":[{"embeddable":true,"href":"https:\/\/reports.eyewatch.me\/dc\/wp-json\/wp\/v2\/users\/82"}],"replies":[{"embeddable":true,"href":"https:\/\/reports.eyewatch.me\/dc\/wp-json\/wp\/v2\/comments?post=4596"}],"version-history":[{"count":1,"href":"https:\/\/reports.eyewatch.me\/dc\/wp-json\/wp\/v2\/posts\/4596\/revisions"}],"predecessor-version":[{"id":4597,"href":"https:\/\/reports.eyewatch.me\/dc\/wp-json\/wp\/v2\/posts\/4596\/revisions\/4597"}],"wp:attachment":[{"href":"https:\/\/reports.eyewatch.me\/dc\/wp-json\/wp\/v2\/media?parent=4596"}],"wp:term":[{"taxonomy":"category","embeddable":true,"href":"https:\/\/reports.eyewatch.me\/dc\/wp-json\/wp\/v2\/categories?post=4596"},{"taxonomy":"post_tag","embeddable":true,"href":"https:\/\/reports.eyewatch.me\/dc\/wp-json\/wp\/v2\/tags?post=4596"}],"curies":[{"name":"wp","href":"https:\/\/api.w.org\/{rel}","templated":true}]}}