{"id":4528,"date":"2022-04-14T12:01:01","date_gmt":"2022-04-14T12:01:01","guid":{"rendered":"https:\/\/reports.eyewatch.me\/dc\/?p=4528"},"modified":"2022-04-14T12:01:01","modified_gmt":"2022-04-14T12:01:01","slug":"resumen-14-de-abril","status":"publish","type":"post","link":"https:\/\/reports.eyewatch.me\/dc\/resumen-14-de-abril\/","title":{"rendered":"Resumen 14 de Abril"},"content":{"rendered":"<div id=\"fb-root\"><\/div>\n\n<h2 class=\"wp-block-heading\" id=\"temas-destacados\">Temas destacados<\/h2>\n\n\n\n<p><strong><strong>DESARROLLO SOCIAL<\/strong><\/strong><\/p>\n\n\n\n<ul class=\"wp-block-list\"><li><strong><strong>La empresa <strong>Arredo <\/strong>(Argentina) <\/strong><\/strong>y la fundaci\u00f3n Mediapila promueven la inclusi\u00f3n laboral de mujeres en situaci\u00f3n de vulnerabilidad social y econ\u00f3mica.<\/li><li><strong><strong><strong>Renault <\/strong><\/strong><\/strong>apoya al Club \u00d1a\u00f1as y promueve la inclusi\u00f3n de personas con discapacidad en el deporte.<\/li><li>LEGO Group se une a la organizaci\u00f3n Wi3DP para fomentar la igualdad de g\u00e9nero y oportunidades.<\/li><li><strong><strong><strong>Chevrolet<\/strong><\/strong><\/strong> trabaja por la equidad de g\u00e9nero.<\/li><li><strong><strong><strong>Gatorade <\/strong><\/strong><\/strong>promueve a cuatro deportistas peruanas como embajadoras de la marca.<\/li><li><strong><strong><strong>Merck<\/strong> <\/strong><\/strong>Centroam\u00e9rica y Caribe apuesta por equipos multidisciplinarios encabezados por mujeres.<\/li><li><strong><strong><strong>Generali <\/strong><\/strong><\/strong>lanza la segunda edici\u00f3n de EnterPRIZE.<\/li><li><strong><strong><strong>Microserfin<\/strong><\/strong><\/strong> inaugura primer cuarto de lactancia para sus colaboradoras.<\/li><li><strong><strong><strong>Canon <\/strong><\/strong><\/strong>colabora con la Asociaci\u00f3n Dr. Campos-Castell\u00f3 para ayudar a la inclusi\u00f3n vital de las personas con discapacidad.<\/li><li><strong><strong><strong>Voluntariado de El Abra<\/strong> <\/strong><\/strong>entrega bicicletas a estudiantes de escuela de Caspana.<\/li><\/ul>\n\n\n\n<p><\/p>\n\n\n\n<p><\/p>\n\n\n\n<p><strong>AMBIENTAL<\/strong><\/p>\n\n\n\n<ul class=\"wp-block-list\"><li><strong><strong>Contrini<\/strong> <\/strong>est\u00e1 invirtiendo en una planta de reciclado de neum\u00e1ticos y otra para la valorizaci\u00f3n de residuos de la industria minera y petrolera.<\/li><li><strong>Las compa\u00f1\u00edas <strong>Dana <\/strong>y <strong>Tremec<\/strong><\/strong> desarrollar\u00e1n nuevas metodolog\u00edas de econom\u00eda circular como reducci\u00f3n de emisiones y desperdicios para incrementar la eficiencia energ\u00e9tica.<\/li><li><strong><strong>Samsung <\/strong><\/strong>apuesta por el derecho a reparar y ofrecer\u00e1 refacciones recicladas y certificadas a un precio m\u00e1s asequible.<\/li><li><strong><strong>Iberdrola y McDonald\u2019s <\/strong><\/strong>consolidan su acuerdo para impulsar la movilidad sostenible.<\/li><li><strong><strong>Widu<\/strong>,<\/strong> un proyecto en desarrollo que buscar\u00e1 unir a personas y marcas para reducir el impacto ambiental.<\/li><li><strong><strong>Cepsa <\/strong><\/strong>se prepara para sus nuevas estaciones de servicios: De restauraci\u00f3n a recogida de paquetes.<\/li><li><strong><strong>AENA <\/strong><\/strong>invertir\u00e1 550 millones para ser carbono cero en 2040 o antes.<\/li><\/ul>\n\n\n\n<p><\/p>\n\n\n\n<p><strong>SECTOR AUTOMOTRIZ<\/strong><\/p>\n\n\n\n<ul class=\"wp-block-list\"><li><strong><strong>Nissan <\/strong><\/strong>junto con la NASA planea un cambio en las bater\u00edas de los coches el\u00e9ctricos.<\/li><li><strong><strong>BYD <\/strong><\/strong>anunci\u00f3 que dej\u00f3 de producir veh\u00edculos con motor de combusti\u00f3n desde marzo de 2022, y que se centrar\u00e1 en los veh\u00edculos el\u00e9ctricos de bater\u00eda e h\u00edbridos enchufables en el futuro. <\/li><li><strong><strong>BMW <\/strong><\/strong>prepara llantas de aluminio sostenibles para todos su gama en 2024.<\/li><li><strong><strong>Honda <\/strong><\/strong>invertir\u00e1 40 mil mdd en autos el\u00e9ctricos durante la pr\u00f3xima d\u00e9cada.<\/li><li><strong><strong>GM y Honda <\/strong><\/strong>preparan veh\u00edculos el\u00e9ctricos asequibles.<\/li><li><strong><strong>Transportes el\u00e9ctricos <\/strong><\/strong>se imponen en el mercado peruano tras crisis en precios de los combustibles.<\/li><li><strong><strong>BMW <\/strong><\/strong>pondr\u00e1 el ritmo en el Coachella.<\/li><li><strong><strong>Nueva bater\u00eda de azufre<\/strong> <\/strong>promete multiplicar x3 la autonom\u00eda de los veh\u00edculos el\u00e9ctricos.<\/li><li><strong><strong>Suecia<\/strong><\/strong> avanza proyecto de carretera el\u00e9ctrica con ayuda de Electreon.<\/li><li><strong>La empresa <strong>Carryt<\/strong><\/strong> compensa sus emisiones de carbono en log\u00edstica con reforestaci\u00f3n.<\/li><\/ul>\n\n\n\n<p><\/p>\n","protected":false},"excerpt":{"rendered":"<p>DERCO CENTER |<\/p>\n","protected":false},"author":72,"featured_media":0,"comment_status":"closed","ping_status":"closed","sticky":false,"template":"","format":"standard","meta":{"_et_pb_use_builder":"off","_et_pb_old_content":"<!-- wp:heading -->\n<h2>Temas destacados<\/h2>\n<!-- \/wp:heading -->\n\n<!-- wp:paragraph -->\n<p><strong><strong>DESARROLLO SOCIAL<\/strong><\/strong><\/p>\n<!-- \/wp:paragraph -->\n\n<!-- wp:list -->\n<ul><li><strong>Scotiabank Colombia<\/strong> apunta a aumentar la participaci\u00f3n de mujeres en juntas directivas.<\/li><li><strong>Tigo <\/strong>contin\u00faa consolidando su trabajo voluntario.<\/li><li><strong>Nestl\u00e9 Guatemala<\/strong> dona productos l\u00e1cteos para ni\u00f1os en situaci\u00f3n de vulnerabilidad.<\/li><li><strong>Gripo Cenoa Argentina <\/strong>entrega donaciones para el banco de alimentos de Jujuy.<\/li><li><strong>Coca-Cola<\/strong> impulsa el empoderamiento de mujeres de Latinoam\u00e9rica mediante el apoyo a sus peque\u00f1os negocios.<\/li><li><strong>Banco de Bogot\u00e1<\/strong> anuncia que se une a Telet\u00f3n Renace.<\/li><li><strong>Banbif Per\u00fa <\/strong>realiza colecta interna para abastecer de alimentos para las familias m\u00e1s vulnerables.<\/li><li><strong>P&amp;G Espa\u00f1a <\/strong>se compromete a desarrollar 21 proyectos para abordar los desaf\u00edos relacionados con Impacto en la comunidad, Igualdad e Inclusi\u00f3n y Sostenibilidad medioambiental.<\/li><li><strong>Moderna Alimentos Ecuador<\/strong> entrega m\u00e1s de 45 mil Kg de alimentos durante el 2021.<\/li><li><strong>Coca Cola junto a Cruz Roja Argentina <\/strong>donan insumos al Hospital de ni\u00f1os Ricardo Guti\u00e9rrez.<\/li><\/ul>\n<!-- \/wp:list -->\n\n<!-- wp:paragraph -->\n<p><\/p>\n<!-- \/wp:paragraph -->\n\n<!-- wp:paragraph -->\n<p><strong>AMBIENTAL<\/strong><\/p>\n<!-- \/wp:paragraph -->\n\n<!-- wp:list -->\n<ul><li><strong>La Fundaci\u00f3n BBVA<\/strong> anuncia la convocatoria 2021 de Ayudas a Proyectos de Investigaci\u00f3n Cient\u00edfica en las \u00e1reas de Cambio Clim\u00e1tico y Ecolog\u00eda y Biolog\u00eda de la Conservaci\u00f3n.<\/li><li><strong>McDonald\u2019s<\/strong>\u00a0inaugura su primer restaurante con cero emisiones en Reino Unido.<\/li><li><strong>Repsol<\/strong> ampl\u00eda su gama de materiales de baja huella de carbono.<\/li><li><strong>Repsol <\/strong>colaborara con nuevo ecocombustible 100% renovable en Dakar 2022.<\/li><li><strong>Terpel Panam\u00e1<\/strong> y su equipo han reciclado m\u00e1s de una tonelada de materiales durante el 2021 y sembrado m\u00e1s de una docena de \u00e1rboles.<\/li><li><strong>Bancolombia <\/strong>ampli\u00f3 su l\u00ednea de financiaci\u00f3n sostenible.<\/li><li><strong>Equipetrol<\/strong> cambia su matriz en\u00e9rgica a energ\u00eda renovable como contribuci\u00f3n al medio ambiente.<\/li><li><strong>Data for life<\/strong> Espa\u00f1a crea app que permite calcular la huella de carbono.<\/li><li><strong>Grupo BBVA <\/strong>entrega 11,5 millones de tarjetas recicladas.<\/li><li><strong>Coca-Cola Argentina <\/strong>presenta sus acciones de verano para el cuidado del ambiente en diferentes centros tur\u00edsticos.<\/li><\/ul>\n<!-- \/wp:list -->\n\n<!-- wp:paragraph -->\n<p><\/p>\n<!-- \/wp:paragraph -->\n\n<!-- wp:paragraph -->\n<p><\/p>\n<!-- \/wp:paragraph -->\n\n<!-- wp:paragraph -->\n<p><\/p>\n<!-- \/wp:paragraph -->\n\n<!-- wp:paragraph -->\n<p><strong>SECTOR AUTOMOTRIZ<\/strong><\/p>\n<!-- \/wp:paragraph -->\n\n<!-- wp:list -->\n<ul><li><strong>Toyota<\/strong> c+pod se posiciona como el coche el\u00e9ctrico m\u00e1s brato del mundo.<\/li><li><strong>Hyundai <\/strong>est\u00e1 dejando de desarrollar nuevos motores de combusti\u00f3n para realizar una transici\u00f3n a los veh\u00edculos el\u00e9ctricos.<\/li><li><strong>Ford<\/strong> h\u00edbridas F150 permiten recargar otros veh\u00edculos el\u00e9ctricos.<\/li><li>En Suecia, instalan una v\u00eda que recarga veh\u00edculos el\u00e9ctricos mientras transitan por ella.<\/li><li><strong>Jac<\/strong> fue la marca m\u00e1s vendida de coches el\u00e9ctricos en M\u00e9xico.<\/li><li><strong>Jaguar <\/strong>llega a Chile con su primer auto 100% el\u00e9ctrico.<\/li><li><strong>Waymo<\/strong> anuncia colaboraci\u00f3n con Geely para Driver en nueva versi\u00f3n de Zeekr.<\/li><li><strong>Citro\u00ebn<\/strong>\u00a0presenta el nuevo coche C3 en Argentina.<\/li><li><strong>Ford<\/strong> Mustang proveer\u00e1 de autos el\u00e9ctricos a la empresa de taxis Gravity en Estados Unidos.<\/li><li><strong>Saic Motor y MG<\/strong> invierten m\u00e1s de US$45 millones en nueva movilidad.<\/li><li><strong>Tesla<\/strong> retira del mercado m\u00e1s de 475 mil autos el\u00e9ctricos por problemas de seguridad.<\/li><li>La planta de <strong>Nissan<\/strong> en Barcelona tiene nuevo due\u00f1o: se la queda el grupo liderado por QEV Technologies para fabricar coches el\u00e9ctricos.<\/li><\/ul>\n<!-- \/wp:list -->\n\n<!-- wp:paragraph -->\n<p><\/p>\n<!-- \/wp:paragraph -->","_et_gb_content_width":"","footnotes":"","_links_to":"","_links_to_target":""},"categories":[18],"tags":[],"class_list":["post-4528","post","type-post","status-publish","format-standard","hentry","category-buzz-tracker"],"jetpack_featured_media_url":"","_links":{"self":[{"href":"https:\/\/reports.eyewatch.me\/dc\/wp-json\/wp\/v2\/posts\/4528","targetHints":{"allow":["GET"]}}],"collection":[{"href":"https:\/\/reports.eyewatch.me\/dc\/wp-json\/wp\/v2\/posts"}],"about":[{"href":"https:\/\/reports.eyewatch.me\/dc\/wp-json\/wp\/v2\/types\/post"}],"author":[{"embeddable":true,"href":"https:\/\/reports.eyewatch.me\/dc\/wp-json\/wp\/v2\/users\/72"}],"replies":[{"embeddable":true,"href":"https:\/\/reports.eyewatch.me\/dc\/wp-json\/wp\/v2\/comments?post=4528"}],"version-history":[{"count":1,"href":"https:\/\/reports.eyewatch.me\/dc\/wp-json\/wp\/v2\/posts\/4528\/revisions"}],"predecessor-version":[{"id":4529,"href":"https:\/\/reports.eyewatch.me\/dc\/wp-json\/wp\/v2\/posts\/4528\/revisions\/4529"}],"wp:attachment":[{"href":"https:\/\/reports.eyewatch.me\/dc\/wp-json\/wp\/v2\/media?parent=4528"}],"wp:term":[{"taxonomy":"category","embeddable":true,"href":"https:\/\/reports.eyewatch.me\/dc\/wp-json\/wp\/v2\/categories?post=4528"},{"taxonomy":"post_tag","embeddable":true,"href":"https:\/\/reports.eyewatch.me\/dc\/wp-json\/wp\/v2\/tags?post=4528"}],"curies":[{"name":"wp","href":"https:\/\/api.w.org\/{rel}","templated":true}]}}