{"id":4496,"date":"2022-04-11T16:30:11","date_gmt":"2022-04-11T16:30:11","guid":{"rendered":"https:\/\/reports.eyewatch.me\/dc\/?p=4496"},"modified":"2022-04-11T16:30:11","modified_gmt":"2022-04-11T16:30:11","slug":"resumen-11-de-abril","status":"publish","type":"post","link":"https:\/\/reports.eyewatch.me\/dc\/resumen-11-de-abril\/","title":{"rendered":"Resumen 11 de Abril"},"content":{"rendered":"<div id=\"fb-root\"><\/div>\n\n<h2 class=\"wp-block-heading\" id=\"temas-destacados\">Temas destacados<\/h2>\n\n\n\n<p><strong><strong>DESARROLLO SOCIAL<\/strong><\/strong><\/p>\n\n\n\n<ul class=\"wp-block-list\"><li><strong><strong>Nestl\u00e9 <\/strong>E<\/strong>l Salvador recibe el premio Disability Awards por promover la inclusi\u00f3n de personas en situaci\u00f3n de discapacidad.<\/li><li><strong>ISS Facility Service<\/strong> junto a Fundaci\u00f3n la Caixa emplear\u00e1 a 130 mujeres en situaci\u00f3n de vulnerabilidad de India y Mozambique.<\/li><li><strong>Ajimoto <\/strong>Per\u00fa realiza donaci\u00f3n para la construcci\u00f3n de una planta generadora de ox\u00edgeno medicinal.<\/li><li><strong>Stada<\/strong> env\u00eda donaciones de productos sanitarios a Ucrania.<\/li><li><strong>Banco Popular<\/strong> dispone de m\u00e1s de \u00a28 mil millones para apoyar a empresas lideradas por mujeres.<\/li><li><strong>Always <\/strong>lanza la campa\u00f1a #ChicaAyudaChica en donde por cada paquete comprado, la marca donar\u00e1 una toalla femenina a ni\u00f1as de Centroam\u00e9rica.<\/li><li><strong>Unilever<\/strong> lanza una nueva edici\u00f3n de su programa gratuito para PyMEs.<\/li><\/ul>\n\n\n\n<p><\/p>\n\n\n\n<p><\/p>\n\n\n\n<p><strong>AMBIENTAL<\/strong><\/p>\n\n\n\n<ul class=\"wp-block-list\"><li><strong>Nestl\u00e9<\/strong> invita a j\u00f3venes emprendedores a participar en el concurso de econom\u00eda circular y reciclaje.<\/li><li><strong>P&amp;G<\/strong> aumenta esfuerzos para ayudar a erradicar el efecto invernadero.<\/li><li>H&amp;M utiliza 80% de materiales reciclados u obtenidos de maneras sostenibles.<\/li><li><strong>Latam <\/strong>Airlines espera usar 5% de combustible de aviaci\u00f3n sostenible para el a\u00f1o 2030.<\/li><li><strong>Supermercado Maxi Ecuador <\/strong>impulsa el reciclaje mediante un sistema de canje de puntos.<\/li><li><strong>Mango s<\/strong>e asocia con I:CO para gestionar sus residuos textiles.<\/li><li><strong>PepsiCo y Schneider Electric <\/strong>aceleran la incorporaci\u00f3n de la energ\u00eda renovable<\/li><li><strong>Samsung<\/strong> trabaja para reducir la contaminaci\u00f3n marina reciclando pl\u00e1sticos desechados en el oc\u00e9ano y usando de materiales reciclados para producir monitores.<\/li><li><strong>BMW <\/strong>Group utilizar\u00e1 rines de aluminio producidos de forma sostenible.<\/li><\/ul>\n\n\n\n<p><\/p>\n\n\n\n<p><strong>SECTOR AUTOMOTRIZ<\/strong><\/p>\n\n\n\n<ul class=\"wp-block-list\"><li><strong>Volvo<\/strong> C40 Recharge es el primer autom\u00f3vil de nuestra gama en utilizar materiales sustentables en el interior.<\/li><li><strong>Porsche<\/strong> trabaja en sonidos de motores para sus autos el\u00e9ctricos.<\/li><li><strong>BMW<\/strong> Group reporta que al cierre del primer trimestre del a\u00f1o lidera el segmento de veh\u00edculos el\u00e9ctricos en el mercado automotriz colombiano.<\/li><li>Ventas de coches el\u00e9ctricos <strong>BYD <\/strong>superan a los de combusti\u00f3n en 2019.<\/li><li><strong>Toyota <\/strong>anuncia la designaci\u00f3n de Gustavo Salinas como nuevo presidente.<\/li><li><strong>Opel <\/strong>se convertir\u00e1 en una marca 100% el\u00e9ctrica para 2030.<\/li><li>Alberto Le\u00f3n, r esponsable de e-consulting y nuevas tecnolog\u00edas de <strong>Mercedes Benz<\/strong> afirma que la descarbonizaci\u00f3n de flotas debe ir de la mano de subvenciones del Estado.<\/li><li><strong>Smart <\/strong>presenta su nuevo crossover el\u00e9ctrico.<\/li><li>Segunda generaci\u00f3n de<strong> Nissan<\/strong> Frontier fabricada en Argentina.<\/li><li><strong>Nissan<\/strong> planea lanzar su primer veh\u00edculo el\u00e9ctrico con bater\u00eda de estado s\u00f3lido en 2028.<\/li><li><strong>Elon Musk<\/strong> desvela novedades sobre un &#8221;futurista&#8221; Tesla Robotaxi en el Cyber Rodeo.<\/li><li><strong>Volkswagen<\/strong> confirma la intenci\u00f3n de Audi y Porsche de entrar en la F1.<\/li><li><strong>Henkel<\/strong> se asocia con Porsche en el Campeonato Mundial ABB FIA F\u00f3rmula E.<\/li><li>Las bater\u00edas Megapack de<strong> Tesla<\/strong> alimentar\u00e1n una nueva mina de bitcoin en Texas.<\/li><li>Elon Musk sugiere que <strong>Tesla<\/strong> podr\u00eda comenzar a extraer litio.<\/li><\/ul>\n\n\n\n<p><\/p>\n","protected":false},"excerpt":{"rendered":"<p>DERCO CENTER |<\/p>\n","protected":false},"author":82,"featured_media":0,"comment_status":"closed","ping_status":"closed","sticky":false,"template":"","format":"standard","meta":{"_et_pb_use_builder":"off","_et_pb_old_content":"<!-- wp:heading -->\n<h2>Temas destacados<\/h2>\n<!-- \/wp:heading -->\n\n<!-- wp:paragraph -->\n<p><strong><strong>DESARROLLO SOCIAL<\/strong><\/strong><\/p>\n<!-- \/wp:paragraph -->\n\n<!-- wp:list -->\n<ul><li><strong>Scotiabank Colombia<\/strong> apunta a aumentar la participaci\u00f3n de mujeres en juntas directivas.<\/li><li><strong>Tigo <\/strong>contin\u00faa consolidando su trabajo voluntario.<\/li><li><strong>Nestl\u00e9 Guatemala<\/strong> dona productos l\u00e1cteos para ni\u00f1os en situaci\u00f3n de vulnerabilidad.<\/li><li><strong>Gripo Cenoa Argentina <\/strong>entrega donaciones para el banco de alimentos de Jujuy.<\/li><li><strong>Coca-Cola<\/strong> impulsa el empoderamiento de mujeres de Latinoam\u00e9rica mediante el apoyo a sus peque\u00f1os negocios.<\/li><li><strong>Banco de Bogot\u00e1<\/strong> anuncia que se une a Telet\u00f3n Renace.<\/li><li><strong>Banbif Per\u00fa <\/strong>realiza colecta interna para abastecer de alimentos para las familias m\u00e1s vulnerables.<\/li><li><strong>P&amp;G Espa\u00f1a <\/strong>se compromete a desarrollar 21 proyectos para abordar los desaf\u00edos relacionados con Impacto en la comunidad, Igualdad e Inclusi\u00f3n y Sostenibilidad medioambiental.<\/li><li><strong>Moderna Alimentos Ecuador<\/strong> entrega m\u00e1s de 45 mil Kg de alimentos durante el 2021.<\/li><li><strong>Coca Cola junto a Cruz Roja Argentina <\/strong>donan insumos al Hospital de ni\u00f1os Ricardo Guti\u00e9rrez.<\/li><\/ul>\n<!-- \/wp:list -->\n\n<!-- wp:paragraph -->\n<p><\/p>\n<!-- \/wp:paragraph -->\n\n<!-- wp:paragraph -->\n<p><strong>AMBIENTAL<\/strong><\/p>\n<!-- \/wp:paragraph -->\n\n<!-- wp:list -->\n<ul><li><strong>La Fundaci\u00f3n BBVA<\/strong> anuncia la convocatoria 2021 de Ayudas a Proyectos de Investigaci\u00f3n Cient\u00edfica en las \u00e1reas de Cambio Clim\u00e1tico y Ecolog\u00eda y Biolog\u00eda de la Conservaci\u00f3n.<\/li><li><strong>McDonald\u2019s<\/strong>\u00a0inaugura su primer restaurante con cero emisiones en Reino Unido.<\/li><li><strong>Repsol<\/strong> ampl\u00eda su gama de materiales de baja huella de carbono.<\/li><li><strong>Repsol <\/strong>colaborara con nuevo ecocombustible 100% renovable en Dakar 2022.<\/li><li><strong>Terpel Panam\u00e1<\/strong> y su equipo han reciclado m\u00e1s de una tonelada de materiales durante el 2021 y sembrado m\u00e1s de una docena de \u00e1rboles.<\/li><li><strong>Bancolombia <\/strong>ampli\u00f3 su l\u00ednea de financiaci\u00f3n sostenible.<\/li><li><strong>Equipetrol<\/strong> cambia su matriz en\u00e9rgica a energ\u00eda renovable como contribuci\u00f3n al medio ambiente.<\/li><li><strong>Data for life<\/strong> Espa\u00f1a crea app que permite calcular la huella de carbono.<\/li><li><strong>Grupo BBVA <\/strong>entrega 11,5 millones de tarjetas recicladas.<\/li><li><strong>Coca-Cola Argentina <\/strong>presenta sus acciones de verano para el cuidado del ambiente en diferentes centros tur\u00edsticos.<\/li><\/ul>\n<!-- \/wp:list -->\n\n<!-- wp:paragraph -->\n<p><\/p>\n<!-- \/wp:paragraph -->\n\n<!-- wp:paragraph -->\n<p><\/p>\n<!-- \/wp:paragraph -->\n\n<!-- wp:paragraph -->\n<p><\/p>\n<!-- \/wp:paragraph -->\n\n<!-- wp:paragraph -->\n<p><strong>SECTOR AUTOMOTRIZ<\/strong><\/p>\n<!-- \/wp:paragraph -->\n\n<!-- wp:list -->\n<ul><li><strong>Toyota<\/strong> c+pod se posiciona como el coche el\u00e9ctrico m\u00e1s brato del mundo.<\/li><li><strong>Hyundai <\/strong>est\u00e1 dejando de desarrollar nuevos motores de combusti\u00f3n para realizar una transici\u00f3n a los veh\u00edculos el\u00e9ctricos.<\/li><li><strong>Ford<\/strong> h\u00edbridas F150 permiten recargar otros veh\u00edculos el\u00e9ctricos.<\/li><li>En Suecia, instalan una v\u00eda que recarga veh\u00edculos el\u00e9ctricos mientras transitan por ella.<\/li><li><strong>Jac<\/strong> fue la marca m\u00e1s vendida de coches el\u00e9ctricos en M\u00e9xico.<\/li><li><strong>Jaguar <\/strong>llega a Chile con su primer auto 100% el\u00e9ctrico.<\/li><li><strong>Waymo<\/strong> anuncia colaboraci\u00f3n con Geely para Driver en nueva versi\u00f3n de Zeekr.<\/li><li><strong>Citro\u00ebn<\/strong>\u00a0presenta el nuevo coche C3 en Argentina.<\/li><li><strong>Ford<\/strong> Mustang proveer\u00e1 de autos el\u00e9ctricos a la empresa de taxis Gravity en Estados Unidos.<\/li><li><strong>Saic Motor y MG<\/strong> invierten m\u00e1s de US$45 millones en nueva movilidad.<\/li><li><strong>Tesla<\/strong> retira del mercado m\u00e1s de 475 mil autos el\u00e9ctricos por problemas de seguridad.<\/li><li>La planta de <strong>Nissan<\/strong> en Barcelona tiene nuevo due\u00f1o: se la queda el grupo liderado por QEV Technologies para fabricar coches el\u00e9ctricos.<\/li><\/ul>\n<!-- \/wp:list -->\n\n<!-- wp:paragraph -->\n<p><\/p>\n<!-- \/wp:paragraph -->","_et_gb_content_width":"","footnotes":"","_links_to":"","_links_to_target":""},"categories":[18],"tags":[],"class_list":["post-4496","post","type-post","status-publish","format-standard","hentry","category-buzz-tracker"],"jetpack_featured_media_url":"","_links":{"self":[{"href":"https:\/\/reports.eyewatch.me\/dc\/wp-json\/wp\/v2\/posts\/4496","targetHints":{"allow":["GET"]}}],"collection":[{"href":"https:\/\/reports.eyewatch.me\/dc\/wp-json\/wp\/v2\/posts"}],"about":[{"href":"https:\/\/reports.eyewatch.me\/dc\/wp-json\/wp\/v2\/types\/post"}],"author":[{"embeddable":true,"href":"https:\/\/reports.eyewatch.me\/dc\/wp-json\/wp\/v2\/users\/82"}],"replies":[{"embeddable":true,"href":"https:\/\/reports.eyewatch.me\/dc\/wp-json\/wp\/v2\/comments?post=4496"}],"version-history":[{"count":1,"href":"https:\/\/reports.eyewatch.me\/dc\/wp-json\/wp\/v2\/posts\/4496\/revisions"}],"predecessor-version":[{"id":4497,"href":"https:\/\/reports.eyewatch.me\/dc\/wp-json\/wp\/v2\/posts\/4496\/revisions\/4497"}],"wp:attachment":[{"href":"https:\/\/reports.eyewatch.me\/dc\/wp-json\/wp\/v2\/media?parent=4496"}],"wp:term":[{"taxonomy":"category","embeddable":true,"href":"https:\/\/reports.eyewatch.me\/dc\/wp-json\/wp\/v2\/categories?post=4496"},{"taxonomy":"post_tag","embeddable":true,"href":"https:\/\/reports.eyewatch.me\/dc\/wp-json\/wp\/v2\/tags?post=4496"}],"curies":[{"name":"wp","href":"https:\/\/api.w.org\/{rel}","templated":true}]}}